{"id":73445,"date":"2024-05-25T13:56:59","date_gmt":"2024-05-25T18:56:59","guid":{"rendered":"https:\/\/luchonoticias.com\/?p=73445"},"modified":"2024-05-25T13:56:59","modified_gmt":"2024-05-25T18:56:59","slug":"neiva-y-su-apuesta-por-el-acuerdo-de-paz","status":"publish","type":"post","link":"https:\/\/luchonoticias.com\/editor\/neiva-y-su-apuesta-por-el-acuerdo-de-paz\/","title":{"rendered":"Neiva y su apuesta por el acuerdo de paz"},"content":{"rendered":"<p>En el marco del primer encuentro de la comisi\u00f3n territorial de seguimiento a los compromisos de los Acuerdos de Paz en Neiva, se dej\u00f3 como prop\u00f3sito seguir uniendo esfuerzos para construir un plan de acci\u00f3n que est\u00e9 acorde a las necesidades del Municipio.<\/p>\n<p>La mesa de trabajo tuvo la participaci\u00f3n de organizaciones como Agencia para la Reincorporaci\u00f3n y la Normalizaci\u00f3n, ARN, firmantes de paz, poblaci\u00f3n v\u00edctima, Polic\u00eda Nacional, Defensor\u00eda del Pueblo, Personer\u00eda, un representante de universidad p\u00fablica, de la Unidad de B\u00fasqueda, la JEP, entre otras, al igual que de varias dependencias de la Alcald\u00eda de Neiva, entre las que se destaca la Secretar\u00eda de Vivienda y H\u00e1bitat, Cultura, Desarrollo Social, Mujer, Educaci\u00f3n, entre muchas otras.<\/p>\n<p>En este encuentro, se habl\u00f3 en torno a los esfuerzos que se tienen que llevar a cabo para darle cumplimiento a los compromisos de los Acuerdos de Paz en la capital del departamento del Huila.<\/p>\n<p>\u201cTuvimos el primer encuentro en el marco del comit\u00e9 de seguimiento de los Acuerdos de Paz que est\u00e1 instaurado mediante el Decreto 496 del a\u00f1o 2021, en el marco de la Pol\u00edtica P\u00fablica de Paz del municipio de Neiva. En este comit\u00e9 pudimos avanzar en la creaci\u00f3n de un plan de acci\u00f3n que ser\u00e1 estudiado en una comisi\u00f3n accidental que tambi\u00e9n fue creada en este comit\u00e9 para poder hacer un plan de acci\u00f3n cada dos a\u00f1os\u201d, sostuvo Jorge Lozano Mestre, secretario de Paz y Derechos Humanos.<\/p>\n<p>De esta forma, se planea trabajar lo que resta del a\u00f1o 2024 y el a\u00f1o 2025, y en el a\u00f1o 2025 poder trabajar lo que tiene que ver con un plan de acci\u00f3n para el a\u00f1o 2026 y 2027. \u201cTodo esto ha sido pensado en nuestro nuevo Plan de Desarrollo, c\u00f3mo a trav\u00e9s de ese Plan de Desarrollo y de ese plan acci\u00f3n podemos seguir apost\u00e1ndole a la construcci\u00f3n de paz y al cumplimiento de los Acuerdos de Paz en Neiva a trav\u00e9s de la Alcald\u00eda pero tambi\u00e9n en nuestro municipio\u201d, afirm\u00f3 Lozano Mestre, secretario de Paz y Derechos Humanos.<\/p>\n<p><strong>Nuevos objetivos<\/strong><\/p>\n<p>Ante el contexto actual de los compromisos de los Acuerdos de Paz en Neiva, la Administraci\u00f3n Municipal tiene como meta transformar el Decreto 496 y lograr que las diferentes entidades e instituciones se involucren mucho m\u00e1s en estos espacios.<\/p>\n<p>\u201cVamos a presentar en este comit\u00e9 un nuevo modelo de decreto que va a transformar este decreto vigente hasta la fecha y le va a poner un poco m\u00e1s de sentido com\u00fan y pertenencia a las diferentes entidades e instituciones, adem\u00e1s de secretar\u00edas y dependencias de la Administraci\u00f3n, para que nos involucremos con m\u00e1s ah\u00ednco, mayor pertenencia a seguir apost\u00e1ndole a la paz a trav\u00e9s de los seis puntos que est\u00e1n en los Acuerdos de Paz\u201d, indic\u00f3 el jefe de la cartera de Paz y Derechos Humanos.<\/p>\n<p>Por su parte, Edith Quintero Rodr\u00edguez, profesional universitaria del \u00e1rea de cobertura educativa de la Secretar\u00eda de Educaci\u00f3n, indic\u00f3 que dicha cartera seguir\u00e1 comprometida con el prop\u00f3sito de realizar los aportes pertinentes y lograr involucrarse en estos procesos que lidera la Secretar\u00eda de Paz y Derechos Humanos.<\/p>\n<p>\u201cPodemos hacer aportes importantes desde la competencia de cada secretar\u00eda, para que se puedan cumplir estos Acuerdos de Paz y que sean efectivos en la realidad de las personas. La Secretar\u00eda de Educaci\u00f3n est\u00e1 muy presente en estas actividades, deseamos que en esta Secretar\u00eda podamos realizar aportes oportunos para acompa\u00f1ar el proceso de toda esta poblaci\u00f3n y podamos trabajar arduamente, y qu\u00e9 mejor que hacerlo con todas las dependencias de la Administraci\u00f3n Municipal\u201d, concluy\u00f3 Quintero Rodr\u00edguez.<\/p>\n","protected":false},"excerpt":{"rendered":"<p>En el marco del primer encuentro de la comisi\u00f3n territorial de seguimiento a los compromisos de los Acuerdos de Paz en Neiva, se dej\u00f3 como prop\u00f3sito seguir uniendo esfuerzos para construir un plan de acci\u00f3n que est\u00e9 acorde a las necesidades del Municipio. La mesa de trabajo tuvo la participaci\u00f3n de organizaciones como Agencia para [&hellip;]<\/p>\n","protected":false},"author":2,"featured_media":73446,"comment_status":"closed","ping_status":"open","sticky":false,"template":"","format":"standard","meta":{"footnotes":""},"categories":[31],"tags":[],"class_list":["post-73445","post","type-post","status-publish","format-standard","has-post-thumbnail","hentry","category-local"],"yoast_head":"<!-- This site is optimized with the Yoast SEO plugin v26.6 - https:\/\/yoast.com\/wordpress\/plugins\/seo\/ -->\n<title>Neiva y su apuesta por el acuerdo de paz -<\/title>\n<meta name=\"robots\" content=\"index, follow, max-snippet:-1, max-image-preview:large, max-video-preview:-1\" \/>\n<link rel=\"canonical\" href=\"https:\/\/luchonoticias.com\/editor\/neiva-y-su-apuesta-por-el-acuerdo-de-paz\/\" \/>\n<meta property=\"og:locale\" content=\"es_ES\" \/>\n<meta property=\"og:type\" content=\"article\" \/>\n<meta property=\"og:title\" content=\"Neiva y su apuesta por el acuerdo de paz -\" \/>\n<meta property=\"og:url\" content=\"https:\/\/luchonoticias.com\/editor\/neiva-y-su-apuesta-por-el-acuerdo-de-paz\/\" \/>\n<meta property=\"article:publisher\" content=\"https:\/\/www.facebook.com\/luchonoticiasneiva\" \/>\n<meta property=\"article:published_time\" content=\"2024-05-25T18:56:59+00:00\" \/>\n<meta property=\"og:image\" content=\"https:\/\/luchonoticias.com\/editor\/wp-content\/uploads\/2024\/05\/acuerdo-de-paz.jpg\" \/>\n\t<meta property=\"og:image:width\" content=\"700\" \/>\n\t<meta property=\"og:image:height\" content=\"400\" \/>\n\t<meta property=\"og:image:type\" content=\"image\/jpeg\" \/>\n<meta name=\"author\" content=\"Editor General\" \/>\n<meta name=\"twitter:card\" content=\"summary_large_image\" \/>\n<meta name=\"twitter:label1\" content=\"Escrito por\" \/>\n\t<meta name=\"twitter:data1\" content=\"Editor General\" \/>\n\t<meta name=\"twitter:label2\" content=\"Tiempo de lectura\" \/>\n\t<meta name=\"twitter:data2\" content=\"3 minutos\" \/>\n<script type=\"application\/ld+json\" class=\"yoast-schema-graph\">{\"@context\":\"https:\/\/schema.org\",\"@graph\":[{\"@type\":\"Article\",\"@id\":\"https:\/\/luchonoticias.com\/editor\/neiva-y-su-apuesta-por-el-acuerdo-de-paz\/#article\",\"isPartOf\":{\"@id\":\"https:\/\/luchonoticias.com\/editor\/neiva-y-su-apuesta-por-el-acuerdo-de-paz\/\"},\"author\":{\"name\":\"Editor General\",\"@id\":\"https:\/\/luchonoticias.com\/editor\/#\/schema\/person\/29217990ddf6f14e35912b2866d591fb\"},\"headline\":\"Neiva y su apuesta por el acuerdo de paz\",\"datePublished\":\"2024-05-25T18:56:59+00:00\",\"mainEntityOfPage\":{\"@id\":\"https:\/\/luchonoticias.com\/editor\/neiva-y-su-apuesta-por-el-acuerdo-de-paz\/\"},\"wordCount\":653,\"publisher\":{\"@id\":\"https:\/\/luchonoticias.com\/editor\/#\/schema\/person\/7a7fd911f58561fd056dbac7b55af9cd\"},\"image\":{\"@id\":\"https:\/\/luchonoticias.com\/editor\/neiva-y-su-apuesta-por-el-acuerdo-de-paz\/#primaryimage\"},\"thumbnailUrl\":\"https:\/\/luchonoticias.com\/editor\/wp-content\/uploads\/2024\/05\/acuerdo-de-paz.jpg\",\"articleSection\":[\"Local\"],\"inLanguage\":\"es\"},{\"@type\":\"WebPage\",\"@id\":\"https:\/\/luchonoticias.com\/editor\/neiva-y-su-apuesta-por-el-acuerdo-de-paz\/\",\"url\":\"https:\/\/luchonoticias.com\/editor\/neiva-y-su-apuesta-por-el-acuerdo-de-paz\/\",\"name\":\"Neiva y su apuesta por el acuerdo de paz -\",\"isPartOf\":{\"@id\":\"https:\/\/luchonoticias.com\/editor\/#website\"},\"primaryImageOfPage\":{\"@id\":\"https:\/\/luchonoticias.com\/editor\/neiva-y-su-apuesta-por-el-acuerdo-de-paz\/#primaryimage\"},\"image\":{\"@id\":\"https:\/\/luchonoticias.com\/editor\/neiva-y-su-apuesta-por-el-acuerdo-de-paz\/#primaryimage\"},\"thumbnailUrl\":\"https:\/\/luchonoticias.com\/editor\/wp-content\/uploads\/2024\/05\/acuerdo-de-paz.jpg\",\"datePublished\":\"2024-05-25T18:56:59+00:00\",\"breadcrumb\":{\"@id\":\"https:\/\/luchonoticias.com\/editor\/neiva-y-su-apuesta-por-el-acuerdo-de-paz\/#breadcrumb\"},\"inLanguage\":\"es\",\"potentialAction\":[{\"@type\":\"ReadAction\",\"target\":[\"https:\/\/luchonoticias.com\/editor\/neiva-y-su-apuesta-por-el-acuerdo-de-paz\/\"]}]},{\"@type\":\"ImageObject\",\"inLanguage\":\"es\",\"@id\":\"https:\/\/luchonoticias.com\/editor\/neiva-y-su-apuesta-por-el-acuerdo-de-paz\/#primaryimage\",\"url\":\"https:\/\/luchonoticias.com\/editor\/wp-content\/uploads\/2024\/05\/acuerdo-de-paz.jpg\",\"contentUrl\":\"https:\/\/luchonoticias.com\/editor\/wp-content\/uploads\/2024\/05\/acuerdo-de-paz.jpg\",\"width\":700,\"height\":400},{\"@type\":\"BreadcrumbList\",\"@id\":\"https:\/\/luchonoticias.com\/editor\/neiva-y-su-apuesta-por-el-acuerdo-de-paz\/#breadcrumb\",\"itemListElement\":[{\"@type\":\"ListItem\",\"position\":1,\"name\":\"Portada\",\"item\":\"https:\/\/luchonoticias.com\/editor\/\"},{\"@type\":\"ListItem\",\"position\":2,\"name\":\"Neiva y su apuesta por el acuerdo de paz\"}]},{\"@type\":\"WebSite\",\"@id\":\"https:\/\/luchonoticias.com\/editor\/#website\",\"url\":\"https:\/\/luchonoticias.com\/editor\/\",\"name\":\"\",\"description\":\"\",\"publisher\":{\"@id\":\"https:\/\/luchonoticias.com\/editor\/#\/schema\/person\/7a7fd911f58561fd056dbac7b55af9cd\"},\"potentialAction\":[{\"@type\":\"SearchAction\",\"target\":{\"@type\":\"EntryPoint\",\"urlTemplate\":\"https:\/\/luchonoticias.com\/editor\/?s={search_term_string}\"},\"query-input\":{\"@type\":\"PropertyValueSpecification\",\"valueRequired\":true,\"valueName\":\"search_term_string\"}}],\"inLanguage\":\"es\"},{\"@type\":[\"Person\",\"Organization\"],\"@id\":\"https:\/\/luchonoticias.com\/editor\/#\/schema\/person\/7a7fd911f58561fd056dbac7b55af9cd\",\"name\":\"admin\",\"image\":{\"@type\":\"ImageObject\",\"inLanguage\":\"es\",\"@id\":\"https:\/\/luchonoticias.com\/editor\/#\/schema\/person\/image\/\",\"url\":\"https:\/\/luchonoticias.com\/editor\/wp-content\/uploads\/2024\/02\/cropped-cropped-logolu.webp\",\"contentUrl\":\"https:\/\/luchonoticias.com\/editor\/wp-content\/uploads\/2024\/02\/cropped-cropped-logolu.webp\",\"width\":382,\"height\":170,\"caption\":\"admin\"},\"logo\":{\"@id\":\"https:\/\/luchonoticias.com\/editor\/#\/schema\/person\/image\/\"},\"sameAs\":[\"https:\/\/www.facebook.com\/luchonoticiasneiva\"]},{\"@type\":\"Person\",\"@id\":\"https:\/\/luchonoticias.com\/editor\/#\/schema\/person\/29217990ddf6f14e35912b2866d591fb\",\"name\":\"Editor General\",\"image\":{\"@type\":\"ImageObject\",\"inLanguage\":\"es\",\"@id\":\"https:\/\/luchonoticias.com\/editor\/#\/schema\/person\/image\/\",\"url\":\"https:\/\/luchonoticias.com\/editor\/wp-content\/uploads\/2024\/02\/cropped-cropped-logolu-150x150.webp\",\"contentUrl\":\"https:\/\/luchonoticias.com\/editor\/wp-content\/uploads\/2024\/02\/cropped-cropped-logolu-150x150.webp\",\"caption\":\"Editor General\"},\"sameAs\":[\"https:\/\/luchonoticias.com\/\"],\"url\":\"https:\/\/luchonoticias.com\/editor\/author\/editor-general\/\"}]}<\/script>\n<!-- \/ Yoast SEO plugin. -->","yoast_head_json":{"title":"Neiva y su apuesta por el acuerdo de paz -","robots":{"index":"index","follow":"follow","max-snippet":"max-snippet:-1","max-image-preview":"max-image-preview:large","max-video-preview":"max-video-preview:-1"},"canonical":"https:\/\/luchonoticias.com\/editor\/neiva-y-su-apuesta-por-el-acuerdo-de-paz\/","og_locale":"es_ES","og_type":"article","og_title":"Neiva y su apuesta por el acuerdo de paz -","og_url":"https:\/\/luchonoticias.com\/editor\/neiva-y-su-apuesta-por-el-acuerdo-de-paz\/","article_publisher":"https:\/\/www.facebook.com\/luchonoticiasneiva","article_published_time":"2024-05-25T18:56:59+00:00","og_image":[{"width":700,"height":400,"url":"https:\/\/luchonoticias.com\/editor\/wp-content\/uploads\/2024\/05\/acuerdo-de-paz.jpg","type":"image\/jpeg"}],"author":"Editor General","twitter_card":"summary_large_image","twitter_misc":{"Escrito por":"Editor General","Tiempo de lectura":"3 minutos"},"schema":{"@context":"https:\/\/schema.org","@graph":[{"@type":"Article","@id":"https:\/\/luchonoticias.com\/editor\/neiva-y-su-apuesta-por-el-acuerdo-de-paz\/#article","isPartOf":{"@id":"https:\/\/luchonoticias.com\/editor\/neiva-y-su-apuesta-por-el-acuerdo-de-paz\/"},"author":{"name":"Editor General","@id":"https:\/\/luchonoticias.com\/editor\/#\/schema\/person\/29217990ddf6f14e35912b2866d591fb"},"headline":"Neiva y su apuesta por el acuerdo de paz","datePublished":"2024-05-25T18:56:59+00:00","mainEntityOfPage":{"@id":"https:\/\/luchonoticias.com\/editor\/neiva-y-su-apuesta-por-el-acuerdo-de-paz\/"},"wordCount":653,"publisher":{"@id":"https:\/\/luchonoticias.com\/editor\/#\/schema\/person\/7a7fd911f58561fd056dbac7b55af9cd"},"image":{"@id":"https:\/\/luchonoticias.com\/editor\/neiva-y-su-apuesta-por-el-acuerdo-de-paz\/#primaryimage"},"thumbnailUrl":"https:\/\/luchonoticias.com\/editor\/wp-content\/uploads\/2024\/05\/acuerdo-de-paz.jpg","articleSection":["Local"],"inLanguage":"es"},{"@type":"WebPage","@id":"https:\/\/luchonoticias.com\/editor\/neiva-y-su-apuesta-por-el-acuerdo-de-paz\/","url":"https:\/\/luchonoticias.com\/editor\/neiva-y-su-apuesta-por-el-acuerdo-de-paz\/","name":"Neiva y su apuesta por el acuerdo de paz -","isPartOf":{"@id":"https:\/\/luchonoticias.com\/editor\/#website"},"primaryImageOfPage":{"@id":"https:\/\/luchonoticias.com\/editor\/neiva-y-su-apuesta-por-el-acuerdo-de-paz\/#primaryimage"},"image":{"@id":"https:\/\/luchonoticias.com\/editor\/neiva-y-su-apuesta-por-el-acuerdo-de-paz\/#primaryimage"},"thumbnailUrl":"https:\/\/luchonoticias.com\/editor\/wp-content\/uploads\/2024\/05\/acuerdo-de-paz.jpg","datePublished":"2024-05-25T18:56:59+00:00","breadcrumb":{"@id":"https:\/\/luchonoticias.com\/editor\/neiva-y-su-apuesta-por-el-acuerdo-de-paz\/#breadcrumb"},"inLanguage":"es","potentialAction":[{"@type":"ReadAction","target":["https:\/\/luchonoticias.com\/editor\/neiva-y-su-apuesta-por-el-acuerdo-de-paz\/"]}]},{"@type":"ImageObject","inLanguage":"es","@id":"https:\/\/luchonoticias.com\/editor\/neiva-y-su-apuesta-por-el-acuerdo-de-paz\/#primaryimage","url":"https:\/\/luchonoticias.com\/editor\/wp-content\/uploads\/2024\/05\/acuerdo-de-paz.jpg","contentUrl":"https:\/\/luchonoticias.com\/editor\/wp-content\/uploads\/2024\/05\/acuerdo-de-paz.jpg","width":700,"height":400},{"@type":"BreadcrumbList","@id":"https:\/\/luchonoticias.com\/editor\/neiva-y-su-apuesta-por-el-acuerdo-de-paz\/#breadcrumb","itemListElement":[{"@type":"ListItem","position":1,"name":"Portada","item":"https:\/\/luchonoticias.com\/editor\/"},{"@type":"ListItem","position":2,"name":"Neiva y su apuesta por el acuerdo de paz"}]},{"@type":"WebSite","@id":"https:\/\/luchonoticias.com\/editor\/#website","url":"https:\/\/luchonoticias.com\/editor\/","name":"","description":"","publisher":{"@id":"https:\/\/luchonoticias.com\/editor\/#\/schema\/person\/7a7fd911f58561fd056dbac7b55af9cd"},"potentialAction":[{"@type":"SearchAction","target":{"@type":"EntryPoint","urlTemplate":"https:\/\/luchonoticias.com\/editor\/?s={search_term_string}"},"query-input":{"@type":"PropertyValueSpecification","valueRequired":true,"valueName":"search_term_string"}}],"inLanguage":"es"},{"@type":["Person","Organization"],"@id":"https:\/\/luchonoticias.com\/editor\/#\/schema\/person\/7a7fd911f58561fd056dbac7b55af9cd","name":"admin","image":{"@type":"ImageObject","inLanguage":"es","@id":"https:\/\/luchonoticias.com\/editor\/#\/schema\/person\/image\/","url":"https:\/\/luchonoticias.com\/editor\/wp-content\/uploads\/2024\/02\/cropped-cropped-logolu.webp","contentUrl":"https:\/\/luchonoticias.com\/editor\/wp-content\/uploads\/2024\/02\/cropped-cropped-logolu.webp","width":382,"height":170,"caption":"admin"},"logo":{"@id":"https:\/\/luchonoticias.com\/editor\/#\/schema\/person\/image\/"},"sameAs":["https:\/\/www.facebook.com\/luchonoticiasneiva"]},{"@type":"Person","@id":"https:\/\/luchonoticias.com\/editor\/#\/schema\/person\/29217990ddf6f14e35912b2866d591fb","name":"Editor General","image":{"@type":"ImageObject","inLanguage":"es","@id":"https:\/\/luchonoticias.com\/editor\/#\/schema\/person\/image\/","url":"https:\/\/luchonoticias.com\/editor\/wp-content\/uploads\/2024\/02\/cropped-cropped-logolu-150x150.webp","contentUrl":"https:\/\/luchonoticias.com\/editor\/wp-content\/uploads\/2024\/02\/cropped-cropped-logolu-150x150.webp","caption":"Editor General"},"sameAs":["https:\/\/luchonoticias.com\/"],"url":"https:\/\/luchonoticias.com\/editor\/author\/editor-general\/"}]}},"_links":{"self":[{"href":"https:\/\/luchonoticias.com\/editor\/wp-json\/wp\/v2\/posts\/73445","targetHints":{"allow":["GET"]}}],"collection":[{"href":"https:\/\/luchonoticias.com\/editor\/wp-json\/wp\/v2\/posts"}],"about":[{"href":"https:\/\/luchonoticias.com\/editor\/wp-json\/wp\/v2\/types\/post"}],"author":[{"embeddable":true,"href":"https:\/\/luchonoticias.com\/editor\/wp-json\/wp\/v2\/users\/2"}],"replies":[{"embeddable":true,"href":"https:\/\/luchonoticias.com\/editor\/wp-json\/wp\/v2\/comments?post=73445"}],"version-history":[{"count":0,"href":"https:\/\/luchonoticias.com\/editor\/wp-json\/wp\/v2\/posts\/73445\/revisions"}],"wp:featuredmedia":[{"embeddable":true,"href":"https:\/\/luchonoticias.com\/editor\/wp-json\/wp\/v2\/media\/73446"}],"wp:attachment":[{"href":"https:\/\/luchonoticias.com\/editor\/wp-json\/wp\/v2\/media?parent=73445"}],"wp:term":[{"taxonomy":"category","embeddable":true,"href":"https:\/\/luchonoticias.com\/editor\/wp-json\/wp\/v2\/categories?post=73445"},{"taxonomy":"post_tag","embeddable":true,"href":"https:\/\/luchonoticias.com\/editor\/wp-json\/wp\/v2\/tags?post=73445"}],"curies":[{"name":"wp","href":"https:\/\/api.w.org\/{rel}","templated":true}]}}