{"id":73454,"date":"2024-05-26T04:10:40","date_gmt":"2024-05-26T09:10:40","guid":{"rendered":"https:\/\/luchonoticias.com\/?p=73454"},"modified":"2024-05-25T18:53:17","modified_gmt":"2024-05-25T23:53:17","slug":"socializacion-de-proyectos-de-placa-huella-para-el-huila","status":"publish","type":"post","link":"https:\/\/luchonoticias.com\/editor\/socializacion-de-proyectos-de-placa-huella-para-el-huila\/","title":{"rendered":"Socializaci\u00f3n de proyectos de placa huella para el Huila"},"content":{"rendered":"<p>Una socializaci\u00f3n de proyectos de placa huella para distintas veredas de los municipios de Algeciras, Acevedo, Altamira y Gigante, llev\u00f3 a cabo la Secretar\u00eda de V\u00edas e Infraestructura del Gobierno de Rodrigo Villalba Mosquera.<\/p>\n<p>Son 25 tramos de v\u00edas terciarias para un total de 3.900 metros lineales de Placa Huella, (casi 4 kil\u00f3metros), una inversi\u00f3n que supera los $5.900 millones. El acta de inicio de estas obras se firm\u00f3 el 14 de mayo de 2024 con un plazo de ejecuci\u00f3n de 8 meses.<\/p>\n<p>Comunidades campesinas recibieron con mucho agrado esta socializaci\u00f3n, ya que estas obras optimizan el transporte de sus productos del campo a la ciudad y lo han denominado un Huila Grande con Placa Huella para el campo.<\/p>\n<p>\u201cEstuvimos en 4 municipios socializando a las comunidades de impacto de estas placa huellas, todo lo relacionado con estas obras del Gobierno Departamental, cantidades de tramos a transformar, el componente social, el Plan de Adaptaci\u00f3n de la Gu\u00eda Ambiental (PAGA), el Plan de Manejo de Tr\u00e1nsito (PMT), mientras se construyen las obras, el Plan de Contingencia Ambiental y la Conformaci\u00f3n de la veedur\u00eda ciudadana\u201d, se\u00f1al\u00f3 Jos\u00e9 Luis Vargas Quimbaya, profesional de apoyo a la Supervisi\u00f3n de la Secretar\u00eda de V\u00edas e Infraestructura del Huila.<\/p>\n<p>Por su parte, Johan Salazar, contratista de las obras de placa huella, afirm\u00f3 que la calidad de estas obras, son de 4 metros con 50 de ancho, y la vida \u00fatil depende del uso que se le d\u00e9, pero que podr\u00edan tardar entre 20 y 30 a\u00f1os. \u201cResaltar el beneficio a las comunidades rurales de las veredas donde impactar\u00e1 este proyecto, porque facilita el transporte del campesino y sus productos a las cabeceras urbanas de los municipios\u201d, puntualiz\u00f3.<\/p>\n<p><strong>En Algeciras, 5 veredas estrenar\u00e1n placa huella<\/strong><\/p>\n<p>Habitantes de Algeciras, participaron activamente de esta socializaci\u00f3n mostrando su agrado con estos proyectos del gobierno Huila Grande. En este municipio son 5 tramos de placa huella, para un total de 900 metros, correspondiente a las siguientes veredas:<\/p>\n<p>\u2022 Vereda San Jos\u00e9 Bajo \u2013 Sector Puente Artesanal, 200 metros<br \/>\n\u2022 Vereda El Reflejo \u2013 Sector Alto Cielo, 200 metros<br \/>\n\u2022 Vereda El Pomo, 100 metros<br \/>\n\u2022 Vereda Las Palmas \u2013 Sector Progreso, 200 metros<br \/>\n\u2022 Vereda El Kiosko, 200 metros<\/p>\n<p>\u201cPara nosotros es muy importante estos proyectos porque facilitan el tr\u00e1nsito de nuestros campesinos y sus productos hacia el municipio y localidades vecinas, ya que somos la despensa agr\u00edcola del Huila. Esta era una petici\u00f3n sentida de nuestra comunidad y hoy vemos que ya pronto iniciar\u00e1n las obras mejorando la calidad de vida de los algecire\u00f1os\u201d, declar\u00f3 el alcalde del municipio, Alexander Mart\u00ednez Ballesteros.<\/p>\n<p><strong>Altamira con 3 veredas y 600 metros de placa huella<\/strong><\/p>\n<p>Los altamirenses tambi\u00e9n participaron de las jornadas de socializaci\u00f3n. En este municipio las obras de 600 metros lineales de placa huella, impactar\u00e1n las siguientes veredas:<\/p>\n<p>\u2022 Vereda El Grifo, 200 metros<br \/>\n\u2022 Vereda La Singa, 200 metros<br \/>\n\u2022 Vereda Pajij\u00ed, 200 metros<\/p>\n<p>\u201cEste mejoramiento de v\u00edas es muy importante para los campesinos. Nos mejora el acceso a nuestras viviendas en la zona rural y sobre todo para los productores. Es lo que necesitan muchos huilenses\u201d, declar\u00f3 Liliana Patricia Naranjo, habitante de la vereda El Pajij\u00ed del Municipio de Altamira.<\/p>\n<p><strong>Gigante\u00f1os recibieron buenas noticias: placa huella para 11 veredas<\/strong><\/p>\n<p>Para el municipio de Gigante, el proyecto de obra socializado, contempla una placa huella de 1.400 metros en 11 puntos cr\u00edticos de las siguientes veredas:<\/p>\n<p>Potrerillos, (250 mts); R\u00edo Loro sector nuevo de la Cruz, (100 mts); Buenos Aires sector El Rodeo (100 mts); Cogollo (250 mts); Cogollo sector Patio Bonito, (100 mts); Alto Cachaya, (100 mts); San Lorenzo, (100 mts); Las \u00c1guilas, (100 mts); Alto Silvania, (100 mts); El Recreo, (100 mts), y Villa Nueva, (100 mts).<\/p>\n<p>\u201cImportantes estas obras que recibimos del Gobierno Departamental. Es una oportunidad para brindarnos desarrollo a las comunidades porque siempre ha sido la constante la falta de v\u00edas para los municipios del Huila. Mil gracias al gobernados por estas inversiones\u201d, Libardo Cabrera, concejal del Municipio de Gigante.<\/p>\n<p><strong>Para los acevedunos, 1 kil\u00f3metro de placa huella<\/strong><\/p>\n<p>La socializaci\u00f3n a las comunidades rurales del municipio de Acevedo, contempl\u00f3 un proyecto de Placa Huella para 6 veredas, donde se intervendr\u00e1 1 kil\u00f3metro de v\u00edas rurales as\u00ed:<\/p>\n<p>Veredas: San Adolfo-Playitas, (300 mts); El Carmen-Las Brisas, (100 mts); El Carmen-Cristo Rey, (100 mts); El Jard\u00edn-Tramo 1, (120 mts); El Jard\u00edn-Tramo 2, (180 mts), y Tigi\u00f1a-Sector Puente Pilatos, (200 mts).<\/p>\n<p>\u201cGracias a la Gobernaci\u00f3n del Huila, al Gobernador Villalba por estas obras en nuestro municipio. Son proyectos importantes que nos elevan el nivel de vida a las comunidades rurales\u201d, destac\u00f3 William Claros, habitante de la Vereda El Carmen, del municipio de Acevedo.<\/p>\n","protected":false},"excerpt":{"rendered":"<p>Una socializaci\u00f3n de proyectos de placa huella para distintas veredas de los municipios de Algeciras, Acevedo, Altamira y Gigante, llev\u00f3 a cabo la Secretar\u00eda de V\u00edas e Infraestructura del Gobierno de Rodrigo Villalba Mosquera. Son 25 tramos de v\u00edas terciarias para un total de 3.900 metros lineales de Placa Huella, (casi 4 kil\u00f3metros), una inversi\u00f3n [&hellip;]<\/p>\n","protected":false},"author":2,"featured_media":73455,"comment_status":"closed","ping_status":"open","sticky":false,"template":"","format":"standard","meta":{"footnotes":""},"categories":[33],"tags":[],"class_list":["post-73454","post","type-post","status-publish","format-standard","has-post-thumbnail","hentry","category-huila"],"yoast_head":"<!-- This site is optimized with the Yoast SEO plugin v26.6 - https:\/\/yoast.com\/wordpress\/plugins\/seo\/ -->\n<title>Socializaci\u00f3n de proyectos de placa huella para el Huila -<\/title>\n<meta name=\"robots\" content=\"index, follow, max-snippet:-1, max-image-preview:large, max-video-preview:-1\" \/>\n<link rel=\"canonical\" href=\"https:\/\/luchonoticias.com\/editor\/socializacion-de-proyectos-de-placa-huella-para-el-huila\/\" \/>\n<meta property=\"og:locale\" content=\"es_ES\" \/>\n<meta property=\"og:type\" content=\"article\" \/>\n<meta property=\"og:title\" content=\"Socializaci\u00f3n de proyectos de placa huella para el Huila -\" \/>\n<meta property=\"og:url\" content=\"https:\/\/luchonoticias.com\/editor\/socializacion-de-proyectos-de-placa-huella-para-el-huila\/\" \/>\n<meta property=\"article:publisher\" content=\"https:\/\/www.facebook.com\/luchonoticiasneiva\" \/>\n<meta property=\"article:published_time\" content=\"2024-05-26T09:10:40+00:00\" \/>\n<meta property=\"og:image\" content=\"https:\/\/luchonoticias.com\/editor\/wp-content\/uploads\/2024\/05\/placa-huella-2.jpg\" \/>\n\t<meta property=\"og:image:width\" content=\"700\" \/>\n\t<meta property=\"og:image:height\" content=\"400\" \/>\n\t<meta property=\"og:image:type\" content=\"image\/jpeg\" \/>\n<meta name=\"author\" content=\"Editor General\" \/>\n<meta name=\"twitter:card\" content=\"summary_large_image\" \/>\n<meta name=\"twitter:label1\" content=\"Escrito por\" \/>\n\t<meta name=\"twitter:data1\" content=\"Editor General\" \/>\n\t<meta name=\"twitter:label2\" content=\"Tiempo de lectura\" \/>\n\t<meta name=\"twitter:data2\" content=\"4 minutos\" \/>\n<script type=\"application\/ld+json\" class=\"yoast-schema-graph\">{\"@context\":\"https:\/\/schema.org\",\"@graph\":[{\"@type\":\"Article\",\"@id\":\"https:\/\/luchonoticias.com\/editor\/socializacion-de-proyectos-de-placa-huella-para-el-huila\/#article\",\"isPartOf\":{\"@id\":\"https:\/\/luchonoticias.com\/editor\/socializacion-de-proyectos-de-placa-huella-para-el-huila\/\"},\"author\":{\"name\":\"Editor General\",\"@id\":\"https:\/\/luchonoticias.com\/editor\/#\/schema\/person\/29217990ddf6f14e35912b2866d591fb\"},\"headline\":\"Socializaci\u00f3n de proyectos de placa huella para el Huila\",\"datePublished\":\"2024-05-26T09:10:40+00:00\",\"mainEntityOfPage\":{\"@id\":\"https:\/\/luchonoticias.com\/editor\/socializacion-de-proyectos-de-placa-huella-para-el-huila\/\"},\"wordCount\":764,\"publisher\":{\"@id\":\"https:\/\/luchonoticias.com\/editor\/#\/schema\/person\/7a7fd911f58561fd056dbac7b55af9cd\"},\"image\":{\"@id\":\"https:\/\/luchonoticias.com\/editor\/socializacion-de-proyectos-de-placa-huella-para-el-huila\/#primaryimage\"},\"thumbnailUrl\":\"https:\/\/luchonoticias.com\/editor\/wp-content\/uploads\/2024\/05\/placa-huella-2.jpg\",\"articleSection\":[\"Huila\"],\"inLanguage\":\"es\"},{\"@type\":\"WebPage\",\"@id\":\"https:\/\/luchonoticias.com\/editor\/socializacion-de-proyectos-de-placa-huella-para-el-huila\/\",\"url\":\"https:\/\/luchonoticias.com\/editor\/socializacion-de-proyectos-de-placa-huella-para-el-huila\/\",\"name\":\"Socializaci\u00f3n de proyectos de placa huella para el Huila -\",\"isPartOf\":{\"@id\":\"https:\/\/luchonoticias.com\/editor\/#website\"},\"primaryImageOfPage\":{\"@id\":\"https:\/\/luchonoticias.com\/editor\/socializacion-de-proyectos-de-placa-huella-para-el-huila\/#primaryimage\"},\"image\":{\"@id\":\"https:\/\/luchonoticias.com\/editor\/socializacion-de-proyectos-de-placa-huella-para-el-huila\/#primaryimage\"},\"thumbnailUrl\":\"https:\/\/luchonoticias.com\/editor\/wp-content\/uploads\/2024\/05\/placa-huella-2.jpg\",\"datePublished\":\"2024-05-26T09:10:40+00:00\",\"breadcrumb\":{\"@id\":\"https:\/\/luchonoticias.com\/editor\/socializacion-de-proyectos-de-placa-huella-para-el-huila\/#breadcrumb\"},\"inLanguage\":\"es\",\"potentialAction\":[{\"@type\":\"ReadAction\",\"target\":[\"https:\/\/luchonoticias.com\/editor\/socializacion-de-proyectos-de-placa-huella-para-el-huila\/\"]}]},{\"@type\":\"ImageObject\",\"inLanguage\":\"es\",\"@id\":\"https:\/\/luchonoticias.com\/editor\/socializacion-de-proyectos-de-placa-huella-para-el-huila\/#primaryimage\",\"url\":\"https:\/\/luchonoticias.com\/editor\/wp-content\/uploads\/2024\/05\/placa-huella-2.jpg\",\"contentUrl\":\"https:\/\/luchonoticias.com\/editor\/wp-content\/uploads\/2024\/05\/placa-huella-2.jpg\",\"width\":700,\"height\":400},{\"@type\":\"BreadcrumbList\",\"@id\":\"https:\/\/luchonoticias.com\/editor\/socializacion-de-proyectos-de-placa-huella-para-el-huila\/#breadcrumb\",\"itemListElement\":[{\"@type\":\"ListItem\",\"position\":1,\"name\":\"Portada\",\"item\":\"https:\/\/luchonoticias.com\/editor\/\"},{\"@type\":\"ListItem\",\"position\":2,\"name\":\"Socializaci\u00f3n de proyectos de placa huella para el Huila\"}]},{\"@type\":\"WebSite\",\"@id\":\"https:\/\/luchonoticias.com\/editor\/#website\",\"url\":\"https:\/\/luchonoticias.com\/editor\/\",\"name\":\"\",\"description\":\"\",\"publisher\":{\"@id\":\"https:\/\/luchonoticias.com\/editor\/#\/schema\/person\/7a7fd911f58561fd056dbac7b55af9cd\"},\"potentialAction\":[{\"@type\":\"SearchAction\",\"target\":{\"@type\":\"EntryPoint\",\"urlTemplate\":\"https:\/\/luchonoticias.com\/editor\/?s={search_term_string}\"},\"query-input\":{\"@type\":\"PropertyValueSpecification\",\"valueRequired\":true,\"valueName\":\"search_term_string\"}}],\"inLanguage\":\"es\"},{\"@type\":[\"Person\",\"Organization\"],\"@id\":\"https:\/\/luchonoticias.com\/editor\/#\/schema\/person\/7a7fd911f58561fd056dbac7b55af9cd\",\"name\":\"admin\",\"image\":{\"@type\":\"ImageObject\",\"inLanguage\":\"es\",\"@id\":\"https:\/\/luchonoticias.com\/editor\/#\/schema\/person\/image\/\",\"url\":\"https:\/\/luchonoticias.com\/editor\/wp-content\/uploads\/2024\/02\/cropped-cropped-logolu.webp\",\"contentUrl\":\"https:\/\/luchonoticias.com\/editor\/wp-content\/uploads\/2024\/02\/cropped-cropped-logolu.webp\",\"width\":382,\"height\":170,\"caption\":\"admin\"},\"logo\":{\"@id\":\"https:\/\/luchonoticias.com\/editor\/#\/schema\/person\/image\/\"},\"sameAs\":[\"https:\/\/www.facebook.com\/luchonoticiasneiva\"]},{\"@type\":\"Person\",\"@id\":\"https:\/\/luchonoticias.com\/editor\/#\/schema\/person\/29217990ddf6f14e35912b2866d591fb\",\"name\":\"Editor General\",\"image\":{\"@type\":\"ImageObject\",\"inLanguage\":\"es\",\"@id\":\"https:\/\/luchonoticias.com\/editor\/#\/schema\/person\/image\/\",\"url\":\"https:\/\/luchonoticias.com\/editor\/wp-content\/uploads\/2024\/02\/cropped-cropped-logolu-150x150.webp\",\"contentUrl\":\"https:\/\/luchonoticias.com\/editor\/wp-content\/uploads\/2024\/02\/cropped-cropped-logolu-150x150.webp\",\"caption\":\"Editor General\"},\"sameAs\":[\"https:\/\/luchonoticias.com\/\"],\"url\":\"https:\/\/luchonoticias.com\/editor\/author\/editor-general\/\"}]}<\/script>\n<!-- \/ Yoast SEO plugin. -->","yoast_head_json":{"title":"Socializaci\u00f3n de proyectos de placa huella para el Huila -","robots":{"index":"index","follow":"follow","max-snippet":"max-snippet:-1","max-image-preview":"max-image-preview:large","max-video-preview":"max-video-preview:-1"},"canonical":"https:\/\/luchonoticias.com\/editor\/socializacion-de-proyectos-de-placa-huella-para-el-huila\/","og_locale":"es_ES","og_type":"article","og_title":"Socializaci\u00f3n de proyectos de placa huella para el Huila -","og_url":"https:\/\/luchonoticias.com\/editor\/socializacion-de-proyectos-de-placa-huella-para-el-huila\/","article_publisher":"https:\/\/www.facebook.com\/luchonoticiasneiva","article_published_time":"2024-05-26T09:10:40+00:00","og_image":[{"width":700,"height":400,"url":"https:\/\/luchonoticias.com\/editor\/wp-content\/uploads\/2024\/05\/placa-huella-2.jpg","type":"image\/jpeg"}],"author":"Editor General","twitter_card":"summary_large_image","twitter_misc":{"Escrito por":"Editor General","Tiempo de lectura":"4 minutos"},"schema":{"@context":"https:\/\/schema.org","@graph":[{"@type":"Article","@id":"https:\/\/luchonoticias.com\/editor\/socializacion-de-proyectos-de-placa-huella-para-el-huila\/#article","isPartOf":{"@id":"https:\/\/luchonoticias.com\/editor\/socializacion-de-proyectos-de-placa-huella-para-el-huila\/"},"author":{"name":"Editor General","@id":"https:\/\/luchonoticias.com\/editor\/#\/schema\/person\/29217990ddf6f14e35912b2866d591fb"},"headline":"Socializaci\u00f3n de proyectos de placa huella para el Huila","datePublished":"2024-05-26T09:10:40+00:00","mainEntityOfPage":{"@id":"https:\/\/luchonoticias.com\/editor\/socializacion-de-proyectos-de-placa-huella-para-el-huila\/"},"wordCount":764,"publisher":{"@id":"https:\/\/luchonoticias.com\/editor\/#\/schema\/person\/7a7fd911f58561fd056dbac7b55af9cd"},"image":{"@id":"https:\/\/luchonoticias.com\/editor\/socializacion-de-proyectos-de-placa-huella-para-el-huila\/#primaryimage"},"thumbnailUrl":"https:\/\/luchonoticias.com\/editor\/wp-content\/uploads\/2024\/05\/placa-huella-2.jpg","articleSection":["Huila"],"inLanguage":"es"},{"@type":"WebPage","@id":"https:\/\/luchonoticias.com\/editor\/socializacion-de-proyectos-de-placa-huella-para-el-huila\/","url":"https:\/\/luchonoticias.com\/editor\/socializacion-de-proyectos-de-placa-huella-para-el-huila\/","name":"Socializaci\u00f3n de proyectos de placa huella para el Huila -","isPartOf":{"@id":"https:\/\/luchonoticias.com\/editor\/#website"},"primaryImageOfPage":{"@id":"https:\/\/luchonoticias.com\/editor\/socializacion-de-proyectos-de-placa-huella-para-el-huila\/#primaryimage"},"image":{"@id":"https:\/\/luchonoticias.com\/editor\/socializacion-de-proyectos-de-placa-huella-para-el-huila\/#primaryimage"},"thumbnailUrl":"https:\/\/luchonoticias.com\/editor\/wp-content\/uploads\/2024\/05\/placa-huella-2.jpg","datePublished":"2024-05-26T09:10:40+00:00","breadcrumb":{"@id":"https:\/\/luchonoticias.com\/editor\/socializacion-de-proyectos-de-placa-huella-para-el-huila\/#breadcrumb"},"inLanguage":"es","potentialAction":[{"@type":"ReadAction","target":["https:\/\/luchonoticias.com\/editor\/socializacion-de-proyectos-de-placa-huella-para-el-huila\/"]}]},{"@type":"ImageObject","inLanguage":"es","@id":"https:\/\/luchonoticias.com\/editor\/socializacion-de-proyectos-de-placa-huella-para-el-huila\/#primaryimage","url":"https:\/\/luchonoticias.com\/editor\/wp-content\/uploads\/2024\/05\/placa-huella-2.jpg","contentUrl":"https:\/\/luchonoticias.com\/editor\/wp-content\/uploads\/2024\/05\/placa-huella-2.jpg","width":700,"height":400},{"@type":"BreadcrumbList","@id":"https:\/\/luchonoticias.com\/editor\/socializacion-de-proyectos-de-placa-huella-para-el-huila\/#breadcrumb","itemListElement":[{"@type":"ListItem","position":1,"name":"Portada","item":"https:\/\/luchonoticias.com\/editor\/"},{"@type":"ListItem","position":2,"name":"Socializaci\u00f3n de proyectos de placa huella para el Huila"}]},{"@type":"WebSite","@id":"https:\/\/luchonoticias.com\/editor\/#website","url":"https:\/\/luchonoticias.com\/editor\/","name":"","description":"","publisher":{"@id":"https:\/\/luchonoticias.com\/editor\/#\/schema\/person\/7a7fd911f58561fd056dbac7b55af9cd"},"potentialAction":[{"@type":"SearchAction","target":{"@type":"EntryPoint","urlTemplate":"https:\/\/luchonoticias.com\/editor\/?s={search_term_string}"},"query-input":{"@type":"PropertyValueSpecification","valueRequired":true,"valueName":"search_term_string"}}],"inLanguage":"es"},{"@type":["Person","Organization"],"@id":"https:\/\/luchonoticias.com\/editor\/#\/schema\/person\/7a7fd911f58561fd056dbac7b55af9cd","name":"admin","image":{"@type":"ImageObject","inLanguage":"es","@id":"https:\/\/luchonoticias.com\/editor\/#\/schema\/person\/image\/","url":"https:\/\/luchonoticias.com\/editor\/wp-content\/uploads\/2024\/02\/cropped-cropped-logolu.webp","contentUrl":"https:\/\/luchonoticias.com\/editor\/wp-content\/uploads\/2024\/02\/cropped-cropped-logolu.webp","width":382,"height":170,"caption":"admin"},"logo":{"@id":"https:\/\/luchonoticias.com\/editor\/#\/schema\/person\/image\/"},"sameAs":["https:\/\/www.facebook.com\/luchonoticiasneiva"]},{"@type":"Person","@id":"https:\/\/luchonoticias.com\/editor\/#\/schema\/person\/29217990ddf6f14e35912b2866d591fb","name":"Editor General","image":{"@type":"ImageObject","inLanguage":"es","@id":"https:\/\/luchonoticias.com\/editor\/#\/schema\/person\/image\/","url":"https:\/\/luchonoticias.com\/editor\/wp-content\/uploads\/2024\/02\/cropped-cropped-logolu-150x150.webp","contentUrl":"https:\/\/luchonoticias.com\/editor\/wp-content\/uploads\/2024\/02\/cropped-cropped-logolu-150x150.webp","caption":"Editor General"},"sameAs":["https:\/\/luchonoticias.com\/"],"url":"https:\/\/luchonoticias.com\/editor\/author\/editor-general\/"}]}},"_links":{"self":[{"href":"https:\/\/luchonoticias.com\/editor\/wp-json\/wp\/v2\/posts\/73454","targetHints":{"allow":["GET"]}}],"collection":[{"href":"https:\/\/luchonoticias.com\/editor\/wp-json\/wp\/v2\/posts"}],"about":[{"href":"https:\/\/luchonoticias.com\/editor\/wp-json\/wp\/v2\/types\/post"}],"author":[{"embeddable":true,"href":"https:\/\/luchonoticias.com\/editor\/wp-json\/wp\/v2\/users\/2"}],"replies":[{"embeddable":true,"href":"https:\/\/luchonoticias.com\/editor\/wp-json\/wp\/v2\/comments?post=73454"}],"version-history":[{"count":0,"href":"https:\/\/luchonoticias.com\/editor\/wp-json\/wp\/v2\/posts\/73454\/revisions"}],"wp:featuredmedia":[{"embeddable":true,"href":"https:\/\/luchonoticias.com\/editor\/wp-json\/wp\/v2\/media\/73455"}],"wp:attachment":[{"href":"https:\/\/luchonoticias.com\/editor\/wp-json\/wp\/v2\/media?parent=73454"}],"wp:term":[{"taxonomy":"category","embeddable":true,"href":"https:\/\/luchonoticias.com\/editor\/wp-json\/wp\/v2\/categories?post=73454"},{"taxonomy":"post_tag","embeddable":true,"href":"https:\/\/luchonoticias.com\/editor\/wp-json\/wp\/v2\/tags?post=73454"}],"curies":[{"name":"wp","href":"https:\/\/api.w.org\/{rel}","templated":true}]}}