{"id":73457,"date":"2024-05-26T04:15:02","date_gmt":"2024-05-26T09:15:02","guid":{"rendered":"https:\/\/luchonoticias.com\/?p=73457"},"modified":"2024-05-25T18:59:23","modified_gmt":"2024-05-25T23:59:23","slug":"gobernacion-y-su-compromiso-con-el-desarrollo-rural","status":"publish","type":"post","link":"https:\/\/luchonoticias.com\/editor\/gobernacion-y-su-compromiso-con-el-desarrollo-rural\/","title":{"rendered":"Gobernaci\u00f3n y su compromiso con el desarrollo rural"},"content":{"rendered":"<p>En las instalaciones de la Universidad Surcolombiana se llev\u00f3 a cabo la IX Asamblea General de Delegados de la Asociaci\u00f3n de Trabajadores Campesinos del Huila, ATCH. La reuni\u00f3n cont\u00f3 con la presencia del gobernador del departamento Rodrigo Villalba Mosquera, quien expres\u00f3 la necesidad de impulsar la producci\u00f3n agr\u00edcola local, adem\u00e1s de ratificar su compromiso con el campesinado en el territorio.<\/p>\n<p>\u201cCuenten con nosotros, por muchas razones. Primero, porque tengo la convicci\u00f3n de que valen la pena estos trabajos de reforma agraria. Segundo, porque hay una pol\u00edtica p\u00fablica que tenemos que buscar c\u00f3mo la hacemos eficiente. C\u00f3mo ayudamos a desarrollarla\u201d, manifest\u00f3 Rodrigo Villalba Mosquera.<\/p>\n<p>El mandatario regional tambi\u00e9n hizo \u00e9nfasis en los proyectos de ordenanza 03 y 04, que servir\u00e1n como instrumento para avanzar en la titulaci\u00f3n de predios rurales en el departamento, lo que les permitir\u00e1 a los beneficiados acceder a toda la oferta institucional del sector p\u00fablico y privado, tanto a nivel departamental como nacional.<\/p>\n<p>\u201cYa los sancion\u00e9 esta semana (los proyectos) para abaratar costos, para buscar c\u00f3mo facilitamos todo lo que podamos hacer desde la gobernaci\u00f3n. El director de la agencia de tierras nos ha dicho que tiene una meta de 4.000 hect\u00e1reas, una meta inicial, hay una oferta ya de fincas, la estamos ayudando a mirar, a hacerlas posibles; por un lado, para que cumplan con los aspirantes de tierras de los afectados por El Quimbo, y por otro lado con ustedes, los aspirantes a tierras\u201d, a\u00f1adi\u00f3 Rodrigo Villalba Mosquera.<\/p>\n<p>Lorena S\u00e1nchez Andrade, presidenta de ATCH, aplaudi\u00f3 las iniciativas que ha impulsado la administraci\u00f3n departamental. \u201cEs importante destacar el compromiso que manifiesta el gobernador Rodrigo Villalba y tambi\u00e9n su secretar\u00eda de agricultura en todo lo que tiene que ver con el avance hacia el tema de los proyectos y empezar a transformar el campo desde la base. Y desde la base tiene que ver con las organizaciones campesinas que estamos en territorio, que tenemos presencia\u201d, asegur\u00f3 Lorena.<\/p>\n<p>Aprovechando su visita al alma mater m\u00e1s importante del sur del pa\u00eds, la Asociaci\u00f3n de Trabajadores Campesinos del Huila firm\u00f3 un convenio con la Universidad Surcolombiana para capacitaci\u00f3n en t\u00e9cnicas agr\u00edcolas modernas. \u201cEsta es una entidad comprometida con la formaci\u00f3n y con todo lo que tiene que ver con el campo. Este convenio nos permite apoyarnos en todo lo que tiene que ver con la formaci\u00f3n, con la investigaci\u00f3n y la formulaci\u00f3n de proyectos\u201d, concluy\u00f3 Lorena.<\/p>\n","protected":false},"excerpt":{"rendered":"<p>En las instalaciones de la Universidad Surcolombiana se llev\u00f3 a cabo la IX Asamblea General de Delegados de la Asociaci\u00f3n de Trabajadores Campesinos del Huila, ATCH. La reuni\u00f3n cont\u00f3 con la presencia del gobernador del departamento Rodrigo Villalba Mosquera, quien expres\u00f3 la necesidad de impulsar la producci\u00f3n agr\u00edcola local, adem\u00e1s de ratificar su compromiso con [&hellip;]<\/p>\n","protected":false},"author":2,"featured_media":73458,"comment_status":"closed","ping_status":"open","sticky":false,"template":"","format":"standard","meta":{"footnotes":""},"categories":[33],"tags":[],"class_list":["post-73457","post","type-post","status-publish","format-standard","has-post-thumbnail","hentry","category-huila"],"yoast_head":"<!-- This site is optimized with the Yoast SEO plugin v26.6 - https:\/\/yoast.com\/wordpress\/plugins\/seo\/ -->\n<title>Gobernaci\u00f3n y su compromiso con el desarrollo rural -<\/title>\n<meta name=\"robots\" content=\"index, follow, max-snippet:-1, max-image-preview:large, max-video-preview:-1\" \/>\n<link rel=\"canonical\" href=\"https:\/\/luchonoticias.com\/editor\/gobernacion-y-su-compromiso-con-el-desarrollo-rural\/\" \/>\n<meta property=\"og:locale\" content=\"es_ES\" \/>\n<meta property=\"og:type\" content=\"article\" \/>\n<meta property=\"og:title\" content=\"Gobernaci\u00f3n y su compromiso con el desarrollo rural -\" \/>\n<meta property=\"og:url\" content=\"https:\/\/luchonoticias.com\/editor\/gobernacion-y-su-compromiso-con-el-desarrollo-rural\/\" \/>\n<meta property=\"article:publisher\" content=\"https:\/\/www.facebook.com\/luchonoticiasneiva\" \/>\n<meta property=\"article:published_time\" content=\"2024-05-26T09:15:02+00:00\" \/>\n<meta property=\"og:image\" content=\"https:\/\/luchonoticias.com\/editor\/wp-content\/uploads\/2024\/05\/gobernador-agricultura.jpg\" \/>\n\t<meta property=\"og:image:width\" content=\"700\" \/>\n\t<meta property=\"og:image:height\" content=\"400\" \/>\n\t<meta property=\"og:image:type\" content=\"image\/jpeg\" \/>\n<meta name=\"author\" content=\"Editor General\" \/>\n<meta name=\"twitter:card\" content=\"summary_large_image\" \/>\n<meta name=\"twitter:label1\" content=\"Escrito por\" \/>\n\t<meta name=\"twitter:data1\" content=\"Editor General\" \/>\n\t<meta name=\"twitter:label2\" content=\"Tiempo de lectura\" \/>\n\t<meta name=\"twitter:data2\" content=\"2 minutos\" \/>\n<script type=\"application\/ld+json\" class=\"yoast-schema-graph\">{\"@context\":\"https:\/\/schema.org\",\"@graph\":[{\"@type\":\"Article\",\"@id\":\"https:\/\/luchonoticias.com\/editor\/gobernacion-y-su-compromiso-con-el-desarrollo-rural\/#article\",\"isPartOf\":{\"@id\":\"https:\/\/luchonoticias.com\/editor\/gobernacion-y-su-compromiso-con-el-desarrollo-rural\/\"},\"author\":{\"name\":\"Editor General\",\"@id\":\"https:\/\/luchonoticias.com\/editor\/#\/schema\/person\/29217990ddf6f14e35912b2866d591fb\"},\"headline\":\"Gobernaci\u00f3n y su compromiso con el desarrollo rural\",\"datePublished\":\"2024-05-26T09:15:02+00:00\",\"mainEntityOfPage\":{\"@id\":\"https:\/\/luchonoticias.com\/editor\/gobernacion-y-su-compromiso-con-el-desarrollo-rural\/\"},\"wordCount\":434,\"publisher\":{\"@id\":\"https:\/\/luchonoticias.com\/editor\/#\/schema\/person\/7a7fd911f58561fd056dbac7b55af9cd\"},\"image\":{\"@id\":\"https:\/\/luchonoticias.com\/editor\/gobernacion-y-su-compromiso-con-el-desarrollo-rural\/#primaryimage\"},\"thumbnailUrl\":\"https:\/\/luchonoticias.com\/editor\/wp-content\/uploads\/2024\/05\/gobernador-agricultura.jpg\",\"articleSection\":[\"Huila\"],\"inLanguage\":\"es\"},{\"@type\":\"WebPage\",\"@id\":\"https:\/\/luchonoticias.com\/editor\/gobernacion-y-su-compromiso-con-el-desarrollo-rural\/\",\"url\":\"https:\/\/luchonoticias.com\/editor\/gobernacion-y-su-compromiso-con-el-desarrollo-rural\/\",\"name\":\"Gobernaci\u00f3n y su compromiso con el desarrollo rural -\",\"isPartOf\":{\"@id\":\"https:\/\/luchonoticias.com\/editor\/#website\"},\"primaryImageOfPage\":{\"@id\":\"https:\/\/luchonoticias.com\/editor\/gobernacion-y-su-compromiso-con-el-desarrollo-rural\/#primaryimage\"},\"image\":{\"@id\":\"https:\/\/luchonoticias.com\/editor\/gobernacion-y-su-compromiso-con-el-desarrollo-rural\/#primaryimage\"},\"thumbnailUrl\":\"https:\/\/luchonoticias.com\/editor\/wp-content\/uploads\/2024\/05\/gobernador-agricultura.jpg\",\"datePublished\":\"2024-05-26T09:15:02+00:00\",\"breadcrumb\":{\"@id\":\"https:\/\/luchonoticias.com\/editor\/gobernacion-y-su-compromiso-con-el-desarrollo-rural\/#breadcrumb\"},\"inLanguage\":\"es\",\"potentialAction\":[{\"@type\":\"ReadAction\",\"target\":[\"https:\/\/luchonoticias.com\/editor\/gobernacion-y-su-compromiso-con-el-desarrollo-rural\/\"]}]},{\"@type\":\"ImageObject\",\"inLanguage\":\"es\",\"@id\":\"https:\/\/luchonoticias.com\/editor\/gobernacion-y-su-compromiso-con-el-desarrollo-rural\/#primaryimage\",\"url\":\"https:\/\/luchonoticias.com\/editor\/wp-content\/uploads\/2024\/05\/gobernador-agricultura.jpg\",\"contentUrl\":\"https:\/\/luchonoticias.com\/editor\/wp-content\/uploads\/2024\/05\/gobernador-agricultura.jpg\",\"width\":700,\"height\":400},{\"@type\":\"BreadcrumbList\",\"@id\":\"https:\/\/luchonoticias.com\/editor\/gobernacion-y-su-compromiso-con-el-desarrollo-rural\/#breadcrumb\",\"itemListElement\":[{\"@type\":\"ListItem\",\"position\":1,\"name\":\"Portada\",\"item\":\"https:\/\/luchonoticias.com\/editor\/\"},{\"@type\":\"ListItem\",\"position\":2,\"name\":\"Gobernaci\u00f3n y su compromiso con el desarrollo rural\"}]},{\"@type\":\"WebSite\",\"@id\":\"https:\/\/luchonoticias.com\/editor\/#website\",\"url\":\"https:\/\/luchonoticias.com\/editor\/\",\"name\":\"\",\"description\":\"\",\"publisher\":{\"@id\":\"https:\/\/luchonoticias.com\/editor\/#\/schema\/person\/7a7fd911f58561fd056dbac7b55af9cd\"},\"potentialAction\":[{\"@type\":\"SearchAction\",\"target\":{\"@type\":\"EntryPoint\",\"urlTemplate\":\"https:\/\/luchonoticias.com\/editor\/?s={search_term_string}\"},\"query-input\":{\"@type\":\"PropertyValueSpecification\",\"valueRequired\":true,\"valueName\":\"search_term_string\"}}],\"inLanguage\":\"es\"},{\"@type\":[\"Person\",\"Organization\"],\"@id\":\"https:\/\/luchonoticias.com\/editor\/#\/schema\/person\/7a7fd911f58561fd056dbac7b55af9cd\",\"name\":\"admin\",\"image\":{\"@type\":\"ImageObject\",\"inLanguage\":\"es\",\"@id\":\"https:\/\/luchonoticias.com\/editor\/#\/schema\/person\/image\/\",\"url\":\"https:\/\/luchonoticias.com\/editor\/wp-content\/uploads\/2024\/02\/cropped-cropped-logolu.webp\",\"contentUrl\":\"https:\/\/luchonoticias.com\/editor\/wp-content\/uploads\/2024\/02\/cropped-cropped-logolu.webp\",\"width\":382,\"height\":170,\"caption\":\"admin\"},\"logo\":{\"@id\":\"https:\/\/luchonoticias.com\/editor\/#\/schema\/person\/image\/\"},\"sameAs\":[\"https:\/\/www.facebook.com\/luchonoticiasneiva\"]},{\"@type\":\"Person\",\"@id\":\"https:\/\/luchonoticias.com\/editor\/#\/schema\/person\/29217990ddf6f14e35912b2866d591fb\",\"name\":\"Editor General\",\"image\":{\"@type\":\"ImageObject\",\"inLanguage\":\"es\",\"@id\":\"https:\/\/luchonoticias.com\/editor\/#\/schema\/person\/image\/\",\"url\":\"https:\/\/luchonoticias.com\/editor\/wp-content\/uploads\/2024\/02\/cropped-cropped-logolu-150x150.webp\",\"contentUrl\":\"https:\/\/luchonoticias.com\/editor\/wp-content\/uploads\/2024\/02\/cropped-cropped-logolu-150x150.webp\",\"caption\":\"Editor General\"},\"sameAs\":[\"https:\/\/luchonoticias.com\/\"],\"url\":\"https:\/\/luchonoticias.com\/editor\/author\/editor-general\/\"}]}<\/script>\n<!-- \/ Yoast SEO plugin. -->","yoast_head_json":{"title":"Gobernaci\u00f3n y su compromiso con el desarrollo rural -","robots":{"index":"index","follow":"follow","max-snippet":"max-snippet:-1","max-image-preview":"max-image-preview:large","max-video-preview":"max-video-preview:-1"},"canonical":"https:\/\/luchonoticias.com\/editor\/gobernacion-y-su-compromiso-con-el-desarrollo-rural\/","og_locale":"es_ES","og_type":"article","og_title":"Gobernaci\u00f3n y su compromiso con el desarrollo rural -","og_url":"https:\/\/luchonoticias.com\/editor\/gobernacion-y-su-compromiso-con-el-desarrollo-rural\/","article_publisher":"https:\/\/www.facebook.com\/luchonoticiasneiva","article_published_time":"2024-05-26T09:15:02+00:00","og_image":[{"width":700,"height":400,"url":"https:\/\/luchonoticias.com\/editor\/wp-content\/uploads\/2024\/05\/gobernador-agricultura.jpg","type":"image\/jpeg"}],"author":"Editor General","twitter_card":"summary_large_image","twitter_misc":{"Escrito por":"Editor General","Tiempo de lectura":"2 minutos"},"schema":{"@context":"https:\/\/schema.org","@graph":[{"@type":"Article","@id":"https:\/\/luchonoticias.com\/editor\/gobernacion-y-su-compromiso-con-el-desarrollo-rural\/#article","isPartOf":{"@id":"https:\/\/luchonoticias.com\/editor\/gobernacion-y-su-compromiso-con-el-desarrollo-rural\/"},"author":{"name":"Editor General","@id":"https:\/\/luchonoticias.com\/editor\/#\/schema\/person\/29217990ddf6f14e35912b2866d591fb"},"headline":"Gobernaci\u00f3n y su compromiso con el desarrollo rural","datePublished":"2024-05-26T09:15:02+00:00","mainEntityOfPage":{"@id":"https:\/\/luchonoticias.com\/editor\/gobernacion-y-su-compromiso-con-el-desarrollo-rural\/"},"wordCount":434,"publisher":{"@id":"https:\/\/luchonoticias.com\/editor\/#\/schema\/person\/7a7fd911f58561fd056dbac7b55af9cd"},"image":{"@id":"https:\/\/luchonoticias.com\/editor\/gobernacion-y-su-compromiso-con-el-desarrollo-rural\/#primaryimage"},"thumbnailUrl":"https:\/\/luchonoticias.com\/editor\/wp-content\/uploads\/2024\/05\/gobernador-agricultura.jpg","articleSection":["Huila"],"inLanguage":"es"},{"@type":"WebPage","@id":"https:\/\/luchonoticias.com\/editor\/gobernacion-y-su-compromiso-con-el-desarrollo-rural\/","url":"https:\/\/luchonoticias.com\/editor\/gobernacion-y-su-compromiso-con-el-desarrollo-rural\/","name":"Gobernaci\u00f3n y su compromiso con el desarrollo rural -","isPartOf":{"@id":"https:\/\/luchonoticias.com\/editor\/#website"},"primaryImageOfPage":{"@id":"https:\/\/luchonoticias.com\/editor\/gobernacion-y-su-compromiso-con-el-desarrollo-rural\/#primaryimage"},"image":{"@id":"https:\/\/luchonoticias.com\/editor\/gobernacion-y-su-compromiso-con-el-desarrollo-rural\/#primaryimage"},"thumbnailUrl":"https:\/\/luchonoticias.com\/editor\/wp-content\/uploads\/2024\/05\/gobernador-agricultura.jpg","datePublished":"2024-05-26T09:15:02+00:00","breadcrumb":{"@id":"https:\/\/luchonoticias.com\/editor\/gobernacion-y-su-compromiso-con-el-desarrollo-rural\/#breadcrumb"},"inLanguage":"es","potentialAction":[{"@type":"ReadAction","target":["https:\/\/luchonoticias.com\/editor\/gobernacion-y-su-compromiso-con-el-desarrollo-rural\/"]}]},{"@type":"ImageObject","inLanguage":"es","@id":"https:\/\/luchonoticias.com\/editor\/gobernacion-y-su-compromiso-con-el-desarrollo-rural\/#primaryimage","url":"https:\/\/luchonoticias.com\/editor\/wp-content\/uploads\/2024\/05\/gobernador-agricultura.jpg","contentUrl":"https:\/\/luchonoticias.com\/editor\/wp-content\/uploads\/2024\/05\/gobernador-agricultura.jpg","width":700,"height":400},{"@type":"BreadcrumbList","@id":"https:\/\/luchonoticias.com\/editor\/gobernacion-y-su-compromiso-con-el-desarrollo-rural\/#breadcrumb","itemListElement":[{"@type":"ListItem","position":1,"name":"Portada","item":"https:\/\/luchonoticias.com\/editor\/"},{"@type":"ListItem","position":2,"name":"Gobernaci\u00f3n y su compromiso con el desarrollo rural"}]},{"@type":"WebSite","@id":"https:\/\/luchonoticias.com\/editor\/#website","url":"https:\/\/luchonoticias.com\/editor\/","name":"","description":"","publisher":{"@id":"https:\/\/luchonoticias.com\/editor\/#\/schema\/person\/7a7fd911f58561fd056dbac7b55af9cd"},"potentialAction":[{"@type":"SearchAction","target":{"@type":"EntryPoint","urlTemplate":"https:\/\/luchonoticias.com\/editor\/?s={search_term_string}"},"query-input":{"@type":"PropertyValueSpecification","valueRequired":true,"valueName":"search_term_string"}}],"inLanguage":"es"},{"@type":["Person","Organization"],"@id":"https:\/\/luchonoticias.com\/editor\/#\/schema\/person\/7a7fd911f58561fd056dbac7b55af9cd","name":"admin","image":{"@type":"ImageObject","inLanguage":"es","@id":"https:\/\/luchonoticias.com\/editor\/#\/schema\/person\/image\/","url":"https:\/\/luchonoticias.com\/editor\/wp-content\/uploads\/2024\/02\/cropped-cropped-logolu.webp","contentUrl":"https:\/\/luchonoticias.com\/editor\/wp-content\/uploads\/2024\/02\/cropped-cropped-logolu.webp","width":382,"height":170,"caption":"admin"},"logo":{"@id":"https:\/\/luchonoticias.com\/editor\/#\/schema\/person\/image\/"},"sameAs":["https:\/\/www.facebook.com\/luchonoticiasneiva"]},{"@type":"Person","@id":"https:\/\/luchonoticias.com\/editor\/#\/schema\/person\/29217990ddf6f14e35912b2866d591fb","name":"Editor General","image":{"@type":"ImageObject","inLanguage":"es","@id":"https:\/\/luchonoticias.com\/editor\/#\/schema\/person\/image\/","url":"https:\/\/luchonoticias.com\/editor\/wp-content\/uploads\/2024\/02\/cropped-cropped-logolu-150x150.webp","contentUrl":"https:\/\/luchonoticias.com\/editor\/wp-content\/uploads\/2024\/02\/cropped-cropped-logolu-150x150.webp","caption":"Editor General"},"sameAs":["https:\/\/luchonoticias.com\/"],"url":"https:\/\/luchonoticias.com\/editor\/author\/editor-general\/"}]}},"_links":{"self":[{"href":"https:\/\/luchonoticias.com\/editor\/wp-json\/wp\/v2\/posts\/73457","targetHints":{"allow":["GET"]}}],"collection":[{"href":"https:\/\/luchonoticias.com\/editor\/wp-json\/wp\/v2\/posts"}],"about":[{"href":"https:\/\/luchonoticias.com\/editor\/wp-json\/wp\/v2\/types\/post"}],"author":[{"embeddable":true,"href":"https:\/\/luchonoticias.com\/editor\/wp-json\/wp\/v2\/users\/2"}],"replies":[{"embeddable":true,"href":"https:\/\/luchonoticias.com\/editor\/wp-json\/wp\/v2\/comments?post=73457"}],"version-history":[{"count":0,"href":"https:\/\/luchonoticias.com\/editor\/wp-json\/wp\/v2\/posts\/73457\/revisions"}],"wp:featuredmedia":[{"embeddable":true,"href":"https:\/\/luchonoticias.com\/editor\/wp-json\/wp\/v2\/media\/73458"}],"wp:attachment":[{"href":"https:\/\/luchonoticias.com\/editor\/wp-json\/wp\/v2\/media?parent=73457"}],"wp:term":[{"taxonomy":"category","embeddable":true,"href":"https:\/\/luchonoticias.com\/editor\/wp-json\/wp\/v2\/categories?post=73457"},{"taxonomy":"post_tag","embeddable":true,"href":"https:\/\/luchonoticias.com\/editor\/wp-json\/wp\/v2\/tags?post=73457"}],"curies":[{"name":"wp","href":"https:\/\/api.w.org\/{rel}","templated":true}]}}