{"id":73460,"date":"2024-05-26T04:20:08","date_gmt":"2024-05-26T09:20:08","guid":{"rendered":"https:\/\/luchonoticias.com\/?p=73460"},"modified":"2024-05-25T19:06:17","modified_gmt":"2024-05-26T00:06:17","slug":"neiva-y-su-homenaje-a-las-madres-en-su-mes","status":"publish","type":"post","link":"https:\/\/luchonoticias.com\/editor\/neiva-y-su-homenaje-a-las-madres-en-su-mes\/","title":{"rendered":"Neiva y su homenaje a las madres en su mes"},"content":{"rendered":"<p>Con una agenda de actividades llamada \u2018Mes de mayo con M de Mujer\u2019, se da inicio a una serie de actividades para que las mujeres de Neiva se programen y participen.<\/p>\n<p>\u00abEn el marco del mes de las madres continuamos con el desarrollo de muchas actividades para la promoci\u00f3n de los derechos de las mujeres neivanas. Es as\u00ed que hoy 25 de mayo a las 3:00 pm en el Parque Metropolitano en uni\u00f3n con la Secretar\u00eda de Deporte, vamos a realizar un encuentro maravilloso, l\u00fadico y recreativo para mujeres diversas\u201d, coment\u00f3 Clara Eugenia Pe\u00f1a, secretaria de la Mujer, Infancia y Adolescencia.<\/p>\n<p>Asimismo, el d\u00eda lunes 27 de mayo junto con fundaciones y en un trabajo articulado con la Secretar\u00eda de Paz se llevar\u00e1 a llevar a cabo la conmemoraci\u00f3n y dignificaci\u00f3n de los derechos de las v\u00edctimas de abuso sexual en el marco del conflicto.<\/p>\n<p>El pr\u00f3ximo mi\u00e9rcoles 29 de mayo a las 3:00 pm en la Universidad Cooperativa de Colombia se har\u00e1 el lanzamiento junto a la Secretar\u00eda de Salud de la ruta \u2018Enr\u00fatate por la Hormonizaci\u00f3n\u2019, una estrategia que busca dignificar los derechos de las personas que se tratan con hormonas.<\/p>\n<p>Adicionalmente, el d\u00eda jueves 30 de mayo tendr\u00e1 lugar la Pe\u00f1a Cultural a partir de las 4:00 pm en el Parque de los Ni\u00f1os, \u201cen donde se har\u00e1 una integraci\u00f3n cultural ser\u00e1 un momento de esparcimiento y de promoci\u00f3n de derechos igualmente. Pero el d\u00eda viernes 31 de mayo terminamos nuestra gran programaci\u00f3n con el encuentro maravilloso con madres comunitarias en donde vamos a visibilizar la labor dignificante que hacen las madres comunitarias por la primera infancia de nuestro municipio\u00bb, puntualiz\u00f3, Clara Eugenia Pe\u00f1a Secretaria de la Mujer, Infancia y Adolescencia.<\/p>\n<p>Cabe mencionar, que dichas actividades ha sido una articulaci\u00f3n entre las dependencias del municipio, universidades, fundaciones y Ministerio del Deporte entre otras.<\/p>\n<p>\u201cAs\u00ed que esa es la programaci\u00f3n que desde la Secretar\u00eda de la Mujer, Infancia y Adolescencia en uni\u00f3n con muchas dependencias, fundaciones aliadas y otras entidades, estamos promocionando estas actividades para ustedes las mujeres neivanas porque queremos visibilizar la importancia de la mujer, de la mam\u00e1, de la ciudadana, pero ante todo de la mujer Neivana\u201d, reiter\u00f3 la jefe de la cartera de la Mujer, Infancia y Adolescencia.<\/p>\n","protected":false},"excerpt":{"rendered":"<p>Con una agenda de actividades llamada \u2018Mes de mayo con M de Mujer\u2019, se da inicio a una serie de actividades para que las mujeres de Neiva se programen y participen. \u00abEn el marco del mes de las madres continuamos con el desarrollo de muchas actividades para la promoci\u00f3n de los derechos de las mujeres [&hellip;]<\/p>\n","protected":false},"author":2,"featured_media":73461,"comment_status":"closed","ping_status":"open","sticky":false,"template":"","format":"standard","meta":{"footnotes":""},"categories":[31],"tags":[],"class_list":["post-73460","post","type-post","status-publish","format-standard","has-post-thumbnail","hentry","category-local"],"yoast_head":"<!-- This site is optimized with the Yoast SEO plugin v26.6 - https:\/\/yoast.com\/wordpress\/plugins\/seo\/ -->\n<title>Neiva y su homenaje a las madres en su mes -<\/title>\n<meta name=\"robots\" content=\"index, follow, max-snippet:-1, max-image-preview:large, max-video-preview:-1\" \/>\n<link rel=\"canonical\" href=\"https:\/\/luchonoticias.com\/editor\/neiva-y-su-homenaje-a-las-madres-en-su-mes\/\" \/>\n<meta property=\"og:locale\" content=\"es_ES\" \/>\n<meta property=\"og:type\" content=\"article\" \/>\n<meta property=\"og:title\" content=\"Neiva y su homenaje a las madres en su mes -\" \/>\n<meta property=\"og:url\" content=\"https:\/\/luchonoticias.com\/editor\/neiva-y-su-homenaje-a-las-madres-en-su-mes\/\" \/>\n<meta property=\"article:publisher\" content=\"https:\/\/www.facebook.com\/luchonoticiasneiva\" \/>\n<meta property=\"article:published_time\" content=\"2024-05-26T09:20:08+00:00\" \/>\n<meta property=\"og:image\" content=\"https:\/\/luchonoticias.com\/editor\/wp-content\/uploads\/2024\/05\/madres-neiva.jpg\" \/>\n\t<meta property=\"og:image:width\" content=\"700\" \/>\n\t<meta property=\"og:image:height\" content=\"400\" \/>\n\t<meta property=\"og:image:type\" content=\"image\/jpeg\" \/>\n<meta name=\"author\" content=\"Editor General\" \/>\n<meta name=\"twitter:card\" content=\"summary_large_image\" \/>\n<meta name=\"twitter:label1\" content=\"Escrito por\" \/>\n\t<meta name=\"twitter:data1\" content=\"Editor General\" \/>\n\t<meta name=\"twitter:label2\" content=\"Tiempo de lectura\" \/>\n\t<meta name=\"twitter:data2\" content=\"2 minutos\" \/>\n<script type=\"application\/ld+json\" class=\"yoast-schema-graph\">{\"@context\":\"https:\/\/schema.org\",\"@graph\":[{\"@type\":\"Article\",\"@id\":\"https:\/\/luchonoticias.com\/editor\/neiva-y-su-homenaje-a-las-madres-en-su-mes\/#article\",\"isPartOf\":{\"@id\":\"https:\/\/luchonoticias.com\/editor\/neiva-y-su-homenaje-a-las-madres-en-su-mes\/\"},\"author\":{\"name\":\"Editor General\",\"@id\":\"https:\/\/luchonoticias.com\/editor\/#\/schema\/person\/29217990ddf6f14e35912b2866d591fb\"},\"headline\":\"Neiva y su homenaje a las madres en su mes\",\"datePublished\":\"2024-05-26T09:20:08+00:00\",\"mainEntityOfPage\":{\"@id\":\"https:\/\/luchonoticias.com\/editor\/neiva-y-su-homenaje-a-las-madres-en-su-mes\/\"},\"wordCount\":403,\"publisher\":{\"@id\":\"https:\/\/luchonoticias.com\/editor\/#\/schema\/person\/7a7fd911f58561fd056dbac7b55af9cd\"},\"image\":{\"@id\":\"https:\/\/luchonoticias.com\/editor\/neiva-y-su-homenaje-a-las-madres-en-su-mes\/#primaryimage\"},\"thumbnailUrl\":\"https:\/\/luchonoticias.com\/editor\/wp-content\/uploads\/2024\/05\/madres-neiva.jpg\",\"articleSection\":[\"Local\"],\"inLanguage\":\"es\"},{\"@type\":\"WebPage\",\"@id\":\"https:\/\/luchonoticias.com\/editor\/neiva-y-su-homenaje-a-las-madres-en-su-mes\/\",\"url\":\"https:\/\/luchonoticias.com\/editor\/neiva-y-su-homenaje-a-las-madres-en-su-mes\/\",\"name\":\"Neiva y su homenaje a las madres en su mes -\",\"isPartOf\":{\"@id\":\"https:\/\/luchonoticias.com\/editor\/#website\"},\"primaryImageOfPage\":{\"@id\":\"https:\/\/luchonoticias.com\/editor\/neiva-y-su-homenaje-a-las-madres-en-su-mes\/#primaryimage\"},\"image\":{\"@id\":\"https:\/\/luchonoticias.com\/editor\/neiva-y-su-homenaje-a-las-madres-en-su-mes\/#primaryimage\"},\"thumbnailUrl\":\"https:\/\/luchonoticias.com\/editor\/wp-content\/uploads\/2024\/05\/madres-neiva.jpg\",\"datePublished\":\"2024-05-26T09:20:08+00:00\",\"breadcrumb\":{\"@id\":\"https:\/\/luchonoticias.com\/editor\/neiva-y-su-homenaje-a-las-madres-en-su-mes\/#breadcrumb\"},\"inLanguage\":\"es\",\"potentialAction\":[{\"@type\":\"ReadAction\",\"target\":[\"https:\/\/luchonoticias.com\/editor\/neiva-y-su-homenaje-a-las-madres-en-su-mes\/\"]}]},{\"@type\":\"ImageObject\",\"inLanguage\":\"es\",\"@id\":\"https:\/\/luchonoticias.com\/editor\/neiva-y-su-homenaje-a-las-madres-en-su-mes\/#primaryimage\",\"url\":\"https:\/\/luchonoticias.com\/editor\/wp-content\/uploads\/2024\/05\/madres-neiva.jpg\",\"contentUrl\":\"https:\/\/luchonoticias.com\/editor\/wp-content\/uploads\/2024\/05\/madres-neiva.jpg\",\"width\":700,\"height\":400},{\"@type\":\"BreadcrumbList\",\"@id\":\"https:\/\/luchonoticias.com\/editor\/neiva-y-su-homenaje-a-las-madres-en-su-mes\/#breadcrumb\",\"itemListElement\":[{\"@type\":\"ListItem\",\"position\":1,\"name\":\"Portada\",\"item\":\"https:\/\/luchonoticias.com\/editor\/\"},{\"@type\":\"ListItem\",\"position\":2,\"name\":\"Neiva y su homenaje a las madres en su mes\"}]},{\"@type\":\"WebSite\",\"@id\":\"https:\/\/luchonoticias.com\/editor\/#website\",\"url\":\"https:\/\/luchonoticias.com\/editor\/\",\"name\":\"\",\"description\":\"\",\"publisher\":{\"@id\":\"https:\/\/luchonoticias.com\/editor\/#\/schema\/person\/7a7fd911f58561fd056dbac7b55af9cd\"},\"potentialAction\":[{\"@type\":\"SearchAction\",\"target\":{\"@type\":\"EntryPoint\",\"urlTemplate\":\"https:\/\/luchonoticias.com\/editor\/?s={search_term_string}\"},\"query-input\":{\"@type\":\"PropertyValueSpecification\",\"valueRequired\":true,\"valueName\":\"search_term_string\"}}],\"inLanguage\":\"es\"},{\"@type\":[\"Person\",\"Organization\"],\"@id\":\"https:\/\/luchonoticias.com\/editor\/#\/schema\/person\/7a7fd911f58561fd056dbac7b55af9cd\",\"name\":\"admin\",\"image\":{\"@type\":\"ImageObject\",\"inLanguage\":\"es\",\"@id\":\"https:\/\/luchonoticias.com\/editor\/#\/schema\/person\/image\/\",\"url\":\"https:\/\/luchonoticias.com\/editor\/wp-content\/uploads\/2024\/02\/cropped-cropped-logolu.webp\",\"contentUrl\":\"https:\/\/luchonoticias.com\/editor\/wp-content\/uploads\/2024\/02\/cropped-cropped-logolu.webp\",\"width\":382,\"height\":170,\"caption\":\"admin\"},\"logo\":{\"@id\":\"https:\/\/luchonoticias.com\/editor\/#\/schema\/person\/image\/\"},\"sameAs\":[\"https:\/\/www.facebook.com\/luchonoticiasneiva\"]},{\"@type\":\"Person\",\"@id\":\"https:\/\/luchonoticias.com\/editor\/#\/schema\/person\/29217990ddf6f14e35912b2866d591fb\",\"name\":\"Editor General\",\"image\":{\"@type\":\"ImageObject\",\"inLanguage\":\"es\",\"@id\":\"https:\/\/luchonoticias.com\/editor\/#\/schema\/person\/image\/\",\"url\":\"https:\/\/luchonoticias.com\/editor\/wp-content\/uploads\/2024\/02\/cropped-cropped-logolu-150x150.webp\",\"contentUrl\":\"https:\/\/luchonoticias.com\/editor\/wp-content\/uploads\/2024\/02\/cropped-cropped-logolu-150x150.webp\",\"caption\":\"Editor General\"},\"sameAs\":[\"https:\/\/luchonoticias.com\/\"],\"url\":\"https:\/\/luchonoticias.com\/editor\/author\/editor-general\/\"}]}<\/script>\n<!-- \/ Yoast SEO plugin. -->","yoast_head_json":{"title":"Neiva y su homenaje a las madres en su mes -","robots":{"index":"index","follow":"follow","max-snippet":"max-snippet:-1","max-image-preview":"max-image-preview:large","max-video-preview":"max-video-preview:-1"},"canonical":"https:\/\/luchonoticias.com\/editor\/neiva-y-su-homenaje-a-las-madres-en-su-mes\/","og_locale":"es_ES","og_type":"article","og_title":"Neiva y su homenaje a las madres en su mes -","og_url":"https:\/\/luchonoticias.com\/editor\/neiva-y-su-homenaje-a-las-madres-en-su-mes\/","article_publisher":"https:\/\/www.facebook.com\/luchonoticiasneiva","article_published_time":"2024-05-26T09:20:08+00:00","og_image":[{"width":700,"height":400,"url":"https:\/\/luchonoticias.com\/editor\/wp-content\/uploads\/2024\/05\/madres-neiva.jpg","type":"image\/jpeg"}],"author":"Editor General","twitter_card":"summary_large_image","twitter_misc":{"Escrito por":"Editor General","Tiempo de lectura":"2 minutos"},"schema":{"@context":"https:\/\/schema.org","@graph":[{"@type":"Article","@id":"https:\/\/luchonoticias.com\/editor\/neiva-y-su-homenaje-a-las-madres-en-su-mes\/#article","isPartOf":{"@id":"https:\/\/luchonoticias.com\/editor\/neiva-y-su-homenaje-a-las-madres-en-su-mes\/"},"author":{"name":"Editor General","@id":"https:\/\/luchonoticias.com\/editor\/#\/schema\/person\/29217990ddf6f14e35912b2866d591fb"},"headline":"Neiva y su homenaje a las madres en su mes","datePublished":"2024-05-26T09:20:08+00:00","mainEntityOfPage":{"@id":"https:\/\/luchonoticias.com\/editor\/neiva-y-su-homenaje-a-las-madres-en-su-mes\/"},"wordCount":403,"publisher":{"@id":"https:\/\/luchonoticias.com\/editor\/#\/schema\/person\/7a7fd911f58561fd056dbac7b55af9cd"},"image":{"@id":"https:\/\/luchonoticias.com\/editor\/neiva-y-su-homenaje-a-las-madres-en-su-mes\/#primaryimage"},"thumbnailUrl":"https:\/\/luchonoticias.com\/editor\/wp-content\/uploads\/2024\/05\/madres-neiva.jpg","articleSection":["Local"],"inLanguage":"es"},{"@type":"WebPage","@id":"https:\/\/luchonoticias.com\/editor\/neiva-y-su-homenaje-a-las-madres-en-su-mes\/","url":"https:\/\/luchonoticias.com\/editor\/neiva-y-su-homenaje-a-las-madres-en-su-mes\/","name":"Neiva y su homenaje a las madres en su mes -","isPartOf":{"@id":"https:\/\/luchonoticias.com\/editor\/#website"},"primaryImageOfPage":{"@id":"https:\/\/luchonoticias.com\/editor\/neiva-y-su-homenaje-a-las-madres-en-su-mes\/#primaryimage"},"image":{"@id":"https:\/\/luchonoticias.com\/editor\/neiva-y-su-homenaje-a-las-madres-en-su-mes\/#primaryimage"},"thumbnailUrl":"https:\/\/luchonoticias.com\/editor\/wp-content\/uploads\/2024\/05\/madres-neiva.jpg","datePublished":"2024-05-26T09:20:08+00:00","breadcrumb":{"@id":"https:\/\/luchonoticias.com\/editor\/neiva-y-su-homenaje-a-las-madres-en-su-mes\/#breadcrumb"},"inLanguage":"es","potentialAction":[{"@type":"ReadAction","target":["https:\/\/luchonoticias.com\/editor\/neiva-y-su-homenaje-a-las-madres-en-su-mes\/"]}]},{"@type":"ImageObject","inLanguage":"es","@id":"https:\/\/luchonoticias.com\/editor\/neiva-y-su-homenaje-a-las-madres-en-su-mes\/#primaryimage","url":"https:\/\/luchonoticias.com\/editor\/wp-content\/uploads\/2024\/05\/madres-neiva.jpg","contentUrl":"https:\/\/luchonoticias.com\/editor\/wp-content\/uploads\/2024\/05\/madres-neiva.jpg","width":700,"height":400},{"@type":"BreadcrumbList","@id":"https:\/\/luchonoticias.com\/editor\/neiva-y-su-homenaje-a-las-madres-en-su-mes\/#breadcrumb","itemListElement":[{"@type":"ListItem","position":1,"name":"Portada","item":"https:\/\/luchonoticias.com\/editor\/"},{"@type":"ListItem","position":2,"name":"Neiva y su homenaje a las madres en su mes"}]},{"@type":"WebSite","@id":"https:\/\/luchonoticias.com\/editor\/#website","url":"https:\/\/luchonoticias.com\/editor\/","name":"","description":"","publisher":{"@id":"https:\/\/luchonoticias.com\/editor\/#\/schema\/person\/7a7fd911f58561fd056dbac7b55af9cd"},"potentialAction":[{"@type":"SearchAction","target":{"@type":"EntryPoint","urlTemplate":"https:\/\/luchonoticias.com\/editor\/?s={search_term_string}"},"query-input":{"@type":"PropertyValueSpecification","valueRequired":true,"valueName":"search_term_string"}}],"inLanguage":"es"},{"@type":["Person","Organization"],"@id":"https:\/\/luchonoticias.com\/editor\/#\/schema\/person\/7a7fd911f58561fd056dbac7b55af9cd","name":"admin","image":{"@type":"ImageObject","inLanguage":"es","@id":"https:\/\/luchonoticias.com\/editor\/#\/schema\/person\/image\/","url":"https:\/\/luchonoticias.com\/editor\/wp-content\/uploads\/2024\/02\/cropped-cropped-logolu.webp","contentUrl":"https:\/\/luchonoticias.com\/editor\/wp-content\/uploads\/2024\/02\/cropped-cropped-logolu.webp","width":382,"height":170,"caption":"admin"},"logo":{"@id":"https:\/\/luchonoticias.com\/editor\/#\/schema\/person\/image\/"},"sameAs":["https:\/\/www.facebook.com\/luchonoticiasneiva"]},{"@type":"Person","@id":"https:\/\/luchonoticias.com\/editor\/#\/schema\/person\/29217990ddf6f14e35912b2866d591fb","name":"Editor General","image":{"@type":"ImageObject","inLanguage":"es","@id":"https:\/\/luchonoticias.com\/editor\/#\/schema\/person\/image\/","url":"https:\/\/luchonoticias.com\/editor\/wp-content\/uploads\/2024\/02\/cropped-cropped-logolu-150x150.webp","contentUrl":"https:\/\/luchonoticias.com\/editor\/wp-content\/uploads\/2024\/02\/cropped-cropped-logolu-150x150.webp","caption":"Editor General"},"sameAs":["https:\/\/luchonoticias.com\/"],"url":"https:\/\/luchonoticias.com\/editor\/author\/editor-general\/"}]}},"_links":{"self":[{"href":"https:\/\/luchonoticias.com\/editor\/wp-json\/wp\/v2\/posts\/73460","targetHints":{"allow":["GET"]}}],"collection":[{"href":"https:\/\/luchonoticias.com\/editor\/wp-json\/wp\/v2\/posts"}],"about":[{"href":"https:\/\/luchonoticias.com\/editor\/wp-json\/wp\/v2\/types\/post"}],"author":[{"embeddable":true,"href":"https:\/\/luchonoticias.com\/editor\/wp-json\/wp\/v2\/users\/2"}],"replies":[{"embeddable":true,"href":"https:\/\/luchonoticias.com\/editor\/wp-json\/wp\/v2\/comments?post=73460"}],"version-history":[{"count":0,"href":"https:\/\/luchonoticias.com\/editor\/wp-json\/wp\/v2\/posts\/73460\/revisions"}],"wp:featuredmedia":[{"embeddable":true,"href":"https:\/\/luchonoticias.com\/editor\/wp-json\/wp\/v2\/media\/73461"}],"wp:attachment":[{"href":"https:\/\/luchonoticias.com\/editor\/wp-json\/wp\/v2\/media?parent=73460"}],"wp:term":[{"taxonomy":"category","embeddable":true,"href":"https:\/\/luchonoticias.com\/editor\/wp-json\/wp\/v2\/categories?post=73460"},{"taxonomy":"post_tag","embeddable":true,"href":"https:\/\/luchonoticias.com\/editor\/wp-json\/wp\/v2\/tags?post=73460"}],"curies":[{"name":"wp","href":"https:\/\/api.w.org\/{rel}","templated":true}]}}