{"id":73473,"date":"2024-05-27T07:23:24","date_gmt":"2024-05-27T12:23:24","guid":{"rendered":"https:\/\/luchonoticias.com\/?p=73473"},"modified":"2024-05-27T07:23:24","modified_gmt":"2024-05-27T12:23:24","slug":"aseo-y-embellecimiento-en-la-plaza-civica-los-libertadores","status":"publish","type":"post","link":"https:\/\/luchonoticias.com\/editor\/aseo-y-embellecimiento-en-la-plaza-civica-los-libertadores\/","title":{"rendered":"Aseo y embellecimiento en la Plaza C\u00edvica Los Libertadores"},"content":{"rendered":"<p>Los trabajos de recuperaci\u00f3n de la emblem\u00e1tica Plaza C\u00edvica Los Libertadores contin\u00faan, para hacer m\u00e1s ameno este espacio tan importante de la ciudad. Esta nueva intervenci\u00f3n tuvo como objetivo limpiar y embellecer este espacio p\u00fablico, gracias a la jornada liderada desde la Direcci\u00f3n de Seguridad y Convivencia, adscrita a la Secretar\u00eda de Gobierno.<\/p>\n<p>Cabe recordar que, la Plaza C\u00edvica fue objeto de intervenci\u00f3n por parte de la fuerza p\u00fablica, acotando los diferentes flagelos sociales en la zona. En ese sentido, estos operativos y puestos de control se han enfocado espec\u00edficamente en la carrera Segunda con calle S\u00e9ptima, Octava y Novena, logrando resultados positivos en la mejora del servicio de transporte p\u00fablico legal y la recuperaci\u00f3n de veh\u00edculos hurtados.<\/p>\n<p>\u201cHoy estamos llevando a cabo una intervenci\u00f3n en la plaza c\u00edvica con las diferentes autoridades administrativas del municipio, incluyendo algunas secretar\u00edas, la Polic\u00eda y la empresa privada como Ciudad Limpia, entre otros. Venimos haciendo una intervenci\u00f3n de limpieza y ornato, y estamos poniendo un sitio m\u00e1s agradable y mucho m\u00e1s bonito, donde todos los ciudadanos puedan disfrutar con sus familias las bondades que no da este sitio tan agradable y simb\u00f3lico\u201d, sostuvo el director de Convivencia y Seguridad, Alexi Trujillo.<\/p>\n<p>La jornada permiti\u00f3 limpiar y recolectar toda clase de elementos desechables y basura, permitiendo a quienes transitan por el lugar ver una nueva cara y una sensaci\u00f3n de tranquilidad cuando pasan por este emblem\u00e1tico lugar. Con estas acciones, la Plaza C\u00edvica Los Libertadores se est\u00e1 convirtiendo en un espacio m\u00e1s seguro y agradable para los ciudadanos, reafirmando el compromiso de la Administraci\u00f3n Municipal con el bienestar y la convivencia ciudadana.<\/p>\n","protected":false},"excerpt":{"rendered":"<p>Los trabajos de recuperaci\u00f3n de la emblem\u00e1tica Plaza C\u00edvica Los Libertadores contin\u00faan, para hacer m\u00e1s ameno este espacio tan importante de la ciudad. Esta nueva intervenci\u00f3n tuvo como objetivo limpiar y embellecer este espacio p\u00fablico, gracias a la jornada liderada desde la Direcci\u00f3n de Seguridad y Convivencia, adscrita a la Secretar\u00eda de Gobierno. Cabe recordar [&hellip;]<\/p>\n","protected":false},"author":2,"featured_media":73474,"comment_status":"closed","ping_status":"open","sticky":false,"template":"","format":"standard","meta":{"footnotes":""},"categories":[31],"tags":[],"class_list":["post-73473","post","type-post","status-publish","format-standard","has-post-thumbnail","hentry","category-local"],"yoast_head":"<!-- This site is optimized with the Yoast SEO plugin v26.6 - https:\/\/yoast.com\/wordpress\/plugins\/seo\/ -->\n<title>Aseo y embellecimiento en la Plaza C\u00edvica Los Libertadores -<\/title>\n<meta name=\"robots\" content=\"index, follow, max-snippet:-1, max-image-preview:large, max-video-preview:-1\" \/>\n<link rel=\"canonical\" href=\"https:\/\/luchonoticias.com\/editor\/aseo-y-embellecimiento-en-la-plaza-civica-los-libertadores\/\" \/>\n<meta property=\"og:locale\" content=\"es_ES\" \/>\n<meta property=\"og:type\" content=\"article\" \/>\n<meta property=\"og:title\" content=\"Aseo y embellecimiento en la Plaza C\u00edvica Los Libertadores -\" \/>\n<meta property=\"og:url\" content=\"https:\/\/luchonoticias.com\/editor\/aseo-y-embellecimiento-en-la-plaza-civica-los-libertadores\/\" \/>\n<meta property=\"article:publisher\" content=\"https:\/\/www.facebook.com\/luchonoticiasneiva\" \/>\n<meta property=\"article:published_time\" content=\"2024-05-27T12:23:24+00:00\" \/>\n<meta property=\"og:image\" content=\"https:\/\/luchonoticias.com\/editor\/wp-content\/uploads\/2024\/05\/ornato.jpg\" \/>\n\t<meta property=\"og:image:width\" content=\"700\" \/>\n\t<meta property=\"og:image:height\" content=\"400\" \/>\n\t<meta property=\"og:image:type\" content=\"image\/jpeg\" \/>\n<meta name=\"author\" content=\"Editor General\" \/>\n<meta name=\"twitter:card\" content=\"summary_large_image\" \/>\n<meta name=\"twitter:label1\" content=\"Escrito por\" \/>\n\t<meta name=\"twitter:data1\" content=\"Editor General\" \/>\n\t<meta name=\"twitter:label2\" content=\"Tiempo de lectura\" \/>\n\t<meta name=\"twitter:data2\" content=\"1 minuto\" \/>\n<script type=\"application\/ld+json\" class=\"yoast-schema-graph\">{\"@context\":\"https:\/\/schema.org\",\"@graph\":[{\"@type\":\"Article\",\"@id\":\"https:\/\/luchonoticias.com\/editor\/aseo-y-embellecimiento-en-la-plaza-civica-los-libertadores\/#article\",\"isPartOf\":{\"@id\":\"https:\/\/luchonoticias.com\/editor\/aseo-y-embellecimiento-en-la-plaza-civica-los-libertadores\/\"},\"author\":{\"name\":\"Editor General\",\"@id\":\"https:\/\/luchonoticias.com\/editor\/#\/schema\/person\/29217990ddf6f14e35912b2866d591fb\"},\"headline\":\"Aseo y embellecimiento en la Plaza C\u00edvica Los Libertadores\",\"datePublished\":\"2024-05-27T12:23:24+00:00\",\"mainEntityOfPage\":{\"@id\":\"https:\/\/luchonoticias.com\/editor\/aseo-y-embellecimiento-en-la-plaza-civica-los-libertadores\/\"},\"wordCount\":308,\"publisher\":{\"@id\":\"https:\/\/luchonoticias.com\/editor\/#\/schema\/person\/7a7fd911f58561fd056dbac7b55af9cd\"},\"image\":{\"@id\":\"https:\/\/luchonoticias.com\/editor\/aseo-y-embellecimiento-en-la-plaza-civica-los-libertadores\/#primaryimage\"},\"thumbnailUrl\":\"https:\/\/luchonoticias.com\/editor\/wp-content\/uploads\/2024\/05\/ornato.jpg\",\"articleSection\":[\"Local\"],\"inLanguage\":\"es\"},{\"@type\":\"WebPage\",\"@id\":\"https:\/\/luchonoticias.com\/editor\/aseo-y-embellecimiento-en-la-plaza-civica-los-libertadores\/\",\"url\":\"https:\/\/luchonoticias.com\/editor\/aseo-y-embellecimiento-en-la-plaza-civica-los-libertadores\/\",\"name\":\"Aseo y embellecimiento en la Plaza C\u00edvica Los Libertadores -\",\"isPartOf\":{\"@id\":\"https:\/\/luchonoticias.com\/editor\/#website\"},\"primaryImageOfPage\":{\"@id\":\"https:\/\/luchonoticias.com\/editor\/aseo-y-embellecimiento-en-la-plaza-civica-los-libertadores\/#primaryimage\"},\"image\":{\"@id\":\"https:\/\/luchonoticias.com\/editor\/aseo-y-embellecimiento-en-la-plaza-civica-los-libertadores\/#primaryimage\"},\"thumbnailUrl\":\"https:\/\/luchonoticias.com\/editor\/wp-content\/uploads\/2024\/05\/ornato.jpg\",\"datePublished\":\"2024-05-27T12:23:24+00:00\",\"breadcrumb\":{\"@id\":\"https:\/\/luchonoticias.com\/editor\/aseo-y-embellecimiento-en-la-plaza-civica-los-libertadores\/#breadcrumb\"},\"inLanguage\":\"es\",\"potentialAction\":[{\"@type\":\"ReadAction\",\"target\":[\"https:\/\/luchonoticias.com\/editor\/aseo-y-embellecimiento-en-la-plaza-civica-los-libertadores\/\"]}]},{\"@type\":\"ImageObject\",\"inLanguage\":\"es\",\"@id\":\"https:\/\/luchonoticias.com\/editor\/aseo-y-embellecimiento-en-la-plaza-civica-los-libertadores\/#primaryimage\",\"url\":\"https:\/\/luchonoticias.com\/editor\/wp-content\/uploads\/2024\/05\/ornato.jpg\",\"contentUrl\":\"https:\/\/luchonoticias.com\/editor\/wp-content\/uploads\/2024\/05\/ornato.jpg\",\"width\":700,\"height\":400},{\"@type\":\"BreadcrumbList\",\"@id\":\"https:\/\/luchonoticias.com\/editor\/aseo-y-embellecimiento-en-la-plaza-civica-los-libertadores\/#breadcrumb\",\"itemListElement\":[{\"@type\":\"ListItem\",\"position\":1,\"name\":\"Portada\",\"item\":\"https:\/\/luchonoticias.com\/editor\/\"},{\"@type\":\"ListItem\",\"position\":2,\"name\":\"Aseo y embellecimiento en la Plaza C\u00edvica Los Libertadores\"}]},{\"@type\":\"WebSite\",\"@id\":\"https:\/\/luchonoticias.com\/editor\/#website\",\"url\":\"https:\/\/luchonoticias.com\/editor\/\",\"name\":\"\",\"description\":\"\",\"publisher\":{\"@id\":\"https:\/\/luchonoticias.com\/editor\/#\/schema\/person\/7a7fd911f58561fd056dbac7b55af9cd\"},\"potentialAction\":[{\"@type\":\"SearchAction\",\"target\":{\"@type\":\"EntryPoint\",\"urlTemplate\":\"https:\/\/luchonoticias.com\/editor\/?s={search_term_string}\"},\"query-input\":{\"@type\":\"PropertyValueSpecification\",\"valueRequired\":true,\"valueName\":\"search_term_string\"}}],\"inLanguage\":\"es\"},{\"@type\":[\"Person\",\"Organization\"],\"@id\":\"https:\/\/luchonoticias.com\/editor\/#\/schema\/person\/7a7fd911f58561fd056dbac7b55af9cd\",\"name\":\"admin\",\"image\":{\"@type\":\"ImageObject\",\"inLanguage\":\"es\",\"@id\":\"https:\/\/luchonoticias.com\/editor\/#\/schema\/person\/image\/\",\"url\":\"https:\/\/luchonoticias.com\/editor\/wp-content\/uploads\/2024\/02\/cropped-cropped-logolu.webp\",\"contentUrl\":\"https:\/\/luchonoticias.com\/editor\/wp-content\/uploads\/2024\/02\/cropped-cropped-logolu.webp\",\"width\":382,\"height\":170,\"caption\":\"admin\"},\"logo\":{\"@id\":\"https:\/\/luchonoticias.com\/editor\/#\/schema\/person\/image\/\"},\"sameAs\":[\"https:\/\/www.facebook.com\/luchonoticiasneiva\"]},{\"@type\":\"Person\",\"@id\":\"https:\/\/luchonoticias.com\/editor\/#\/schema\/person\/29217990ddf6f14e35912b2866d591fb\",\"name\":\"Editor General\",\"image\":{\"@type\":\"ImageObject\",\"inLanguage\":\"es\",\"@id\":\"https:\/\/luchonoticias.com\/editor\/#\/schema\/person\/image\/\",\"url\":\"https:\/\/luchonoticias.com\/editor\/wp-content\/uploads\/2024\/02\/cropped-cropped-logolu-150x150.webp\",\"contentUrl\":\"https:\/\/luchonoticias.com\/editor\/wp-content\/uploads\/2024\/02\/cropped-cropped-logolu-150x150.webp\",\"caption\":\"Editor General\"},\"sameAs\":[\"https:\/\/luchonoticias.com\/\"],\"url\":\"https:\/\/luchonoticias.com\/editor\/author\/editor-general\/\"}]}<\/script>\n<!-- \/ Yoast SEO plugin. -->","yoast_head_json":{"title":"Aseo y embellecimiento en la Plaza C\u00edvica Los Libertadores -","robots":{"index":"index","follow":"follow","max-snippet":"max-snippet:-1","max-image-preview":"max-image-preview:large","max-video-preview":"max-video-preview:-1"},"canonical":"https:\/\/luchonoticias.com\/editor\/aseo-y-embellecimiento-en-la-plaza-civica-los-libertadores\/","og_locale":"es_ES","og_type":"article","og_title":"Aseo y embellecimiento en la Plaza C\u00edvica Los Libertadores -","og_url":"https:\/\/luchonoticias.com\/editor\/aseo-y-embellecimiento-en-la-plaza-civica-los-libertadores\/","article_publisher":"https:\/\/www.facebook.com\/luchonoticiasneiva","article_published_time":"2024-05-27T12:23:24+00:00","og_image":[{"width":700,"height":400,"url":"https:\/\/luchonoticias.com\/editor\/wp-content\/uploads\/2024\/05\/ornato.jpg","type":"image\/jpeg"}],"author":"Editor General","twitter_card":"summary_large_image","twitter_misc":{"Escrito por":"Editor General","Tiempo de lectura":"1 minuto"},"schema":{"@context":"https:\/\/schema.org","@graph":[{"@type":"Article","@id":"https:\/\/luchonoticias.com\/editor\/aseo-y-embellecimiento-en-la-plaza-civica-los-libertadores\/#article","isPartOf":{"@id":"https:\/\/luchonoticias.com\/editor\/aseo-y-embellecimiento-en-la-plaza-civica-los-libertadores\/"},"author":{"name":"Editor General","@id":"https:\/\/luchonoticias.com\/editor\/#\/schema\/person\/29217990ddf6f14e35912b2866d591fb"},"headline":"Aseo y embellecimiento en la Plaza C\u00edvica Los Libertadores","datePublished":"2024-05-27T12:23:24+00:00","mainEntityOfPage":{"@id":"https:\/\/luchonoticias.com\/editor\/aseo-y-embellecimiento-en-la-plaza-civica-los-libertadores\/"},"wordCount":308,"publisher":{"@id":"https:\/\/luchonoticias.com\/editor\/#\/schema\/person\/7a7fd911f58561fd056dbac7b55af9cd"},"image":{"@id":"https:\/\/luchonoticias.com\/editor\/aseo-y-embellecimiento-en-la-plaza-civica-los-libertadores\/#primaryimage"},"thumbnailUrl":"https:\/\/luchonoticias.com\/editor\/wp-content\/uploads\/2024\/05\/ornato.jpg","articleSection":["Local"],"inLanguage":"es"},{"@type":"WebPage","@id":"https:\/\/luchonoticias.com\/editor\/aseo-y-embellecimiento-en-la-plaza-civica-los-libertadores\/","url":"https:\/\/luchonoticias.com\/editor\/aseo-y-embellecimiento-en-la-plaza-civica-los-libertadores\/","name":"Aseo y embellecimiento en la Plaza C\u00edvica Los Libertadores -","isPartOf":{"@id":"https:\/\/luchonoticias.com\/editor\/#website"},"primaryImageOfPage":{"@id":"https:\/\/luchonoticias.com\/editor\/aseo-y-embellecimiento-en-la-plaza-civica-los-libertadores\/#primaryimage"},"image":{"@id":"https:\/\/luchonoticias.com\/editor\/aseo-y-embellecimiento-en-la-plaza-civica-los-libertadores\/#primaryimage"},"thumbnailUrl":"https:\/\/luchonoticias.com\/editor\/wp-content\/uploads\/2024\/05\/ornato.jpg","datePublished":"2024-05-27T12:23:24+00:00","breadcrumb":{"@id":"https:\/\/luchonoticias.com\/editor\/aseo-y-embellecimiento-en-la-plaza-civica-los-libertadores\/#breadcrumb"},"inLanguage":"es","potentialAction":[{"@type":"ReadAction","target":["https:\/\/luchonoticias.com\/editor\/aseo-y-embellecimiento-en-la-plaza-civica-los-libertadores\/"]}]},{"@type":"ImageObject","inLanguage":"es","@id":"https:\/\/luchonoticias.com\/editor\/aseo-y-embellecimiento-en-la-plaza-civica-los-libertadores\/#primaryimage","url":"https:\/\/luchonoticias.com\/editor\/wp-content\/uploads\/2024\/05\/ornato.jpg","contentUrl":"https:\/\/luchonoticias.com\/editor\/wp-content\/uploads\/2024\/05\/ornato.jpg","width":700,"height":400},{"@type":"BreadcrumbList","@id":"https:\/\/luchonoticias.com\/editor\/aseo-y-embellecimiento-en-la-plaza-civica-los-libertadores\/#breadcrumb","itemListElement":[{"@type":"ListItem","position":1,"name":"Portada","item":"https:\/\/luchonoticias.com\/editor\/"},{"@type":"ListItem","position":2,"name":"Aseo y embellecimiento en la Plaza C\u00edvica Los Libertadores"}]},{"@type":"WebSite","@id":"https:\/\/luchonoticias.com\/editor\/#website","url":"https:\/\/luchonoticias.com\/editor\/","name":"","description":"","publisher":{"@id":"https:\/\/luchonoticias.com\/editor\/#\/schema\/person\/7a7fd911f58561fd056dbac7b55af9cd"},"potentialAction":[{"@type":"SearchAction","target":{"@type":"EntryPoint","urlTemplate":"https:\/\/luchonoticias.com\/editor\/?s={search_term_string}"},"query-input":{"@type":"PropertyValueSpecification","valueRequired":true,"valueName":"search_term_string"}}],"inLanguage":"es"},{"@type":["Person","Organization"],"@id":"https:\/\/luchonoticias.com\/editor\/#\/schema\/person\/7a7fd911f58561fd056dbac7b55af9cd","name":"admin","image":{"@type":"ImageObject","inLanguage":"es","@id":"https:\/\/luchonoticias.com\/editor\/#\/schema\/person\/image\/","url":"https:\/\/luchonoticias.com\/editor\/wp-content\/uploads\/2024\/02\/cropped-cropped-logolu.webp","contentUrl":"https:\/\/luchonoticias.com\/editor\/wp-content\/uploads\/2024\/02\/cropped-cropped-logolu.webp","width":382,"height":170,"caption":"admin"},"logo":{"@id":"https:\/\/luchonoticias.com\/editor\/#\/schema\/person\/image\/"},"sameAs":["https:\/\/www.facebook.com\/luchonoticiasneiva"]},{"@type":"Person","@id":"https:\/\/luchonoticias.com\/editor\/#\/schema\/person\/29217990ddf6f14e35912b2866d591fb","name":"Editor General","image":{"@type":"ImageObject","inLanguage":"es","@id":"https:\/\/luchonoticias.com\/editor\/#\/schema\/person\/image\/","url":"https:\/\/luchonoticias.com\/editor\/wp-content\/uploads\/2024\/02\/cropped-cropped-logolu-150x150.webp","contentUrl":"https:\/\/luchonoticias.com\/editor\/wp-content\/uploads\/2024\/02\/cropped-cropped-logolu-150x150.webp","caption":"Editor General"},"sameAs":["https:\/\/luchonoticias.com\/"],"url":"https:\/\/luchonoticias.com\/editor\/author\/editor-general\/"}]}},"_links":{"self":[{"href":"https:\/\/luchonoticias.com\/editor\/wp-json\/wp\/v2\/posts\/73473","targetHints":{"allow":["GET"]}}],"collection":[{"href":"https:\/\/luchonoticias.com\/editor\/wp-json\/wp\/v2\/posts"}],"about":[{"href":"https:\/\/luchonoticias.com\/editor\/wp-json\/wp\/v2\/types\/post"}],"author":[{"embeddable":true,"href":"https:\/\/luchonoticias.com\/editor\/wp-json\/wp\/v2\/users\/2"}],"replies":[{"embeddable":true,"href":"https:\/\/luchonoticias.com\/editor\/wp-json\/wp\/v2\/comments?post=73473"}],"version-history":[{"count":0,"href":"https:\/\/luchonoticias.com\/editor\/wp-json\/wp\/v2\/posts\/73473\/revisions"}],"wp:featuredmedia":[{"embeddable":true,"href":"https:\/\/luchonoticias.com\/editor\/wp-json\/wp\/v2\/media\/73474"}],"wp:attachment":[{"href":"https:\/\/luchonoticias.com\/editor\/wp-json\/wp\/v2\/media?parent=73473"}],"wp:term":[{"taxonomy":"category","embeddable":true,"href":"https:\/\/luchonoticias.com\/editor\/wp-json\/wp\/v2\/categories?post=73473"},{"taxonomy":"post_tag","embeddable":true,"href":"https:\/\/luchonoticias.com\/editor\/wp-json\/wp\/v2\/tags?post=73473"}],"curies":[{"name":"wp","href":"https:\/\/api.w.org\/{rel}","templated":true}]}}