{"id":73476,"date":"2024-05-27T07:37:21","date_gmt":"2024-05-27T12:37:21","guid":{"rendered":"https:\/\/luchonoticias.com\/?p=73476"},"modified":"2024-05-27T07:37:21","modified_gmt":"2024-05-27T12:37:21","slug":"senado-le-pide-explicaciones-al-invima","status":"publish","type":"post","link":"https:\/\/luchonoticias.com\/editor\/senado-le-pide-explicaciones-al-invima\/","title":{"rendered":"Senado le pide explicaciones al Invima"},"content":{"rendered":"<div>\n<p>El senador\u00a0<strong>David Luna<\/strong>\u00a0expres\u00f3 su preocupaci\u00f3n por el aumento de tr\u00e1mites y la negaci\u00f3n en entrega de medicamentos en el pa\u00eds, sugiriendo que podr\u00eda haber una tendencia a rechazar los tr\u00e1mites pendientes para reducir la carga de solicitudes.<\/p>\n<p>\u201cMe parece que puede existir una tendencia a negar el tr\u00e1mite porque con eso disminuimos la solicitud de tr\u00e1mites pendientes\u00bb, afirm\u00f3, solicitando mayor claridad al respecto.<\/p>\n<p>Durante la sesi\u00f3n manifest\u00f3 el congresista que no se han visto mejoras en el acceso a medicamentos para pacientes con enfermedades cr\u00f3nicas y de alto costo. Se\u00f1al\u00f3 adem\u00e1s un posible incumplimiento en el plan de urgencia presentado ante el Tribunal Administrativo de Cundinamarca.<\/p>\n<p><strong>Francisco Rossi<\/strong>, director del Invima, explic\u00f3 que los problemas se debieron a un proceso de transformaci\u00f3n en la direcci\u00f3n y la contrataci\u00f3n de alrededor de 200 qu\u00edmicos farmac\u00e9uticos para evaluar solicitudes de medicamentos.<\/p>\n<p>\u00abEl procedimiento, en la forma en que qued\u00f3 estructurado para el estudio de una solicitud de registro sanitario, tiene que sufrir cambios\u00bb, indic\u00f3 el funcionario, quien adem\u00e1s agreg\u00f3 que no hay medicamentos desabastecidos o en riesgo por tr\u00e1mites pendientes en el Invima.<\/p>\n<p>No obstante aclar\u00f3 que ha y una lista de al menos 12 productos que est\u00e1n en desabastecimiento por razones de fuerza mayor, como es la escasez de materia prima.<\/p>\n<p><strong>Sandra Montoya<\/strong>, directora de Medicamentos del Invima, se\u00f1al\u00f3 que se han evacuado 17,171 de los 26,000 tr\u00e1mites pendientes, aunque reconoci\u00f3 que a\u00fan no se ha llegado al 100%.<\/p>\n<p>El senador\u00a0<strong>David Luna<\/strong>\u00a0tambi\u00e9n abord\u00f3 otros temas cr\u00edtico como los tr\u00e1mites finalizados sin completar, la monitorizaci\u00f3n para prever escasez de medicamentos y el uso de opioides en pacientes no oncol\u00f3gicos con dolor intenso.<\/p>\n<p>\u201cNo entiendo porqu\u00e9, si hay pacientes que no son oncol\u00f3gicos y que tienen un gran dolor, los medicamentos no est\u00e1n siendo aprobados\u00bb, puntualiz\u00f3.<\/p>\n<p>El senador Humberto de la Calle expres\u00f3 que la comisi\u00f3n seguir\u00e1 abierta para dar seguimiento a esta situaci\u00f3n delicada.<\/p>\n<\/div>\n","protected":false},"excerpt":{"rendered":"<p>El senador\u00a0David Luna\u00a0expres\u00f3 su preocupaci\u00f3n por el aumento de tr\u00e1mites y la negaci\u00f3n en entrega de medicamentos en el pa\u00eds, sugiriendo que podr\u00eda haber una tendencia a rechazar los tr\u00e1mites pendientes para reducir la carga de solicitudes. \u201cMe parece que puede existir una tendencia a negar el tr\u00e1mite porque con eso disminuimos la solicitud de [&hellip;]<\/p>\n","protected":false},"author":2,"featured_media":73477,"comment_status":"closed","ping_status":"open","sticky":false,"template":"","format":"standard","meta":{"footnotes":""},"categories":[28],"tags":[],"class_list":["post-73476","post","type-post","status-publish","format-standard","has-post-thumbnail","hentry","category-actualidad"],"yoast_head":"<!-- This site is optimized with the Yoast SEO plugin v26.6 - https:\/\/yoast.com\/wordpress\/plugins\/seo\/ -->\n<title>Senado le pide explicaciones al Invima -<\/title>\n<meta name=\"robots\" content=\"index, follow, max-snippet:-1, max-image-preview:large, max-video-preview:-1\" \/>\n<link rel=\"canonical\" href=\"https:\/\/luchonoticias.com\/editor\/senado-le-pide-explicaciones-al-invima\/\" \/>\n<meta property=\"og:locale\" content=\"es_ES\" \/>\n<meta property=\"og:type\" content=\"article\" \/>\n<meta property=\"og:title\" content=\"Senado le pide explicaciones al Invima -\" \/>\n<meta property=\"og:url\" content=\"https:\/\/luchonoticias.com\/editor\/senado-le-pide-explicaciones-al-invima\/\" \/>\n<meta property=\"article:publisher\" content=\"https:\/\/www.facebook.com\/luchonoticiasneiva\" \/>\n<meta property=\"article:published_time\" content=\"2024-05-27T12:37:21+00:00\" \/>\n<meta property=\"og:image\" content=\"https:\/\/luchonoticias.com\/editor\/wp-content\/uploads\/2024\/05\/senador.jpg\" \/>\n\t<meta property=\"og:image:width\" content=\"700\" \/>\n\t<meta property=\"og:image:height\" content=\"400\" \/>\n\t<meta property=\"og:image:type\" content=\"image\/jpeg\" \/>\n<meta name=\"author\" content=\"Editor General\" \/>\n<meta name=\"twitter:card\" content=\"summary_large_image\" \/>\n<meta name=\"twitter:label1\" content=\"Escrito por\" \/>\n\t<meta name=\"twitter:data1\" content=\"Editor General\" \/>\n\t<meta name=\"twitter:label2\" content=\"Tiempo de lectura\" \/>\n\t<meta name=\"twitter:data2\" content=\"2 minutos\" \/>\n<script type=\"application\/ld+json\" class=\"yoast-schema-graph\">{\"@context\":\"https:\/\/schema.org\",\"@graph\":[{\"@type\":\"Article\",\"@id\":\"https:\/\/luchonoticias.com\/editor\/senado-le-pide-explicaciones-al-invima\/#article\",\"isPartOf\":{\"@id\":\"https:\/\/luchonoticias.com\/editor\/senado-le-pide-explicaciones-al-invima\/\"},\"author\":{\"name\":\"Editor General\",\"@id\":\"https:\/\/luchonoticias.com\/editor\/#\/schema\/person\/29217990ddf6f14e35912b2866d591fb\"},\"headline\":\"Senado le pide explicaciones al Invima\",\"datePublished\":\"2024-05-27T12:37:21+00:00\",\"mainEntityOfPage\":{\"@id\":\"https:\/\/luchonoticias.com\/editor\/senado-le-pide-explicaciones-al-invima\/\"},\"wordCount\":349,\"publisher\":{\"@id\":\"https:\/\/luchonoticias.com\/editor\/#\/schema\/person\/7a7fd911f58561fd056dbac7b55af9cd\"},\"image\":{\"@id\":\"https:\/\/luchonoticias.com\/editor\/senado-le-pide-explicaciones-al-invima\/#primaryimage\"},\"thumbnailUrl\":\"https:\/\/luchonoticias.com\/editor\/wp-content\/uploads\/2024\/05\/senador.jpg\",\"articleSection\":[\"Actualidad\"],\"inLanguage\":\"es\"},{\"@type\":\"WebPage\",\"@id\":\"https:\/\/luchonoticias.com\/editor\/senado-le-pide-explicaciones-al-invima\/\",\"url\":\"https:\/\/luchonoticias.com\/editor\/senado-le-pide-explicaciones-al-invima\/\",\"name\":\"Senado le pide explicaciones al Invima -\",\"isPartOf\":{\"@id\":\"https:\/\/luchonoticias.com\/editor\/#website\"},\"primaryImageOfPage\":{\"@id\":\"https:\/\/luchonoticias.com\/editor\/senado-le-pide-explicaciones-al-invima\/#primaryimage\"},\"image\":{\"@id\":\"https:\/\/luchonoticias.com\/editor\/senado-le-pide-explicaciones-al-invima\/#primaryimage\"},\"thumbnailUrl\":\"https:\/\/luchonoticias.com\/editor\/wp-content\/uploads\/2024\/05\/senador.jpg\",\"datePublished\":\"2024-05-27T12:37:21+00:00\",\"breadcrumb\":{\"@id\":\"https:\/\/luchonoticias.com\/editor\/senado-le-pide-explicaciones-al-invima\/#breadcrumb\"},\"inLanguage\":\"es\",\"potentialAction\":[{\"@type\":\"ReadAction\",\"target\":[\"https:\/\/luchonoticias.com\/editor\/senado-le-pide-explicaciones-al-invima\/\"]}]},{\"@type\":\"ImageObject\",\"inLanguage\":\"es\",\"@id\":\"https:\/\/luchonoticias.com\/editor\/senado-le-pide-explicaciones-al-invima\/#primaryimage\",\"url\":\"https:\/\/luchonoticias.com\/editor\/wp-content\/uploads\/2024\/05\/senador.jpg\",\"contentUrl\":\"https:\/\/luchonoticias.com\/editor\/wp-content\/uploads\/2024\/05\/senador.jpg\",\"width\":700,\"height\":400},{\"@type\":\"BreadcrumbList\",\"@id\":\"https:\/\/luchonoticias.com\/editor\/senado-le-pide-explicaciones-al-invima\/#breadcrumb\",\"itemListElement\":[{\"@type\":\"ListItem\",\"position\":1,\"name\":\"Portada\",\"item\":\"https:\/\/luchonoticias.com\/editor\/\"},{\"@type\":\"ListItem\",\"position\":2,\"name\":\"Senado le pide explicaciones al Invima\"}]},{\"@type\":\"WebSite\",\"@id\":\"https:\/\/luchonoticias.com\/editor\/#website\",\"url\":\"https:\/\/luchonoticias.com\/editor\/\",\"name\":\"\",\"description\":\"\",\"publisher\":{\"@id\":\"https:\/\/luchonoticias.com\/editor\/#\/schema\/person\/7a7fd911f58561fd056dbac7b55af9cd\"},\"potentialAction\":[{\"@type\":\"SearchAction\",\"target\":{\"@type\":\"EntryPoint\",\"urlTemplate\":\"https:\/\/luchonoticias.com\/editor\/?s={search_term_string}\"},\"query-input\":{\"@type\":\"PropertyValueSpecification\",\"valueRequired\":true,\"valueName\":\"search_term_string\"}}],\"inLanguage\":\"es\"},{\"@type\":[\"Person\",\"Organization\"],\"@id\":\"https:\/\/luchonoticias.com\/editor\/#\/schema\/person\/7a7fd911f58561fd056dbac7b55af9cd\",\"name\":\"admin\",\"image\":{\"@type\":\"ImageObject\",\"inLanguage\":\"es\",\"@id\":\"https:\/\/luchonoticias.com\/editor\/#\/schema\/person\/image\/\",\"url\":\"https:\/\/luchonoticias.com\/editor\/wp-content\/uploads\/2024\/02\/cropped-cropped-logolu.webp\",\"contentUrl\":\"https:\/\/luchonoticias.com\/editor\/wp-content\/uploads\/2024\/02\/cropped-cropped-logolu.webp\",\"width\":382,\"height\":170,\"caption\":\"admin\"},\"logo\":{\"@id\":\"https:\/\/luchonoticias.com\/editor\/#\/schema\/person\/image\/\"},\"sameAs\":[\"https:\/\/www.facebook.com\/luchonoticiasneiva\"]},{\"@type\":\"Person\",\"@id\":\"https:\/\/luchonoticias.com\/editor\/#\/schema\/person\/29217990ddf6f14e35912b2866d591fb\",\"name\":\"Editor General\",\"image\":{\"@type\":\"ImageObject\",\"inLanguage\":\"es\",\"@id\":\"https:\/\/luchonoticias.com\/editor\/#\/schema\/person\/image\/\",\"url\":\"https:\/\/luchonoticias.com\/editor\/wp-content\/uploads\/2024\/02\/cropped-cropped-logolu-150x150.webp\",\"contentUrl\":\"https:\/\/luchonoticias.com\/editor\/wp-content\/uploads\/2024\/02\/cropped-cropped-logolu-150x150.webp\",\"caption\":\"Editor General\"},\"sameAs\":[\"https:\/\/luchonoticias.com\/\"],\"url\":\"https:\/\/luchonoticias.com\/editor\/author\/editor-general\/\"}]}<\/script>\n<!-- \/ Yoast SEO plugin. -->","yoast_head_json":{"title":"Senado le pide explicaciones al Invima -","robots":{"index":"index","follow":"follow","max-snippet":"max-snippet:-1","max-image-preview":"max-image-preview:large","max-video-preview":"max-video-preview:-1"},"canonical":"https:\/\/luchonoticias.com\/editor\/senado-le-pide-explicaciones-al-invima\/","og_locale":"es_ES","og_type":"article","og_title":"Senado le pide explicaciones al Invima -","og_url":"https:\/\/luchonoticias.com\/editor\/senado-le-pide-explicaciones-al-invima\/","article_publisher":"https:\/\/www.facebook.com\/luchonoticiasneiva","article_published_time":"2024-05-27T12:37:21+00:00","og_image":[{"width":700,"height":400,"url":"https:\/\/luchonoticias.com\/editor\/wp-content\/uploads\/2024\/05\/senador.jpg","type":"image\/jpeg"}],"author":"Editor General","twitter_card":"summary_large_image","twitter_misc":{"Escrito por":"Editor General","Tiempo de lectura":"2 minutos"},"schema":{"@context":"https:\/\/schema.org","@graph":[{"@type":"Article","@id":"https:\/\/luchonoticias.com\/editor\/senado-le-pide-explicaciones-al-invima\/#article","isPartOf":{"@id":"https:\/\/luchonoticias.com\/editor\/senado-le-pide-explicaciones-al-invima\/"},"author":{"name":"Editor General","@id":"https:\/\/luchonoticias.com\/editor\/#\/schema\/person\/29217990ddf6f14e35912b2866d591fb"},"headline":"Senado le pide explicaciones al Invima","datePublished":"2024-05-27T12:37:21+00:00","mainEntityOfPage":{"@id":"https:\/\/luchonoticias.com\/editor\/senado-le-pide-explicaciones-al-invima\/"},"wordCount":349,"publisher":{"@id":"https:\/\/luchonoticias.com\/editor\/#\/schema\/person\/7a7fd911f58561fd056dbac7b55af9cd"},"image":{"@id":"https:\/\/luchonoticias.com\/editor\/senado-le-pide-explicaciones-al-invima\/#primaryimage"},"thumbnailUrl":"https:\/\/luchonoticias.com\/editor\/wp-content\/uploads\/2024\/05\/senador.jpg","articleSection":["Actualidad"],"inLanguage":"es"},{"@type":"WebPage","@id":"https:\/\/luchonoticias.com\/editor\/senado-le-pide-explicaciones-al-invima\/","url":"https:\/\/luchonoticias.com\/editor\/senado-le-pide-explicaciones-al-invima\/","name":"Senado le pide explicaciones al Invima -","isPartOf":{"@id":"https:\/\/luchonoticias.com\/editor\/#website"},"primaryImageOfPage":{"@id":"https:\/\/luchonoticias.com\/editor\/senado-le-pide-explicaciones-al-invima\/#primaryimage"},"image":{"@id":"https:\/\/luchonoticias.com\/editor\/senado-le-pide-explicaciones-al-invima\/#primaryimage"},"thumbnailUrl":"https:\/\/luchonoticias.com\/editor\/wp-content\/uploads\/2024\/05\/senador.jpg","datePublished":"2024-05-27T12:37:21+00:00","breadcrumb":{"@id":"https:\/\/luchonoticias.com\/editor\/senado-le-pide-explicaciones-al-invima\/#breadcrumb"},"inLanguage":"es","potentialAction":[{"@type":"ReadAction","target":["https:\/\/luchonoticias.com\/editor\/senado-le-pide-explicaciones-al-invima\/"]}]},{"@type":"ImageObject","inLanguage":"es","@id":"https:\/\/luchonoticias.com\/editor\/senado-le-pide-explicaciones-al-invima\/#primaryimage","url":"https:\/\/luchonoticias.com\/editor\/wp-content\/uploads\/2024\/05\/senador.jpg","contentUrl":"https:\/\/luchonoticias.com\/editor\/wp-content\/uploads\/2024\/05\/senador.jpg","width":700,"height":400},{"@type":"BreadcrumbList","@id":"https:\/\/luchonoticias.com\/editor\/senado-le-pide-explicaciones-al-invima\/#breadcrumb","itemListElement":[{"@type":"ListItem","position":1,"name":"Portada","item":"https:\/\/luchonoticias.com\/editor\/"},{"@type":"ListItem","position":2,"name":"Senado le pide explicaciones al Invima"}]},{"@type":"WebSite","@id":"https:\/\/luchonoticias.com\/editor\/#website","url":"https:\/\/luchonoticias.com\/editor\/","name":"","description":"","publisher":{"@id":"https:\/\/luchonoticias.com\/editor\/#\/schema\/person\/7a7fd911f58561fd056dbac7b55af9cd"},"potentialAction":[{"@type":"SearchAction","target":{"@type":"EntryPoint","urlTemplate":"https:\/\/luchonoticias.com\/editor\/?s={search_term_string}"},"query-input":{"@type":"PropertyValueSpecification","valueRequired":true,"valueName":"search_term_string"}}],"inLanguage":"es"},{"@type":["Person","Organization"],"@id":"https:\/\/luchonoticias.com\/editor\/#\/schema\/person\/7a7fd911f58561fd056dbac7b55af9cd","name":"admin","image":{"@type":"ImageObject","inLanguage":"es","@id":"https:\/\/luchonoticias.com\/editor\/#\/schema\/person\/image\/","url":"https:\/\/luchonoticias.com\/editor\/wp-content\/uploads\/2024\/02\/cropped-cropped-logolu.webp","contentUrl":"https:\/\/luchonoticias.com\/editor\/wp-content\/uploads\/2024\/02\/cropped-cropped-logolu.webp","width":382,"height":170,"caption":"admin"},"logo":{"@id":"https:\/\/luchonoticias.com\/editor\/#\/schema\/person\/image\/"},"sameAs":["https:\/\/www.facebook.com\/luchonoticiasneiva"]},{"@type":"Person","@id":"https:\/\/luchonoticias.com\/editor\/#\/schema\/person\/29217990ddf6f14e35912b2866d591fb","name":"Editor General","image":{"@type":"ImageObject","inLanguage":"es","@id":"https:\/\/luchonoticias.com\/editor\/#\/schema\/person\/image\/","url":"https:\/\/luchonoticias.com\/editor\/wp-content\/uploads\/2024\/02\/cropped-cropped-logolu-150x150.webp","contentUrl":"https:\/\/luchonoticias.com\/editor\/wp-content\/uploads\/2024\/02\/cropped-cropped-logolu-150x150.webp","caption":"Editor General"},"sameAs":["https:\/\/luchonoticias.com\/"],"url":"https:\/\/luchonoticias.com\/editor\/author\/editor-general\/"}]}},"_links":{"self":[{"href":"https:\/\/luchonoticias.com\/editor\/wp-json\/wp\/v2\/posts\/73476","targetHints":{"allow":["GET"]}}],"collection":[{"href":"https:\/\/luchonoticias.com\/editor\/wp-json\/wp\/v2\/posts"}],"about":[{"href":"https:\/\/luchonoticias.com\/editor\/wp-json\/wp\/v2\/types\/post"}],"author":[{"embeddable":true,"href":"https:\/\/luchonoticias.com\/editor\/wp-json\/wp\/v2\/users\/2"}],"replies":[{"embeddable":true,"href":"https:\/\/luchonoticias.com\/editor\/wp-json\/wp\/v2\/comments?post=73476"}],"version-history":[{"count":0,"href":"https:\/\/luchonoticias.com\/editor\/wp-json\/wp\/v2\/posts\/73476\/revisions"}],"wp:featuredmedia":[{"embeddable":true,"href":"https:\/\/luchonoticias.com\/editor\/wp-json\/wp\/v2\/media\/73477"}],"wp:attachment":[{"href":"https:\/\/luchonoticias.com\/editor\/wp-json\/wp\/v2\/media?parent=73476"}],"wp:term":[{"taxonomy":"category","embeddable":true,"href":"https:\/\/luchonoticias.com\/editor\/wp-json\/wp\/v2\/categories?post=73476"},{"taxonomy":"post_tag","embeddable":true,"href":"https:\/\/luchonoticias.com\/editor\/wp-json\/wp\/v2\/tags?post=73476"}],"curies":[{"name":"wp","href":"https:\/\/api.w.org\/{rel}","templated":true}]}}