{"id":73479,"date":"2024-05-27T07:45:41","date_gmt":"2024-05-27T12:45:41","guid":{"rendered":"https:\/\/luchonoticias.com\/?p=73479"},"modified":"2024-05-27T07:45:41","modified_gmt":"2024-05-27T12:45:41","slug":"senado-advierte-de-fallas-en-sistema-de-salud-docente","status":"publish","type":"post","link":"https:\/\/luchonoticias.com\/editor\/senado-advierte-de-fallas-en-sistema-de-salud-docente\/","title":{"rendered":"Senado advierte de fallas en sistema de salud docente"},"content":{"rendered":"<p>M\u00e1s de cinco horas dur\u00f3 la sesi\u00f3n de la Comisi\u00f3n Sexta del Senado, donde se expusieron las graves deficiencias en la implementaci\u00f3n del nuevo sistema de salud para los profesores del pa\u00eds.<\/p>\n<p>En el debate, senadores instaron al Gobierno y a la Fiduprevisora a corregir r\u00e1pidamente todas las fallas, advirtiendo que la improvisaci\u00f3n actual podr\u00eda causar tragedias irreparables.<\/p>\n<p><strong>\u00a0<\/strong>\u00abLa idea es solo una, identificar d\u00f3nde est\u00e1 fallando el sistema de salud (\u2026) hay maestros y maestras gravemente enfermos y por eso aqu\u00ed tenemos que identificar en este debate la responsabilidad de quienes tomaron esa decisi\u00f3n\u00bb, se\u00f1al\u00f3 el senador\u00a0<strong>Guido Echeverri<\/strong>, del\u00a0<strong>Partido en Marcha<\/strong>, quien adem\u00e1s destac\u00f3 la urgencia de abordar esta problem\u00e1tica.<\/p>\n<p>El ministro de Salud,\u00a0<strong>Guillermo Jaramillo<\/strong>, se\u00f1alo que el presidente de la Fiduprevisora, Mauricio Mar\u00edn, busc\u00f3 a su asistente en el ministerio para preguntarle acerca del alcance de sus funciones.<\/p>\n<p>\u00abEl Se\u00f1or Mauricio Mar\u00edn le pidi\u00f3 a mi asistente, la doctora Pereira, que le dijera hasta d\u00f3nde iban las funciones. Que por escrito le pasar\u00e1 hasta d\u00f3nde llegaban las funciones. L\u00f3gico, uno entiende hasta d\u00f3nde llegan las funciones del ministerio de Salud porque yo estaba proponiendo, porque yo estaba diciendo hagamos esto\u00bb, se\u00f1al\u00f3 el ministro.<\/p>\n<p>Por su parte, la Fiduprevisora, en palabras de su presidente\u00a0<strong>Mauricio Mar\u00edn<\/strong>, defendi\u00f3 su gesti\u00f3n y advirti\u00f3 sobre las posibles consecuencias legales de acusaciones sin fundamento.<\/p>\n<p>\u00abCualquier da\u00f1o que le hagan a la Fiduprevisora, pues cualquiera se puede estar resbalando en un delito de p\u00e1nico econ\u00f3mico. As\u00ed que yo la verdad s\u00ed voy a ser vehemente en que cualquiera que tenga alguna acusaci\u00f3n, la haga con pruebas en la mano\u00bb, se\u00f1al\u00f3 el funcionario.<\/p>\n<p>La senadora<strong>\u00a0Sandra Jaimes<\/strong>, de la\u00a0<strong>Coalici\u00f3n Pacto Hist\u00f3rico<\/strong>\u00a0y profesora, subray\u00f3 la necesidad de organizaci\u00f3n y no improvisaci\u00f3n, reclamando que \u201ctodos los gastos comprobados con ocasi\u00f3n a la negligencia y a la negaci\u00f3n del servicio m\u00e9dico asistencial que los maestros hayan tenido que recurrir para salvaguardar su vida sean reembolsados por la Fiduprevisora\u00bb.<\/p>\n<p>El senador\u00a0<strong>John Jairo Rold\u00e1n<\/strong>, del\u00a0<strong>Partido Liberal<\/strong>, enfatiz\u00f3 en la necesidad de una gesti\u00f3n adecuada y en la responsabilidad de Fecode, porque \u201cno se hacen las cosas bien y a Fecode le toca hacer m\u00e1s el papel de voceros del maestro y no voceros del Gobierno\u00bb.<\/p>\n<p>Hasta la fecha la Superintendencia de Salud ha intervenido a la Fiduprevisora debido a cerca de 3.000 quejas por mala atenci\u00f3n, mientras que el director del Fondo del Magisterio ha renunciado. En los pr\u00f3ximos d\u00edas, se llevar\u00e1 a cabo otro debate y se est\u00e1 considerando si tambi\u00e9n se discutir\u00e1 el tema en la plenaria del Senado.<\/p>\n","protected":false},"excerpt":{"rendered":"<p>M\u00e1s de cinco horas dur\u00f3 la sesi\u00f3n de la Comisi\u00f3n Sexta del Senado, donde se expusieron las graves deficiencias en la implementaci\u00f3n del nuevo sistema de salud para los profesores del pa\u00eds. En el debate, senadores instaron al Gobierno y a la Fiduprevisora a corregir r\u00e1pidamente todas las fallas, advirtiendo que la improvisaci\u00f3n actual podr\u00eda [&hellip;]<\/p>\n","protected":false},"author":2,"featured_media":73480,"comment_status":"closed","ping_status":"open","sticky":false,"template":"","format":"standard","meta":{"footnotes":""},"categories":[28],"tags":[],"class_list":["post-73479","post","type-post","status-publish","format-standard","has-post-thumbnail","hentry","category-actualidad"],"yoast_head":"<!-- This site is optimized with the Yoast SEO plugin v26.6 - https:\/\/yoast.com\/wordpress\/plugins\/seo\/ -->\n<title>Senado advierte de fallas en sistema de salud docente -<\/title>\n<meta name=\"robots\" content=\"index, follow, max-snippet:-1, max-image-preview:large, max-video-preview:-1\" \/>\n<link rel=\"canonical\" href=\"https:\/\/luchonoticias.com\/editor\/senado-advierte-de-fallas-en-sistema-de-salud-docente\/\" \/>\n<meta property=\"og:locale\" content=\"es_ES\" \/>\n<meta property=\"og:type\" content=\"article\" \/>\n<meta property=\"og:title\" content=\"Senado advierte de fallas en sistema de salud docente -\" \/>\n<meta property=\"og:url\" content=\"https:\/\/luchonoticias.com\/editor\/senado-advierte-de-fallas-en-sistema-de-salud-docente\/\" \/>\n<meta property=\"article:publisher\" content=\"https:\/\/www.facebook.com\/luchonoticiasneiva\" \/>\n<meta property=\"article:published_time\" content=\"2024-05-27T12:45:41+00:00\" \/>\n<meta property=\"og:image\" content=\"https:\/\/luchonoticias.com\/editor\/wp-content\/uploads\/2024\/05\/salud.jpg\" \/>\n\t<meta property=\"og:image:width\" content=\"700\" \/>\n\t<meta property=\"og:image:height\" content=\"400\" \/>\n\t<meta property=\"og:image:type\" content=\"image\/jpeg\" \/>\n<meta name=\"author\" content=\"Editor General\" \/>\n<meta name=\"twitter:card\" content=\"summary_large_image\" \/>\n<meta name=\"twitter:label1\" content=\"Escrito por\" \/>\n\t<meta name=\"twitter:data1\" content=\"Editor General\" \/>\n\t<meta name=\"twitter:label2\" content=\"Tiempo de lectura\" \/>\n\t<meta name=\"twitter:data2\" content=\"2 minutos\" \/>\n<script type=\"application\/ld+json\" class=\"yoast-schema-graph\">{\"@context\":\"https:\/\/schema.org\",\"@graph\":[{\"@type\":\"Article\",\"@id\":\"https:\/\/luchonoticias.com\/editor\/senado-advierte-de-fallas-en-sistema-de-salud-docente\/#article\",\"isPartOf\":{\"@id\":\"https:\/\/luchonoticias.com\/editor\/senado-advierte-de-fallas-en-sistema-de-salud-docente\/\"},\"author\":{\"name\":\"Editor General\",\"@id\":\"https:\/\/luchonoticias.com\/editor\/#\/schema\/person\/29217990ddf6f14e35912b2866d591fb\"},\"headline\":\"Senado advierte de fallas en sistema de salud docente\",\"datePublished\":\"2024-05-27T12:45:41+00:00\",\"mainEntityOfPage\":{\"@id\":\"https:\/\/luchonoticias.com\/editor\/senado-advierte-de-fallas-en-sistema-de-salud-docente\/\"},\"wordCount\":478,\"publisher\":{\"@id\":\"https:\/\/luchonoticias.com\/editor\/#\/schema\/person\/7a7fd911f58561fd056dbac7b55af9cd\"},\"image\":{\"@id\":\"https:\/\/luchonoticias.com\/editor\/senado-advierte-de-fallas-en-sistema-de-salud-docente\/#primaryimage\"},\"thumbnailUrl\":\"https:\/\/luchonoticias.com\/editor\/wp-content\/uploads\/2024\/05\/salud.jpg\",\"articleSection\":[\"Actualidad\"],\"inLanguage\":\"es\"},{\"@type\":\"WebPage\",\"@id\":\"https:\/\/luchonoticias.com\/editor\/senado-advierte-de-fallas-en-sistema-de-salud-docente\/\",\"url\":\"https:\/\/luchonoticias.com\/editor\/senado-advierte-de-fallas-en-sistema-de-salud-docente\/\",\"name\":\"Senado advierte de fallas en sistema de salud docente -\",\"isPartOf\":{\"@id\":\"https:\/\/luchonoticias.com\/editor\/#website\"},\"primaryImageOfPage\":{\"@id\":\"https:\/\/luchonoticias.com\/editor\/senado-advierte-de-fallas-en-sistema-de-salud-docente\/#primaryimage\"},\"image\":{\"@id\":\"https:\/\/luchonoticias.com\/editor\/senado-advierte-de-fallas-en-sistema-de-salud-docente\/#primaryimage\"},\"thumbnailUrl\":\"https:\/\/luchonoticias.com\/editor\/wp-content\/uploads\/2024\/05\/salud.jpg\",\"datePublished\":\"2024-05-27T12:45:41+00:00\",\"breadcrumb\":{\"@id\":\"https:\/\/luchonoticias.com\/editor\/senado-advierte-de-fallas-en-sistema-de-salud-docente\/#breadcrumb\"},\"inLanguage\":\"es\",\"potentialAction\":[{\"@type\":\"ReadAction\",\"target\":[\"https:\/\/luchonoticias.com\/editor\/senado-advierte-de-fallas-en-sistema-de-salud-docente\/\"]}]},{\"@type\":\"ImageObject\",\"inLanguage\":\"es\",\"@id\":\"https:\/\/luchonoticias.com\/editor\/senado-advierte-de-fallas-en-sistema-de-salud-docente\/#primaryimage\",\"url\":\"https:\/\/luchonoticias.com\/editor\/wp-content\/uploads\/2024\/05\/salud.jpg\",\"contentUrl\":\"https:\/\/luchonoticias.com\/editor\/wp-content\/uploads\/2024\/05\/salud.jpg\",\"width\":700,\"height\":400},{\"@type\":\"BreadcrumbList\",\"@id\":\"https:\/\/luchonoticias.com\/editor\/senado-advierte-de-fallas-en-sistema-de-salud-docente\/#breadcrumb\",\"itemListElement\":[{\"@type\":\"ListItem\",\"position\":1,\"name\":\"Portada\",\"item\":\"https:\/\/luchonoticias.com\/editor\/\"},{\"@type\":\"ListItem\",\"position\":2,\"name\":\"Senado advierte de fallas en sistema de salud docente\"}]},{\"@type\":\"WebSite\",\"@id\":\"https:\/\/luchonoticias.com\/editor\/#website\",\"url\":\"https:\/\/luchonoticias.com\/editor\/\",\"name\":\"\",\"description\":\"\",\"publisher\":{\"@id\":\"https:\/\/luchonoticias.com\/editor\/#\/schema\/person\/7a7fd911f58561fd056dbac7b55af9cd\"},\"potentialAction\":[{\"@type\":\"SearchAction\",\"target\":{\"@type\":\"EntryPoint\",\"urlTemplate\":\"https:\/\/luchonoticias.com\/editor\/?s={search_term_string}\"},\"query-input\":{\"@type\":\"PropertyValueSpecification\",\"valueRequired\":true,\"valueName\":\"search_term_string\"}}],\"inLanguage\":\"es\"},{\"@type\":[\"Person\",\"Organization\"],\"@id\":\"https:\/\/luchonoticias.com\/editor\/#\/schema\/person\/7a7fd911f58561fd056dbac7b55af9cd\",\"name\":\"admin\",\"image\":{\"@type\":\"ImageObject\",\"inLanguage\":\"es\",\"@id\":\"https:\/\/luchonoticias.com\/editor\/#\/schema\/person\/image\/\",\"url\":\"https:\/\/luchonoticias.com\/editor\/wp-content\/uploads\/2024\/02\/cropped-cropped-logolu.webp\",\"contentUrl\":\"https:\/\/luchonoticias.com\/editor\/wp-content\/uploads\/2024\/02\/cropped-cropped-logolu.webp\",\"width\":382,\"height\":170,\"caption\":\"admin\"},\"logo\":{\"@id\":\"https:\/\/luchonoticias.com\/editor\/#\/schema\/person\/image\/\"},\"sameAs\":[\"https:\/\/www.facebook.com\/luchonoticiasneiva\"]},{\"@type\":\"Person\",\"@id\":\"https:\/\/luchonoticias.com\/editor\/#\/schema\/person\/29217990ddf6f14e35912b2866d591fb\",\"name\":\"Editor General\",\"image\":{\"@type\":\"ImageObject\",\"inLanguage\":\"es\",\"@id\":\"https:\/\/luchonoticias.com\/editor\/#\/schema\/person\/image\/\",\"url\":\"https:\/\/luchonoticias.com\/editor\/wp-content\/uploads\/2024\/02\/cropped-cropped-logolu-150x150.webp\",\"contentUrl\":\"https:\/\/luchonoticias.com\/editor\/wp-content\/uploads\/2024\/02\/cropped-cropped-logolu-150x150.webp\",\"caption\":\"Editor General\"},\"sameAs\":[\"https:\/\/luchonoticias.com\/\"],\"url\":\"https:\/\/luchonoticias.com\/editor\/author\/editor-general\/\"}]}<\/script>\n<!-- \/ Yoast SEO plugin. -->","yoast_head_json":{"title":"Senado advierte de fallas en sistema de salud docente -","robots":{"index":"index","follow":"follow","max-snippet":"max-snippet:-1","max-image-preview":"max-image-preview:large","max-video-preview":"max-video-preview:-1"},"canonical":"https:\/\/luchonoticias.com\/editor\/senado-advierte-de-fallas-en-sistema-de-salud-docente\/","og_locale":"es_ES","og_type":"article","og_title":"Senado advierte de fallas en sistema de salud docente -","og_url":"https:\/\/luchonoticias.com\/editor\/senado-advierte-de-fallas-en-sistema-de-salud-docente\/","article_publisher":"https:\/\/www.facebook.com\/luchonoticiasneiva","article_published_time":"2024-05-27T12:45:41+00:00","og_image":[{"width":700,"height":400,"url":"https:\/\/luchonoticias.com\/editor\/wp-content\/uploads\/2024\/05\/salud.jpg","type":"image\/jpeg"}],"author":"Editor General","twitter_card":"summary_large_image","twitter_misc":{"Escrito por":"Editor General","Tiempo de lectura":"2 minutos"},"schema":{"@context":"https:\/\/schema.org","@graph":[{"@type":"Article","@id":"https:\/\/luchonoticias.com\/editor\/senado-advierte-de-fallas-en-sistema-de-salud-docente\/#article","isPartOf":{"@id":"https:\/\/luchonoticias.com\/editor\/senado-advierte-de-fallas-en-sistema-de-salud-docente\/"},"author":{"name":"Editor General","@id":"https:\/\/luchonoticias.com\/editor\/#\/schema\/person\/29217990ddf6f14e35912b2866d591fb"},"headline":"Senado advierte de fallas en sistema de salud docente","datePublished":"2024-05-27T12:45:41+00:00","mainEntityOfPage":{"@id":"https:\/\/luchonoticias.com\/editor\/senado-advierte-de-fallas-en-sistema-de-salud-docente\/"},"wordCount":478,"publisher":{"@id":"https:\/\/luchonoticias.com\/editor\/#\/schema\/person\/7a7fd911f58561fd056dbac7b55af9cd"},"image":{"@id":"https:\/\/luchonoticias.com\/editor\/senado-advierte-de-fallas-en-sistema-de-salud-docente\/#primaryimage"},"thumbnailUrl":"https:\/\/luchonoticias.com\/editor\/wp-content\/uploads\/2024\/05\/salud.jpg","articleSection":["Actualidad"],"inLanguage":"es"},{"@type":"WebPage","@id":"https:\/\/luchonoticias.com\/editor\/senado-advierte-de-fallas-en-sistema-de-salud-docente\/","url":"https:\/\/luchonoticias.com\/editor\/senado-advierte-de-fallas-en-sistema-de-salud-docente\/","name":"Senado advierte de fallas en sistema de salud docente -","isPartOf":{"@id":"https:\/\/luchonoticias.com\/editor\/#website"},"primaryImageOfPage":{"@id":"https:\/\/luchonoticias.com\/editor\/senado-advierte-de-fallas-en-sistema-de-salud-docente\/#primaryimage"},"image":{"@id":"https:\/\/luchonoticias.com\/editor\/senado-advierte-de-fallas-en-sistema-de-salud-docente\/#primaryimage"},"thumbnailUrl":"https:\/\/luchonoticias.com\/editor\/wp-content\/uploads\/2024\/05\/salud.jpg","datePublished":"2024-05-27T12:45:41+00:00","breadcrumb":{"@id":"https:\/\/luchonoticias.com\/editor\/senado-advierte-de-fallas-en-sistema-de-salud-docente\/#breadcrumb"},"inLanguage":"es","potentialAction":[{"@type":"ReadAction","target":["https:\/\/luchonoticias.com\/editor\/senado-advierte-de-fallas-en-sistema-de-salud-docente\/"]}]},{"@type":"ImageObject","inLanguage":"es","@id":"https:\/\/luchonoticias.com\/editor\/senado-advierte-de-fallas-en-sistema-de-salud-docente\/#primaryimage","url":"https:\/\/luchonoticias.com\/editor\/wp-content\/uploads\/2024\/05\/salud.jpg","contentUrl":"https:\/\/luchonoticias.com\/editor\/wp-content\/uploads\/2024\/05\/salud.jpg","width":700,"height":400},{"@type":"BreadcrumbList","@id":"https:\/\/luchonoticias.com\/editor\/senado-advierte-de-fallas-en-sistema-de-salud-docente\/#breadcrumb","itemListElement":[{"@type":"ListItem","position":1,"name":"Portada","item":"https:\/\/luchonoticias.com\/editor\/"},{"@type":"ListItem","position":2,"name":"Senado advierte de fallas en sistema de salud docente"}]},{"@type":"WebSite","@id":"https:\/\/luchonoticias.com\/editor\/#website","url":"https:\/\/luchonoticias.com\/editor\/","name":"","description":"","publisher":{"@id":"https:\/\/luchonoticias.com\/editor\/#\/schema\/person\/7a7fd911f58561fd056dbac7b55af9cd"},"potentialAction":[{"@type":"SearchAction","target":{"@type":"EntryPoint","urlTemplate":"https:\/\/luchonoticias.com\/editor\/?s={search_term_string}"},"query-input":{"@type":"PropertyValueSpecification","valueRequired":true,"valueName":"search_term_string"}}],"inLanguage":"es"},{"@type":["Person","Organization"],"@id":"https:\/\/luchonoticias.com\/editor\/#\/schema\/person\/7a7fd911f58561fd056dbac7b55af9cd","name":"admin","image":{"@type":"ImageObject","inLanguage":"es","@id":"https:\/\/luchonoticias.com\/editor\/#\/schema\/person\/image\/","url":"https:\/\/luchonoticias.com\/editor\/wp-content\/uploads\/2024\/02\/cropped-cropped-logolu.webp","contentUrl":"https:\/\/luchonoticias.com\/editor\/wp-content\/uploads\/2024\/02\/cropped-cropped-logolu.webp","width":382,"height":170,"caption":"admin"},"logo":{"@id":"https:\/\/luchonoticias.com\/editor\/#\/schema\/person\/image\/"},"sameAs":["https:\/\/www.facebook.com\/luchonoticiasneiva"]},{"@type":"Person","@id":"https:\/\/luchonoticias.com\/editor\/#\/schema\/person\/29217990ddf6f14e35912b2866d591fb","name":"Editor General","image":{"@type":"ImageObject","inLanguage":"es","@id":"https:\/\/luchonoticias.com\/editor\/#\/schema\/person\/image\/","url":"https:\/\/luchonoticias.com\/editor\/wp-content\/uploads\/2024\/02\/cropped-cropped-logolu-150x150.webp","contentUrl":"https:\/\/luchonoticias.com\/editor\/wp-content\/uploads\/2024\/02\/cropped-cropped-logolu-150x150.webp","caption":"Editor General"},"sameAs":["https:\/\/luchonoticias.com\/"],"url":"https:\/\/luchonoticias.com\/editor\/author\/editor-general\/"}]}},"_links":{"self":[{"href":"https:\/\/luchonoticias.com\/editor\/wp-json\/wp\/v2\/posts\/73479","targetHints":{"allow":["GET"]}}],"collection":[{"href":"https:\/\/luchonoticias.com\/editor\/wp-json\/wp\/v2\/posts"}],"about":[{"href":"https:\/\/luchonoticias.com\/editor\/wp-json\/wp\/v2\/types\/post"}],"author":[{"embeddable":true,"href":"https:\/\/luchonoticias.com\/editor\/wp-json\/wp\/v2\/users\/2"}],"replies":[{"embeddable":true,"href":"https:\/\/luchonoticias.com\/editor\/wp-json\/wp\/v2\/comments?post=73479"}],"version-history":[{"count":0,"href":"https:\/\/luchonoticias.com\/editor\/wp-json\/wp\/v2\/posts\/73479\/revisions"}],"wp:featuredmedia":[{"embeddable":true,"href":"https:\/\/luchonoticias.com\/editor\/wp-json\/wp\/v2\/media\/73480"}],"wp:attachment":[{"href":"https:\/\/luchonoticias.com\/editor\/wp-json\/wp\/v2\/media?parent=73479"}],"wp:term":[{"taxonomy":"category","embeddable":true,"href":"https:\/\/luchonoticias.com\/editor\/wp-json\/wp\/v2\/categories?post=73479"},{"taxonomy":"post_tag","embeddable":true,"href":"https:\/\/luchonoticias.com\/editor\/wp-json\/wp\/v2\/tags?post=73479"}],"curies":[{"name":"wp","href":"https:\/\/api.w.org\/{rel}","templated":true}]}}