{"id":73482,"date":"2024-05-27T07:53:53","date_gmt":"2024-05-27T12:53:53","guid":{"rendered":"https:\/\/luchonoticias.com\/?p=73482"},"modified":"2024-05-27T07:53:53","modified_gmt":"2024-05-27T12:53:53","slug":"nuevo-encuentro-entre-gobierno-y-disidencias-de-las-farc","status":"publish","type":"post","link":"https:\/\/luchonoticias.com\/editor\/nuevo-encuentro-entre-gobierno-y-disidencias-de-las-farc\/","title":{"rendered":"Nuevo encuentro entre Gobierno y disidencias de las Farc"},"content":{"rendered":"<p>El\u00a0<b>quinto ciclo de conversaciones<\/b>\u00a0entre\u00a0el gobierno y el Estado Mayor Central de las FARC,\u00a0<b>ya no ser\u00e1 en Norte de Santander sino en Bogot\u00e1<\/b>\u00a0y se realizar\u00e1\u00a0<b>del 20 al 26 de junio<\/b>.<\/p>\n<p>La negociaci\u00f3n contin\u00faa pese a que\u00a0<b>esa disidencia est\u00e1 dividida en dos grupos<\/b>, uno de estos comandado por alias \u2018Iv\u00e1n Mordisco\u2019 que recrudeci\u00f3 la guerra en el Cauca\u00a0y otras zonas del pa\u00eds. Y el otro, representado por alias Andrey Avenda\u00f1o, que se mantiene en la mesa.<\/p>\n<p>Precisamente\u00a0<b>Camilo Gonz\u00e1lez Posso<\/b>, jefe negociador del gobierno con esa guerrilla, se refiri\u00f3 a la situaci\u00f3n de orden p\u00fablico en Cauca, Caquet\u00e1 y Putumayo.<\/p>\n<p>\u201cLa\u00a0<b>grave situaci\u00f3n en el departamento del Cauca<\/b>, se ha sumado ahora,\u00a0esta matanza tan horrible en San Jos\u00e9 de la Fragua, en l\u00edmites de Caquet\u00e1 y Putumayo, es una situaci\u00f3n grav\u00edsima con much\u00edsimos muertos, un enfrentamiento entre una facci\u00f3n de lo que era la Carolina Ram\u00edrez y ahora se llama frente Ra\u00fal Reyes, con los comandos de frontera, much\u00edsimos combatientes muertos.\u00a0<b>Eso afecta a la poblaci\u00f3n, no es una simple situaci\u00f3n entre fuerzas irregulares que se matan<\/b>, generan p\u00e1nico en la poblaci\u00f3n, genera una disputa por el territorio que al fin de cuentas afectan a las comunidades\u201d.<\/p>\n<p>Gonz\u00e1lez Posso, se refiri\u00f3 a los procesos de Di\u00e1logo Social para la Transformaci\u00f3n Territorial desarrollados en San Vicente del Cagu\u00e1n y en C\u00facuta y varios municipios del Catatumbo en Norte de Santander y los que se desarrollar\u00e1n en el Meta el 1 y 02 el junio y en Antioquia el 8 y 9 de junio.<\/p>\n<p>\u201cContrastan estos hechos con\u00a0<b>lo que est\u00e1 pasando en la mesa de negociaci\u00f3n en el Caquet\u00e1<\/b>\u00a0y reuniones con m\u00e1s de 3.000 delegados de juntas de acci\u00f3n comunal, asociaciones y productores\u201d.<\/p>\n<p>En un video, Posso reiter\u00f3 que los intentos de paz son impostergables.<\/p>\n<p>&nbsp;<\/p>\n<p>Con informaci\u00f3n y foto de Caracol Radio.<\/p>\n","protected":false},"excerpt":{"rendered":"<p>El\u00a0quinto ciclo de conversaciones\u00a0entre\u00a0el gobierno y el Estado Mayor Central de las FARC,\u00a0ya no ser\u00e1 en Norte de Santander sino en Bogot\u00e1\u00a0y se realizar\u00e1\u00a0del 20 al 26 de junio. La negociaci\u00f3n contin\u00faa pese a que\u00a0esa disidencia est\u00e1 dividida en dos grupos, uno de estos comandado por alias \u2018Iv\u00e1n Mordisco\u2019 que recrudeci\u00f3 la guerra en el [&hellip;]<\/p>\n","protected":false},"author":2,"featured_media":73483,"comment_status":"closed","ping_status":"open","sticky":false,"template":"","format":"standard","meta":{"footnotes":""},"categories":[28],"tags":[],"class_list":["post-73482","post","type-post","status-publish","format-standard","has-post-thumbnail","hentry","category-actualidad"],"yoast_head":"<!-- This site is optimized with the Yoast SEO plugin v26.6 - https:\/\/yoast.com\/wordpress\/plugins\/seo\/ -->\n<title>Nuevo encuentro entre Gobierno y disidencias de las Farc -<\/title>\n<meta name=\"robots\" content=\"index, follow, max-snippet:-1, max-image-preview:large, max-video-preview:-1\" \/>\n<link rel=\"canonical\" href=\"https:\/\/luchonoticias.com\/editor\/nuevo-encuentro-entre-gobierno-y-disidencias-de-las-farc\/\" \/>\n<meta property=\"og:locale\" content=\"es_ES\" \/>\n<meta property=\"og:type\" content=\"article\" \/>\n<meta property=\"og:title\" content=\"Nuevo encuentro entre Gobierno y disidencias de las Farc -\" \/>\n<meta property=\"og:url\" content=\"https:\/\/luchonoticias.com\/editor\/nuevo-encuentro-entre-gobierno-y-disidencias-de-las-farc\/\" \/>\n<meta property=\"article:publisher\" content=\"https:\/\/www.facebook.com\/luchonoticiasneiva\" \/>\n<meta property=\"article:published_time\" content=\"2024-05-27T12:53:53+00:00\" \/>\n<meta property=\"og:image\" content=\"https:\/\/luchonoticias.com\/editor\/wp-content\/uploads\/2024\/05\/caso-disidencias.jpg\" \/>\n\t<meta property=\"og:image:width\" content=\"700\" \/>\n\t<meta property=\"og:image:height\" content=\"400\" \/>\n\t<meta property=\"og:image:type\" content=\"image\/jpeg\" \/>\n<meta name=\"author\" content=\"Editor General\" \/>\n<meta name=\"twitter:card\" content=\"summary_large_image\" \/>\n<meta name=\"twitter:label1\" content=\"Escrito por\" \/>\n\t<meta name=\"twitter:data1\" content=\"Editor General\" \/>\n\t<meta name=\"twitter:label2\" content=\"Tiempo de lectura\" \/>\n\t<meta name=\"twitter:data2\" content=\"2 minutos\" \/>\n<script type=\"application\/ld+json\" class=\"yoast-schema-graph\">{\"@context\":\"https:\/\/schema.org\",\"@graph\":[{\"@type\":\"Article\",\"@id\":\"https:\/\/luchonoticias.com\/editor\/nuevo-encuentro-entre-gobierno-y-disidencias-de-las-farc\/#article\",\"isPartOf\":{\"@id\":\"https:\/\/luchonoticias.com\/editor\/nuevo-encuentro-entre-gobierno-y-disidencias-de-las-farc\/\"},\"author\":{\"name\":\"Editor General\",\"@id\":\"https:\/\/luchonoticias.com\/editor\/#\/schema\/person\/29217990ddf6f14e35912b2866d591fb\"},\"headline\":\"Nuevo encuentro entre Gobierno y disidencias de las Farc\",\"datePublished\":\"2024-05-27T12:53:53+00:00\",\"mainEntityOfPage\":{\"@id\":\"https:\/\/luchonoticias.com\/editor\/nuevo-encuentro-entre-gobierno-y-disidencias-de-las-farc\/\"},\"wordCount\":343,\"publisher\":{\"@id\":\"https:\/\/luchonoticias.com\/editor\/#\/schema\/person\/7a7fd911f58561fd056dbac7b55af9cd\"},\"image\":{\"@id\":\"https:\/\/luchonoticias.com\/editor\/nuevo-encuentro-entre-gobierno-y-disidencias-de-las-farc\/#primaryimage\"},\"thumbnailUrl\":\"https:\/\/luchonoticias.com\/editor\/wp-content\/uploads\/2024\/05\/caso-disidencias.jpg\",\"articleSection\":[\"Actualidad\"],\"inLanguage\":\"es\"},{\"@type\":\"WebPage\",\"@id\":\"https:\/\/luchonoticias.com\/editor\/nuevo-encuentro-entre-gobierno-y-disidencias-de-las-farc\/\",\"url\":\"https:\/\/luchonoticias.com\/editor\/nuevo-encuentro-entre-gobierno-y-disidencias-de-las-farc\/\",\"name\":\"Nuevo encuentro entre Gobierno y disidencias de las Farc -\",\"isPartOf\":{\"@id\":\"https:\/\/luchonoticias.com\/editor\/#website\"},\"primaryImageOfPage\":{\"@id\":\"https:\/\/luchonoticias.com\/editor\/nuevo-encuentro-entre-gobierno-y-disidencias-de-las-farc\/#primaryimage\"},\"image\":{\"@id\":\"https:\/\/luchonoticias.com\/editor\/nuevo-encuentro-entre-gobierno-y-disidencias-de-las-farc\/#primaryimage\"},\"thumbnailUrl\":\"https:\/\/luchonoticias.com\/editor\/wp-content\/uploads\/2024\/05\/caso-disidencias.jpg\",\"datePublished\":\"2024-05-27T12:53:53+00:00\",\"breadcrumb\":{\"@id\":\"https:\/\/luchonoticias.com\/editor\/nuevo-encuentro-entre-gobierno-y-disidencias-de-las-farc\/#breadcrumb\"},\"inLanguage\":\"es\",\"potentialAction\":[{\"@type\":\"ReadAction\",\"target\":[\"https:\/\/luchonoticias.com\/editor\/nuevo-encuentro-entre-gobierno-y-disidencias-de-las-farc\/\"]}]},{\"@type\":\"ImageObject\",\"inLanguage\":\"es\",\"@id\":\"https:\/\/luchonoticias.com\/editor\/nuevo-encuentro-entre-gobierno-y-disidencias-de-las-farc\/#primaryimage\",\"url\":\"https:\/\/luchonoticias.com\/editor\/wp-content\/uploads\/2024\/05\/caso-disidencias.jpg\",\"contentUrl\":\"https:\/\/luchonoticias.com\/editor\/wp-content\/uploads\/2024\/05\/caso-disidencias.jpg\",\"width\":700,\"height\":400},{\"@type\":\"BreadcrumbList\",\"@id\":\"https:\/\/luchonoticias.com\/editor\/nuevo-encuentro-entre-gobierno-y-disidencias-de-las-farc\/#breadcrumb\",\"itemListElement\":[{\"@type\":\"ListItem\",\"position\":1,\"name\":\"Portada\",\"item\":\"https:\/\/luchonoticias.com\/editor\/\"},{\"@type\":\"ListItem\",\"position\":2,\"name\":\"Nuevo encuentro entre Gobierno y disidencias de las Farc\"}]},{\"@type\":\"WebSite\",\"@id\":\"https:\/\/luchonoticias.com\/editor\/#website\",\"url\":\"https:\/\/luchonoticias.com\/editor\/\",\"name\":\"\",\"description\":\"\",\"publisher\":{\"@id\":\"https:\/\/luchonoticias.com\/editor\/#\/schema\/person\/7a7fd911f58561fd056dbac7b55af9cd\"},\"potentialAction\":[{\"@type\":\"SearchAction\",\"target\":{\"@type\":\"EntryPoint\",\"urlTemplate\":\"https:\/\/luchonoticias.com\/editor\/?s={search_term_string}\"},\"query-input\":{\"@type\":\"PropertyValueSpecification\",\"valueRequired\":true,\"valueName\":\"search_term_string\"}}],\"inLanguage\":\"es\"},{\"@type\":[\"Person\",\"Organization\"],\"@id\":\"https:\/\/luchonoticias.com\/editor\/#\/schema\/person\/7a7fd911f58561fd056dbac7b55af9cd\",\"name\":\"admin\",\"image\":{\"@type\":\"ImageObject\",\"inLanguage\":\"es\",\"@id\":\"https:\/\/luchonoticias.com\/editor\/#\/schema\/person\/image\/\",\"url\":\"https:\/\/luchonoticias.com\/editor\/wp-content\/uploads\/2024\/02\/cropped-cropped-logolu.webp\",\"contentUrl\":\"https:\/\/luchonoticias.com\/editor\/wp-content\/uploads\/2024\/02\/cropped-cropped-logolu.webp\",\"width\":382,\"height\":170,\"caption\":\"admin\"},\"logo\":{\"@id\":\"https:\/\/luchonoticias.com\/editor\/#\/schema\/person\/image\/\"},\"sameAs\":[\"https:\/\/www.facebook.com\/luchonoticiasneiva\"]},{\"@type\":\"Person\",\"@id\":\"https:\/\/luchonoticias.com\/editor\/#\/schema\/person\/29217990ddf6f14e35912b2866d591fb\",\"name\":\"Editor General\",\"image\":{\"@type\":\"ImageObject\",\"inLanguage\":\"es\",\"@id\":\"https:\/\/luchonoticias.com\/editor\/#\/schema\/person\/image\/\",\"url\":\"https:\/\/luchonoticias.com\/editor\/wp-content\/uploads\/2024\/02\/cropped-cropped-logolu-150x150.webp\",\"contentUrl\":\"https:\/\/luchonoticias.com\/editor\/wp-content\/uploads\/2024\/02\/cropped-cropped-logolu-150x150.webp\",\"caption\":\"Editor General\"},\"sameAs\":[\"https:\/\/luchonoticias.com\/\"],\"url\":\"https:\/\/luchonoticias.com\/editor\/author\/editor-general\/\"}]}<\/script>\n<!-- \/ Yoast SEO plugin. -->","yoast_head_json":{"title":"Nuevo encuentro entre Gobierno y disidencias de las Farc -","robots":{"index":"index","follow":"follow","max-snippet":"max-snippet:-1","max-image-preview":"max-image-preview:large","max-video-preview":"max-video-preview:-1"},"canonical":"https:\/\/luchonoticias.com\/editor\/nuevo-encuentro-entre-gobierno-y-disidencias-de-las-farc\/","og_locale":"es_ES","og_type":"article","og_title":"Nuevo encuentro entre Gobierno y disidencias de las Farc -","og_url":"https:\/\/luchonoticias.com\/editor\/nuevo-encuentro-entre-gobierno-y-disidencias-de-las-farc\/","article_publisher":"https:\/\/www.facebook.com\/luchonoticiasneiva","article_published_time":"2024-05-27T12:53:53+00:00","og_image":[{"width":700,"height":400,"url":"https:\/\/luchonoticias.com\/editor\/wp-content\/uploads\/2024\/05\/caso-disidencias.jpg","type":"image\/jpeg"}],"author":"Editor General","twitter_card":"summary_large_image","twitter_misc":{"Escrito por":"Editor General","Tiempo de lectura":"2 minutos"},"schema":{"@context":"https:\/\/schema.org","@graph":[{"@type":"Article","@id":"https:\/\/luchonoticias.com\/editor\/nuevo-encuentro-entre-gobierno-y-disidencias-de-las-farc\/#article","isPartOf":{"@id":"https:\/\/luchonoticias.com\/editor\/nuevo-encuentro-entre-gobierno-y-disidencias-de-las-farc\/"},"author":{"name":"Editor General","@id":"https:\/\/luchonoticias.com\/editor\/#\/schema\/person\/29217990ddf6f14e35912b2866d591fb"},"headline":"Nuevo encuentro entre Gobierno y disidencias de las Farc","datePublished":"2024-05-27T12:53:53+00:00","mainEntityOfPage":{"@id":"https:\/\/luchonoticias.com\/editor\/nuevo-encuentro-entre-gobierno-y-disidencias-de-las-farc\/"},"wordCount":343,"publisher":{"@id":"https:\/\/luchonoticias.com\/editor\/#\/schema\/person\/7a7fd911f58561fd056dbac7b55af9cd"},"image":{"@id":"https:\/\/luchonoticias.com\/editor\/nuevo-encuentro-entre-gobierno-y-disidencias-de-las-farc\/#primaryimage"},"thumbnailUrl":"https:\/\/luchonoticias.com\/editor\/wp-content\/uploads\/2024\/05\/caso-disidencias.jpg","articleSection":["Actualidad"],"inLanguage":"es"},{"@type":"WebPage","@id":"https:\/\/luchonoticias.com\/editor\/nuevo-encuentro-entre-gobierno-y-disidencias-de-las-farc\/","url":"https:\/\/luchonoticias.com\/editor\/nuevo-encuentro-entre-gobierno-y-disidencias-de-las-farc\/","name":"Nuevo encuentro entre Gobierno y disidencias de las Farc -","isPartOf":{"@id":"https:\/\/luchonoticias.com\/editor\/#website"},"primaryImageOfPage":{"@id":"https:\/\/luchonoticias.com\/editor\/nuevo-encuentro-entre-gobierno-y-disidencias-de-las-farc\/#primaryimage"},"image":{"@id":"https:\/\/luchonoticias.com\/editor\/nuevo-encuentro-entre-gobierno-y-disidencias-de-las-farc\/#primaryimage"},"thumbnailUrl":"https:\/\/luchonoticias.com\/editor\/wp-content\/uploads\/2024\/05\/caso-disidencias.jpg","datePublished":"2024-05-27T12:53:53+00:00","breadcrumb":{"@id":"https:\/\/luchonoticias.com\/editor\/nuevo-encuentro-entre-gobierno-y-disidencias-de-las-farc\/#breadcrumb"},"inLanguage":"es","potentialAction":[{"@type":"ReadAction","target":["https:\/\/luchonoticias.com\/editor\/nuevo-encuentro-entre-gobierno-y-disidencias-de-las-farc\/"]}]},{"@type":"ImageObject","inLanguage":"es","@id":"https:\/\/luchonoticias.com\/editor\/nuevo-encuentro-entre-gobierno-y-disidencias-de-las-farc\/#primaryimage","url":"https:\/\/luchonoticias.com\/editor\/wp-content\/uploads\/2024\/05\/caso-disidencias.jpg","contentUrl":"https:\/\/luchonoticias.com\/editor\/wp-content\/uploads\/2024\/05\/caso-disidencias.jpg","width":700,"height":400},{"@type":"BreadcrumbList","@id":"https:\/\/luchonoticias.com\/editor\/nuevo-encuentro-entre-gobierno-y-disidencias-de-las-farc\/#breadcrumb","itemListElement":[{"@type":"ListItem","position":1,"name":"Portada","item":"https:\/\/luchonoticias.com\/editor\/"},{"@type":"ListItem","position":2,"name":"Nuevo encuentro entre Gobierno y disidencias de las Farc"}]},{"@type":"WebSite","@id":"https:\/\/luchonoticias.com\/editor\/#website","url":"https:\/\/luchonoticias.com\/editor\/","name":"","description":"","publisher":{"@id":"https:\/\/luchonoticias.com\/editor\/#\/schema\/person\/7a7fd911f58561fd056dbac7b55af9cd"},"potentialAction":[{"@type":"SearchAction","target":{"@type":"EntryPoint","urlTemplate":"https:\/\/luchonoticias.com\/editor\/?s={search_term_string}"},"query-input":{"@type":"PropertyValueSpecification","valueRequired":true,"valueName":"search_term_string"}}],"inLanguage":"es"},{"@type":["Person","Organization"],"@id":"https:\/\/luchonoticias.com\/editor\/#\/schema\/person\/7a7fd911f58561fd056dbac7b55af9cd","name":"admin","image":{"@type":"ImageObject","inLanguage":"es","@id":"https:\/\/luchonoticias.com\/editor\/#\/schema\/person\/image\/","url":"https:\/\/luchonoticias.com\/editor\/wp-content\/uploads\/2024\/02\/cropped-cropped-logolu.webp","contentUrl":"https:\/\/luchonoticias.com\/editor\/wp-content\/uploads\/2024\/02\/cropped-cropped-logolu.webp","width":382,"height":170,"caption":"admin"},"logo":{"@id":"https:\/\/luchonoticias.com\/editor\/#\/schema\/person\/image\/"},"sameAs":["https:\/\/www.facebook.com\/luchonoticiasneiva"]},{"@type":"Person","@id":"https:\/\/luchonoticias.com\/editor\/#\/schema\/person\/29217990ddf6f14e35912b2866d591fb","name":"Editor General","image":{"@type":"ImageObject","inLanguage":"es","@id":"https:\/\/luchonoticias.com\/editor\/#\/schema\/person\/image\/","url":"https:\/\/luchonoticias.com\/editor\/wp-content\/uploads\/2024\/02\/cropped-cropped-logolu-150x150.webp","contentUrl":"https:\/\/luchonoticias.com\/editor\/wp-content\/uploads\/2024\/02\/cropped-cropped-logolu-150x150.webp","caption":"Editor General"},"sameAs":["https:\/\/luchonoticias.com\/"],"url":"https:\/\/luchonoticias.com\/editor\/author\/editor-general\/"}]}},"_links":{"self":[{"href":"https:\/\/luchonoticias.com\/editor\/wp-json\/wp\/v2\/posts\/73482","targetHints":{"allow":["GET"]}}],"collection":[{"href":"https:\/\/luchonoticias.com\/editor\/wp-json\/wp\/v2\/posts"}],"about":[{"href":"https:\/\/luchonoticias.com\/editor\/wp-json\/wp\/v2\/types\/post"}],"author":[{"embeddable":true,"href":"https:\/\/luchonoticias.com\/editor\/wp-json\/wp\/v2\/users\/2"}],"replies":[{"embeddable":true,"href":"https:\/\/luchonoticias.com\/editor\/wp-json\/wp\/v2\/comments?post=73482"}],"version-history":[{"count":0,"href":"https:\/\/luchonoticias.com\/editor\/wp-json\/wp\/v2\/posts\/73482\/revisions"}],"wp:featuredmedia":[{"embeddable":true,"href":"https:\/\/luchonoticias.com\/editor\/wp-json\/wp\/v2\/media\/73483"}],"wp:attachment":[{"href":"https:\/\/luchonoticias.com\/editor\/wp-json\/wp\/v2\/media?parent=73482"}],"wp:term":[{"taxonomy":"category","embeddable":true,"href":"https:\/\/luchonoticias.com\/editor\/wp-json\/wp\/v2\/categories?post=73482"},{"taxonomy":"post_tag","embeddable":true,"href":"https:\/\/luchonoticias.com\/editor\/wp-json\/wp\/v2\/tags?post=73482"}],"curies":[{"name":"wp","href":"https:\/\/api.w.org\/{rel}","templated":true}]}}