{"id":73485,"date":"2024-05-27T14:35:26","date_gmt":"2024-05-27T19:35:26","guid":{"rendered":"https:\/\/luchonoticias.com\/?p=73485"},"modified":"2024-05-27T14:35:26","modified_gmt":"2024-05-27T19:35:26","slug":"el-senado-y-su-tributo-a-omar-geles","status":"publish","type":"post","link":"https:\/\/luchonoticias.com\/editor\/el-senado-y-su-tributo-a-omar-geles\/","title":{"rendered":"El Senado y su tributo a Omar Geles"},"content":{"rendered":"<p>Las tonadas que un d\u00eda sonaron en la cabeza del maestro\u00a0<strong>Omar Geles\u00a0<\/strong>y que hoy hacen parte de su legado retumbaron en el Senado de la Rep\u00fablica. Del acorde\u00f3n salieron melod\u00edas que hoy inmortalizan su memoria.<\/p>\n<p>El senador<strong>\u00a0Carlos Meisel<\/strong>, del\u00a0<strong>Partido Centro Democr\u00e1tico<\/strong>\u00a0record\u00f3 al acordeonero y compositor vallenato entonando una de sus canciones en la plenaria del Senado.<\/p>\n<p>\u201cSe va a una persona que desde lo musical es irreparable para el pa\u00eds y como persona a\u00fan duele m\u00e1s, porque todos los que tuvimos alg\u00fan tipo de relaci\u00f3n con Omar conocimos un gran ser humano, adem\u00e1s del gran artista que fue\u201d, asegur\u00f3 el senador Meisel.<\/p>\n<p>\u201cUn tipo humilde, una sonrisa siempre en su cara, un hombre joven que pudo habernos dado mucho m\u00e1s, pero sobre todo admiramos una vida musical organizada\u201d, indic\u00f3 el senador\u00a0<strong>Paulino Riascos<\/strong>\u00a0del\u00a0<strong>Partido ADA<\/strong>.<\/p>\n<p>La emoci\u00f3n y el sentimiento fueron su sello personal. Historias de amor, ilusi\u00f3n y tambi\u00e9n de desamores sirvieron como inspiraci\u00f3n, para que en medio de versos, llevara a lo m\u00e1s alto el folclor vallenato.<\/p>\n<p>\u201cCrecimos y hemos disfrutado las composiciones y las interpretaciones de Omar Geles, por lo cual su p\u00e9rdida la lamentamos profundamente por los aportes que hizo a la m\u00fasica y al folclor vallenato\u201d, se\u00f1al\u00f3\u00a0<strong>Pedro Fl\u00f3rez<\/strong>, senador del\u00a0<strong>Pacto Hist\u00f3rico<\/strong>.<\/p>\n<p>\u201c<strong>Omar Geles<\/strong>\u00a0no solamente fue rey vallenato, sino uno de los mejores compositores de la m\u00fasica vallenata. Un artista en todo el sentido de la palabra y deja una impronta que recordaremos por siempre\u201d, indic\u00f3\u00a0<strong>Marcos Daniel Pineda<\/strong>\u00a0del\u00a0<strong>Partido Conservador<\/strong>.<\/p>\n<p>Por su parte,\u00a0<strong>Didier Lobo,<\/strong>\u00a0senador del\u00a0<strong>Partido Cambio Radical\u00a0<\/strong>y segundo vicepresidente del Senado profiri\u00f3 menci\u00f3n de reconocimiento al maestro\u00a0<strong>Omar Antonio Geles Su\u00e1rez\u00a0<\/strong>como exaltaci\u00f3n a la labor musical y art\u00edstica desarrollada en beneficio de la identidad cultural del pa\u00eds.<\/p>\n<p>Sus letras se escribieron en la memoria del pa\u00eds y su legado quedar\u00e1 impreso en cada canci\u00f3n que con sentimiento millones de colombianos hemos cantado y que seguir\u00e1n acompa\u00f1\u00e1ndonos en medio de los caminos de la vida.<\/p>\n","protected":false},"excerpt":{"rendered":"<p>Las tonadas que un d\u00eda sonaron en la cabeza del maestro\u00a0Omar Geles\u00a0y que hoy hacen parte de su legado retumbaron en el Senado de la Rep\u00fablica. Del acorde\u00f3n salieron melod\u00edas que hoy inmortalizan su memoria. El senador\u00a0Carlos Meisel, del\u00a0Partido Centro Democr\u00e1tico\u00a0record\u00f3 al acordeonero y compositor vallenato entonando una de sus canciones en la plenaria del [&hellip;]<\/p>\n","protected":false},"author":2,"featured_media":73486,"comment_status":"closed","ping_status":"open","sticky":false,"template":"","format":"standard","meta":{"footnotes":""},"categories":[28],"tags":[],"class_list":["post-73485","post","type-post","status-publish","format-standard","has-post-thumbnail","hentry","category-actualidad"],"yoast_head":"<!-- This site is optimized with the Yoast SEO plugin v26.6 - https:\/\/yoast.com\/wordpress\/plugins\/seo\/ -->\n<title>El Senado y su tributo a Omar Geles -<\/title>\n<meta name=\"robots\" content=\"index, follow, max-snippet:-1, max-image-preview:large, max-video-preview:-1\" \/>\n<link rel=\"canonical\" href=\"https:\/\/luchonoticias.com\/editor\/el-senado-y-su-tributo-a-omar-geles\/\" \/>\n<meta property=\"og:locale\" content=\"es_ES\" \/>\n<meta property=\"og:type\" content=\"article\" \/>\n<meta property=\"og:title\" content=\"El Senado y su tributo a Omar Geles -\" \/>\n<meta property=\"og:url\" content=\"https:\/\/luchonoticias.com\/editor\/el-senado-y-su-tributo-a-omar-geles\/\" \/>\n<meta property=\"article:publisher\" content=\"https:\/\/www.facebook.com\/luchonoticiasneiva\" \/>\n<meta property=\"article:published_time\" content=\"2024-05-27T19:35:26+00:00\" \/>\n<meta property=\"og:image\" content=\"https:\/\/luchonoticias.com\/editor\/wp-content\/uploads\/2024\/05\/omar-geles-final.jpg\" \/>\n\t<meta property=\"og:image:width\" content=\"700\" \/>\n\t<meta property=\"og:image:height\" content=\"400\" \/>\n\t<meta property=\"og:image:type\" content=\"image\/jpeg\" \/>\n<meta name=\"author\" content=\"Editor General\" \/>\n<meta name=\"twitter:card\" content=\"summary_large_image\" \/>\n<meta name=\"twitter:label1\" content=\"Escrito por\" \/>\n\t<meta name=\"twitter:data1\" content=\"Editor General\" \/>\n\t<meta name=\"twitter:label2\" content=\"Tiempo de lectura\" \/>\n\t<meta name=\"twitter:data2\" content=\"2 minutos\" \/>\n<script type=\"application\/ld+json\" class=\"yoast-schema-graph\">{\"@context\":\"https:\/\/schema.org\",\"@graph\":[{\"@type\":\"Article\",\"@id\":\"https:\/\/luchonoticias.com\/editor\/el-senado-y-su-tributo-a-omar-geles\/#article\",\"isPartOf\":{\"@id\":\"https:\/\/luchonoticias.com\/editor\/el-senado-y-su-tributo-a-omar-geles\/\"},\"author\":{\"name\":\"Editor General\",\"@id\":\"https:\/\/luchonoticias.com\/editor\/#\/schema\/person\/29217990ddf6f14e35912b2866d591fb\"},\"headline\":\"El Senado y su tributo a Omar Geles\",\"datePublished\":\"2024-05-27T19:35:26+00:00\",\"mainEntityOfPage\":{\"@id\":\"https:\/\/luchonoticias.com\/editor\/el-senado-y-su-tributo-a-omar-geles\/\"},\"wordCount\":374,\"publisher\":{\"@id\":\"https:\/\/luchonoticias.com\/editor\/#\/schema\/person\/7a7fd911f58561fd056dbac7b55af9cd\"},\"image\":{\"@id\":\"https:\/\/luchonoticias.com\/editor\/el-senado-y-su-tributo-a-omar-geles\/#primaryimage\"},\"thumbnailUrl\":\"https:\/\/luchonoticias.com\/editor\/wp-content\/uploads\/2024\/05\/omar-geles-final.jpg\",\"articleSection\":[\"Actualidad\"],\"inLanguage\":\"es\"},{\"@type\":\"WebPage\",\"@id\":\"https:\/\/luchonoticias.com\/editor\/el-senado-y-su-tributo-a-omar-geles\/\",\"url\":\"https:\/\/luchonoticias.com\/editor\/el-senado-y-su-tributo-a-omar-geles\/\",\"name\":\"El Senado y su tributo a Omar Geles -\",\"isPartOf\":{\"@id\":\"https:\/\/luchonoticias.com\/editor\/#website\"},\"primaryImageOfPage\":{\"@id\":\"https:\/\/luchonoticias.com\/editor\/el-senado-y-su-tributo-a-omar-geles\/#primaryimage\"},\"image\":{\"@id\":\"https:\/\/luchonoticias.com\/editor\/el-senado-y-su-tributo-a-omar-geles\/#primaryimage\"},\"thumbnailUrl\":\"https:\/\/luchonoticias.com\/editor\/wp-content\/uploads\/2024\/05\/omar-geles-final.jpg\",\"datePublished\":\"2024-05-27T19:35:26+00:00\",\"breadcrumb\":{\"@id\":\"https:\/\/luchonoticias.com\/editor\/el-senado-y-su-tributo-a-omar-geles\/#breadcrumb\"},\"inLanguage\":\"es\",\"potentialAction\":[{\"@type\":\"ReadAction\",\"target\":[\"https:\/\/luchonoticias.com\/editor\/el-senado-y-su-tributo-a-omar-geles\/\"]}]},{\"@type\":\"ImageObject\",\"inLanguage\":\"es\",\"@id\":\"https:\/\/luchonoticias.com\/editor\/el-senado-y-su-tributo-a-omar-geles\/#primaryimage\",\"url\":\"https:\/\/luchonoticias.com\/editor\/wp-content\/uploads\/2024\/05\/omar-geles-final.jpg\",\"contentUrl\":\"https:\/\/luchonoticias.com\/editor\/wp-content\/uploads\/2024\/05\/omar-geles-final.jpg\",\"width\":700,\"height\":400},{\"@type\":\"BreadcrumbList\",\"@id\":\"https:\/\/luchonoticias.com\/editor\/el-senado-y-su-tributo-a-omar-geles\/#breadcrumb\",\"itemListElement\":[{\"@type\":\"ListItem\",\"position\":1,\"name\":\"Portada\",\"item\":\"https:\/\/luchonoticias.com\/editor\/\"},{\"@type\":\"ListItem\",\"position\":2,\"name\":\"El Senado y su tributo a Omar Geles\"}]},{\"@type\":\"WebSite\",\"@id\":\"https:\/\/luchonoticias.com\/editor\/#website\",\"url\":\"https:\/\/luchonoticias.com\/editor\/\",\"name\":\"\",\"description\":\"\",\"publisher\":{\"@id\":\"https:\/\/luchonoticias.com\/editor\/#\/schema\/person\/7a7fd911f58561fd056dbac7b55af9cd\"},\"potentialAction\":[{\"@type\":\"SearchAction\",\"target\":{\"@type\":\"EntryPoint\",\"urlTemplate\":\"https:\/\/luchonoticias.com\/editor\/?s={search_term_string}\"},\"query-input\":{\"@type\":\"PropertyValueSpecification\",\"valueRequired\":true,\"valueName\":\"search_term_string\"}}],\"inLanguage\":\"es\"},{\"@type\":[\"Person\",\"Organization\"],\"@id\":\"https:\/\/luchonoticias.com\/editor\/#\/schema\/person\/7a7fd911f58561fd056dbac7b55af9cd\",\"name\":\"admin\",\"image\":{\"@type\":\"ImageObject\",\"inLanguage\":\"es\",\"@id\":\"https:\/\/luchonoticias.com\/editor\/#\/schema\/person\/image\/\",\"url\":\"https:\/\/luchonoticias.com\/editor\/wp-content\/uploads\/2024\/02\/cropped-cropped-logolu.webp\",\"contentUrl\":\"https:\/\/luchonoticias.com\/editor\/wp-content\/uploads\/2024\/02\/cropped-cropped-logolu.webp\",\"width\":382,\"height\":170,\"caption\":\"admin\"},\"logo\":{\"@id\":\"https:\/\/luchonoticias.com\/editor\/#\/schema\/person\/image\/\"},\"sameAs\":[\"https:\/\/www.facebook.com\/luchonoticiasneiva\"]},{\"@type\":\"Person\",\"@id\":\"https:\/\/luchonoticias.com\/editor\/#\/schema\/person\/29217990ddf6f14e35912b2866d591fb\",\"name\":\"Editor General\",\"image\":{\"@type\":\"ImageObject\",\"inLanguage\":\"es\",\"@id\":\"https:\/\/luchonoticias.com\/editor\/#\/schema\/person\/image\/\",\"url\":\"https:\/\/luchonoticias.com\/editor\/wp-content\/uploads\/2024\/02\/cropped-cropped-logolu-150x150.webp\",\"contentUrl\":\"https:\/\/luchonoticias.com\/editor\/wp-content\/uploads\/2024\/02\/cropped-cropped-logolu-150x150.webp\",\"caption\":\"Editor General\"},\"sameAs\":[\"https:\/\/luchonoticias.com\/\"],\"url\":\"https:\/\/luchonoticias.com\/editor\/author\/editor-general\/\"}]}<\/script>\n<!-- \/ Yoast SEO plugin. -->","yoast_head_json":{"title":"El Senado y su tributo a Omar Geles -","robots":{"index":"index","follow":"follow","max-snippet":"max-snippet:-1","max-image-preview":"max-image-preview:large","max-video-preview":"max-video-preview:-1"},"canonical":"https:\/\/luchonoticias.com\/editor\/el-senado-y-su-tributo-a-omar-geles\/","og_locale":"es_ES","og_type":"article","og_title":"El Senado y su tributo a Omar Geles -","og_url":"https:\/\/luchonoticias.com\/editor\/el-senado-y-su-tributo-a-omar-geles\/","article_publisher":"https:\/\/www.facebook.com\/luchonoticiasneiva","article_published_time":"2024-05-27T19:35:26+00:00","og_image":[{"width":700,"height":400,"url":"https:\/\/luchonoticias.com\/editor\/wp-content\/uploads\/2024\/05\/omar-geles-final.jpg","type":"image\/jpeg"}],"author":"Editor General","twitter_card":"summary_large_image","twitter_misc":{"Escrito por":"Editor General","Tiempo de lectura":"2 minutos"},"schema":{"@context":"https:\/\/schema.org","@graph":[{"@type":"Article","@id":"https:\/\/luchonoticias.com\/editor\/el-senado-y-su-tributo-a-omar-geles\/#article","isPartOf":{"@id":"https:\/\/luchonoticias.com\/editor\/el-senado-y-su-tributo-a-omar-geles\/"},"author":{"name":"Editor General","@id":"https:\/\/luchonoticias.com\/editor\/#\/schema\/person\/29217990ddf6f14e35912b2866d591fb"},"headline":"El Senado y su tributo a Omar Geles","datePublished":"2024-05-27T19:35:26+00:00","mainEntityOfPage":{"@id":"https:\/\/luchonoticias.com\/editor\/el-senado-y-su-tributo-a-omar-geles\/"},"wordCount":374,"publisher":{"@id":"https:\/\/luchonoticias.com\/editor\/#\/schema\/person\/7a7fd911f58561fd056dbac7b55af9cd"},"image":{"@id":"https:\/\/luchonoticias.com\/editor\/el-senado-y-su-tributo-a-omar-geles\/#primaryimage"},"thumbnailUrl":"https:\/\/luchonoticias.com\/editor\/wp-content\/uploads\/2024\/05\/omar-geles-final.jpg","articleSection":["Actualidad"],"inLanguage":"es"},{"@type":"WebPage","@id":"https:\/\/luchonoticias.com\/editor\/el-senado-y-su-tributo-a-omar-geles\/","url":"https:\/\/luchonoticias.com\/editor\/el-senado-y-su-tributo-a-omar-geles\/","name":"El Senado y su tributo a Omar Geles -","isPartOf":{"@id":"https:\/\/luchonoticias.com\/editor\/#website"},"primaryImageOfPage":{"@id":"https:\/\/luchonoticias.com\/editor\/el-senado-y-su-tributo-a-omar-geles\/#primaryimage"},"image":{"@id":"https:\/\/luchonoticias.com\/editor\/el-senado-y-su-tributo-a-omar-geles\/#primaryimage"},"thumbnailUrl":"https:\/\/luchonoticias.com\/editor\/wp-content\/uploads\/2024\/05\/omar-geles-final.jpg","datePublished":"2024-05-27T19:35:26+00:00","breadcrumb":{"@id":"https:\/\/luchonoticias.com\/editor\/el-senado-y-su-tributo-a-omar-geles\/#breadcrumb"},"inLanguage":"es","potentialAction":[{"@type":"ReadAction","target":["https:\/\/luchonoticias.com\/editor\/el-senado-y-su-tributo-a-omar-geles\/"]}]},{"@type":"ImageObject","inLanguage":"es","@id":"https:\/\/luchonoticias.com\/editor\/el-senado-y-su-tributo-a-omar-geles\/#primaryimage","url":"https:\/\/luchonoticias.com\/editor\/wp-content\/uploads\/2024\/05\/omar-geles-final.jpg","contentUrl":"https:\/\/luchonoticias.com\/editor\/wp-content\/uploads\/2024\/05\/omar-geles-final.jpg","width":700,"height":400},{"@type":"BreadcrumbList","@id":"https:\/\/luchonoticias.com\/editor\/el-senado-y-su-tributo-a-omar-geles\/#breadcrumb","itemListElement":[{"@type":"ListItem","position":1,"name":"Portada","item":"https:\/\/luchonoticias.com\/editor\/"},{"@type":"ListItem","position":2,"name":"El Senado y su tributo a Omar Geles"}]},{"@type":"WebSite","@id":"https:\/\/luchonoticias.com\/editor\/#website","url":"https:\/\/luchonoticias.com\/editor\/","name":"","description":"","publisher":{"@id":"https:\/\/luchonoticias.com\/editor\/#\/schema\/person\/7a7fd911f58561fd056dbac7b55af9cd"},"potentialAction":[{"@type":"SearchAction","target":{"@type":"EntryPoint","urlTemplate":"https:\/\/luchonoticias.com\/editor\/?s={search_term_string}"},"query-input":{"@type":"PropertyValueSpecification","valueRequired":true,"valueName":"search_term_string"}}],"inLanguage":"es"},{"@type":["Person","Organization"],"@id":"https:\/\/luchonoticias.com\/editor\/#\/schema\/person\/7a7fd911f58561fd056dbac7b55af9cd","name":"admin","image":{"@type":"ImageObject","inLanguage":"es","@id":"https:\/\/luchonoticias.com\/editor\/#\/schema\/person\/image\/","url":"https:\/\/luchonoticias.com\/editor\/wp-content\/uploads\/2024\/02\/cropped-cropped-logolu.webp","contentUrl":"https:\/\/luchonoticias.com\/editor\/wp-content\/uploads\/2024\/02\/cropped-cropped-logolu.webp","width":382,"height":170,"caption":"admin"},"logo":{"@id":"https:\/\/luchonoticias.com\/editor\/#\/schema\/person\/image\/"},"sameAs":["https:\/\/www.facebook.com\/luchonoticiasneiva"]},{"@type":"Person","@id":"https:\/\/luchonoticias.com\/editor\/#\/schema\/person\/29217990ddf6f14e35912b2866d591fb","name":"Editor General","image":{"@type":"ImageObject","inLanguage":"es","@id":"https:\/\/luchonoticias.com\/editor\/#\/schema\/person\/image\/","url":"https:\/\/luchonoticias.com\/editor\/wp-content\/uploads\/2024\/02\/cropped-cropped-logolu-150x150.webp","contentUrl":"https:\/\/luchonoticias.com\/editor\/wp-content\/uploads\/2024\/02\/cropped-cropped-logolu-150x150.webp","caption":"Editor General"},"sameAs":["https:\/\/luchonoticias.com\/"],"url":"https:\/\/luchonoticias.com\/editor\/author\/editor-general\/"}]}},"_links":{"self":[{"href":"https:\/\/luchonoticias.com\/editor\/wp-json\/wp\/v2\/posts\/73485","targetHints":{"allow":["GET"]}}],"collection":[{"href":"https:\/\/luchonoticias.com\/editor\/wp-json\/wp\/v2\/posts"}],"about":[{"href":"https:\/\/luchonoticias.com\/editor\/wp-json\/wp\/v2\/types\/post"}],"author":[{"embeddable":true,"href":"https:\/\/luchonoticias.com\/editor\/wp-json\/wp\/v2\/users\/2"}],"replies":[{"embeddable":true,"href":"https:\/\/luchonoticias.com\/editor\/wp-json\/wp\/v2\/comments?post=73485"}],"version-history":[{"count":0,"href":"https:\/\/luchonoticias.com\/editor\/wp-json\/wp\/v2\/posts\/73485\/revisions"}],"wp:featuredmedia":[{"embeddable":true,"href":"https:\/\/luchonoticias.com\/editor\/wp-json\/wp\/v2\/media\/73486"}],"wp:attachment":[{"href":"https:\/\/luchonoticias.com\/editor\/wp-json\/wp\/v2\/media?parent=73485"}],"wp:term":[{"taxonomy":"category","embeddable":true,"href":"https:\/\/luchonoticias.com\/editor\/wp-json\/wp\/v2\/categories?post=73485"},{"taxonomy":"post_tag","embeddable":true,"href":"https:\/\/luchonoticias.com\/editor\/wp-json\/wp\/v2\/tags?post=73485"}],"curies":[{"name":"wp","href":"https:\/\/api.w.org\/{rel}","templated":true}]}}