{"id":73503,"date":"2024-05-27T18:35:33","date_gmt":"2024-05-27T23:35:33","guid":{"rendered":"https:\/\/luchonoticias.com\/?p=73503"},"modified":"2024-05-27T18:35:33","modified_gmt":"2024-05-27T23:35:33","slug":"aprobado-en-comision-primera-en-plan-de-desarrollo-municipal","status":"publish","type":"post","link":"https:\/\/luchonoticias.com\/editor\/aprobado-en-comision-primera-en-plan-de-desarrollo-municipal\/","title":{"rendered":"Aprobado en Comisi\u00f3n Primera en Plan de Desarrollo Municipal"},"content":{"rendered":"<p>La Administraci\u00f3n Municipal en cabeza del ingeniero Germ\u00e1n Casagua Bonilla, desarroll\u00f3 a lo largo de un mes, 23 mesas de di\u00e1logos sociales con comunas, corregimientos y diferentes sectores que integran el municipio de Neiva, con el prop\u00f3sito de escuchar a la comunidad y brindar escenarios de escucha social para construir un plan de desarrollo plural y diverso.<\/p>\n<p>El resultado de este arduo trabajo se ve reflejado en el proyecto de acuerdo del Plan de Desarrollo \u2018Acciones para Recuperar Neiva 2024-2027\u2019 el cual incluy\u00f3 en su documento los planes de desarrollo de comunas y corregimientos y tambi\u00e9n se propuso como meta brindar apoyo a las comunas que no han logrado concluir sus planes locales.<\/p>\n<p>Durante los d\u00edas 25 y 26 de mayo, la Alcald\u00eda con la presencia de todo su gabinete de gobierno, asisti\u00f3 de forma cumplida y organizada a la cita pactada en el Concejo de Neiva para debatir los 20 art\u00edculos establecidos en el Plan de Desarrollo Municipal. All\u00ed, se encuentran plasmados los elementos que componen el articulado: fundamentos del Plan de Desarrollo, componente estrat\u00e9gico, componente financiero, componente de regal\u00edas y proyectos estrat\u00e9gicos.<\/p>\n<p><img loading=\"lazy\" decoding=\"async\" class=\"alignnone wp-image-73505\" src=\"https:\/\/luchonoticias.com\/wp-content\/uploads\/2024\/05\/WhatsApp-Image-2024-05-27-at-18.13.56-1-300x225.jpeg\" alt=\"\" width=\"700\" height=\"525\" srcset=\"https:\/\/luchonoticias.com\/editor\/wp-content\/uploads\/2024\/05\/WhatsApp-Image-2024-05-27-at-18.13.56-1-300x225.jpeg 300w, https:\/\/luchonoticias.com\/editor\/wp-content\/uploads\/2024\/05\/WhatsApp-Image-2024-05-27-at-18.13.56-1-1024x768.jpeg 1024w, https:\/\/luchonoticias.com\/editor\/wp-content\/uploads\/2024\/05\/WhatsApp-Image-2024-05-27-at-18.13.56-1-768x576.jpeg 768w, https:\/\/luchonoticias.com\/editor\/wp-content\/uploads\/2024\/05\/WhatsApp-Image-2024-05-27-at-18.13.56-1-1536x1152.jpeg 1536w, https:\/\/luchonoticias.com\/editor\/wp-content\/uploads\/2024\/05\/WhatsApp-Image-2024-05-27-at-18.13.56-1-2048x1536.jpeg 2048w, https:\/\/luchonoticias.com\/editor\/wp-content\/uploads\/2024\/05\/WhatsApp-Image-2024-05-27-at-18.13.56-1-90x68.jpeg 90w\" sizes=\"auto, (max-width: 700px) 100vw, 700px\" \/><\/p>\n<p>Camilo G\u00f3mez, director del Departamento Administrativo de Planeaci\u00f3n, indic\u00f3 \u201cun plan de desarrollo que se caracteriza por la informaci\u00f3n estad\u00edstica actualizada, la participaci\u00f3n de la ciudadan\u00eda, por el estudio t\u00e9cnico y juicioso el cual nos permite definir las metas o indicadores de producto que tanto necesita nuestra ciudad\u201d.<\/p>\n<p>Los concejales Juan Sebasti\u00e1n Camacho y Juan Diego Amaya, fueron los ponentes del Proyecto de Acuerdo 008 de 2024 \u201cpor medio del cual se adopta el plan de desarrollo municipal \u2018Acciones para Recuperar Neiva 2024-2027\u2019\u201d.<\/p>\n<p>La sesi\u00f3n cont\u00f3 con la participaci\u00f3n de los concejales de la Comisi\u00f3n Primera del Plan de Desarrollo Econ\u00f3mico y Social, Gobierno y Servicios P\u00fablicos, H\u00e9ctor Javier Osorio (presidente de la comisi\u00f3n) Juan Diego Amaya Palencia, Luis Humberto Perdomo y Juan Sebasti\u00e1n Camacho.<\/p>\n<p><img loading=\"lazy\" decoding=\"async\" class=\"alignnone wp-image-73506\" src=\"https:\/\/luchonoticias.com\/wp-content\/uploads\/2024\/05\/WhatsApp-Image-2024-05-27-at-18.13.56-2-300x225.jpeg\" alt=\"\" width=\"700\" height=\"525\" srcset=\"https:\/\/luchonoticias.com\/editor\/wp-content\/uploads\/2024\/05\/WhatsApp-Image-2024-05-27-at-18.13.56-2-300x225.jpeg 300w, https:\/\/luchonoticias.com\/editor\/wp-content\/uploads\/2024\/05\/WhatsApp-Image-2024-05-27-at-18.13.56-2-1024x768.jpeg 1024w, https:\/\/luchonoticias.com\/editor\/wp-content\/uploads\/2024\/05\/WhatsApp-Image-2024-05-27-at-18.13.56-2-768x576.jpeg 768w, https:\/\/luchonoticias.com\/editor\/wp-content\/uploads\/2024\/05\/WhatsApp-Image-2024-05-27-at-18.13.56-2-1536x1152.jpeg 1536w, https:\/\/luchonoticias.com\/editor\/wp-content\/uploads\/2024\/05\/WhatsApp-Image-2024-05-27-at-18.13.56-2-2048x1536.jpeg 2048w, https:\/\/luchonoticias.com\/editor\/wp-content\/uploads\/2024\/05\/WhatsApp-Image-2024-05-27-at-18.13.56-2-90x68.jpeg 90w\" sizes=\"auto, (max-width: 700px) 100vw, 700px\" \/><\/p>\n<p><strong>Paso a seguir<\/strong><\/p>\n<p>Terminado el debate en Comisi\u00f3n Primera, el Concejo de Neiva radic\u00f3 el informe de segunda ponencia del Plan de Desarrollo, dando paso para que este proyecto se debate en plenaria en los pr\u00f3ximos d\u00edas y esta sea votado positivo, negativo o en bloque por los 19 concejales de Neiva.<\/p>\n<p>Desde la Administraci\u00f3n Municipal se espera que esta carta de navegaci\u00f3n sea respaldada por la ciudadan\u00eda y los concejales de la ciudad, con el prop\u00f3sito de definir el mejor camino para Neiva de una forma inclusiva y plural.<\/p>\n","protected":false},"excerpt":{"rendered":"<p>La Administraci\u00f3n Municipal en cabeza del ingeniero Germ\u00e1n Casagua Bonilla, desarroll\u00f3 a lo largo de un mes, 23 mesas de di\u00e1logos sociales con comunas, corregimientos y diferentes sectores que integran el municipio de Neiva, con el prop\u00f3sito de escuchar a la comunidad y brindar escenarios de escucha social para construir un plan de desarrollo plural [&hellip;]<\/p>\n","protected":false},"author":2,"featured_media":73504,"comment_status":"closed","ping_status":"open","sticky":false,"template":"","format":"standard","meta":{"footnotes":""},"categories":[31],"tags":[],"class_list":["post-73503","post","type-post","status-publish","format-standard","has-post-thumbnail","hentry","category-local"],"yoast_head":"<!-- This site is optimized with the Yoast SEO plugin v26.6 - https:\/\/yoast.com\/wordpress\/plugins\/seo\/ -->\n<title>Aprobado en Comisi\u00f3n Primera en Plan de Desarrollo Municipal -<\/title>\n<meta name=\"robots\" content=\"index, follow, max-snippet:-1, max-image-preview:large, max-video-preview:-1\" \/>\n<link rel=\"canonical\" href=\"https:\/\/luchonoticias.com\/editor\/aprobado-en-comision-primera-en-plan-de-desarrollo-municipal\/\" \/>\n<meta property=\"og:locale\" content=\"es_ES\" \/>\n<meta property=\"og:type\" content=\"article\" \/>\n<meta property=\"og:title\" content=\"Aprobado en Comisi\u00f3n Primera en Plan de Desarrollo Municipal -\" \/>\n<meta property=\"og:url\" content=\"https:\/\/luchonoticias.com\/editor\/aprobado-en-comision-primera-en-plan-de-desarrollo-municipal\/\" \/>\n<meta property=\"article:publisher\" content=\"https:\/\/www.facebook.com\/luchonoticiasneiva\" \/>\n<meta property=\"article:published_time\" content=\"2024-05-27T23:35:33+00:00\" \/>\n<meta property=\"og:image\" content=\"https:\/\/luchonoticias.com\/editor\/wp-content\/uploads\/2024\/05\/concejo-de-Neiva.jpg\" \/>\n\t<meta property=\"og:image:width\" content=\"700\" \/>\n\t<meta property=\"og:image:height\" content=\"400\" \/>\n\t<meta property=\"og:image:type\" content=\"image\/jpeg\" \/>\n<meta name=\"author\" content=\"Editor General\" \/>\n<meta name=\"twitter:card\" content=\"summary_large_image\" \/>\n<meta name=\"twitter:label1\" content=\"Escrito por\" \/>\n\t<meta name=\"twitter:data1\" content=\"Editor General\" \/>\n\t<meta name=\"twitter:label2\" content=\"Tiempo de lectura\" \/>\n\t<meta name=\"twitter:data2\" content=\"2 minutos\" \/>\n<script type=\"application\/ld+json\" class=\"yoast-schema-graph\">{\"@context\":\"https:\/\/schema.org\",\"@graph\":[{\"@type\":\"Article\",\"@id\":\"https:\/\/luchonoticias.com\/editor\/aprobado-en-comision-primera-en-plan-de-desarrollo-municipal\/#article\",\"isPartOf\":{\"@id\":\"https:\/\/luchonoticias.com\/editor\/aprobado-en-comision-primera-en-plan-de-desarrollo-municipal\/\"},\"author\":{\"name\":\"Editor General\",\"@id\":\"https:\/\/luchonoticias.com\/editor\/#\/schema\/person\/29217990ddf6f14e35912b2866d591fb\"},\"headline\":\"Aprobado en Comisi\u00f3n Primera en Plan de Desarrollo Municipal\",\"datePublished\":\"2024-05-27T23:35:33+00:00\",\"mainEntityOfPage\":{\"@id\":\"https:\/\/luchonoticias.com\/editor\/aprobado-en-comision-primera-en-plan-de-desarrollo-municipal\/\"},\"wordCount\":436,\"publisher\":{\"@id\":\"https:\/\/luchonoticias.com\/editor\/#\/schema\/person\/7a7fd911f58561fd056dbac7b55af9cd\"},\"image\":{\"@id\":\"https:\/\/luchonoticias.com\/editor\/aprobado-en-comision-primera-en-plan-de-desarrollo-municipal\/#primaryimage\"},\"thumbnailUrl\":\"https:\/\/luchonoticias.com\/editor\/wp-content\/uploads\/2024\/05\/concejo-de-Neiva.jpg\",\"articleSection\":[\"Local\"],\"inLanguage\":\"es\"},{\"@type\":\"WebPage\",\"@id\":\"https:\/\/luchonoticias.com\/editor\/aprobado-en-comision-primera-en-plan-de-desarrollo-municipal\/\",\"url\":\"https:\/\/luchonoticias.com\/editor\/aprobado-en-comision-primera-en-plan-de-desarrollo-municipal\/\",\"name\":\"Aprobado en Comisi\u00f3n Primera en Plan de Desarrollo Municipal -\",\"isPartOf\":{\"@id\":\"https:\/\/luchonoticias.com\/editor\/#website\"},\"primaryImageOfPage\":{\"@id\":\"https:\/\/luchonoticias.com\/editor\/aprobado-en-comision-primera-en-plan-de-desarrollo-municipal\/#primaryimage\"},\"image\":{\"@id\":\"https:\/\/luchonoticias.com\/editor\/aprobado-en-comision-primera-en-plan-de-desarrollo-municipal\/#primaryimage\"},\"thumbnailUrl\":\"https:\/\/luchonoticias.com\/editor\/wp-content\/uploads\/2024\/05\/concejo-de-Neiva.jpg\",\"datePublished\":\"2024-05-27T23:35:33+00:00\",\"breadcrumb\":{\"@id\":\"https:\/\/luchonoticias.com\/editor\/aprobado-en-comision-primera-en-plan-de-desarrollo-municipal\/#breadcrumb\"},\"inLanguage\":\"es\",\"potentialAction\":[{\"@type\":\"ReadAction\",\"target\":[\"https:\/\/luchonoticias.com\/editor\/aprobado-en-comision-primera-en-plan-de-desarrollo-municipal\/\"]}]},{\"@type\":\"ImageObject\",\"inLanguage\":\"es\",\"@id\":\"https:\/\/luchonoticias.com\/editor\/aprobado-en-comision-primera-en-plan-de-desarrollo-municipal\/#primaryimage\",\"url\":\"https:\/\/luchonoticias.com\/editor\/wp-content\/uploads\/2024\/05\/concejo-de-Neiva.jpg\",\"contentUrl\":\"https:\/\/luchonoticias.com\/editor\/wp-content\/uploads\/2024\/05\/concejo-de-Neiva.jpg\",\"width\":700,\"height\":400},{\"@type\":\"BreadcrumbList\",\"@id\":\"https:\/\/luchonoticias.com\/editor\/aprobado-en-comision-primera-en-plan-de-desarrollo-municipal\/#breadcrumb\",\"itemListElement\":[{\"@type\":\"ListItem\",\"position\":1,\"name\":\"Portada\",\"item\":\"https:\/\/luchonoticias.com\/editor\/\"},{\"@type\":\"ListItem\",\"position\":2,\"name\":\"Aprobado en Comisi\u00f3n Primera en Plan de Desarrollo Municipal\"}]},{\"@type\":\"WebSite\",\"@id\":\"https:\/\/luchonoticias.com\/editor\/#website\",\"url\":\"https:\/\/luchonoticias.com\/editor\/\",\"name\":\"\",\"description\":\"\",\"publisher\":{\"@id\":\"https:\/\/luchonoticias.com\/editor\/#\/schema\/person\/7a7fd911f58561fd056dbac7b55af9cd\"},\"potentialAction\":[{\"@type\":\"SearchAction\",\"target\":{\"@type\":\"EntryPoint\",\"urlTemplate\":\"https:\/\/luchonoticias.com\/editor\/?s={search_term_string}\"},\"query-input\":{\"@type\":\"PropertyValueSpecification\",\"valueRequired\":true,\"valueName\":\"search_term_string\"}}],\"inLanguage\":\"es\"},{\"@type\":[\"Person\",\"Organization\"],\"@id\":\"https:\/\/luchonoticias.com\/editor\/#\/schema\/person\/7a7fd911f58561fd056dbac7b55af9cd\",\"name\":\"admin\",\"image\":{\"@type\":\"ImageObject\",\"inLanguage\":\"es\",\"@id\":\"https:\/\/luchonoticias.com\/editor\/#\/schema\/person\/image\/\",\"url\":\"https:\/\/luchonoticias.com\/editor\/wp-content\/uploads\/2024\/02\/cropped-cropped-logolu.webp\",\"contentUrl\":\"https:\/\/luchonoticias.com\/editor\/wp-content\/uploads\/2024\/02\/cropped-cropped-logolu.webp\",\"width\":382,\"height\":170,\"caption\":\"admin\"},\"logo\":{\"@id\":\"https:\/\/luchonoticias.com\/editor\/#\/schema\/person\/image\/\"},\"sameAs\":[\"https:\/\/www.facebook.com\/luchonoticiasneiva\"]},{\"@type\":\"Person\",\"@id\":\"https:\/\/luchonoticias.com\/editor\/#\/schema\/person\/29217990ddf6f14e35912b2866d591fb\",\"name\":\"Editor General\",\"image\":{\"@type\":\"ImageObject\",\"inLanguage\":\"es\",\"@id\":\"https:\/\/luchonoticias.com\/editor\/#\/schema\/person\/image\/\",\"url\":\"https:\/\/luchonoticias.com\/editor\/wp-content\/uploads\/2024\/02\/cropped-cropped-logolu-150x150.webp\",\"contentUrl\":\"https:\/\/luchonoticias.com\/editor\/wp-content\/uploads\/2024\/02\/cropped-cropped-logolu-150x150.webp\",\"caption\":\"Editor General\"},\"sameAs\":[\"https:\/\/luchonoticias.com\/\"],\"url\":\"https:\/\/luchonoticias.com\/editor\/author\/editor-general\/\"}]}<\/script>\n<!-- \/ Yoast SEO plugin. -->","yoast_head_json":{"title":"Aprobado en Comisi\u00f3n Primera en Plan de Desarrollo Municipal -","robots":{"index":"index","follow":"follow","max-snippet":"max-snippet:-1","max-image-preview":"max-image-preview:large","max-video-preview":"max-video-preview:-1"},"canonical":"https:\/\/luchonoticias.com\/editor\/aprobado-en-comision-primera-en-plan-de-desarrollo-municipal\/","og_locale":"es_ES","og_type":"article","og_title":"Aprobado en Comisi\u00f3n Primera en Plan de Desarrollo Municipal -","og_url":"https:\/\/luchonoticias.com\/editor\/aprobado-en-comision-primera-en-plan-de-desarrollo-municipal\/","article_publisher":"https:\/\/www.facebook.com\/luchonoticiasneiva","article_published_time":"2024-05-27T23:35:33+00:00","og_image":[{"width":700,"height":400,"url":"https:\/\/luchonoticias.com\/editor\/wp-content\/uploads\/2024\/05\/concejo-de-Neiva.jpg","type":"image\/jpeg"}],"author":"Editor General","twitter_card":"summary_large_image","twitter_misc":{"Escrito por":"Editor General","Tiempo de lectura":"2 minutos"},"schema":{"@context":"https:\/\/schema.org","@graph":[{"@type":"Article","@id":"https:\/\/luchonoticias.com\/editor\/aprobado-en-comision-primera-en-plan-de-desarrollo-municipal\/#article","isPartOf":{"@id":"https:\/\/luchonoticias.com\/editor\/aprobado-en-comision-primera-en-plan-de-desarrollo-municipal\/"},"author":{"name":"Editor General","@id":"https:\/\/luchonoticias.com\/editor\/#\/schema\/person\/29217990ddf6f14e35912b2866d591fb"},"headline":"Aprobado en Comisi\u00f3n Primera en Plan de Desarrollo Municipal","datePublished":"2024-05-27T23:35:33+00:00","mainEntityOfPage":{"@id":"https:\/\/luchonoticias.com\/editor\/aprobado-en-comision-primera-en-plan-de-desarrollo-municipal\/"},"wordCount":436,"publisher":{"@id":"https:\/\/luchonoticias.com\/editor\/#\/schema\/person\/7a7fd911f58561fd056dbac7b55af9cd"},"image":{"@id":"https:\/\/luchonoticias.com\/editor\/aprobado-en-comision-primera-en-plan-de-desarrollo-municipal\/#primaryimage"},"thumbnailUrl":"https:\/\/luchonoticias.com\/editor\/wp-content\/uploads\/2024\/05\/concejo-de-Neiva.jpg","articleSection":["Local"],"inLanguage":"es"},{"@type":"WebPage","@id":"https:\/\/luchonoticias.com\/editor\/aprobado-en-comision-primera-en-plan-de-desarrollo-municipal\/","url":"https:\/\/luchonoticias.com\/editor\/aprobado-en-comision-primera-en-plan-de-desarrollo-municipal\/","name":"Aprobado en Comisi\u00f3n Primera en Plan de Desarrollo Municipal -","isPartOf":{"@id":"https:\/\/luchonoticias.com\/editor\/#website"},"primaryImageOfPage":{"@id":"https:\/\/luchonoticias.com\/editor\/aprobado-en-comision-primera-en-plan-de-desarrollo-municipal\/#primaryimage"},"image":{"@id":"https:\/\/luchonoticias.com\/editor\/aprobado-en-comision-primera-en-plan-de-desarrollo-municipal\/#primaryimage"},"thumbnailUrl":"https:\/\/luchonoticias.com\/editor\/wp-content\/uploads\/2024\/05\/concejo-de-Neiva.jpg","datePublished":"2024-05-27T23:35:33+00:00","breadcrumb":{"@id":"https:\/\/luchonoticias.com\/editor\/aprobado-en-comision-primera-en-plan-de-desarrollo-municipal\/#breadcrumb"},"inLanguage":"es","potentialAction":[{"@type":"ReadAction","target":["https:\/\/luchonoticias.com\/editor\/aprobado-en-comision-primera-en-plan-de-desarrollo-municipal\/"]}]},{"@type":"ImageObject","inLanguage":"es","@id":"https:\/\/luchonoticias.com\/editor\/aprobado-en-comision-primera-en-plan-de-desarrollo-municipal\/#primaryimage","url":"https:\/\/luchonoticias.com\/editor\/wp-content\/uploads\/2024\/05\/concejo-de-Neiva.jpg","contentUrl":"https:\/\/luchonoticias.com\/editor\/wp-content\/uploads\/2024\/05\/concejo-de-Neiva.jpg","width":700,"height":400},{"@type":"BreadcrumbList","@id":"https:\/\/luchonoticias.com\/editor\/aprobado-en-comision-primera-en-plan-de-desarrollo-municipal\/#breadcrumb","itemListElement":[{"@type":"ListItem","position":1,"name":"Portada","item":"https:\/\/luchonoticias.com\/editor\/"},{"@type":"ListItem","position":2,"name":"Aprobado en Comisi\u00f3n Primera en Plan de Desarrollo Municipal"}]},{"@type":"WebSite","@id":"https:\/\/luchonoticias.com\/editor\/#website","url":"https:\/\/luchonoticias.com\/editor\/","name":"","description":"","publisher":{"@id":"https:\/\/luchonoticias.com\/editor\/#\/schema\/person\/7a7fd911f58561fd056dbac7b55af9cd"},"potentialAction":[{"@type":"SearchAction","target":{"@type":"EntryPoint","urlTemplate":"https:\/\/luchonoticias.com\/editor\/?s={search_term_string}"},"query-input":{"@type":"PropertyValueSpecification","valueRequired":true,"valueName":"search_term_string"}}],"inLanguage":"es"},{"@type":["Person","Organization"],"@id":"https:\/\/luchonoticias.com\/editor\/#\/schema\/person\/7a7fd911f58561fd056dbac7b55af9cd","name":"admin","image":{"@type":"ImageObject","inLanguage":"es","@id":"https:\/\/luchonoticias.com\/editor\/#\/schema\/person\/image\/","url":"https:\/\/luchonoticias.com\/editor\/wp-content\/uploads\/2024\/02\/cropped-cropped-logolu.webp","contentUrl":"https:\/\/luchonoticias.com\/editor\/wp-content\/uploads\/2024\/02\/cropped-cropped-logolu.webp","width":382,"height":170,"caption":"admin"},"logo":{"@id":"https:\/\/luchonoticias.com\/editor\/#\/schema\/person\/image\/"},"sameAs":["https:\/\/www.facebook.com\/luchonoticiasneiva"]},{"@type":"Person","@id":"https:\/\/luchonoticias.com\/editor\/#\/schema\/person\/29217990ddf6f14e35912b2866d591fb","name":"Editor General","image":{"@type":"ImageObject","inLanguage":"es","@id":"https:\/\/luchonoticias.com\/editor\/#\/schema\/person\/image\/","url":"https:\/\/luchonoticias.com\/editor\/wp-content\/uploads\/2024\/02\/cropped-cropped-logolu-150x150.webp","contentUrl":"https:\/\/luchonoticias.com\/editor\/wp-content\/uploads\/2024\/02\/cropped-cropped-logolu-150x150.webp","caption":"Editor General"},"sameAs":["https:\/\/luchonoticias.com\/"],"url":"https:\/\/luchonoticias.com\/editor\/author\/editor-general\/"}]}},"_links":{"self":[{"href":"https:\/\/luchonoticias.com\/editor\/wp-json\/wp\/v2\/posts\/73503","targetHints":{"allow":["GET"]}}],"collection":[{"href":"https:\/\/luchonoticias.com\/editor\/wp-json\/wp\/v2\/posts"}],"about":[{"href":"https:\/\/luchonoticias.com\/editor\/wp-json\/wp\/v2\/types\/post"}],"author":[{"embeddable":true,"href":"https:\/\/luchonoticias.com\/editor\/wp-json\/wp\/v2\/users\/2"}],"replies":[{"embeddable":true,"href":"https:\/\/luchonoticias.com\/editor\/wp-json\/wp\/v2\/comments?post=73503"}],"version-history":[{"count":0,"href":"https:\/\/luchonoticias.com\/editor\/wp-json\/wp\/v2\/posts\/73503\/revisions"}],"wp:featuredmedia":[{"embeddable":true,"href":"https:\/\/luchonoticias.com\/editor\/wp-json\/wp\/v2\/media\/73504"}],"wp:attachment":[{"href":"https:\/\/luchonoticias.com\/editor\/wp-json\/wp\/v2\/media?parent=73503"}],"wp:term":[{"taxonomy":"category","embeddable":true,"href":"https:\/\/luchonoticias.com\/editor\/wp-json\/wp\/v2\/categories?post=73503"},{"taxonomy":"post_tag","embeddable":true,"href":"https:\/\/luchonoticias.com\/editor\/wp-json\/wp\/v2\/tags?post=73503"}],"curies":[{"name":"wp","href":"https:\/\/api.w.org\/{rel}","templated":true}]}}