{"id":73509,"date":"2024-05-27T18:39:59","date_gmt":"2024-05-27T23:39:59","guid":{"rendered":"https:\/\/luchonoticias.com\/?p=73509"},"modified":"2024-05-27T18:39:59","modified_gmt":"2024-05-27T23:39:59","slug":"aguas-del-huila-realizo-talleres-para-alcaldes","status":"publish","type":"post","link":"https:\/\/luchonoticias.com\/editor\/aguas-del-huila-realizo-talleres-para-alcaldes\/","title":{"rendered":"Aguas del Huila realiz\u00f3 talleres para alcaldes"},"content":{"rendered":"<p>Con la presencia de los funcionarios del Ministerio de Vivienda, Ciudad y Territorio, Manuel Eduardo \u00c1vila- Coordinador de PDA a nivel nacional y, Gledy Zuleima Guevara Romero, L\u00edder PDA Huila, el Gerente de Aguas del Huila brind\u00f3 un taller informativo en el sal\u00f3n de Gobernadores de la Gobernaci\u00f3n del Huila, dirigido a los alcaldes municipales del territorio huilense a instancia del taller sobre liderazgo ofrecido por el gobernador Rodrigo Villalba Mosquera, en convenio con la organizaci\u00f3n Colombia L\u00edder a los mandatarios locales.<\/p>\n<p>\u201cEl Plan Departamental de Aguas es la pol\u00edtica p\u00fablica a nivel nacional de todo el sector de agua potable y saneamiento b\u00e1sico y parti\u00f3 de unos convenios tripartitas entre la Naci\u00f3n, el Departamento y los Municipios, y este a\u00f1o se vencen estos convenios. De manera que los alcaldes, Gobernaci\u00f3n del Huila, los Concejos Municipales y la Asamblea Departamental, tienen que definir durante el presente a\u00f1o la continuidad o no de esta pol\u00edtica en cada uno de los territorios\u201d, explic\u00f3 Genaro Losada, Gerente de Aguas del Huila.<\/p>\n<p>\u201cPor eso estamos iniciando con el Ministerio de Vivienda, Ciudad y Territorio, que es el ministerio que le corresponde el tema de agua potable y saneamiento b\u00e1sico, todo un proceso de socializaci\u00f3n, capacitaci\u00f3n y sensibilizaci\u00f3n para con las administraciones actuales y poder determinar el futuro de la pol\u00edtica p\u00fablica de los Planes Departamentales de Agua, que han significado para el Departamento realizaciones muy importantes tanto a nivel de infraestructura, como a nivel institucional\u201d, a\u00f1adi\u00f3.<\/p>\n<p>Finalmente dijo que hay una consciencia muy importante de los gobiernos municipales y del Gobierno Departamental, para que en el Huila \u00e9sta sea una pol\u00edtica exitosa.<\/p>\n<p>\u201cGracias al Plan Departamental de Aguas, el Departamento ha podido mejorar ostensiblemente la cobertura y calidad de los servicios de agua potable y saneamiento b\u00e1sico y esperamos que esos resultados que se han obtenido sean la mejor carta de presentaci\u00f3n para que con los ajustes necesarios, se pueda poder continuar con esta pol\u00edtica p\u00fablica. El plazo es hasta el mes de diciembre, pero esperamos que a partir del mes de agosto cuando tenemos sesiones ordinarias en<br \/>\nlos Concejos Municipales, podamos dar un gran debate y poder dar continuidad a esta pol\u00edtica tan importante\u201d, fundament\u00f3.<\/p>\n","protected":false},"excerpt":{"rendered":"<p>Con la presencia de los funcionarios del Ministerio de Vivienda, Ciudad y Territorio, Manuel Eduardo \u00c1vila- Coordinador de PDA a nivel nacional y, Gledy Zuleima Guevara Romero, L\u00edder PDA Huila, el Gerente de Aguas del Huila brind\u00f3 un taller informativo en el sal\u00f3n de Gobernadores de la Gobernaci\u00f3n del Huila, dirigido a los alcaldes municipales [&hellip;]<\/p>\n","protected":false},"author":2,"featured_media":73510,"comment_status":"closed","ping_status":"open","sticky":false,"template":"","format":"standard","meta":{"footnotes":""},"categories":[33],"tags":[],"class_list":["post-73509","post","type-post","status-publish","format-standard","has-post-thumbnail","hentry","category-huila"],"yoast_head":"<!-- This site is optimized with the Yoast SEO plugin v26.6 - https:\/\/yoast.com\/wordpress\/plugins\/seo\/ -->\n<title>Aguas del Huila realiz\u00f3 talleres para alcaldes -<\/title>\n<meta name=\"robots\" content=\"index, follow, max-snippet:-1, max-image-preview:large, max-video-preview:-1\" \/>\n<link rel=\"canonical\" href=\"https:\/\/luchonoticias.com\/editor\/aguas-del-huila-realizo-talleres-para-alcaldes\/\" \/>\n<meta property=\"og:locale\" content=\"es_ES\" \/>\n<meta property=\"og:type\" content=\"article\" \/>\n<meta property=\"og:title\" content=\"Aguas del Huila realiz\u00f3 talleres para alcaldes -\" \/>\n<meta property=\"og:url\" content=\"https:\/\/luchonoticias.com\/editor\/aguas-del-huila-realizo-talleres-para-alcaldes\/\" \/>\n<meta property=\"article:publisher\" content=\"https:\/\/www.facebook.com\/luchonoticiasneiva\" \/>\n<meta property=\"article:published_time\" content=\"2024-05-27T23:39:59+00:00\" \/>\n<meta property=\"og:image\" content=\"https:\/\/luchonoticias.com\/editor\/wp-content\/uploads\/2024\/05\/talleres.jpg\" \/>\n\t<meta property=\"og:image:width\" content=\"700\" \/>\n\t<meta property=\"og:image:height\" content=\"400\" \/>\n\t<meta property=\"og:image:type\" content=\"image\/jpeg\" \/>\n<meta name=\"author\" content=\"Editor General\" \/>\n<meta name=\"twitter:card\" content=\"summary_large_image\" \/>\n<meta name=\"twitter:label1\" content=\"Escrito por\" \/>\n\t<meta name=\"twitter:data1\" content=\"Editor General\" \/>\n\t<meta name=\"twitter:label2\" content=\"Tiempo de lectura\" \/>\n\t<meta name=\"twitter:data2\" content=\"2 minutos\" \/>\n<script type=\"application\/ld+json\" class=\"yoast-schema-graph\">{\"@context\":\"https:\/\/schema.org\",\"@graph\":[{\"@type\":\"Article\",\"@id\":\"https:\/\/luchonoticias.com\/editor\/aguas-del-huila-realizo-talleres-para-alcaldes\/#article\",\"isPartOf\":{\"@id\":\"https:\/\/luchonoticias.com\/editor\/aguas-del-huila-realizo-talleres-para-alcaldes\/\"},\"author\":{\"name\":\"Editor General\",\"@id\":\"https:\/\/luchonoticias.com\/editor\/#\/schema\/person\/29217990ddf6f14e35912b2866d591fb\"},\"headline\":\"Aguas del Huila realiz\u00f3 talleres para alcaldes\",\"datePublished\":\"2024-05-27T23:39:59+00:00\",\"mainEntityOfPage\":{\"@id\":\"https:\/\/luchonoticias.com\/editor\/aguas-del-huila-realizo-talleres-para-alcaldes\/\"},\"wordCount\":395,\"publisher\":{\"@id\":\"https:\/\/luchonoticias.com\/editor\/#\/schema\/person\/7a7fd911f58561fd056dbac7b55af9cd\"},\"image\":{\"@id\":\"https:\/\/luchonoticias.com\/editor\/aguas-del-huila-realizo-talleres-para-alcaldes\/#primaryimage\"},\"thumbnailUrl\":\"https:\/\/luchonoticias.com\/editor\/wp-content\/uploads\/2024\/05\/talleres.jpg\",\"articleSection\":[\"Huila\"],\"inLanguage\":\"es\"},{\"@type\":\"WebPage\",\"@id\":\"https:\/\/luchonoticias.com\/editor\/aguas-del-huila-realizo-talleres-para-alcaldes\/\",\"url\":\"https:\/\/luchonoticias.com\/editor\/aguas-del-huila-realizo-talleres-para-alcaldes\/\",\"name\":\"Aguas del Huila realiz\u00f3 talleres para alcaldes -\",\"isPartOf\":{\"@id\":\"https:\/\/luchonoticias.com\/editor\/#website\"},\"primaryImageOfPage\":{\"@id\":\"https:\/\/luchonoticias.com\/editor\/aguas-del-huila-realizo-talleres-para-alcaldes\/#primaryimage\"},\"image\":{\"@id\":\"https:\/\/luchonoticias.com\/editor\/aguas-del-huila-realizo-talleres-para-alcaldes\/#primaryimage\"},\"thumbnailUrl\":\"https:\/\/luchonoticias.com\/editor\/wp-content\/uploads\/2024\/05\/talleres.jpg\",\"datePublished\":\"2024-05-27T23:39:59+00:00\",\"breadcrumb\":{\"@id\":\"https:\/\/luchonoticias.com\/editor\/aguas-del-huila-realizo-talleres-para-alcaldes\/#breadcrumb\"},\"inLanguage\":\"es\",\"potentialAction\":[{\"@type\":\"ReadAction\",\"target\":[\"https:\/\/luchonoticias.com\/editor\/aguas-del-huila-realizo-talleres-para-alcaldes\/\"]}]},{\"@type\":\"ImageObject\",\"inLanguage\":\"es\",\"@id\":\"https:\/\/luchonoticias.com\/editor\/aguas-del-huila-realizo-talleres-para-alcaldes\/#primaryimage\",\"url\":\"https:\/\/luchonoticias.com\/editor\/wp-content\/uploads\/2024\/05\/talleres.jpg\",\"contentUrl\":\"https:\/\/luchonoticias.com\/editor\/wp-content\/uploads\/2024\/05\/talleres.jpg\",\"width\":700,\"height\":400},{\"@type\":\"BreadcrumbList\",\"@id\":\"https:\/\/luchonoticias.com\/editor\/aguas-del-huila-realizo-talleres-para-alcaldes\/#breadcrumb\",\"itemListElement\":[{\"@type\":\"ListItem\",\"position\":1,\"name\":\"Portada\",\"item\":\"https:\/\/luchonoticias.com\/editor\/\"},{\"@type\":\"ListItem\",\"position\":2,\"name\":\"Aguas del Huila realiz\u00f3 talleres para alcaldes\"}]},{\"@type\":\"WebSite\",\"@id\":\"https:\/\/luchonoticias.com\/editor\/#website\",\"url\":\"https:\/\/luchonoticias.com\/editor\/\",\"name\":\"\",\"description\":\"\",\"publisher\":{\"@id\":\"https:\/\/luchonoticias.com\/editor\/#\/schema\/person\/7a7fd911f58561fd056dbac7b55af9cd\"},\"potentialAction\":[{\"@type\":\"SearchAction\",\"target\":{\"@type\":\"EntryPoint\",\"urlTemplate\":\"https:\/\/luchonoticias.com\/editor\/?s={search_term_string}\"},\"query-input\":{\"@type\":\"PropertyValueSpecification\",\"valueRequired\":true,\"valueName\":\"search_term_string\"}}],\"inLanguage\":\"es\"},{\"@type\":[\"Person\",\"Organization\"],\"@id\":\"https:\/\/luchonoticias.com\/editor\/#\/schema\/person\/7a7fd911f58561fd056dbac7b55af9cd\",\"name\":\"admin\",\"image\":{\"@type\":\"ImageObject\",\"inLanguage\":\"es\",\"@id\":\"https:\/\/luchonoticias.com\/editor\/#\/schema\/person\/image\/\",\"url\":\"https:\/\/luchonoticias.com\/editor\/wp-content\/uploads\/2024\/02\/cropped-cropped-logolu.webp\",\"contentUrl\":\"https:\/\/luchonoticias.com\/editor\/wp-content\/uploads\/2024\/02\/cropped-cropped-logolu.webp\",\"width\":382,\"height\":170,\"caption\":\"admin\"},\"logo\":{\"@id\":\"https:\/\/luchonoticias.com\/editor\/#\/schema\/person\/image\/\"},\"sameAs\":[\"https:\/\/www.facebook.com\/luchonoticiasneiva\"]},{\"@type\":\"Person\",\"@id\":\"https:\/\/luchonoticias.com\/editor\/#\/schema\/person\/29217990ddf6f14e35912b2866d591fb\",\"name\":\"Editor General\",\"image\":{\"@type\":\"ImageObject\",\"inLanguage\":\"es\",\"@id\":\"https:\/\/luchonoticias.com\/editor\/#\/schema\/person\/image\/\",\"url\":\"https:\/\/luchonoticias.com\/editor\/wp-content\/uploads\/2024\/02\/cropped-cropped-logolu-150x150.webp\",\"contentUrl\":\"https:\/\/luchonoticias.com\/editor\/wp-content\/uploads\/2024\/02\/cropped-cropped-logolu-150x150.webp\",\"caption\":\"Editor General\"},\"sameAs\":[\"https:\/\/luchonoticias.com\/\"],\"url\":\"https:\/\/luchonoticias.com\/editor\/author\/editor-general\/\"}]}<\/script>\n<!-- \/ Yoast SEO plugin. -->","yoast_head_json":{"title":"Aguas del Huila realiz\u00f3 talleres para alcaldes -","robots":{"index":"index","follow":"follow","max-snippet":"max-snippet:-1","max-image-preview":"max-image-preview:large","max-video-preview":"max-video-preview:-1"},"canonical":"https:\/\/luchonoticias.com\/editor\/aguas-del-huila-realizo-talleres-para-alcaldes\/","og_locale":"es_ES","og_type":"article","og_title":"Aguas del Huila realiz\u00f3 talleres para alcaldes -","og_url":"https:\/\/luchonoticias.com\/editor\/aguas-del-huila-realizo-talleres-para-alcaldes\/","article_publisher":"https:\/\/www.facebook.com\/luchonoticiasneiva","article_published_time":"2024-05-27T23:39:59+00:00","og_image":[{"width":700,"height":400,"url":"https:\/\/luchonoticias.com\/editor\/wp-content\/uploads\/2024\/05\/talleres.jpg","type":"image\/jpeg"}],"author":"Editor General","twitter_card":"summary_large_image","twitter_misc":{"Escrito por":"Editor General","Tiempo de lectura":"2 minutos"},"schema":{"@context":"https:\/\/schema.org","@graph":[{"@type":"Article","@id":"https:\/\/luchonoticias.com\/editor\/aguas-del-huila-realizo-talleres-para-alcaldes\/#article","isPartOf":{"@id":"https:\/\/luchonoticias.com\/editor\/aguas-del-huila-realizo-talleres-para-alcaldes\/"},"author":{"name":"Editor General","@id":"https:\/\/luchonoticias.com\/editor\/#\/schema\/person\/29217990ddf6f14e35912b2866d591fb"},"headline":"Aguas del Huila realiz\u00f3 talleres para alcaldes","datePublished":"2024-05-27T23:39:59+00:00","mainEntityOfPage":{"@id":"https:\/\/luchonoticias.com\/editor\/aguas-del-huila-realizo-talleres-para-alcaldes\/"},"wordCount":395,"publisher":{"@id":"https:\/\/luchonoticias.com\/editor\/#\/schema\/person\/7a7fd911f58561fd056dbac7b55af9cd"},"image":{"@id":"https:\/\/luchonoticias.com\/editor\/aguas-del-huila-realizo-talleres-para-alcaldes\/#primaryimage"},"thumbnailUrl":"https:\/\/luchonoticias.com\/editor\/wp-content\/uploads\/2024\/05\/talleres.jpg","articleSection":["Huila"],"inLanguage":"es"},{"@type":"WebPage","@id":"https:\/\/luchonoticias.com\/editor\/aguas-del-huila-realizo-talleres-para-alcaldes\/","url":"https:\/\/luchonoticias.com\/editor\/aguas-del-huila-realizo-talleres-para-alcaldes\/","name":"Aguas del Huila realiz\u00f3 talleres para alcaldes -","isPartOf":{"@id":"https:\/\/luchonoticias.com\/editor\/#website"},"primaryImageOfPage":{"@id":"https:\/\/luchonoticias.com\/editor\/aguas-del-huila-realizo-talleres-para-alcaldes\/#primaryimage"},"image":{"@id":"https:\/\/luchonoticias.com\/editor\/aguas-del-huila-realizo-talleres-para-alcaldes\/#primaryimage"},"thumbnailUrl":"https:\/\/luchonoticias.com\/editor\/wp-content\/uploads\/2024\/05\/talleres.jpg","datePublished":"2024-05-27T23:39:59+00:00","breadcrumb":{"@id":"https:\/\/luchonoticias.com\/editor\/aguas-del-huila-realizo-talleres-para-alcaldes\/#breadcrumb"},"inLanguage":"es","potentialAction":[{"@type":"ReadAction","target":["https:\/\/luchonoticias.com\/editor\/aguas-del-huila-realizo-talleres-para-alcaldes\/"]}]},{"@type":"ImageObject","inLanguage":"es","@id":"https:\/\/luchonoticias.com\/editor\/aguas-del-huila-realizo-talleres-para-alcaldes\/#primaryimage","url":"https:\/\/luchonoticias.com\/editor\/wp-content\/uploads\/2024\/05\/talleres.jpg","contentUrl":"https:\/\/luchonoticias.com\/editor\/wp-content\/uploads\/2024\/05\/talleres.jpg","width":700,"height":400},{"@type":"BreadcrumbList","@id":"https:\/\/luchonoticias.com\/editor\/aguas-del-huila-realizo-talleres-para-alcaldes\/#breadcrumb","itemListElement":[{"@type":"ListItem","position":1,"name":"Portada","item":"https:\/\/luchonoticias.com\/editor\/"},{"@type":"ListItem","position":2,"name":"Aguas del Huila realiz\u00f3 talleres para alcaldes"}]},{"@type":"WebSite","@id":"https:\/\/luchonoticias.com\/editor\/#website","url":"https:\/\/luchonoticias.com\/editor\/","name":"","description":"","publisher":{"@id":"https:\/\/luchonoticias.com\/editor\/#\/schema\/person\/7a7fd911f58561fd056dbac7b55af9cd"},"potentialAction":[{"@type":"SearchAction","target":{"@type":"EntryPoint","urlTemplate":"https:\/\/luchonoticias.com\/editor\/?s={search_term_string}"},"query-input":{"@type":"PropertyValueSpecification","valueRequired":true,"valueName":"search_term_string"}}],"inLanguage":"es"},{"@type":["Person","Organization"],"@id":"https:\/\/luchonoticias.com\/editor\/#\/schema\/person\/7a7fd911f58561fd056dbac7b55af9cd","name":"admin","image":{"@type":"ImageObject","inLanguage":"es","@id":"https:\/\/luchonoticias.com\/editor\/#\/schema\/person\/image\/","url":"https:\/\/luchonoticias.com\/editor\/wp-content\/uploads\/2024\/02\/cropped-cropped-logolu.webp","contentUrl":"https:\/\/luchonoticias.com\/editor\/wp-content\/uploads\/2024\/02\/cropped-cropped-logolu.webp","width":382,"height":170,"caption":"admin"},"logo":{"@id":"https:\/\/luchonoticias.com\/editor\/#\/schema\/person\/image\/"},"sameAs":["https:\/\/www.facebook.com\/luchonoticiasneiva"]},{"@type":"Person","@id":"https:\/\/luchonoticias.com\/editor\/#\/schema\/person\/29217990ddf6f14e35912b2866d591fb","name":"Editor General","image":{"@type":"ImageObject","inLanguage":"es","@id":"https:\/\/luchonoticias.com\/editor\/#\/schema\/person\/image\/","url":"https:\/\/luchonoticias.com\/editor\/wp-content\/uploads\/2024\/02\/cropped-cropped-logolu-150x150.webp","contentUrl":"https:\/\/luchonoticias.com\/editor\/wp-content\/uploads\/2024\/02\/cropped-cropped-logolu-150x150.webp","caption":"Editor General"},"sameAs":["https:\/\/luchonoticias.com\/"],"url":"https:\/\/luchonoticias.com\/editor\/author\/editor-general\/"}]}},"_links":{"self":[{"href":"https:\/\/luchonoticias.com\/editor\/wp-json\/wp\/v2\/posts\/73509","targetHints":{"allow":["GET"]}}],"collection":[{"href":"https:\/\/luchonoticias.com\/editor\/wp-json\/wp\/v2\/posts"}],"about":[{"href":"https:\/\/luchonoticias.com\/editor\/wp-json\/wp\/v2\/types\/post"}],"author":[{"embeddable":true,"href":"https:\/\/luchonoticias.com\/editor\/wp-json\/wp\/v2\/users\/2"}],"replies":[{"embeddable":true,"href":"https:\/\/luchonoticias.com\/editor\/wp-json\/wp\/v2\/comments?post=73509"}],"version-history":[{"count":0,"href":"https:\/\/luchonoticias.com\/editor\/wp-json\/wp\/v2\/posts\/73509\/revisions"}],"wp:featuredmedia":[{"embeddable":true,"href":"https:\/\/luchonoticias.com\/editor\/wp-json\/wp\/v2\/media\/73510"}],"wp:attachment":[{"href":"https:\/\/luchonoticias.com\/editor\/wp-json\/wp\/v2\/media?parent=73509"}],"wp:term":[{"taxonomy":"category","embeddable":true,"href":"https:\/\/luchonoticias.com\/editor\/wp-json\/wp\/v2\/categories?post=73509"},{"taxonomy":"post_tag","embeddable":true,"href":"https:\/\/luchonoticias.com\/editor\/wp-json\/wp\/v2\/tags?post=73509"}],"curies":[{"name":"wp","href":"https:\/\/api.w.org\/{rel}","templated":true}]}}