{"id":73527,"date":"2024-05-28T07:31:38","date_gmt":"2024-05-28T12:31:38","guid":{"rendered":"https:\/\/luchonoticias.com\/?p=73527"},"modified":"2024-05-28T07:31:38","modified_gmt":"2024-05-28T12:31:38","slug":"garzon-tambien-vive-sus-rondas-sampedrinas","status":"publish","type":"post","link":"https:\/\/luchonoticias.com\/editor\/garzon-tambien-vive-sus-rondas-sampedrinas\/","title":{"rendered":"Garz\u00f3n tambi\u00e9n vive sus rondas sampedrinas"},"content":{"rendered":"<p>El polideportivo del barrio Minuto de Dios en Garz\u00f3n, se visti\u00f3 de m\u00fasica, danza y folclor en la apertura de sus rondas SanPedrinas.<\/p>\n<p>Hermosas reinas, candidatas, grupos de danzas, banda San Miguel, concejales, lideres culturales y comunidad en general, hicieron parte de esta hermosa apertura, llena de alegr\u00eda, folclor y cultura.<\/p>\n<p>\u201cEs de gran satisfacci\u00f3n, que hoy familias, estemos reunidas para el inicio de las rondas sampedrinas. Nosotros como administraci\u00f3n municipal, los invitamos a vivir unas fiestas con mucha tranquilidad y que compartamos cada actividad de la programaci\u00f3n, porque es un evento de ustedes y para ustedes\u201d Afirm\u00f3 Francisco Calder\u00f3n Feriz Alcalde<\/p>\n<p>Programaci\u00f3n de las Rondas Sampedrinas:<br \/>\n31 de mayo &#8211; Barrio Los Guadales a las 07:00 de la noche<br \/>\n01 de Junio &#8211; CP. Majo a las 07:00 de la noche<br \/>\n02 de Junio &#8211; Barrio Riveras de Garz\u00f3n a las 07:00 de la noche.<br \/>\n08 de Junio &#8211; CP. Zuluaga a las 03:00 de la tarde<br \/>\n09 de Junio &#8211; Barrio Nazareth a las 07:00 de la noche<br \/>\n14 de Junio &#8211; Barrio Juan Pablo II a las 07:00 de la noche<br \/>\n15 de Junio &#8211; CP. La Jagua a las 07:00 de la noche<br \/>\n16 de Junio &#8211; Barrio Las Mercedes a las 07:00 de la noche<\/p>\n","protected":false},"excerpt":{"rendered":"<p>El polideportivo del barrio Minuto de Dios en Garz\u00f3n, se visti\u00f3 de m\u00fasica, danza y folclor en la apertura de sus rondas SanPedrinas. Hermosas reinas, candidatas, grupos de danzas, banda San Miguel, concejales, lideres culturales y comunidad en general, hicieron parte de esta hermosa apertura, llena de alegr\u00eda, folclor y cultura. \u201cEs de gran satisfacci\u00f3n, [&hellip;]<\/p>\n","protected":false},"author":2,"featured_media":73528,"comment_status":"closed","ping_status":"open","sticky":false,"template":"","format":"standard","meta":{"footnotes":""},"categories":[33],"tags":[],"class_list":["post-73527","post","type-post","status-publish","format-standard","has-post-thumbnail","hentry","category-huila"],"yoast_head":"<!-- This site is optimized with the Yoast SEO plugin v26.6 - https:\/\/yoast.com\/wordpress\/plugins\/seo\/ -->\n<title>Garz\u00f3n tambi\u00e9n vive sus rondas sampedrinas -<\/title>\n<meta name=\"robots\" content=\"index, follow, max-snippet:-1, max-image-preview:large, max-video-preview:-1\" \/>\n<link rel=\"canonical\" href=\"https:\/\/luchonoticias.com\/editor\/garzon-tambien-vive-sus-rondas-sampedrinas\/\" \/>\n<meta property=\"og:locale\" content=\"es_ES\" \/>\n<meta property=\"og:type\" content=\"article\" \/>\n<meta property=\"og:title\" content=\"Garz\u00f3n tambi\u00e9n vive sus rondas sampedrinas -\" \/>\n<meta property=\"og:url\" content=\"https:\/\/luchonoticias.com\/editor\/garzon-tambien-vive-sus-rondas-sampedrinas\/\" \/>\n<meta property=\"article:publisher\" content=\"https:\/\/www.facebook.com\/luchonoticiasneiva\" \/>\n<meta property=\"article:published_time\" content=\"2024-05-28T12:31:38+00:00\" \/>\n<meta property=\"og:image\" content=\"https:\/\/luchonoticias.com\/editor\/wp-content\/uploads\/2024\/05\/ronda-sampedrina-garzon.jpg\" \/>\n\t<meta property=\"og:image:width\" content=\"700\" \/>\n\t<meta property=\"og:image:height\" content=\"400\" \/>\n\t<meta property=\"og:image:type\" content=\"image\/jpeg\" \/>\n<meta name=\"author\" content=\"Editor General\" \/>\n<meta name=\"twitter:card\" content=\"summary_large_image\" \/>\n<meta name=\"twitter:label1\" content=\"Escrito por\" \/>\n\t<meta name=\"twitter:data1\" content=\"Editor General\" \/>\n\t<meta name=\"twitter:label2\" content=\"Tiempo de lectura\" \/>\n\t<meta name=\"twitter:data2\" content=\"1 minuto\" \/>\n<script type=\"application\/ld+json\" class=\"yoast-schema-graph\">{\"@context\":\"https:\/\/schema.org\",\"@graph\":[{\"@type\":\"Article\",\"@id\":\"https:\/\/luchonoticias.com\/editor\/garzon-tambien-vive-sus-rondas-sampedrinas\/#article\",\"isPartOf\":{\"@id\":\"https:\/\/luchonoticias.com\/editor\/garzon-tambien-vive-sus-rondas-sampedrinas\/\"},\"author\":{\"name\":\"Editor General\",\"@id\":\"https:\/\/luchonoticias.com\/editor\/#\/schema\/person\/29217990ddf6f14e35912b2866d591fb\"},\"headline\":\"Garz\u00f3n tambi\u00e9n vive sus rondas sampedrinas\",\"datePublished\":\"2024-05-28T12:31:38+00:00\",\"mainEntityOfPage\":{\"@id\":\"https:\/\/luchonoticias.com\/editor\/garzon-tambien-vive-sus-rondas-sampedrinas\/\"},\"wordCount\":211,\"publisher\":{\"@id\":\"https:\/\/luchonoticias.com\/editor\/#\/schema\/person\/7a7fd911f58561fd056dbac7b55af9cd\"},\"image\":{\"@id\":\"https:\/\/luchonoticias.com\/editor\/garzon-tambien-vive-sus-rondas-sampedrinas\/#primaryimage\"},\"thumbnailUrl\":\"https:\/\/luchonoticias.com\/editor\/wp-content\/uploads\/2024\/05\/ronda-sampedrina-garzon.jpg\",\"articleSection\":[\"Huila\"],\"inLanguage\":\"es\"},{\"@type\":\"WebPage\",\"@id\":\"https:\/\/luchonoticias.com\/editor\/garzon-tambien-vive-sus-rondas-sampedrinas\/\",\"url\":\"https:\/\/luchonoticias.com\/editor\/garzon-tambien-vive-sus-rondas-sampedrinas\/\",\"name\":\"Garz\u00f3n tambi\u00e9n vive sus rondas sampedrinas -\",\"isPartOf\":{\"@id\":\"https:\/\/luchonoticias.com\/editor\/#website\"},\"primaryImageOfPage\":{\"@id\":\"https:\/\/luchonoticias.com\/editor\/garzon-tambien-vive-sus-rondas-sampedrinas\/#primaryimage\"},\"image\":{\"@id\":\"https:\/\/luchonoticias.com\/editor\/garzon-tambien-vive-sus-rondas-sampedrinas\/#primaryimage\"},\"thumbnailUrl\":\"https:\/\/luchonoticias.com\/editor\/wp-content\/uploads\/2024\/05\/ronda-sampedrina-garzon.jpg\",\"datePublished\":\"2024-05-28T12:31:38+00:00\",\"breadcrumb\":{\"@id\":\"https:\/\/luchonoticias.com\/editor\/garzon-tambien-vive-sus-rondas-sampedrinas\/#breadcrumb\"},\"inLanguage\":\"es\",\"potentialAction\":[{\"@type\":\"ReadAction\",\"target\":[\"https:\/\/luchonoticias.com\/editor\/garzon-tambien-vive-sus-rondas-sampedrinas\/\"]}]},{\"@type\":\"ImageObject\",\"inLanguage\":\"es\",\"@id\":\"https:\/\/luchonoticias.com\/editor\/garzon-tambien-vive-sus-rondas-sampedrinas\/#primaryimage\",\"url\":\"https:\/\/luchonoticias.com\/editor\/wp-content\/uploads\/2024\/05\/ronda-sampedrina-garzon.jpg\",\"contentUrl\":\"https:\/\/luchonoticias.com\/editor\/wp-content\/uploads\/2024\/05\/ronda-sampedrina-garzon.jpg\",\"width\":700,\"height\":400},{\"@type\":\"BreadcrumbList\",\"@id\":\"https:\/\/luchonoticias.com\/editor\/garzon-tambien-vive-sus-rondas-sampedrinas\/#breadcrumb\",\"itemListElement\":[{\"@type\":\"ListItem\",\"position\":1,\"name\":\"Portada\",\"item\":\"https:\/\/luchonoticias.com\/editor\/\"},{\"@type\":\"ListItem\",\"position\":2,\"name\":\"Garz\u00f3n tambi\u00e9n vive sus rondas sampedrinas\"}]},{\"@type\":\"WebSite\",\"@id\":\"https:\/\/luchonoticias.com\/editor\/#website\",\"url\":\"https:\/\/luchonoticias.com\/editor\/\",\"name\":\"\",\"description\":\"\",\"publisher\":{\"@id\":\"https:\/\/luchonoticias.com\/editor\/#\/schema\/person\/7a7fd911f58561fd056dbac7b55af9cd\"},\"potentialAction\":[{\"@type\":\"SearchAction\",\"target\":{\"@type\":\"EntryPoint\",\"urlTemplate\":\"https:\/\/luchonoticias.com\/editor\/?s={search_term_string}\"},\"query-input\":{\"@type\":\"PropertyValueSpecification\",\"valueRequired\":true,\"valueName\":\"search_term_string\"}}],\"inLanguage\":\"es\"},{\"@type\":[\"Person\",\"Organization\"],\"@id\":\"https:\/\/luchonoticias.com\/editor\/#\/schema\/person\/7a7fd911f58561fd056dbac7b55af9cd\",\"name\":\"admin\",\"image\":{\"@type\":\"ImageObject\",\"inLanguage\":\"es\",\"@id\":\"https:\/\/luchonoticias.com\/editor\/#\/schema\/person\/image\/\",\"url\":\"https:\/\/luchonoticias.com\/editor\/wp-content\/uploads\/2024\/02\/cropped-cropped-logolu.webp\",\"contentUrl\":\"https:\/\/luchonoticias.com\/editor\/wp-content\/uploads\/2024\/02\/cropped-cropped-logolu.webp\",\"width\":382,\"height\":170,\"caption\":\"admin\"},\"logo\":{\"@id\":\"https:\/\/luchonoticias.com\/editor\/#\/schema\/person\/image\/\"},\"sameAs\":[\"https:\/\/www.facebook.com\/luchonoticiasneiva\"]},{\"@type\":\"Person\",\"@id\":\"https:\/\/luchonoticias.com\/editor\/#\/schema\/person\/29217990ddf6f14e35912b2866d591fb\",\"name\":\"Editor General\",\"image\":{\"@type\":\"ImageObject\",\"inLanguage\":\"es\",\"@id\":\"https:\/\/luchonoticias.com\/editor\/#\/schema\/person\/image\/\",\"url\":\"https:\/\/luchonoticias.com\/editor\/wp-content\/uploads\/2024\/02\/cropped-cropped-logolu-150x150.webp\",\"contentUrl\":\"https:\/\/luchonoticias.com\/editor\/wp-content\/uploads\/2024\/02\/cropped-cropped-logolu-150x150.webp\",\"caption\":\"Editor General\"},\"sameAs\":[\"https:\/\/luchonoticias.com\/\"],\"url\":\"https:\/\/luchonoticias.com\/editor\/author\/editor-general\/\"}]}<\/script>\n<!-- \/ Yoast SEO plugin. -->","yoast_head_json":{"title":"Garz\u00f3n tambi\u00e9n vive sus rondas sampedrinas -","robots":{"index":"index","follow":"follow","max-snippet":"max-snippet:-1","max-image-preview":"max-image-preview:large","max-video-preview":"max-video-preview:-1"},"canonical":"https:\/\/luchonoticias.com\/editor\/garzon-tambien-vive-sus-rondas-sampedrinas\/","og_locale":"es_ES","og_type":"article","og_title":"Garz\u00f3n tambi\u00e9n vive sus rondas sampedrinas -","og_url":"https:\/\/luchonoticias.com\/editor\/garzon-tambien-vive-sus-rondas-sampedrinas\/","article_publisher":"https:\/\/www.facebook.com\/luchonoticiasneiva","article_published_time":"2024-05-28T12:31:38+00:00","og_image":[{"width":700,"height":400,"url":"https:\/\/luchonoticias.com\/editor\/wp-content\/uploads\/2024\/05\/ronda-sampedrina-garzon.jpg","type":"image\/jpeg"}],"author":"Editor General","twitter_card":"summary_large_image","twitter_misc":{"Escrito por":"Editor General","Tiempo de lectura":"1 minuto"},"schema":{"@context":"https:\/\/schema.org","@graph":[{"@type":"Article","@id":"https:\/\/luchonoticias.com\/editor\/garzon-tambien-vive-sus-rondas-sampedrinas\/#article","isPartOf":{"@id":"https:\/\/luchonoticias.com\/editor\/garzon-tambien-vive-sus-rondas-sampedrinas\/"},"author":{"name":"Editor General","@id":"https:\/\/luchonoticias.com\/editor\/#\/schema\/person\/29217990ddf6f14e35912b2866d591fb"},"headline":"Garz\u00f3n tambi\u00e9n vive sus rondas sampedrinas","datePublished":"2024-05-28T12:31:38+00:00","mainEntityOfPage":{"@id":"https:\/\/luchonoticias.com\/editor\/garzon-tambien-vive-sus-rondas-sampedrinas\/"},"wordCount":211,"publisher":{"@id":"https:\/\/luchonoticias.com\/editor\/#\/schema\/person\/7a7fd911f58561fd056dbac7b55af9cd"},"image":{"@id":"https:\/\/luchonoticias.com\/editor\/garzon-tambien-vive-sus-rondas-sampedrinas\/#primaryimage"},"thumbnailUrl":"https:\/\/luchonoticias.com\/editor\/wp-content\/uploads\/2024\/05\/ronda-sampedrina-garzon.jpg","articleSection":["Huila"],"inLanguage":"es"},{"@type":"WebPage","@id":"https:\/\/luchonoticias.com\/editor\/garzon-tambien-vive-sus-rondas-sampedrinas\/","url":"https:\/\/luchonoticias.com\/editor\/garzon-tambien-vive-sus-rondas-sampedrinas\/","name":"Garz\u00f3n tambi\u00e9n vive sus rondas sampedrinas -","isPartOf":{"@id":"https:\/\/luchonoticias.com\/editor\/#website"},"primaryImageOfPage":{"@id":"https:\/\/luchonoticias.com\/editor\/garzon-tambien-vive-sus-rondas-sampedrinas\/#primaryimage"},"image":{"@id":"https:\/\/luchonoticias.com\/editor\/garzon-tambien-vive-sus-rondas-sampedrinas\/#primaryimage"},"thumbnailUrl":"https:\/\/luchonoticias.com\/editor\/wp-content\/uploads\/2024\/05\/ronda-sampedrina-garzon.jpg","datePublished":"2024-05-28T12:31:38+00:00","breadcrumb":{"@id":"https:\/\/luchonoticias.com\/editor\/garzon-tambien-vive-sus-rondas-sampedrinas\/#breadcrumb"},"inLanguage":"es","potentialAction":[{"@type":"ReadAction","target":["https:\/\/luchonoticias.com\/editor\/garzon-tambien-vive-sus-rondas-sampedrinas\/"]}]},{"@type":"ImageObject","inLanguage":"es","@id":"https:\/\/luchonoticias.com\/editor\/garzon-tambien-vive-sus-rondas-sampedrinas\/#primaryimage","url":"https:\/\/luchonoticias.com\/editor\/wp-content\/uploads\/2024\/05\/ronda-sampedrina-garzon.jpg","contentUrl":"https:\/\/luchonoticias.com\/editor\/wp-content\/uploads\/2024\/05\/ronda-sampedrina-garzon.jpg","width":700,"height":400},{"@type":"BreadcrumbList","@id":"https:\/\/luchonoticias.com\/editor\/garzon-tambien-vive-sus-rondas-sampedrinas\/#breadcrumb","itemListElement":[{"@type":"ListItem","position":1,"name":"Portada","item":"https:\/\/luchonoticias.com\/editor\/"},{"@type":"ListItem","position":2,"name":"Garz\u00f3n tambi\u00e9n vive sus rondas sampedrinas"}]},{"@type":"WebSite","@id":"https:\/\/luchonoticias.com\/editor\/#website","url":"https:\/\/luchonoticias.com\/editor\/","name":"","description":"","publisher":{"@id":"https:\/\/luchonoticias.com\/editor\/#\/schema\/person\/7a7fd911f58561fd056dbac7b55af9cd"},"potentialAction":[{"@type":"SearchAction","target":{"@type":"EntryPoint","urlTemplate":"https:\/\/luchonoticias.com\/editor\/?s={search_term_string}"},"query-input":{"@type":"PropertyValueSpecification","valueRequired":true,"valueName":"search_term_string"}}],"inLanguage":"es"},{"@type":["Person","Organization"],"@id":"https:\/\/luchonoticias.com\/editor\/#\/schema\/person\/7a7fd911f58561fd056dbac7b55af9cd","name":"admin","image":{"@type":"ImageObject","inLanguage":"es","@id":"https:\/\/luchonoticias.com\/editor\/#\/schema\/person\/image\/","url":"https:\/\/luchonoticias.com\/editor\/wp-content\/uploads\/2024\/02\/cropped-cropped-logolu.webp","contentUrl":"https:\/\/luchonoticias.com\/editor\/wp-content\/uploads\/2024\/02\/cropped-cropped-logolu.webp","width":382,"height":170,"caption":"admin"},"logo":{"@id":"https:\/\/luchonoticias.com\/editor\/#\/schema\/person\/image\/"},"sameAs":["https:\/\/www.facebook.com\/luchonoticiasneiva"]},{"@type":"Person","@id":"https:\/\/luchonoticias.com\/editor\/#\/schema\/person\/29217990ddf6f14e35912b2866d591fb","name":"Editor General","image":{"@type":"ImageObject","inLanguage":"es","@id":"https:\/\/luchonoticias.com\/editor\/#\/schema\/person\/image\/","url":"https:\/\/luchonoticias.com\/editor\/wp-content\/uploads\/2024\/02\/cropped-cropped-logolu-150x150.webp","contentUrl":"https:\/\/luchonoticias.com\/editor\/wp-content\/uploads\/2024\/02\/cropped-cropped-logolu-150x150.webp","caption":"Editor General"},"sameAs":["https:\/\/luchonoticias.com\/"],"url":"https:\/\/luchonoticias.com\/editor\/author\/editor-general\/"}]}},"_links":{"self":[{"href":"https:\/\/luchonoticias.com\/editor\/wp-json\/wp\/v2\/posts\/73527","targetHints":{"allow":["GET"]}}],"collection":[{"href":"https:\/\/luchonoticias.com\/editor\/wp-json\/wp\/v2\/posts"}],"about":[{"href":"https:\/\/luchonoticias.com\/editor\/wp-json\/wp\/v2\/types\/post"}],"author":[{"embeddable":true,"href":"https:\/\/luchonoticias.com\/editor\/wp-json\/wp\/v2\/users\/2"}],"replies":[{"embeddable":true,"href":"https:\/\/luchonoticias.com\/editor\/wp-json\/wp\/v2\/comments?post=73527"}],"version-history":[{"count":0,"href":"https:\/\/luchonoticias.com\/editor\/wp-json\/wp\/v2\/posts\/73527\/revisions"}],"wp:featuredmedia":[{"embeddable":true,"href":"https:\/\/luchonoticias.com\/editor\/wp-json\/wp\/v2\/media\/73528"}],"wp:attachment":[{"href":"https:\/\/luchonoticias.com\/editor\/wp-json\/wp\/v2\/media?parent=73527"}],"wp:term":[{"taxonomy":"category","embeddable":true,"href":"https:\/\/luchonoticias.com\/editor\/wp-json\/wp\/v2\/categories?post=73527"},{"taxonomy":"post_tag","embeddable":true,"href":"https:\/\/luchonoticias.com\/editor\/wp-json\/wp\/v2\/tags?post=73527"}],"curies":[{"name":"wp","href":"https:\/\/api.w.org\/{rel}","templated":true}]}}