{"id":73537,"date":"2024-05-28T18:07:14","date_gmt":"2024-05-28T23:07:14","guid":{"rendered":"https:\/\/luchonoticias.com\/?p=73537"},"modified":"2024-05-28T18:07:14","modified_gmt":"2024-05-28T23:07:14","slug":"unidad-contra-el-trafico-de-especies","status":"publish","type":"post","link":"https:\/\/luchonoticias.com\/editor\/unidad-contra-el-trafico-de-especies\/","title":{"rendered":"Unidad contra el tr\u00e1fico de especies"},"content":{"rendered":"<p>A frenar el tr\u00e1fico ilegal de los recursos naturales, entre ellos la fauna y flora silvestre y dem\u00e1s recursos renovables en el Huila, se comprometieron las autoridades del Huila, durante la firma del acuerdo que constituye el Comit\u00e9 Interadministrativo para el Control y Vigilancia del Aprovechamiento y Tr\u00e1fico Ilegal de la Flora y Fauna Silvestre.<\/p>\n<p>La Corporaci\u00f3n Aut\u00f3noma Regional del Alto Magdalena-CAM, la Gobernaci\u00f3n del Huila, la Novena Brigada del Ej\u00e9rcito, la Polic\u00eda Huila, la Polic\u00eda Metropolitana, la Fuerza A\u00e9rea, el Instituto Colombiano Agropecuario ICA y la Procuradur\u00eda Ambiente y Agraria, fueron las entidades que suscribieron esta iniciativa que busca contrarrestar este flagelo contra el medioambiente en los 37 municipios del departamento.<\/p>\n<p>\u201cEste comit\u00e9 tiene como objeto aunar las voluntades, las capacidades t\u00e9cnicas cooperativas y log\u00edsticas de todas las instituciones de la Fuerza P\u00fablica que permitir\u00e1n disminuir el riesgo del tr\u00e1fico de las especies de flora y fauna silvestre del Huila, considerado esto un delito ambiental en el pa\u00eds\u201d, afirm\u00f3 Camilo Augusto Agudelo Perdomo, director General de la CAM.<br \/>\nDe acuerdo con Agudelo Perdomo, la conformaci\u00f3n de este comit\u00e9 permitir\u00e1 que exista un ejercicio de autoridad fuerte a trav\u00e9s de operativos de control contra el uso ilegal de los recursos naturales y el tr\u00e1fico de nuestras especies nativas.<\/p>\n<p><img loading=\"lazy\" decoding=\"async\" class=\"alignnone wp-image-73539\" src=\"https:\/\/luchonoticias.com\/wp-content\/uploads\/2024\/05\/WhatsApp-Image-2024-05-28-at-17.02.55-300x212.jpeg\" alt=\"\" width=\"700\" height=\"494\" srcset=\"https:\/\/luchonoticias.com\/editor\/wp-content\/uploads\/2024\/05\/WhatsApp-Image-2024-05-28-at-17.02.55-300x212.jpeg 300w, https:\/\/luchonoticias.com\/editor\/wp-content\/uploads\/2024\/05\/WhatsApp-Image-2024-05-28-at-17.02.55-1024x723.jpeg 1024w, https:\/\/luchonoticias.com\/editor\/wp-content\/uploads\/2024\/05\/WhatsApp-Image-2024-05-28-at-17.02.55-768x542.jpeg 768w, https:\/\/luchonoticias.com\/editor\/wp-content\/uploads\/2024\/05\/WhatsApp-Image-2024-05-28-at-17.02.55-1536x1084.jpeg 1536w, https:\/\/luchonoticias.com\/editor\/wp-content\/uploads\/2024\/05\/WhatsApp-Image-2024-05-28-at-17.02.55.jpeg 1600w\" sizes=\"auto, (max-width: 700px) 100vw, 700px\" \/><\/p>\n<p><strong>Cero deforestaci\u00f3n<\/strong><\/p>\n<p>Para las entidades firmantes seguir disminuyendo las cifras de deforestaci\u00f3n es imperativo para garantizar tanto la conservaci\u00f3n de la biodiversidad y de ecosistemas estrat\u00e9gicos como los bosques del Macizo Colombiano, lo que permite entrar a mercados europeos.<\/p>\n<p>\u201cYa en el Huila hay un proyecto piloto que habla de la cero deforestaci\u00f3n para poder entrar al mercado de Europa con nuestros productos insignias como el caf\u00e9 y cacao. Entonces si el productor no lleva ese certificado de buenas pr\u00e1cticas con \u00e1reas sin deforestar, no se puede mantener en el mercado europeo; entonces este acuerdo nos va a ayudar mucho en el contexto de la producci\u00f3n agr\u00edcola bajo criterios de sostenibilidad\u201d, resalt\u00f3 Rodrigo Villalba Mosquera, gobernador del Huila, quien se\u00f1al\u00f3 el buen ranking que tiene el departamento en la conservaci\u00f3n de sus \u00e1reas protegidas, raz\u00f3n por la cual destac\u00f3 el papel de la CAM, entidad que ha sido determinante en este resultado.<\/p>\n<p><strong>Los acuerdos<\/strong><\/p>\n<p>Dentro de los acuerdos de este comit\u00e9, que tiene una vigencia de dos a\u00f1os, se resaltan los de promover y ejecutar programas y pol\u00edticas nacionales, regionales y sectoriales en relaci\u00f3n con el medio ambiente y los recursos naturales renovables.<\/p>\n<p><img loading=\"lazy\" decoding=\"async\" class=\"alignnone wp-image-73540\" src=\"https:\/\/luchonoticias.com\/wp-content\/uploads\/2024\/05\/WhatsApp-Image-2024-05-28-at-17.02.56-1-300x181.jpeg\" alt=\"\" width=\"700\" height=\"423\" srcset=\"https:\/\/luchonoticias.com\/editor\/wp-content\/uploads\/2024\/05\/WhatsApp-Image-2024-05-28-at-17.02.56-1-300x181.jpeg 300w, https:\/\/luchonoticias.com\/editor\/wp-content\/uploads\/2024\/05\/WhatsApp-Image-2024-05-28-at-17.02.56-1-1024x618.jpeg 1024w, https:\/\/luchonoticias.com\/editor\/wp-content\/uploads\/2024\/05\/WhatsApp-Image-2024-05-28-at-17.02.56-1-768x464.jpeg 768w, https:\/\/luchonoticias.com\/editor\/wp-content\/uploads\/2024\/05\/WhatsApp-Image-2024-05-28-at-17.02.56-1-1536x927.jpeg 1536w, https:\/\/luchonoticias.com\/editor\/wp-content\/uploads\/2024\/05\/WhatsApp-Image-2024-05-28-at-17.02.56-1.jpeg 1600w\" sizes=\"auto, (max-width: 700px) 100vw, 700px\" \/><\/p>\n<p>As\u00ed mismo, coordinar y dirigir, con la asesor\u00eda de la CAM, las actividades de control y vigilancia ambientales intermunicipales que se realicen en el departamento con el apoyo de la Fuerza P\u00fablica, en relaci\u00f3n con la movilizaci\u00f3n, procesamiento, uso, aprovechamiento y comercializaci\u00f3n de los recursos naturales renovables.<\/p>\n<p>Adem\u00e1s, la Fuerza P\u00fablica velar\u00e1 en todo el territorio por la protecci\u00f3n y defensa del medio ambiente y los recursos naturales renovables y por el cumplimiento de las normas dictadas con el fin de proteger el patrimonio natural de la naci\u00f3n.<\/p>\n<p>Sumado a esto se conservar\u00e1n las \u00e1reas de especial importancia ecol\u00f3gica y fomentar\u00e1 la educaci\u00f3n para el logro de estos fines. As\u00ed como se buscar\u00e1 prevenir y controlar los factores de deterioro ambiental, imponer las sanciones legales y exigir la reparaci\u00f3n de los da\u00f1os causados.<\/p>\n<p><strong>Llamado a ayudar<\/strong><\/p>\n<p>Finalmente, la CAM hizo un llamado a la comunidad a denunciar ante las autoridades que componen este comit\u00e9, a la Polic\u00eda, el Ej\u00e9rcito y las administraciones tanto departamentales como municipales cualquier indicio de actividades relacionadas con el delito de tr\u00e1fico de especies silvestres.<\/p>\n<p><img loading=\"lazy\" decoding=\"async\" class=\"alignnone wp-image-73541\" src=\"https:\/\/luchonoticias.com\/wp-content\/uploads\/2024\/05\/WhatsApp-Image-2024-05-28-at-17.02.56-300x181.jpeg\" alt=\"\" width=\"700\" height=\"422\" srcset=\"https:\/\/luchonoticias.com\/editor\/wp-content\/uploads\/2024\/05\/WhatsApp-Image-2024-05-28-at-17.02.56-300x181.jpeg 300w, https:\/\/luchonoticias.com\/editor\/wp-content\/uploads\/2024\/05\/WhatsApp-Image-2024-05-28-at-17.02.56-1024x617.jpeg 1024w, https:\/\/luchonoticias.com\/editor\/wp-content\/uploads\/2024\/05\/WhatsApp-Image-2024-05-28-at-17.02.56-768x463.jpeg 768w, https:\/\/luchonoticias.com\/editor\/wp-content\/uploads\/2024\/05\/WhatsApp-Image-2024-05-28-at-17.02.56-1536x925.jpeg 1536w, https:\/\/luchonoticias.com\/editor\/wp-content\/uploads\/2024\/05\/WhatsApp-Image-2024-05-28-at-17.02.56.jpeg 1600w\" sizes=\"auto, (max-width: 700px) 100vw, 700px\" \/><\/p>\n<p>\u201cNuestro llamado es a que unamos esfuerzos por la conservaci\u00f3n de los recursos naturales, de ello depende nuestra calidad de vida, la de nuestras familias y el futuro de las personas que van a habitar este territorio. Es nuestra responsabilidad y debemos afrontarla con todo el compromiso\u201d, puntualiz\u00f3 el Director de la CAM.<\/p>\n<p><strong>Huila conservado<\/strong><\/p>\n<p>Vale la pena mencionar que el Huila es l\u00edder a nivel nacional en la conservaci\u00f3n y protecci\u00f3n de sus ecosistemas estrat\u00e9gicos, a trav\u00e9s de la declaratoria de \u00e1reas protegidas y diferentes figuras de conservaci\u00f3n.<\/p>\n<p>El Huila cuenta con ecosistemas estrat\u00e9gicos de gran importancia para la regi\u00f3n Surcolombiana y el pa\u00eds, entre ellos, m\u00e1s de 700 mil hect\u00e1reas de bosque natural 120 mil hect\u00e1reas de p\u00e1ramos y 24.745 hect\u00e1reas de bosque seco tropical<\/p>\n<p>Son m\u00e1s de 612 mil hect\u00e1reas entre \u00e1reas protegidas y diferentes figuras de conservaci\u00f3n del orden nacional, regional, local y privado, que representan el 33% del \u00e1rea del departamento en estado de conservaci\u00f3n.<\/p>\n","protected":false},"excerpt":{"rendered":"<p>A frenar el tr\u00e1fico ilegal de los recursos naturales, entre ellos la fauna y flora silvestre y dem\u00e1s recursos renovables en el Huila, se comprometieron las autoridades del Huila, durante la firma del acuerdo que constituye el Comit\u00e9 Interadministrativo para el Control y Vigilancia del Aprovechamiento y Tr\u00e1fico Ilegal de la Flora y Fauna Silvestre. [&hellip;]<\/p>\n","protected":false},"author":2,"featured_media":73538,"comment_status":"closed","ping_status":"open","sticky":false,"template":"","format":"standard","meta":{"footnotes":""},"categories":[33],"tags":[],"class_list":["post-73537","post","type-post","status-publish","format-standard","has-post-thumbnail","hentry","category-huila"],"yoast_head":"<!-- This site is optimized with the Yoast SEO plugin v26.6 - https:\/\/yoast.com\/wordpress\/plugins\/seo\/ -->\n<title>Unidad contra el tr\u00e1fico de especies -<\/title>\n<meta name=\"robots\" content=\"index, follow, max-snippet:-1, max-image-preview:large, max-video-preview:-1\" \/>\n<link rel=\"canonical\" href=\"https:\/\/luchonoticias.com\/editor\/unidad-contra-el-trafico-de-especies\/\" \/>\n<meta property=\"og:locale\" content=\"es_ES\" \/>\n<meta property=\"og:type\" content=\"article\" \/>\n<meta property=\"og:title\" content=\"Unidad contra el tr\u00e1fico de especies -\" \/>\n<meta property=\"og:url\" content=\"https:\/\/luchonoticias.com\/editor\/unidad-contra-el-trafico-de-especies\/\" \/>\n<meta property=\"article:publisher\" content=\"https:\/\/www.facebook.com\/luchonoticiasneiva\" \/>\n<meta property=\"article:published_time\" content=\"2024-05-28T23:07:14+00:00\" \/>\n<meta property=\"og:image\" content=\"https:\/\/luchonoticias.com\/editor\/wp-content\/uploads\/2024\/05\/CAM-FOTO.jpg\" \/>\n\t<meta property=\"og:image:width\" content=\"700\" \/>\n\t<meta property=\"og:image:height\" content=\"400\" \/>\n\t<meta property=\"og:image:type\" content=\"image\/jpeg\" \/>\n<meta name=\"author\" content=\"Editor General\" \/>\n<meta name=\"twitter:card\" content=\"summary_large_image\" \/>\n<meta name=\"twitter:label1\" content=\"Escrito por\" \/>\n\t<meta name=\"twitter:data1\" content=\"Editor General\" \/>\n\t<meta name=\"twitter:label2\" content=\"Tiempo de lectura\" \/>\n\t<meta name=\"twitter:data2\" content=\"4 minutos\" \/>\n<script type=\"application\/ld+json\" class=\"yoast-schema-graph\">{\"@context\":\"https:\/\/schema.org\",\"@graph\":[{\"@type\":\"Article\",\"@id\":\"https:\/\/luchonoticias.com\/editor\/unidad-contra-el-trafico-de-especies\/#article\",\"isPartOf\":{\"@id\":\"https:\/\/luchonoticias.com\/editor\/unidad-contra-el-trafico-de-especies\/\"},\"author\":{\"name\":\"Editor General\",\"@id\":\"https:\/\/luchonoticias.com\/editor\/#\/schema\/person\/29217990ddf6f14e35912b2866d591fb\"},\"headline\":\"Unidad contra el tr\u00e1fico de especies\",\"datePublished\":\"2024-05-28T23:07:14+00:00\",\"mainEntityOfPage\":{\"@id\":\"https:\/\/luchonoticias.com\/editor\/unidad-contra-el-trafico-de-especies\/\"},\"wordCount\":811,\"publisher\":{\"@id\":\"https:\/\/luchonoticias.com\/editor\/#\/schema\/person\/7a7fd911f58561fd056dbac7b55af9cd\"},\"image\":{\"@id\":\"https:\/\/luchonoticias.com\/editor\/unidad-contra-el-trafico-de-especies\/#primaryimage\"},\"thumbnailUrl\":\"https:\/\/luchonoticias.com\/editor\/wp-content\/uploads\/2024\/05\/CAM-FOTO.jpg\",\"articleSection\":[\"Huila\"],\"inLanguage\":\"es\"},{\"@type\":\"WebPage\",\"@id\":\"https:\/\/luchonoticias.com\/editor\/unidad-contra-el-trafico-de-especies\/\",\"url\":\"https:\/\/luchonoticias.com\/editor\/unidad-contra-el-trafico-de-especies\/\",\"name\":\"Unidad contra el tr\u00e1fico de especies -\",\"isPartOf\":{\"@id\":\"https:\/\/luchonoticias.com\/editor\/#website\"},\"primaryImageOfPage\":{\"@id\":\"https:\/\/luchonoticias.com\/editor\/unidad-contra-el-trafico-de-especies\/#primaryimage\"},\"image\":{\"@id\":\"https:\/\/luchonoticias.com\/editor\/unidad-contra-el-trafico-de-especies\/#primaryimage\"},\"thumbnailUrl\":\"https:\/\/luchonoticias.com\/editor\/wp-content\/uploads\/2024\/05\/CAM-FOTO.jpg\",\"datePublished\":\"2024-05-28T23:07:14+00:00\",\"breadcrumb\":{\"@id\":\"https:\/\/luchonoticias.com\/editor\/unidad-contra-el-trafico-de-especies\/#breadcrumb\"},\"inLanguage\":\"es\",\"potentialAction\":[{\"@type\":\"ReadAction\",\"target\":[\"https:\/\/luchonoticias.com\/editor\/unidad-contra-el-trafico-de-especies\/\"]}]},{\"@type\":\"ImageObject\",\"inLanguage\":\"es\",\"@id\":\"https:\/\/luchonoticias.com\/editor\/unidad-contra-el-trafico-de-especies\/#primaryimage\",\"url\":\"https:\/\/luchonoticias.com\/editor\/wp-content\/uploads\/2024\/05\/CAM-FOTO.jpg\",\"contentUrl\":\"https:\/\/luchonoticias.com\/editor\/wp-content\/uploads\/2024\/05\/CAM-FOTO.jpg\",\"width\":700,\"height\":400},{\"@type\":\"BreadcrumbList\",\"@id\":\"https:\/\/luchonoticias.com\/editor\/unidad-contra-el-trafico-de-especies\/#breadcrumb\",\"itemListElement\":[{\"@type\":\"ListItem\",\"position\":1,\"name\":\"Portada\",\"item\":\"https:\/\/luchonoticias.com\/editor\/\"},{\"@type\":\"ListItem\",\"position\":2,\"name\":\"Unidad contra el tr\u00e1fico de especies\"}]},{\"@type\":\"WebSite\",\"@id\":\"https:\/\/luchonoticias.com\/editor\/#website\",\"url\":\"https:\/\/luchonoticias.com\/editor\/\",\"name\":\"\",\"description\":\"\",\"publisher\":{\"@id\":\"https:\/\/luchonoticias.com\/editor\/#\/schema\/person\/7a7fd911f58561fd056dbac7b55af9cd\"},\"potentialAction\":[{\"@type\":\"SearchAction\",\"target\":{\"@type\":\"EntryPoint\",\"urlTemplate\":\"https:\/\/luchonoticias.com\/editor\/?s={search_term_string}\"},\"query-input\":{\"@type\":\"PropertyValueSpecification\",\"valueRequired\":true,\"valueName\":\"search_term_string\"}}],\"inLanguage\":\"es\"},{\"@type\":[\"Person\",\"Organization\"],\"@id\":\"https:\/\/luchonoticias.com\/editor\/#\/schema\/person\/7a7fd911f58561fd056dbac7b55af9cd\",\"name\":\"admin\",\"image\":{\"@type\":\"ImageObject\",\"inLanguage\":\"es\",\"@id\":\"https:\/\/luchonoticias.com\/editor\/#\/schema\/person\/image\/\",\"url\":\"https:\/\/luchonoticias.com\/editor\/wp-content\/uploads\/2024\/02\/cropped-cropped-logolu.webp\",\"contentUrl\":\"https:\/\/luchonoticias.com\/editor\/wp-content\/uploads\/2024\/02\/cropped-cropped-logolu.webp\",\"width\":382,\"height\":170,\"caption\":\"admin\"},\"logo\":{\"@id\":\"https:\/\/luchonoticias.com\/editor\/#\/schema\/person\/image\/\"},\"sameAs\":[\"https:\/\/www.facebook.com\/luchonoticiasneiva\"]},{\"@type\":\"Person\",\"@id\":\"https:\/\/luchonoticias.com\/editor\/#\/schema\/person\/29217990ddf6f14e35912b2866d591fb\",\"name\":\"Editor General\",\"image\":{\"@type\":\"ImageObject\",\"inLanguage\":\"es\",\"@id\":\"https:\/\/luchonoticias.com\/editor\/#\/schema\/person\/image\/\",\"url\":\"https:\/\/luchonoticias.com\/editor\/wp-content\/uploads\/2024\/02\/cropped-cropped-logolu-150x150.webp\",\"contentUrl\":\"https:\/\/luchonoticias.com\/editor\/wp-content\/uploads\/2024\/02\/cropped-cropped-logolu-150x150.webp\",\"caption\":\"Editor General\"},\"sameAs\":[\"https:\/\/luchonoticias.com\/\"],\"url\":\"https:\/\/luchonoticias.com\/editor\/author\/editor-general\/\"}]}<\/script>\n<!-- \/ Yoast SEO plugin. -->","yoast_head_json":{"title":"Unidad contra el tr\u00e1fico de especies -","robots":{"index":"index","follow":"follow","max-snippet":"max-snippet:-1","max-image-preview":"max-image-preview:large","max-video-preview":"max-video-preview:-1"},"canonical":"https:\/\/luchonoticias.com\/editor\/unidad-contra-el-trafico-de-especies\/","og_locale":"es_ES","og_type":"article","og_title":"Unidad contra el tr\u00e1fico de especies -","og_url":"https:\/\/luchonoticias.com\/editor\/unidad-contra-el-trafico-de-especies\/","article_publisher":"https:\/\/www.facebook.com\/luchonoticiasneiva","article_published_time":"2024-05-28T23:07:14+00:00","og_image":[{"width":700,"height":400,"url":"https:\/\/luchonoticias.com\/editor\/wp-content\/uploads\/2024\/05\/CAM-FOTO.jpg","type":"image\/jpeg"}],"author":"Editor General","twitter_card":"summary_large_image","twitter_misc":{"Escrito por":"Editor General","Tiempo de lectura":"4 minutos"},"schema":{"@context":"https:\/\/schema.org","@graph":[{"@type":"Article","@id":"https:\/\/luchonoticias.com\/editor\/unidad-contra-el-trafico-de-especies\/#article","isPartOf":{"@id":"https:\/\/luchonoticias.com\/editor\/unidad-contra-el-trafico-de-especies\/"},"author":{"name":"Editor General","@id":"https:\/\/luchonoticias.com\/editor\/#\/schema\/person\/29217990ddf6f14e35912b2866d591fb"},"headline":"Unidad contra el tr\u00e1fico de especies","datePublished":"2024-05-28T23:07:14+00:00","mainEntityOfPage":{"@id":"https:\/\/luchonoticias.com\/editor\/unidad-contra-el-trafico-de-especies\/"},"wordCount":811,"publisher":{"@id":"https:\/\/luchonoticias.com\/editor\/#\/schema\/person\/7a7fd911f58561fd056dbac7b55af9cd"},"image":{"@id":"https:\/\/luchonoticias.com\/editor\/unidad-contra-el-trafico-de-especies\/#primaryimage"},"thumbnailUrl":"https:\/\/luchonoticias.com\/editor\/wp-content\/uploads\/2024\/05\/CAM-FOTO.jpg","articleSection":["Huila"],"inLanguage":"es"},{"@type":"WebPage","@id":"https:\/\/luchonoticias.com\/editor\/unidad-contra-el-trafico-de-especies\/","url":"https:\/\/luchonoticias.com\/editor\/unidad-contra-el-trafico-de-especies\/","name":"Unidad contra el tr\u00e1fico de especies -","isPartOf":{"@id":"https:\/\/luchonoticias.com\/editor\/#website"},"primaryImageOfPage":{"@id":"https:\/\/luchonoticias.com\/editor\/unidad-contra-el-trafico-de-especies\/#primaryimage"},"image":{"@id":"https:\/\/luchonoticias.com\/editor\/unidad-contra-el-trafico-de-especies\/#primaryimage"},"thumbnailUrl":"https:\/\/luchonoticias.com\/editor\/wp-content\/uploads\/2024\/05\/CAM-FOTO.jpg","datePublished":"2024-05-28T23:07:14+00:00","breadcrumb":{"@id":"https:\/\/luchonoticias.com\/editor\/unidad-contra-el-trafico-de-especies\/#breadcrumb"},"inLanguage":"es","potentialAction":[{"@type":"ReadAction","target":["https:\/\/luchonoticias.com\/editor\/unidad-contra-el-trafico-de-especies\/"]}]},{"@type":"ImageObject","inLanguage":"es","@id":"https:\/\/luchonoticias.com\/editor\/unidad-contra-el-trafico-de-especies\/#primaryimage","url":"https:\/\/luchonoticias.com\/editor\/wp-content\/uploads\/2024\/05\/CAM-FOTO.jpg","contentUrl":"https:\/\/luchonoticias.com\/editor\/wp-content\/uploads\/2024\/05\/CAM-FOTO.jpg","width":700,"height":400},{"@type":"BreadcrumbList","@id":"https:\/\/luchonoticias.com\/editor\/unidad-contra-el-trafico-de-especies\/#breadcrumb","itemListElement":[{"@type":"ListItem","position":1,"name":"Portada","item":"https:\/\/luchonoticias.com\/editor\/"},{"@type":"ListItem","position":2,"name":"Unidad contra el tr\u00e1fico de especies"}]},{"@type":"WebSite","@id":"https:\/\/luchonoticias.com\/editor\/#website","url":"https:\/\/luchonoticias.com\/editor\/","name":"","description":"","publisher":{"@id":"https:\/\/luchonoticias.com\/editor\/#\/schema\/person\/7a7fd911f58561fd056dbac7b55af9cd"},"potentialAction":[{"@type":"SearchAction","target":{"@type":"EntryPoint","urlTemplate":"https:\/\/luchonoticias.com\/editor\/?s={search_term_string}"},"query-input":{"@type":"PropertyValueSpecification","valueRequired":true,"valueName":"search_term_string"}}],"inLanguage":"es"},{"@type":["Person","Organization"],"@id":"https:\/\/luchonoticias.com\/editor\/#\/schema\/person\/7a7fd911f58561fd056dbac7b55af9cd","name":"admin","image":{"@type":"ImageObject","inLanguage":"es","@id":"https:\/\/luchonoticias.com\/editor\/#\/schema\/person\/image\/","url":"https:\/\/luchonoticias.com\/editor\/wp-content\/uploads\/2024\/02\/cropped-cropped-logolu.webp","contentUrl":"https:\/\/luchonoticias.com\/editor\/wp-content\/uploads\/2024\/02\/cropped-cropped-logolu.webp","width":382,"height":170,"caption":"admin"},"logo":{"@id":"https:\/\/luchonoticias.com\/editor\/#\/schema\/person\/image\/"},"sameAs":["https:\/\/www.facebook.com\/luchonoticiasneiva"]},{"@type":"Person","@id":"https:\/\/luchonoticias.com\/editor\/#\/schema\/person\/29217990ddf6f14e35912b2866d591fb","name":"Editor General","image":{"@type":"ImageObject","inLanguage":"es","@id":"https:\/\/luchonoticias.com\/editor\/#\/schema\/person\/image\/","url":"https:\/\/luchonoticias.com\/editor\/wp-content\/uploads\/2024\/02\/cropped-cropped-logolu-150x150.webp","contentUrl":"https:\/\/luchonoticias.com\/editor\/wp-content\/uploads\/2024\/02\/cropped-cropped-logolu-150x150.webp","caption":"Editor General"},"sameAs":["https:\/\/luchonoticias.com\/"],"url":"https:\/\/luchonoticias.com\/editor\/author\/editor-general\/"}]}},"_links":{"self":[{"href":"https:\/\/luchonoticias.com\/editor\/wp-json\/wp\/v2\/posts\/73537","targetHints":{"allow":["GET"]}}],"collection":[{"href":"https:\/\/luchonoticias.com\/editor\/wp-json\/wp\/v2\/posts"}],"about":[{"href":"https:\/\/luchonoticias.com\/editor\/wp-json\/wp\/v2\/types\/post"}],"author":[{"embeddable":true,"href":"https:\/\/luchonoticias.com\/editor\/wp-json\/wp\/v2\/users\/2"}],"replies":[{"embeddable":true,"href":"https:\/\/luchonoticias.com\/editor\/wp-json\/wp\/v2\/comments?post=73537"}],"version-history":[{"count":0,"href":"https:\/\/luchonoticias.com\/editor\/wp-json\/wp\/v2\/posts\/73537\/revisions"}],"wp:featuredmedia":[{"embeddable":true,"href":"https:\/\/luchonoticias.com\/editor\/wp-json\/wp\/v2\/media\/73538"}],"wp:attachment":[{"href":"https:\/\/luchonoticias.com\/editor\/wp-json\/wp\/v2\/media?parent=73537"}],"wp:term":[{"taxonomy":"category","embeddable":true,"href":"https:\/\/luchonoticias.com\/editor\/wp-json\/wp\/v2\/categories?post=73537"},{"taxonomy":"post_tag","embeddable":true,"href":"https:\/\/luchonoticias.com\/editor\/wp-json\/wp\/v2\/tags?post=73537"}],"curies":[{"name":"wp","href":"https:\/\/api.w.org\/{rel}","templated":true}]}}