{"id":73544,"date":"2024-05-28T18:11:09","date_gmt":"2024-05-28T23:11:09","guid":{"rendered":"https:\/\/luchonoticias.com\/?p=73544"},"modified":"2024-05-28T18:11:09","modified_gmt":"2024-05-28T23:11:09","slug":"recuperados-27-cuerpos-de-personas-desaparecidas","status":"publish","type":"post","link":"https:\/\/luchonoticias.com\/editor\/recuperados-27-cuerpos-de-personas-desaparecidas\/","title":{"rendered":"Recuperados 27 cuerpos de personas desaparecidas"},"content":{"rendered":"<p>La Unidad de B\u00fasqueda de Personas Dadas por Desaparecidas de la Jurisdicci\u00f3n Especial para la Paz (JEP), recuper\u00f3 27 cuerpos en el cementerio central de Neiva.<\/p>\n<p>Los cuerpos recuperados corresponden a personas que fueron sepultadas en el camposanto de la capital huilense entre los a\u00f1os 2005 y 2015.<\/p>\n<p>El cementerio cuenta con medidas cautelares impuestas por la JEP, para proteger los cuerpos no identificados (CNI) y los cuerpos identificados no reclamados (CINR) que reposan en el cementerio.<\/p>\n<p>La jurisdicci\u00f3n especial ha destacado la importancia de estas acciones no solo para la justicia y el esclarecimiento de la verdad, sino tambi\u00e9n para la dignificaci\u00f3n de las v\u00edctimas y el alivio de las familias que durante a\u00f1os han buscado a sus seres queridos sin obtener respuestas. La recuperaci\u00f3n de estos cuerpos es un paso crucial para proporcionarles una sepultura digna y permitir que sus familias puedan cerrar un cap\u00edtulo doloroso de sus vidas.<\/p>\n<p>La Unidad de B\u00fasqueda contin\u00faa trabajando en colaboraci\u00f3n con otras entidades y organizaciones de derechos humanos para localizar y exhumar los restos de personas desaparecidas, labor que es esencial para la construcci\u00f3n de paz y la reconciliaci\u00f3n en Colombia.<\/p>\n<p>La recuperaci\u00f3n de estos 27 cuerpos es un recordatorio de la deuda que la sociedad colombiana tiene con las v\u00edctimas del conflicto y la necesidad imperiosa de avanzar hacia una paz duradera y una reconciliaci\u00f3n genuina.<\/p>\n<p>\u201cEs un esfuerzo que no solo honra a las v\u00edctimas, sino que tambi\u00e9n reafirma el compromiso del pa\u00eds con los derechos humanos y la paz. Las familias de los desaparecidos, y la sociedad en general, esperan que estos esfuerzos contin\u00faen hasta que todos los desaparecidos sean encontrados y sus historias sean plenamente reconocidas\u201d.<\/p>\n","protected":false},"excerpt":{"rendered":"<p>La Unidad de B\u00fasqueda de Personas Dadas por Desaparecidas de la Jurisdicci\u00f3n Especial para la Paz (JEP), recuper\u00f3 27 cuerpos en el cementerio central de Neiva. Los cuerpos recuperados corresponden a personas que fueron sepultadas en el camposanto de la capital huilense entre los a\u00f1os 2005 y 2015. El cementerio cuenta con medidas cautelares impuestas [&hellip;]<\/p>\n","protected":false},"author":2,"featured_media":73545,"comment_status":"closed","ping_status":"open","sticky":false,"template":"","format":"standard","meta":{"footnotes":""},"categories":[31],"tags":[],"class_list":["post-73544","post","type-post","status-publish","format-standard","has-post-thumbnail","hentry","category-local"],"yoast_head":"<!-- This site is optimized with the Yoast SEO plugin v26.6 - https:\/\/yoast.com\/wordpress\/plugins\/seo\/ -->\n<title>Recuperados 27 cuerpos de personas desaparecidas -<\/title>\n<meta name=\"robots\" content=\"index, follow, max-snippet:-1, max-image-preview:large, max-video-preview:-1\" \/>\n<link rel=\"canonical\" href=\"https:\/\/luchonoticias.com\/editor\/recuperados-27-cuerpos-de-personas-desaparecidas\/\" \/>\n<meta property=\"og:locale\" content=\"es_ES\" \/>\n<meta property=\"og:type\" content=\"article\" \/>\n<meta property=\"og:title\" content=\"Recuperados 27 cuerpos de personas desaparecidas -\" \/>\n<meta property=\"og:url\" content=\"https:\/\/luchonoticias.com\/editor\/recuperados-27-cuerpos-de-personas-desaparecidas\/\" \/>\n<meta property=\"article:publisher\" content=\"https:\/\/www.facebook.com\/luchonoticiasneiva\" \/>\n<meta property=\"article:published_time\" content=\"2024-05-28T23:11:09+00:00\" \/>\n<meta property=\"og:image\" content=\"https:\/\/luchonoticias.com\/editor\/wp-content\/uploads\/2024\/05\/cuerpos-desaparecidos.jpg\" \/>\n\t<meta property=\"og:image:width\" content=\"700\" \/>\n\t<meta property=\"og:image:height\" content=\"400\" \/>\n\t<meta property=\"og:image:type\" content=\"image\/jpeg\" \/>\n<meta name=\"author\" content=\"Editor General\" \/>\n<meta name=\"twitter:card\" content=\"summary_large_image\" \/>\n<meta name=\"twitter:label1\" content=\"Escrito por\" \/>\n\t<meta name=\"twitter:data1\" content=\"Editor General\" \/>\n\t<meta name=\"twitter:label2\" content=\"Tiempo de lectura\" \/>\n\t<meta name=\"twitter:data2\" content=\"1 minuto\" \/>\n<script type=\"application\/ld+json\" class=\"yoast-schema-graph\">{\"@context\":\"https:\/\/schema.org\",\"@graph\":[{\"@type\":\"Article\",\"@id\":\"https:\/\/luchonoticias.com\/editor\/recuperados-27-cuerpos-de-personas-desaparecidas\/#article\",\"isPartOf\":{\"@id\":\"https:\/\/luchonoticias.com\/editor\/recuperados-27-cuerpos-de-personas-desaparecidas\/\"},\"author\":{\"name\":\"Editor General\",\"@id\":\"https:\/\/luchonoticias.com\/editor\/#\/schema\/person\/29217990ddf6f14e35912b2866d591fb\"},\"headline\":\"Recuperados 27 cuerpos de personas desaparecidas\",\"datePublished\":\"2024-05-28T23:11:09+00:00\",\"mainEntityOfPage\":{\"@id\":\"https:\/\/luchonoticias.com\/editor\/recuperados-27-cuerpos-de-personas-desaparecidas\/\"},\"wordCount\":302,\"publisher\":{\"@id\":\"https:\/\/luchonoticias.com\/editor\/#\/schema\/person\/7a7fd911f58561fd056dbac7b55af9cd\"},\"image\":{\"@id\":\"https:\/\/luchonoticias.com\/editor\/recuperados-27-cuerpos-de-personas-desaparecidas\/#primaryimage\"},\"thumbnailUrl\":\"https:\/\/luchonoticias.com\/editor\/wp-content\/uploads\/2024\/05\/cuerpos-desaparecidos.jpg\",\"articleSection\":[\"Local\"],\"inLanguage\":\"es\"},{\"@type\":\"WebPage\",\"@id\":\"https:\/\/luchonoticias.com\/editor\/recuperados-27-cuerpos-de-personas-desaparecidas\/\",\"url\":\"https:\/\/luchonoticias.com\/editor\/recuperados-27-cuerpos-de-personas-desaparecidas\/\",\"name\":\"Recuperados 27 cuerpos de personas desaparecidas -\",\"isPartOf\":{\"@id\":\"https:\/\/luchonoticias.com\/editor\/#website\"},\"primaryImageOfPage\":{\"@id\":\"https:\/\/luchonoticias.com\/editor\/recuperados-27-cuerpos-de-personas-desaparecidas\/#primaryimage\"},\"image\":{\"@id\":\"https:\/\/luchonoticias.com\/editor\/recuperados-27-cuerpos-de-personas-desaparecidas\/#primaryimage\"},\"thumbnailUrl\":\"https:\/\/luchonoticias.com\/editor\/wp-content\/uploads\/2024\/05\/cuerpos-desaparecidos.jpg\",\"datePublished\":\"2024-05-28T23:11:09+00:00\",\"breadcrumb\":{\"@id\":\"https:\/\/luchonoticias.com\/editor\/recuperados-27-cuerpos-de-personas-desaparecidas\/#breadcrumb\"},\"inLanguage\":\"es\",\"potentialAction\":[{\"@type\":\"ReadAction\",\"target\":[\"https:\/\/luchonoticias.com\/editor\/recuperados-27-cuerpos-de-personas-desaparecidas\/\"]}]},{\"@type\":\"ImageObject\",\"inLanguage\":\"es\",\"@id\":\"https:\/\/luchonoticias.com\/editor\/recuperados-27-cuerpos-de-personas-desaparecidas\/#primaryimage\",\"url\":\"https:\/\/luchonoticias.com\/editor\/wp-content\/uploads\/2024\/05\/cuerpos-desaparecidos.jpg\",\"contentUrl\":\"https:\/\/luchonoticias.com\/editor\/wp-content\/uploads\/2024\/05\/cuerpos-desaparecidos.jpg\",\"width\":700,\"height\":400},{\"@type\":\"BreadcrumbList\",\"@id\":\"https:\/\/luchonoticias.com\/editor\/recuperados-27-cuerpos-de-personas-desaparecidas\/#breadcrumb\",\"itemListElement\":[{\"@type\":\"ListItem\",\"position\":1,\"name\":\"Portada\",\"item\":\"https:\/\/luchonoticias.com\/editor\/\"},{\"@type\":\"ListItem\",\"position\":2,\"name\":\"Recuperados 27 cuerpos de personas desaparecidas\"}]},{\"@type\":\"WebSite\",\"@id\":\"https:\/\/luchonoticias.com\/editor\/#website\",\"url\":\"https:\/\/luchonoticias.com\/editor\/\",\"name\":\"\",\"description\":\"\",\"publisher\":{\"@id\":\"https:\/\/luchonoticias.com\/editor\/#\/schema\/person\/7a7fd911f58561fd056dbac7b55af9cd\"},\"potentialAction\":[{\"@type\":\"SearchAction\",\"target\":{\"@type\":\"EntryPoint\",\"urlTemplate\":\"https:\/\/luchonoticias.com\/editor\/?s={search_term_string}\"},\"query-input\":{\"@type\":\"PropertyValueSpecification\",\"valueRequired\":true,\"valueName\":\"search_term_string\"}}],\"inLanguage\":\"es\"},{\"@type\":[\"Person\",\"Organization\"],\"@id\":\"https:\/\/luchonoticias.com\/editor\/#\/schema\/person\/7a7fd911f58561fd056dbac7b55af9cd\",\"name\":\"admin\",\"image\":{\"@type\":\"ImageObject\",\"inLanguage\":\"es\",\"@id\":\"https:\/\/luchonoticias.com\/editor\/#\/schema\/person\/image\/\",\"url\":\"https:\/\/luchonoticias.com\/editor\/wp-content\/uploads\/2024\/02\/cropped-cropped-logolu.webp\",\"contentUrl\":\"https:\/\/luchonoticias.com\/editor\/wp-content\/uploads\/2024\/02\/cropped-cropped-logolu.webp\",\"width\":382,\"height\":170,\"caption\":\"admin\"},\"logo\":{\"@id\":\"https:\/\/luchonoticias.com\/editor\/#\/schema\/person\/image\/\"},\"sameAs\":[\"https:\/\/www.facebook.com\/luchonoticiasneiva\"]},{\"@type\":\"Person\",\"@id\":\"https:\/\/luchonoticias.com\/editor\/#\/schema\/person\/29217990ddf6f14e35912b2866d591fb\",\"name\":\"Editor General\",\"image\":{\"@type\":\"ImageObject\",\"inLanguage\":\"es\",\"@id\":\"https:\/\/luchonoticias.com\/editor\/#\/schema\/person\/image\/\",\"url\":\"https:\/\/luchonoticias.com\/editor\/wp-content\/uploads\/2024\/02\/cropped-cropped-logolu-150x150.webp\",\"contentUrl\":\"https:\/\/luchonoticias.com\/editor\/wp-content\/uploads\/2024\/02\/cropped-cropped-logolu-150x150.webp\",\"caption\":\"Editor General\"},\"sameAs\":[\"https:\/\/luchonoticias.com\/\"],\"url\":\"https:\/\/luchonoticias.com\/editor\/author\/editor-general\/\"}]}<\/script>\n<!-- \/ Yoast SEO plugin. -->","yoast_head_json":{"title":"Recuperados 27 cuerpos de personas desaparecidas -","robots":{"index":"index","follow":"follow","max-snippet":"max-snippet:-1","max-image-preview":"max-image-preview:large","max-video-preview":"max-video-preview:-1"},"canonical":"https:\/\/luchonoticias.com\/editor\/recuperados-27-cuerpos-de-personas-desaparecidas\/","og_locale":"es_ES","og_type":"article","og_title":"Recuperados 27 cuerpos de personas desaparecidas -","og_url":"https:\/\/luchonoticias.com\/editor\/recuperados-27-cuerpos-de-personas-desaparecidas\/","article_publisher":"https:\/\/www.facebook.com\/luchonoticiasneiva","article_published_time":"2024-05-28T23:11:09+00:00","og_image":[{"width":700,"height":400,"url":"https:\/\/luchonoticias.com\/editor\/wp-content\/uploads\/2024\/05\/cuerpos-desaparecidos.jpg","type":"image\/jpeg"}],"author":"Editor General","twitter_card":"summary_large_image","twitter_misc":{"Escrito por":"Editor General","Tiempo de lectura":"1 minuto"},"schema":{"@context":"https:\/\/schema.org","@graph":[{"@type":"Article","@id":"https:\/\/luchonoticias.com\/editor\/recuperados-27-cuerpos-de-personas-desaparecidas\/#article","isPartOf":{"@id":"https:\/\/luchonoticias.com\/editor\/recuperados-27-cuerpos-de-personas-desaparecidas\/"},"author":{"name":"Editor General","@id":"https:\/\/luchonoticias.com\/editor\/#\/schema\/person\/29217990ddf6f14e35912b2866d591fb"},"headline":"Recuperados 27 cuerpos de personas desaparecidas","datePublished":"2024-05-28T23:11:09+00:00","mainEntityOfPage":{"@id":"https:\/\/luchonoticias.com\/editor\/recuperados-27-cuerpos-de-personas-desaparecidas\/"},"wordCount":302,"publisher":{"@id":"https:\/\/luchonoticias.com\/editor\/#\/schema\/person\/7a7fd911f58561fd056dbac7b55af9cd"},"image":{"@id":"https:\/\/luchonoticias.com\/editor\/recuperados-27-cuerpos-de-personas-desaparecidas\/#primaryimage"},"thumbnailUrl":"https:\/\/luchonoticias.com\/editor\/wp-content\/uploads\/2024\/05\/cuerpos-desaparecidos.jpg","articleSection":["Local"],"inLanguage":"es"},{"@type":"WebPage","@id":"https:\/\/luchonoticias.com\/editor\/recuperados-27-cuerpos-de-personas-desaparecidas\/","url":"https:\/\/luchonoticias.com\/editor\/recuperados-27-cuerpos-de-personas-desaparecidas\/","name":"Recuperados 27 cuerpos de personas desaparecidas -","isPartOf":{"@id":"https:\/\/luchonoticias.com\/editor\/#website"},"primaryImageOfPage":{"@id":"https:\/\/luchonoticias.com\/editor\/recuperados-27-cuerpos-de-personas-desaparecidas\/#primaryimage"},"image":{"@id":"https:\/\/luchonoticias.com\/editor\/recuperados-27-cuerpos-de-personas-desaparecidas\/#primaryimage"},"thumbnailUrl":"https:\/\/luchonoticias.com\/editor\/wp-content\/uploads\/2024\/05\/cuerpos-desaparecidos.jpg","datePublished":"2024-05-28T23:11:09+00:00","breadcrumb":{"@id":"https:\/\/luchonoticias.com\/editor\/recuperados-27-cuerpos-de-personas-desaparecidas\/#breadcrumb"},"inLanguage":"es","potentialAction":[{"@type":"ReadAction","target":["https:\/\/luchonoticias.com\/editor\/recuperados-27-cuerpos-de-personas-desaparecidas\/"]}]},{"@type":"ImageObject","inLanguage":"es","@id":"https:\/\/luchonoticias.com\/editor\/recuperados-27-cuerpos-de-personas-desaparecidas\/#primaryimage","url":"https:\/\/luchonoticias.com\/editor\/wp-content\/uploads\/2024\/05\/cuerpos-desaparecidos.jpg","contentUrl":"https:\/\/luchonoticias.com\/editor\/wp-content\/uploads\/2024\/05\/cuerpos-desaparecidos.jpg","width":700,"height":400},{"@type":"BreadcrumbList","@id":"https:\/\/luchonoticias.com\/editor\/recuperados-27-cuerpos-de-personas-desaparecidas\/#breadcrumb","itemListElement":[{"@type":"ListItem","position":1,"name":"Portada","item":"https:\/\/luchonoticias.com\/editor\/"},{"@type":"ListItem","position":2,"name":"Recuperados 27 cuerpos de personas desaparecidas"}]},{"@type":"WebSite","@id":"https:\/\/luchonoticias.com\/editor\/#website","url":"https:\/\/luchonoticias.com\/editor\/","name":"","description":"","publisher":{"@id":"https:\/\/luchonoticias.com\/editor\/#\/schema\/person\/7a7fd911f58561fd056dbac7b55af9cd"},"potentialAction":[{"@type":"SearchAction","target":{"@type":"EntryPoint","urlTemplate":"https:\/\/luchonoticias.com\/editor\/?s={search_term_string}"},"query-input":{"@type":"PropertyValueSpecification","valueRequired":true,"valueName":"search_term_string"}}],"inLanguage":"es"},{"@type":["Person","Organization"],"@id":"https:\/\/luchonoticias.com\/editor\/#\/schema\/person\/7a7fd911f58561fd056dbac7b55af9cd","name":"admin","image":{"@type":"ImageObject","inLanguage":"es","@id":"https:\/\/luchonoticias.com\/editor\/#\/schema\/person\/image\/","url":"https:\/\/luchonoticias.com\/editor\/wp-content\/uploads\/2024\/02\/cropped-cropped-logolu.webp","contentUrl":"https:\/\/luchonoticias.com\/editor\/wp-content\/uploads\/2024\/02\/cropped-cropped-logolu.webp","width":382,"height":170,"caption":"admin"},"logo":{"@id":"https:\/\/luchonoticias.com\/editor\/#\/schema\/person\/image\/"},"sameAs":["https:\/\/www.facebook.com\/luchonoticiasneiva"]},{"@type":"Person","@id":"https:\/\/luchonoticias.com\/editor\/#\/schema\/person\/29217990ddf6f14e35912b2866d591fb","name":"Editor General","image":{"@type":"ImageObject","inLanguage":"es","@id":"https:\/\/luchonoticias.com\/editor\/#\/schema\/person\/image\/","url":"https:\/\/luchonoticias.com\/editor\/wp-content\/uploads\/2024\/02\/cropped-cropped-logolu-150x150.webp","contentUrl":"https:\/\/luchonoticias.com\/editor\/wp-content\/uploads\/2024\/02\/cropped-cropped-logolu-150x150.webp","caption":"Editor General"},"sameAs":["https:\/\/luchonoticias.com\/"],"url":"https:\/\/luchonoticias.com\/editor\/author\/editor-general\/"}]}},"_links":{"self":[{"href":"https:\/\/luchonoticias.com\/editor\/wp-json\/wp\/v2\/posts\/73544","targetHints":{"allow":["GET"]}}],"collection":[{"href":"https:\/\/luchonoticias.com\/editor\/wp-json\/wp\/v2\/posts"}],"about":[{"href":"https:\/\/luchonoticias.com\/editor\/wp-json\/wp\/v2\/types\/post"}],"author":[{"embeddable":true,"href":"https:\/\/luchonoticias.com\/editor\/wp-json\/wp\/v2\/users\/2"}],"replies":[{"embeddable":true,"href":"https:\/\/luchonoticias.com\/editor\/wp-json\/wp\/v2\/comments?post=73544"}],"version-history":[{"count":0,"href":"https:\/\/luchonoticias.com\/editor\/wp-json\/wp\/v2\/posts\/73544\/revisions"}],"wp:featuredmedia":[{"embeddable":true,"href":"https:\/\/luchonoticias.com\/editor\/wp-json\/wp\/v2\/media\/73545"}],"wp:attachment":[{"href":"https:\/\/luchonoticias.com\/editor\/wp-json\/wp\/v2\/media?parent=73544"}],"wp:term":[{"taxonomy":"category","embeddable":true,"href":"https:\/\/luchonoticias.com\/editor\/wp-json\/wp\/v2\/categories?post=73544"},{"taxonomy":"post_tag","embeddable":true,"href":"https:\/\/luchonoticias.com\/editor\/wp-json\/wp\/v2\/tags?post=73544"}],"curies":[{"name":"wp","href":"https:\/\/api.w.org\/{rel}","templated":true}]}}