{"id":73556,"date":"2024-05-29T07:08:22","date_gmt":"2024-05-29T12:08:22","guid":{"rendered":"https:\/\/luchonoticias.com\/?p=73556"},"modified":"2024-05-29T07:08:22","modified_gmt":"2024-05-29T12:08:22","slug":"adjudicados-espacios-para-las-fiestas-sampedrinas","status":"publish","type":"post","link":"https:\/\/luchonoticias.com\/editor\/adjudicados-espacios-para-las-fiestas-sampedrinas\/","title":{"rendered":"Adjudicados espacios para las fiestas sampedrinas"},"content":{"rendered":"<p>De manera transparente fue realizada, este mi\u00e9rcoles 28 de mayo, la subasta p\u00fablica de adjudicaci\u00f3n de palcos y grader\u00edas para el aprovechamiento econ\u00f3mico para la temporada del 63 Festival del Bambuco en San Juan y San Pedro, que fue convocada por la Secretar\u00eda de Competitividad a trav\u00e9s de la Resoluci\u00f3n 001 de 2024.<\/p>\n<p>\u201cEsto no lo hemos hecho como se ven\u00eda haciendo anteriormente, que se le asignaba al m\u00e1s amigo del funcionario o al amigo del alcalde, no; lo hemos hecho de una manera transparente y de cara a todos los ciudadanos. Hemos reiterado cu\u00e1les son esas \u00e1reas de aprovechamiento para que los ciudadanos se inscriban y oferten econ\u00f3micamente, para que estos recursos entren a la ciudad y se puedan invertir en el fortalecimiento de nuestra cultura y tradici\u00f3n\u201d, afirm\u00f3 el Alcalde de Neiva, Germ\u00e1n Casagua.<\/p>\n<p>En el Parque de la M\u00fasica Jorge Villamil Cordovez, se llev\u00f3 a cabo la primera subasta p\u00fablica convocada por la cartera de Competitividad, en la que se logr\u00f3 una participaci\u00f3n de 17 oferentes, quienes a trav\u00e9s de subasta, lograron adjudicar 24 palcos.<\/p>\n<p>Frente a lo anterior, el alcalde de Neiva, Germ\u00e1n Casagua Bonilla, afirm\u00f3 que se redujo en cerca de un 50% los espacios p\u00fablicos, asegurando una mejor visibilidad a la ciudadan\u00eda para que puedan vivir y gozar los desfiles de las candidatas y las muestras culturales.<\/p>\n<p>\u201cOtro aspecto que vamos a tener muy en cuenta, algunos ciudadanos la noche antes riegan 400 o 500 sillas para montar en el desfile un negocio y cobrarles a los ciudadanos entre $50.000 y $80.000 por utilizar una de estas sillas. Eso no lo vamos a permitir. Vamos a generar estos espacios para que el ciudadano si no tiene los recursos, pueda apreciar el desfile junto con su familia\u201d, sostuvo el mandatario de los neivanos.<\/p>\n<p>Para garantizar un control efectivo y la seguridad durante las festividades, el Alcalde ha gestionado a nivel nacional el refuerzo de 1.000 uniformados de la Polic\u00eda Nacional, adem\u00e1s de 100 controladores que asegurar\u00e1n el orden en el espacio p\u00fablico.<\/p>\n<p>Con estas acciones, la Administraci\u00f3n Municipal no solo busca crear oportunidades econ\u00f3micas para los ciudadanos, sino tambi\u00e9n asegurar que todos puedan disfrutar de manera ordenada y visible de las festividades, fortaleciendo as\u00ed la cultura y tradici\u00f3n.<\/p>\n","protected":false},"excerpt":{"rendered":"<p>De manera transparente fue realizada, este mi\u00e9rcoles 28 de mayo, la subasta p\u00fablica de adjudicaci\u00f3n de palcos y grader\u00edas para el aprovechamiento econ\u00f3mico para la temporada del 63 Festival del Bambuco en San Juan y San Pedro, que fue convocada por la Secretar\u00eda de Competitividad a trav\u00e9s de la Resoluci\u00f3n 001 de 2024. \u201cEsto no [&hellip;]<\/p>\n","protected":false},"author":2,"featured_media":73557,"comment_status":"closed","ping_status":"open","sticky":false,"template":"","format":"standard","meta":{"footnotes":""},"categories":[31],"tags":[],"class_list":["post-73556","post","type-post","status-publish","format-standard","has-post-thumbnail","hentry","category-local"],"yoast_head":"<!-- This site is optimized with the Yoast SEO plugin v26.6 - https:\/\/yoast.com\/wordpress\/plugins\/seo\/ -->\n<title>Adjudicados espacios para las fiestas sampedrinas -<\/title>\n<meta name=\"robots\" content=\"index, follow, max-snippet:-1, max-image-preview:large, max-video-preview:-1\" \/>\n<link rel=\"canonical\" href=\"https:\/\/luchonoticias.com\/editor\/adjudicados-espacios-para-las-fiestas-sampedrinas\/\" \/>\n<meta property=\"og:locale\" content=\"es_ES\" \/>\n<meta property=\"og:type\" content=\"article\" \/>\n<meta property=\"og:title\" content=\"Adjudicados espacios para las fiestas sampedrinas -\" \/>\n<meta property=\"og:url\" content=\"https:\/\/luchonoticias.com\/editor\/adjudicados-espacios-para-las-fiestas-sampedrinas\/\" \/>\n<meta property=\"article:publisher\" content=\"https:\/\/www.facebook.com\/luchonoticiasneiva\" \/>\n<meta property=\"article:published_time\" content=\"2024-05-29T12:08:22+00:00\" \/>\n<meta property=\"og:image\" content=\"https:\/\/luchonoticias.com\/editor\/wp-content\/uploads\/2024\/05\/espacios-san-pedro.jpg\" \/>\n\t<meta property=\"og:image:width\" content=\"700\" \/>\n\t<meta property=\"og:image:height\" content=\"400\" \/>\n\t<meta property=\"og:image:type\" content=\"image\/jpeg\" \/>\n<meta name=\"author\" content=\"Editor General\" \/>\n<meta name=\"twitter:card\" content=\"summary_large_image\" \/>\n<meta name=\"twitter:label1\" content=\"Escrito por\" \/>\n\t<meta name=\"twitter:data1\" content=\"Editor General\" \/>\n\t<meta name=\"twitter:label2\" content=\"Tiempo de lectura\" \/>\n\t<meta name=\"twitter:data2\" content=\"2 minutos\" \/>\n<script type=\"application\/ld+json\" class=\"yoast-schema-graph\">{\"@context\":\"https:\/\/schema.org\",\"@graph\":[{\"@type\":\"Article\",\"@id\":\"https:\/\/luchonoticias.com\/editor\/adjudicados-espacios-para-las-fiestas-sampedrinas\/#article\",\"isPartOf\":{\"@id\":\"https:\/\/luchonoticias.com\/editor\/adjudicados-espacios-para-las-fiestas-sampedrinas\/\"},\"author\":{\"name\":\"Editor General\",\"@id\":\"https:\/\/luchonoticias.com\/editor\/#\/schema\/person\/29217990ddf6f14e35912b2866d591fb\"},\"headline\":\"Adjudicados espacios para las fiestas sampedrinas\",\"datePublished\":\"2024-05-29T12:08:22+00:00\",\"mainEntityOfPage\":{\"@id\":\"https:\/\/luchonoticias.com\/editor\/adjudicados-espacios-para-las-fiestas-sampedrinas\/\"},\"wordCount\":395,\"publisher\":{\"@id\":\"https:\/\/luchonoticias.com\/editor\/#\/schema\/person\/7a7fd911f58561fd056dbac7b55af9cd\"},\"image\":{\"@id\":\"https:\/\/luchonoticias.com\/editor\/adjudicados-espacios-para-las-fiestas-sampedrinas\/#primaryimage\"},\"thumbnailUrl\":\"https:\/\/luchonoticias.com\/editor\/wp-content\/uploads\/2024\/05\/espacios-san-pedro.jpg\",\"articleSection\":[\"Local\"],\"inLanguage\":\"es\"},{\"@type\":\"WebPage\",\"@id\":\"https:\/\/luchonoticias.com\/editor\/adjudicados-espacios-para-las-fiestas-sampedrinas\/\",\"url\":\"https:\/\/luchonoticias.com\/editor\/adjudicados-espacios-para-las-fiestas-sampedrinas\/\",\"name\":\"Adjudicados espacios para las fiestas sampedrinas -\",\"isPartOf\":{\"@id\":\"https:\/\/luchonoticias.com\/editor\/#website\"},\"primaryImageOfPage\":{\"@id\":\"https:\/\/luchonoticias.com\/editor\/adjudicados-espacios-para-las-fiestas-sampedrinas\/#primaryimage\"},\"image\":{\"@id\":\"https:\/\/luchonoticias.com\/editor\/adjudicados-espacios-para-las-fiestas-sampedrinas\/#primaryimage\"},\"thumbnailUrl\":\"https:\/\/luchonoticias.com\/editor\/wp-content\/uploads\/2024\/05\/espacios-san-pedro.jpg\",\"datePublished\":\"2024-05-29T12:08:22+00:00\",\"breadcrumb\":{\"@id\":\"https:\/\/luchonoticias.com\/editor\/adjudicados-espacios-para-las-fiestas-sampedrinas\/#breadcrumb\"},\"inLanguage\":\"es\",\"potentialAction\":[{\"@type\":\"ReadAction\",\"target\":[\"https:\/\/luchonoticias.com\/editor\/adjudicados-espacios-para-las-fiestas-sampedrinas\/\"]}]},{\"@type\":\"ImageObject\",\"inLanguage\":\"es\",\"@id\":\"https:\/\/luchonoticias.com\/editor\/adjudicados-espacios-para-las-fiestas-sampedrinas\/#primaryimage\",\"url\":\"https:\/\/luchonoticias.com\/editor\/wp-content\/uploads\/2024\/05\/espacios-san-pedro.jpg\",\"contentUrl\":\"https:\/\/luchonoticias.com\/editor\/wp-content\/uploads\/2024\/05\/espacios-san-pedro.jpg\",\"width\":700,\"height\":400},{\"@type\":\"BreadcrumbList\",\"@id\":\"https:\/\/luchonoticias.com\/editor\/adjudicados-espacios-para-las-fiestas-sampedrinas\/#breadcrumb\",\"itemListElement\":[{\"@type\":\"ListItem\",\"position\":1,\"name\":\"Portada\",\"item\":\"https:\/\/luchonoticias.com\/editor\/\"},{\"@type\":\"ListItem\",\"position\":2,\"name\":\"Adjudicados espacios para las fiestas sampedrinas\"}]},{\"@type\":\"WebSite\",\"@id\":\"https:\/\/luchonoticias.com\/editor\/#website\",\"url\":\"https:\/\/luchonoticias.com\/editor\/\",\"name\":\"\",\"description\":\"\",\"publisher\":{\"@id\":\"https:\/\/luchonoticias.com\/editor\/#\/schema\/person\/7a7fd911f58561fd056dbac7b55af9cd\"},\"potentialAction\":[{\"@type\":\"SearchAction\",\"target\":{\"@type\":\"EntryPoint\",\"urlTemplate\":\"https:\/\/luchonoticias.com\/editor\/?s={search_term_string}\"},\"query-input\":{\"@type\":\"PropertyValueSpecification\",\"valueRequired\":true,\"valueName\":\"search_term_string\"}}],\"inLanguage\":\"es\"},{\"@type\":[\"Person\",\"Organization\"],\"@id\":\"https:\/\/luchonoticias.com\/editor\/#\/schema\/person\/7a7fd911f58561fd056dbac7b55af9cd\",\"name\":\"admin\",\"image\":{\"@type\":\"ImageObject\",\"inLanguage\":\"es\",\"@id\":\"https:\/\/luchonoticias.com\/editor\/#\/schema\/person\/image\/\",\"url\":\"https:\/\/luchonoticias.com\/editor\/wp-content\/uploads\/2024\/02\/cropped-cropped-logolu.webp\",\"contentUrl\":\"https:\/\/luchonoticias.com\/editor\/wp-content\/uploads\/2024\/02\/cropped-cropped-logolu.webp\",\"width\":382,\"height\":170,\"caption\":\"admin\"},\"logo\":{\"@id\":\"https:\/\/luchonoticias.com\/editor\/#\/schema\/person\/image\/\"},\"sameAs\":[\"https:\/\/www.facebook.com\/luchonoticiasneiva\"]},{\"@type\":\"Person\",\"@id\":\"https:\/\/luchonoticias.com\/editor\/#\/schema\/person\/29217990ddf6f14e35912b2866d591fb\",\"name\":\"Editor General\",\"image\":{\"@type\":\"ImageObject\",\"inLanguage\":\"es\",\"@id\":\"https:\/\/luchonoticias.com\/editor\/#\/schema\/person\/image\/\",\"url\":\"https:\/\/luchonoticias.com\/editor\/wp-content\/uploads\/2024\/02\/cropped-cropped-logolu-150x150.webp\",\"contentUrl\":\"https:\/\/luchonoticias.com\/editor\/wp-content\/uploads\/2024\/02\/cropped-cropped-logolu-150x150.webp\",\"caption\":\"Editor General\"},\"sameAs\":[\"https:\/\/luchonoticias.com\/\"],\"url\":\"https:\/\/luchonoticias.com\/editor\/author\/editor-general\/\"}]}<\/script>\n<!-- \/ Yoast SEO plugin. -->","yoast_head_json":{"title":"Adjudicados espacios para las fiestas sampedrinas -","robots":{"index":"index","follow":"follow","max-snippet":"max-snippet:-1","max-image-preview":"max-image-preview:large","max-video-preview":"max-video-preview:-1"},"canonical":"https:\/\/luchonoticias.com\/editor\/adjudicados-espacios-para-las-fiestas-sampedrinas\/","og_locale":"es_ES","og_type":"article","og_title":"Adjudicados espacios para las fiestas sampedrinas -","og_url":"https:\/\/luchonoticias.com\/editor\/adjudicados-espacios-para-las-fiestas-sampedrinas\/","article_publisher":"https:\/\/www.facebook.com\/luchonoticiasneiva","article_published_time":"2024-05-29T12:08:22+00:00","og_image":[{"width":700,"height":400,"url":"https:\/\/luchonoticias.com\/editor\/wp-content\/uploads\/2024\/05\/espacios-san-pedro.jpg","type":"image\/jpeg"}],"author":"Editor General","twitter_card":"summary_large_image","twitter_misc":{"Escrito por":"Editor General","Tiempo de lectura":"2 minutos"},"schema":{"@context":"https:\/\/schema.org","@graph":[{"@type":"Article","@id":"https:\/\/luchonoticias.com\/editor\/adjudicados-espacios-para-las-fiestas-sampedrinas\/#article","isPartOf":{"@id":"https:\/\/luchonoticias.com\/editor\/adjudicados-espacios-para-las-fiestas-sampedrinas\/"},"author":{"name":"Editor General","@id":"https:\/\/luchonoticias.com\/editor\/#\/schema\/person\/29217990ddf6f14e35912b2866d591fb"},"headline":"Adjudicados espacios para las fiestas sampedrinas","datePublished":"2024-05-29T12:08:22+00:00","mainEntityOfPage":{"@id":"https:\/\/luchonoticias.com\/editor\/adjudicados-espacios-para-las-fiestas-sampedrinas\/"},"wordCount":395,"publisher":{"@id":"https:\/\/luchonoticias.com\/editor\/#\/schema\/person\/7a7fd911f58561fd056dbac7b55af9cd"},"image":{"@id":"https:\/\/luchonoticias.com\/editor\/adjudicados-espacios-para-las-fiestas-sampedrinas\/#primaryimage"},"thumbnailUrl":"https:\/\/luchonoticias.com\/editor\/wp-content\/uploads\/2024\/05\/espacios-san-pedro.jpg","articleSection":["Local"],"inLanguage":"es"},{"@type":"WebPage","@id":"https:\/\/luchonoticias.com\/editor\/adjudicados-espacios-para-las-fiestas-sampedrinas\/","url":"https:\/\/luchonoticias.com\/editor\/adjudicados-espacios-para-las-fiestas-sampedrinas\/","name":"Adjudicados espacios para las fiestas sampedrinas -","isPartOf":{"@id":"https:\/\/luchonoticias.com\/editor\/#website"},"primaryImageOfPage":{"@id":"https:\/\/luchonoticias.com\/editor\/adjudicados-espacios-para-las-fiestas-sampedrinas\/#primaryimage"},"image":{"@id":"https:\/\/luchonoticias.com\/editor\/adjudicados-espacios-para-las-fiestas-sampedrinas\/#primaryimage"},"thumbnailUrl":"https:\/\/luchonoticias.com\/editor\/wp-content\/uploads\/2024\/05\/espacios-san-pedro.jpg","datePublished":"2024-05-29T12:08:22+00:00","breadcrumb":{"@id":"https:\/\/luchonoticias.com\/editor\/adjudicados-espacios-para-las-fiestas-sampedrinas\/#breadcrumb"},"inLanguage":"es","potentialAction":[{"@type":"ReadAction","target":["https:\/\/luchonoticias.com\/editor\/adjudicados-espacios-para-las-fiestas-sampedrinas\/"]}]},{"@type":"ImageObject","inLanguage":"es","@id":"https:\/\/luchonoticias.com\/editor\/adjudicados-espacios-para-las-fiestas-sampedrinas\/#primaryimage","url":"https:\/\/luchonoticias.com\/editor\/wp-content\/uploads\/2024\/05\/espacios-san-pedro.jpg","contentUrl":"https:\/\/luchonoticias.com\/editor\/wp-content\/uploads\/2024\/05\/espacios-san-pedro.jpg","width":700,"height":400},{"@type":"BreadcrumbList","@id":"https:\/\/luchonoticias.com\/editor\/adjudicados-espacios-para-las-fiestas-sampedrinas\/#breadcrumb","itemListElement":[{"@type":"ListItem","position":1,"name":"Portada","item":"https:\/\/luchonoticias.com\/editor\/"},{"@type":"ListItem","position":2,"name":"Adjudicados espacios para las fiestas sampedrinas"}]},{"@type":"WebSite","@id":"https:\/\/luchonoticias.com\/editor\/#website","url":"https:\/\/luchonoticias.com\/editor\/","name":"","description":"","publisher":{"@id":"https:\/\/luchonoticias.com\/editor\/#\/schema\/person\/7a7fd911f58561fd056dbac7b55af9cd"},"potentialAction":[{"@type":"SearchAction","target":{"@type":"EntryPoint","urlTemplate":"https:\/\/luchonoticias.com\/editor\/?s={search_term_string}"},"query-input":{"@type":"PropertyValueSpecification","valueRequired":true,"valueName":"search_term_string"}}],"inLanguage":"es"},{"@type":["Person","Organization"],"@id":"https:\/\/luchonoticias.com\/editor\/#\/schema\/person\/7a7fd911f58561fd056dbac7b55af9cd","name":"admin","image":{"@type":"ImageObject","inLanguage":"es","@id":"https:\/\/luchonoticias.com\/editor\/#\/schema\/person\/image\/","url":"https:\/\/luchonoticias.com\/editor\/wp-content\/uploads\/2024\/02\/cropped-cropped-logolu.webp","contentUrl":"https:\/\/luchonoticias.com\/editor\/wp-content\/uploads\/2024\/02\/cropped-cropped-logolu.webp","width":382,"height":170,"caption":"admin"},"logo":{"@id":"https:\/\/luchonoticias.com\/editor\/#\/schema\/person\/image\/"},"sameAs":["https:\/\/www.facebook.com\/luchonoticiasneiva"]},{"@type":"Person","@id":"https:\/\/luchonoticias.com\/editor\/#\/schema\/person\/29217990ddf6f14e35912b2866d591fb","name":"Editor General","image":{"@type":"ImageObject","inLanguage":"es","@id":"https:\/\/luchonoticias.com\/editor\/#\/schema\/person\/image\/","url":"https:\/\/luchonoticias.com\/editor\/wp-content\/uploads\/2024\/02\/cropped-cropped-logolu-150x150.webp","contentUrl":"https:\/\/luchonoticias.com\/editor\/wp-content\/uploads\/2024\/02\/cropped-cropped-logolu-150x150.webp","caption":"Editor General"},"sameAs":["https:\/\/luchonoticias.com\/"],"url":"https:\/\/luchonoticias.com\/editor\/author\/editor-general\/"}]}},"_links":{"self":[{"href":"https:\/\/luchonoticias.com\/editor\/wp-json\/wp\/v2\/posts\/73556","targetHints":{"allow":["GET"]}}],"collection":[{"href":"https:\/\/luchonoticias.com\/editor\/wp-json\/wp\/v2\/posts"}],"about":[{"href":"https:\/\/luchonoticias.com\/editor\/wp-json\/wp\/v2\/types\/post"}],"author":[{"embeddable":true,"href":"https:\/\/luchonoticias.com\/editor\/wp-json\/wp\/v2\/users\/2"}],"replies":[{"embeddable":true,"href":"https:\/\/luchonoticias.com\/editor\/wp-json\/wp\/v2\/comments?post=73556"}],"version-history":[{"count":0,"href":"https:\/\/luchonoticias.com\/editor\/wp-json\/wp\/v2\/posts\/73556\/revisions"}],"wp:featuredmedia":[{"embeddable":true,"href":"https:\/\/luchonoticias.com\/editor\/wp-json\/wp\/v2\/media\/73557"}],"wp:attachment":[{"href":"https:\/\/luchonoticias.com\/editor\/wp-json\/wp\/v2\/media?parent=73556"}],"wp:term":[{"taxonomy":"category","embeddable":true,"href":"https:\/\/luchonoticias.com\/editor\/wp-json\/wp\/v2\/categories?post=73556"},{"taxonomy":"post_tag","embeddable":true,"href":"https:\/\/luchonoticias.com\/editor\/wp-json\/wp\/v2\/tags?post=73556"}],"curies":[{"name":"wp","href":"https:\/\/api.w.org\/{rel}","templated":true}]}}