{"id":73559,"date":"2024-05-29T07:17:36","date_gmt":"2024-05-29T12:17:36","guid":{"rendered":"https:\/\/luchonoticias.com\/?p=73559"},"modified":"2024-05-29T07:17:36","modified_gmt":"2024-05-29T12:17:36","slug":"satisfaccion-del-presidente-tras-la-prohibicion-en-el-pais-de-las-corridas-de-toros","status":"publish","type":"post","link":"https:\/\/luchonoticias.com\/editor\/satisfaccion-del-presidente-tras-la-prohibicion-en-el-pais-de-las-corridas-de-toros\/","title":{"rendered":"Satisfacci\u00f3n del presidente tras la prohibici\u00f3n en el pa\u00eds de las corridas de toros"},"content":{"rendered":"<p>El presidente Gustavo Petro Urrego celebr\u00f3 la aprobaci\u00f3n en el Congreso de la Rep\u00fablica del proyecto de ley que proh\u00edbe las corridas de toros en Colombia.<\/p>\n<p>\u201c Felicitaciones a quienes, por fin, lograron que no sea un espect\u00e1culo la muerte. Quienes se divierten con la muerte de animales terminar\u00e1n divirti\u00e9ndose con la muerte de seres humanos; como los que queman libros terminar\u00e1n quemando seres humanos\u00bb, enfatiz\u00f3 el jefe de Estado en su cuenta de la red social X.<\/p>\n<p>La iniciativa, liderada por la senadora Esmeralda Hern\u00e1ndez, fue aprobada en la plenaria de la C\u00e1mara de Representantes con 93 votos por el s\u00ed y dos por el no. Ahora tendr\u00e1 que pasar a conciliaci\u00f3n con el texto aprobado en el Senado de la Rep\u00fablica.<\/p>\n<p>\u201c\u00a1Es ley de la Rep\u00fablica! Lo logramos, se acaban las corridas de toros en mi Colombia. Es uno de los d\u00edas m\u00e1s felices de mi vida. GRACIAS desde el coraz\u00f3n, gracias a quienes nos abrieron camino, gracias al Congreso, gracias a la vida\u00bb, escribi\u00f3 la congresista en su cuenta de X.<\/p>\n<p>Seg\u00fan la senadora, el 85% de los colombianos est\u00e1 en contra de las corridas de toros. \u201cDe los m\u00e1s de 1.000 municipios, en 20 se realizan corridas y son legales en solo 8 pa\u00edses del mundo\u00bb, indic\u00f3.<\/p>\n<p>Adem\u00e1s de las corridas de toros, la norma tambi\u00e9n proh\u00edbe el rejoneo, las novilladas, las becerradas y las tientas.<\/p>\n<p>El objetivo de la iniciativa es \u201caportar en una transformaci\u00f3n cultural que se fundamente en el conocimiento y respeto por la vida animal, y que contribuya al avance de la cultura de la paz\u00bb.<\/p>\n","protected":false},"excerpt":{"rendered":"<p>El presidente Gustavo Petro Urrego celebr\u00f3 la aprobaci\u00f3n en el Congreso de la Rep\u00fablica del proyecto de ley que proh\u00edbe las corridas de toros en Colombia. \u201c Felicitaciones a quienes, por fin, lograron que no sea un espect\u00e1culo la muerte. Quienes se divierten con la muerte de animales terminar\u00e1n divirti\u00e9ndose con la muerte de seres [&hellip;]<\/p>\n","protected":false},"author":2,"featured_media":73560,"comment_status":"closed","ping_status":"open","sticky":false,"template":"","format":"standard","meta":{"footnotes":""},"categories":[28],"tags":[],"class_list":["post-73559","post","type-post","status-publish","format-standard","has-post-thumbnail","hentry","category-actualidad"],"yoast_head":"<!-- This site is optimized with the Yoast SEO plugin v26.6 - https:\/\/yoast.com\/wordpress\/plugins\/seo\/ -->\n<title>Satisfacci\u00f3n del presidente tras la prohibici\u00f3n en el pa\u00eds de las corridas de toros -<\/title>\n<meta name=\"robots\" content=\"index, follow, max-snippet:-1, max-image-preview:large, max-video-preview:-1\" \/>\n<link rel=\"canonical\" href=\"https:\/\/luchonoticias.com\/editor\/satisfaccion-del-presidente-tras-la-prohibicion-en-el-pais-de-las-corridas-de-toros\/\" \/>\n<meta property=\"og:locale\" content=\"es_ES\" \/>\n<meta property=\"og:type\" content=\"article\" \/>\n<meta property=\"og:title\" content=\"Satisfacci\u00f3n del presidente tras la prohibici\u00f3n en el pa\u00eds de las corridas de toros -\" \/>\n<meta property=\"og:url\" content=\"https:\/\/luchonoticias.com\/editor\/satisfaccion-del-presidente-tras-la-prohibicion-en-el-pais-de-las-corridas-de-toros\/\" \/>\n<meta property=\"article:publisher\" content=\"https:\/\/www.facebook.com\/luchonoticiasneiva\" \/>\n<meta property=\"article:published_time\" content=\"2024-05-29T12:17:36+00:00\" \/>\n<meta property=\"og:image\" content=\"https:\/\/luchonoticias.com\/editor\/wp-content\/uploads\/2024\/05\/corridas-de-toros.jpg\" \/>\n\t<meta property=\"og:image:width\" content=\"700\" \/>\n\t<meta property=\"og:image:height\" content=\"400\" \/>\n\t<meta property=\"og:image:type\" content=\"image\/jpeg\" \/>\n<meta name=\"author\" content=\"Editor General\" \/>\n<meta name=\"twitter:card\" content=\"summary_large_image\" \/>\n<meta name=\"twitter:label1\" content=\"Escrito por\" \/>\n\t<meta name=\"twitter:data1\" content=\"Editor General\" \/>\n\t<meta name=\"twitter:label2\" content=\"Tiempo de lectura\" \/>\n\t<meta name=\"twitter:data2\" content=\"1 minuto\" \/>\n<script type=\"application\/ld+json\" class=\"yoast-schema-graph\">{\"@context\":\"https:\/\/schema.org\",\"@graph\":[{\"@type\":\"Article\",\"@id\":\"https:\/\/luchonoticias.com\/editor\/satisfaccion-del-presidente-tras-la-prohibicion-en-el-pais-de-las-corridas-de-toros\/#article\",\"isPartOf\":{\"@id\":\"https:\/\/luchonoticias.com\/editor\/satisfaccion-del-presidente-tras-la-prohibicion-en-el-pais-de-las-corridas-de-toros\/\"},\"author\":{\"name\":\"Editor General\",\"@id\":\"https:\/\/luchonoticias.com\/editor\/#\/schema\/person\/29217990ddf6f14e35912b2866d591fb\"},\"headline\":\"Satisfacci\u00f3n del presidente tras la prohibici\u00f3n en el pa\u00eds de las corridas de toros\",\"datePublished\":\"2024-05-29T12:17:36+00:00\",\"mainEntityOfPage\":{\"@id\":\"https:\/\/luchonoticias.com\/editor\/satisfaccion-del-presidente-tras-la-prohibicion-en-el-pais-de-las-corridas-de-toros\/\"},\"wordCount\":297,\"publisher\":{\"@id\":\"https:\/\/luchonoticias.com\/editor\/#\/schema\/person\/7a7fd911f58561fd056dbac7b55af9cd\"},\"image\":{\"@id\":\"https:\/\/luchonoticias.com\/editor\/satisfaccion-del-presidente-tras-la-prohibicion-en-el-pais-de-las-corridas-de-toros\/#primaryimage\"},\"thumbnailUrl\":\"https:\/\/luchonoticias.com\/editor\/wp-content\/uploads\/2024\/05\/corridas-de-toros.jpg\",\"articleSection\":[\"Actualidad\"],\"inLanguage\":\"es\"},{\"@type\":\"WebPage\",\"@id\":\"https:\/\/luchonoticias.com\/editor\/satisfaccion-del-presidente-tras-la-prohibicion-en-el-pais-de-las-corridas-de-toros\/\",\"url\":\"https:\/\/luchonoticias.com\/editor\/satisfaccion-del-presidente-tras-la-prohibicion-en-el-pais-de-las-corridas-de-toros\/\",\"name\":\"Satisfacci\u00f3n del presidente tras la prohibici\u00f3n en el pa\u00eds de las corridas de toros -\",\"isPartOf\":{\"@id\":\"https:\/\/luchonoticias.com\/editor\/#website\"},\"primaryImageOfPage\":{\"@id\":\"https:\/\/luchonoticias.com\/editor\/satisfaccion-del-presidente-tras-la-prohibicion-en-el-pais-de-las-corridas-de-toros\/#primaryimage\"},\"image\":{\"@id\":\"https:\/\/luchonoticias.com\/editor\/satisfaccion-del-presidente-tras-la-prohibicion-en-el-pais-de-las-corridas-de-toros\/#primaryimage\"},\"thumbnailUrl\":\"https:\/\/luchonoticias.com\/editor\/wp-content\/uploads\/2024\/05\/corridas-de-toros.jpg\",\"datePublished\":\"2024-05-29T12:17:36+00:00\",\"breadcrumb\":{\"@id\":\"https:\/\/luchonoticias.com\/editor\/satisfaccion-del-presidente-tras-la-prohibicion-en-el-pais-de-las-corridas-de-toros\/#breadcrumb\"},\"inLanguage\":\"es\",\"potentialAction\":[{\"@type\":\"ReadAction\",\"target\":[\"https:\/\/luchonoticias.com\/editor\/satisfaccion-del-presidente-tras-la-prohibicion-en-el-pais-de-las-corridas-de-toros\/\"]}]},{\"@type\":\"ImageObject\",\"inLanguage\":\"es\",\"@id\":\"https:\/\/luchonoticias.com\/editor\/satisfaccion-del-presidente-tras-la-prohibicion-en-el-pais-de-las-corridas-de-toros\/#primaryimage\",\"url\":\"https:\/\/luchonoticias.com\/editor\/wp-content\/uploads\/2024\/05\/corridas-de-toros.jpg\",\"contentUrl\":\"https:\/\/luchonoticias.com\/editor\/wp-content\/uploads\/2024\/05\/corridas-de-toros.jpg\",\"width\":700,\"height\":400},{\"@type\":\"BreadcrumbList\",\"@id\":\"https:\/\/luchonoticias.com\/editor\/satisfaccion-del-presidente-tras-la-prohibicion-en-el-pais-de-las-corridas-de-toros\/#breadcrumb\",\"itemListElement\":[{\"@type\":\"ListItem\",\"position\":1,\"name\":\"Portada\",\"item\":\"https:\/\/luchonoticias.com\/editor\/\"},{\"@type\":\"ListItem\",\"position\":2,\"name\":\"Satisfacci\u00f3n del presidente tras la prohibici\u00f3n en el pa\u00eds de las corridas de toros\"}]},{\"@type\":\"WebSite\",\"@id\":\"https:\/\/luchonoticias.com\/editor\/#website\",\"url\":\"https:\/\/luchonoticias.com\/editor\/\",\"name\":\"\",\"description\":\"\",\"publisher\":{\"@id\":\"https:\/\/luchonoticias.com\/editor\/#\/schema\/person\/7a7fd911f58561fd056dbac7b55af9cd\"},\"potentialAction\":[{\"@type\":\"SearchAction\",\"target\":{\"@type\":\"EntryPoint\",\"urlTemplate\":\"https:\/\/luchonoticias.com\/editor\/?s={search_term_string}\"},\"query-input\":{\"@type\":\"PropertyValueSpecification\",\"valueRequired\":true,\"valueName\":\"search_term_string\"}}],\"inLanguage\":\"es\"},{\"@type\":[\"Person\",\"Organization\"],\"@id\":\"https:\/\/luchonoticias.com\/editor\/#\/schema\/person\/7a7fd911f58561fd056dbac7b55af9cd\",\"name\":\"admin\",\"image\":{\"@type\":\"ImageObject\",\"inLanguage\":\"es\",\"@id\":\"https:\/\/luchonoticias.com\/editor\/#\/schema\/person\/image\/\",\"url\":\"https:\/\/luchonoticias.com\/editor\/wp-content\/uploads\/2024\/02\/cropped-cropped-logolu.webp\",\"contentUrl\":\"https:\/\/luchonoticias.com\/editor\/wp-content\/uploads\/2024\/02\/cropped-cropped-logolu.webp\",\"width\":382,\"height\":170,\"caption\":\"admin\"},\"logo\":{\"@id\":\"https:\/\/luchonoticias.com\/editor\/#\/schema\/person\/image\/\"},\"sameAs\":[\"https:\/\/www.facebook.com\/luchonoticiasneiva\"]},{\"@type\":\"Person\",\"@id\":\"https:\/\/luchonoticias.com\/editor\/#\/schema\/person\/29217990ddf6f14e35912b2866d591fb\",\"name\":\"Editor General\",\"image\":{\"@type\":\"ImageObject\",\"inLanguage\":\"es\",\"@id\":\"https:\/\/luchonoticias.com\/editor\/#\/schema\/person\/image\/\",\"url\":\"https:\/\/luchonoticias.com\/editor\/wp-content\/uploads\/2024\/02\/cropped-cropped-logolu-150x150.webp\",\"contentUrl\":\"https:\/\/luchonoticias.com\/editor\/wp-content\/uploads\/2024\/02\/cropped-cropped-logolu-150x150.webp\",\"caption\":\"Editor General\"},\"sameAs\":[\"https:\/\/luchonoticias.com\/\"],\"url\":\"https:\/\/luchonoticias.com\/editor\/author\/editor-general\/\"}]}<\/script>\n<!-- \/ Yoast SEO plugin. -->","yoast_head_json":{"title":"Satisfacci\u00f3n del presidente tras la prohibici\u00f3n en el pa\u00eds de las corridas de toros -","robots":{"index":"index","follow":"follow","max-snippet":"max-snippet:-1","max-image-preview":"max-image-preview:large","max-video-preview":"max-video-preview:-1"},"canonical":"https:\/\/luchonoticias.com\/editor\/satisfaccion-del-presidente-tras-la-prohibicion-en-el-pais-de-las-corridas-de-toros\/","og_locale":"es_ES","og_type":"article","og_title":"Satisfacci\u00f3n del presidente tras la prohibici\u00f3n en el pa\u00eds de las corridas de toros -","og_url":"https:\/\/luchonoticias.com\/editor\/satisfaccion-del-presidente-tras-la-prohibicion-en-el-pais-de-las-corridas-de-toros\/","article_publisher":"https:\/\/www.facebook.com\/luchonoticiasneiva","article_published_time":"2024-05-29T12:17:36+00:00","og_image":[{"width":700,"height":400,"url":"https:\/\/luchonoticias.com\/editor\/wp-content\/uploads\/2024\/05\/corridas-de-toros.jpg","type":"image\/jpeg"}],"author":"Editor General","twitter_card":"summary_large_image","twitter_misc":{"Escrito por":"Editor General","Tiempo de lectura":"1 minuto"},"schema":{"@context":"https:\/\/schema.org","@graph":[{"@type":"Article","@id":"https:\/\/luchonoticias.com\/editor\/satisfaccion-del-presidente-tras-la-prohibicion-en-el-pais-de-las-corridas-de-toros\/#article","isPartOf":{"@id":"https:\/\/luchonoticias.com\/editor\/satisfaccion-del-presidente-tras-la-prohibicion-en-el-pais-de-las-corridas-de-toros\/"},"author":{"name":"Editor General","@id":"https:\/\/luchonoticias.com\/editor\/#\/schema\/person\/29217990ddf6f14e35912b2866d591fb"},"headline":"Satisfacci\u00f3n del presidente tras la prohibici\u00f3n en el pa\u00eds de las corridas de toros","datePublished":"2024-05-29T12:17:36+00:00","mainEntityOfPage":{"@id":"https:\/\/luchonoticias.com\/editor\/satisfaccion-del-presidente-tras-la-prohibicion-en-el-pais-de-las-corridas-de-toros\/"},"wordCount":297,"publisher":{"@id":"https:\/\/luchonoticias.com\/editor\/#\/schema\/person\/7a7fd911f58561fd056dbac7b55af9cd"},"image":{"@id":"https:\/\/luchonoticias.com\/editor\/satisfaccion-del-presidente-tras-la-prohibicion-en-el-pais-de-las-corridas-de-toros\/#primaryimage"},"thumbnailUrl":"https:\/\/luchonoticias.com\/editor\/wp-content\/uploads\/2024\/05\/corridas-de-toros.jpg","articleSection":["Actualidad"],"inLanguage":"es"},{"@type":"WebPage","@id":"https:\/\/luchonoticias.com\/editor\/satisfaccion-del-presidente-tras-la-prohibicion-en-el-pais-de-las-corridas-de-toros\/","url":"https:\/\/luchonoticias.com\/editor\/satisfaccion-del-presidente-tras-la-prohibicion-en-el-pais-de-las-corridas-de-toros\/","name":"Satisfacci\u00f3n del presidente tras la prohibici\u00f3n en el pa\u00eds de las corridas de toros -","isPartOf":{"@id":"https:\/\/luchonoticias.com\/editor\/#website"},"primaryImageOfPage":{"@id":"https:\/\/luchonoticias.com\/editor\/satisfaccion-del-presidente-tras-la-prohibicion-en-el-pais-de-las-corridas-de-toros\/#primaryimage"},"image":{"@id":"https:\/\/luchonoticias.com\/editor\/satisfaccion-del-presidente-tras-la-prohibicion-en-el-pais-de-las-corridas-de-toros\/#primaryimage"},"thumbnailUrl":"https:\/\/luchonoticias.com\/editor\/wp-content\/uploads\/2024\/05\/corridas-de-toros.jpg","datePublished":"2024-05-29T12:17:36+00:00","breadcrumb":{"@id":"https:\/\/luchonoticias.com\/editor\/satisfaccion-del-presidente-tras-la-prohibicion-en-el-pais-de-las-corridas-de-toros\/#breadcrumb"},"inLanguage":"es","potentialAction":[{"@type":"ReadAction","target":["https:\/\/luchonoticias.com\/editor\/satisfaccion-del-presidente-tras-la-prohibicion-en-el-pais-de-las-corridas-de-toros\/"]}]},{"@type":"ImageObject","inLanguage":"es","@id":"https:\/\/luchonoticias.com\/editor\/satisfaccion-del-presidente-tras-la-prohibicion-en-el-pais-de-las-corridas-de-toros\/#primaryimage","url":"https:\/\/luchonoticias.com\/editor\/wp-content\/uploads\/2024\/05\/corridas-de-toros.jpg","contentUrl":"https:\/\/luchonoticias.com\/editor\/wp-content\/uploads\/2024\/05\/corridas-de-toros.jpg","width":700,"height":400},{"@type":"BreadcrumbList","@id":"https:\/\/luchonoticias.com\/editor\/satisfaccion-del-presidente-tras-la-prohibicion-en-el-pais-de-las-corridas-de-toros\/#breadcrumb","itemListElement":[{"@type":"ListItem","position":1,"name":"Portada","item":"https:\/\/luchonoticias.com\/editor\/"},{"@type":"ListItem","position":2,"name":"Satisfacci\u00f3n del presidente tras la prohibici\u00f3n en el pa\u00eds de las corridas de toros"}]},{"@type":"WebSite","@id":"https:\/\/luchonoticias.com\/editor\/#website","url":"https:\/\/luchonoticias.com\/editor\/","name":"","description":"","publisher":{"@id":"https:\/\/luchonoticias.com\/editor\/#\/schema\/person\/7a7fd911f58561fd056dbac7b55af9cd"},"potentialAction":[{"@type":"SearchAction","target":{"@type":"EntryPoint","urlTemplate":"https:\/\/luchonoticias.com\/editor\/?s={search_term_string}"},"query-input":{"@type":"PropertyValueSpecification","valueRequired":true,"valueName":"search_term_string"}}],"inLanguage":"es"},{"@type":["Person","Organization"],"@id":"https:\/\/luchonoticias.com\/editor\/#\/schema\/person\/7a7fd911f58561fd056dbac7b55af9cd","name":"admin","image":{"@type":"ImageObject","inLanguage":"es","@id":"https:\/\/luchonoticias.com\/editor\/#\/schema\/person\/image\/","url":"https:\/\/luchonoticias.com\/editor\/wp-content\/uploads\/2024\/02\/cropped-cropped-logolu.webp","contentUrl":"https:\/\/luchonoticias.com\/editor\/wp-content\/uploads\/2024\/02\/cropped-cropped-logolu.webp","width":382,"height":170,"caption":"admin"},"logo":{"@id":"https:\/\/luchonoticias.com\/editor\/#\/schema\/person\/image\/"},"sameAs":["https:\/\/www.facebook.com\/luchonoticiasneiva"]},{"@type":"Person","@id":"https:\/\/luchonoticias.com\/editor\/#\/schema\/person\/29217990ddf6f14e35912b2866d591fb","name":"Editor General","image":{"@type":"ImageObject","inLanguage":"es","@id":"https:\/\/luchonoticias.com\/editor\/#\/schema\/person\/image\/","url":"https:\/\/luchonoticias.com\/editor\/wp-content\/uploads\/2024\/02\/cropped-cropped-logolu-150x150.webp","contentUrl":"https:\/\/luchonoticias.com\/editor\/wp-content\/uploads\/2024\/02\/cropped-cropped-logolu-150x150.webp","caption":"Editor General"},"sameAs":["https:\/\/luchonoticias.com\/"],"url":"https:\/\/luchonoticias.com\/editor\/author\/editor-general\/"}]}},"_links":{"self":[{"href":"https:\/\/luchonoticias.com\/editor\/wp-json\/wp\/v2\/posts\/73559","targetHints":{"allow":["GET"]}}],"collection":[{"href":"https:\/\/luchonoticias.com\/editor\/wp-json\/wp\/v2\/posts"}],"about":[{"href":"https:\/\/luchonoticias.com\/editor\/wp-json\/wp\/v2\/types\/post"}],"author":[{"embeddable":true,"href":"https:\/\/luchonoticias.com\/editor\/wp-json\/wp\/v2\/users\/2"}],"replies":[{"embeddable":true,"href":"https:\/\/luchonoticias.com\/editor\/wp-json\/wp\/v2\/comments?post=73559"}],"version-history":[{"count":0,"href":"https:\/\/luchonoticias.com\/editor\/wp-json\/wp\/v2\/posts\/73559\/revisions"}],"wp:featuredmedia":[{"embeddable":true,"href":"https:\/\/luchonoticias.com\/editor\/wp-json\/wp\/v2\/media\/73560"}],"wp:attachment":[{"href":"https:\/\/luchonoticias.com\/editor\/wp-json\/wp\/v2\/media?parent=73559"}],"wp:term":[{"taxonomy":"category","embeddable":true,"href":"https:\/\/luchonoticias.com\/editor\/wp-json\/wp\/v2\/categories?post=73559"},{"taxonomy":"post_tag","embeddable":true,"href":"https:\/\/luchonoticias.com\/editor\/wp-json\/wp\/v2\/tags?post=73559"}],"curies":[{"name":"wp","href":"https:\/\/api.w.org\/{rel}","templated":true}]}}