{"id":73562,"date":"2024-05-29T07:21:16","date_gmt":"2024-05-29T12:21:16","guid":{"rendered":"https:\/\/luchonoticias.com\/?p=73562"},"modified":"2024-05-29T07:21:16","modified_gmt":"2024-05-29T12:21:16","slug":"gran-inversion-para-financiar-la-transicion-energetica-en-el-pais","status":"publish","type":"post","link":"https:\/\/luchonoticias.com\/editor\/gran-inversion-para-financiar-la-transicion-energetica-en-el-pais\/","title":{"rendered":"Gran inversi\u00f3n para financiar la transici\u00f3n energ\u00e9tica en el pa\u00eds"},"content":{"rendered":"<p>Con el objetivo de fomentar estudios e investigaciones que eval\u00faen el potencial de las fuentes no convencionales de energ\u00eda y garantizar una transici\u00f3n energ\u00e9tica justa, segura, confiable y eficiente, el Ministerio de Ciencia, Tecnolog\u00eda e Innovaci\u00f3n y la Agencia Nacional de Hidrocarburos (ANH), suscribieron un nuevo programa para fortalecer el desarrollo del sector energ\u00e9tico colombiano.<\/p>\n<p>El anuncio se hizo este martes 28 de mayo en la Casa de Nari\u00f1o, con el liderazgo del presidente de la Rep\u00fablica, Gustavo Petro, y la participaci\u00f3n de la ministra de Ciencia, Tecnolog\u00eda e Innovaci\u00f3n, Yesenia Olaya Requene, el presidente de la ANH, Orlando Velandia Sep\u00falveda, y representantes de la academia, sector productivo y embajadores, entre otros.<\/p>\n<p>El presidente Gustavo Petro destac\u00f3 en su discurso que \u201cestos son temas que obviamente implican unos fuertes canales de investigaci\u00f3n en Colombia, de financiaci\u00f3n de esa investigaci\u00f3n, pero que se van situando en lo que yo llamo la vanguardia econ\u00f3mica de la nueva econom\u00eda\u00bb.<\/p>\n<p>As\u00ed mismo puntualiz\u00f3: \u201cLos felicito por dedicar algunas decenas de millones de pesos de hidrocarburos a energ\u00edas limpias, porque es el camino que toca hacer\u00bb.<\/p>\n<p>La iniciativa se enmarca en las metas establecidas en el Plan Nacional de Desarrollo 2022-2026, en el que se plantea acelerar en el pa\u00eds el fortalecimiento de energ\u00edas renovables en la matriz energ\u00e9tica, impulsar que el sistema energ\u00e9tico cuente con infraestructura y tecnolog\u00eda y, a la vez, que cumpla con las garant\u00edas ambientales, de seguridad, confiabilidad, asequibilidad y eficiencia del servicio de energ\u00eda.<\/p>\n<p>Con el lanzamiento del programa se reafirma el compromiso desde el Ministerio de Ciencia, Tecnolog\u00eda en Innovaci\u00f3n con las apuestas del Plan Nacional de Desarrollo (PND), a trav\u00e9s de la Pol\u00edtica de Investigaci\u00f3n e Innovaci\u00f3n Orientada por Misiones para la Transici\u00f3n Energ\u00e9tica, cuyo reto principal es asegurar la generaci\u00f3n, acceso y uso de energ\u00edas sostenibles para todos los colombianos, a trav\u00e9s de la creaci\u00f3n de valor mediante la investigaci\u00f3n y la innovaci\u00f3n del ecosistema energ\u00e9tico.<\/p>\n<p>El programa inicia su ejecuci\u00f3n a partir de la apertura de la convocatoria 951 \u2013 2024, con la que se busca fortalecer el conocimiento geocient\u00edfico y tecnol\u00f3gico de las Fuentes No Convencionales de Energ\u00eda del pa\u00eds, para entender, conocer y caracterizar todo el potencial que tienen las regiones en recursos renovables, como el solar, el e\u00f3lico y el geot\u00e9rmico.<\/p>\n","protected":false},"excerpt":{"rendered":"<p>Con el objetivo de fomentar estudios e investigaciones que eval\u00faen el potencial de las fuentes no convencionales de energ\u00eda y garantizar una transici\u00f3n energ\u00e9tica justa, segura, confiable y eficiente, el Ministerio de Ciencia, Tecnolog\u00eda e Innovaci\u00f3n y la Agencia Nacional de Hidrocarburos (ANH), suscribieron un nuevo programa para fortalecer el desarrollo del sector energ\u00e9tico colombiano. [&hellip;]<\/p>\n","protected":false},"author":2,"featured_media":73563,"comment_status":"closed","ping_status":"open","sticky":false,"template":"","format":"standard","meta":{"footnotes":""},"categories":[28],"tags":[],"class_list":["post-73562","post","type-post","status-publish","format-standard","has-post-thumbnail","hentry","category-actualidad"],"yoast_head":"<!-- This site is optimized with the Yoast SEO plugin v26.6 - https:\/\/yoast.com\/wordpress\/plugins\/seo\/ -->\n<title>Gran inversi\u00f3n para financiar la transici\u00f3n energ\u00e9tica en el pa\u00eds -<\/title>\n<meta name=\"robots\" content=\"index, follow, max-snippet:-1, max-image-preview:large, max-video-preview:-1\" \/>\n<link rel=\"canonical\" href=\"https:\/\/luchonoticias.com\/editor\/gran-inversion-para-financiar-la-transicion-energetica-en-el-pais\/\" \/>\n<meta property=\"og:locale\" content=\"es_ES\" \/>\n<meta property=\"og:type\" content=\"article\" \/>\n<meta property=\"og:title\" content=\"Gran inversi\u00f3n para financiar la transici\u00f3n energ\u00e9tica en el pa\u00eds -\" \/>\n<meta property=\"og:url\" content=\"https:\/\/luchonoticias.com\/editor\/gran-inversion-para-financiar-la-transicion-energetica-en-el-pais\/\" \/>\n<meta property=\"article:publisher\" content=\"https:\/\/www.facebook.com\/luchonoticiasneiva\" \/>\n<meta property=\"article:published_time\" content=\"2024-05-29T12:21:16+00:00\" \/>\n<meta property=\"og:image\" content=\"https:\/\/luchonoticias.com\/editor\/wp-content\/uploads\/2024\/05\/presidencia-transicion.jpg\" \/>\n\t<meta property=\"og:image:width\" content=\"700\" \/>\n\t<meta property=\"og:image:height\" content=\"400\" \/>\n\t<meta property=\"og:image:type\" content=\"image\/jpeg\" \/>\n<meta name=\"author\" content=\"Editor General\" \/>\n<meta name=\"twitter:card\" content=\"summary_large_image\" \/>\n<meta name=\"twitter:label1\" content=\"Escrito por\" \/>\n\t<meta name=\"twitter:data1\" content=\"Editor General\" \/>\n\t<meta name=\"twitter:label2\" content=\"Tiempo de lectura\" \/>\n\t<meta name=\"twitter:data2\" content=\"2 minutos\" \/>\n<script type=\"application\/ld+json\" class=\"yoast-schema-graph\">{\"@context\":\"https:\/\/schema.org\",\"@graph\":[{\"@type\":\"Article\",\"@id\":\"https:\/\/luchonoticias.com\/editor\/gran-inversion-para-financiar-la-transicion-energetica-en-el-pais\/#article\",\"isPartOf\":{\"@id\":\"https:\/\/luchonoticias.com\/editor\/gran-inversion-para-financiar-la-transicion-energetica-en-el-pais\/\"},\"author\":{\"name\":\"Editor General\",\"@id\":\"https:\/\/luchonoticias.com\/editor\/#\/schema\/person\/29217990ddf6f14e35912b2866d591fb\"},\"headline\":\"Gran inversi\u00f3n para financiar la transici\u00f3n energ\u00e9tica en el pa\u00eds\",\"datePublished\":\"2024-05-29T12:21:16+00:00\",\"mainEntityOfPage\":{\"@id\":\"https:\/\/luchonoticias.com\/editor\/gran-inversion-para-financiar-la-transicion-energetica-en-el-pais\/\"},\"wordCount\":436,\"publisher\":{\"@id\":\"https:\/\/luchonoticias.com\/editor\/#\/schema\/person\/7a7fd911f58561fd056dbac7b55af9cd\"},\"image\":{\"@id\":\"https:\/\/luchonoticias.com\/editor\/gran-inversion-para-financiar-la-transicion-energetica-en-el-pais\/#primaryimage\"},\"thumbnailUrl\":\"https:\/\/luchonoticias.com\/editor\/wp-content\/uploads\/2024\/05\/presidencia-transicion.jpg\",\"articleSection\":[\"Actualidad\"],\"inLanguage\":\"es\"},{\"@type\":\"WebPage\",\"@id\":\"https:\/\/luchonoticias.com\/editor\/gran-inversion-para-financiar-la-transicion-energetica-en-el-pais\/\",\"url\":\"https:\/\/luchonoticias.com\/editor\/gran-inversion-para-financiar-la-transicion-energetica-en-el-pais\/\",\"name\":\"Gran inversi\u00f3n para financiar la transici\u00f3n energ\u00e9tica en el pa\u00eds -\",\"isPartOf\":{\"@id\":\"https:\/\/luchonoticias.com\/editor\/#website\"},\"primaryImageOfPage\":{\"@id\":\"https:\/\/luchonoticias.com\/editor\/gran-inversion-para-financiar-la-transicion-energetica-en-el-pais\/#primaryimage\"},\"image\":{\"@id\":\"https:\/\/luchonoticias.com\/editor\/gran-inversion-para-financiar-la-transicion-energetica-en-el-pais\/#primaryimage\"},\"thumbnailUrl\":\"https:\/\/luchonoticias.com\/editor\/wp-content\/uploads\/2024\/05\/presidencia-transicion.jpg\",\"datePublished\":\"2024-05-29T12:21:16+00:00\",\"breadcrumb\":{\"@id\":\"https:\/\/luchonoticias.com\/editor\/gran-inversion-para-financiar-la-transicion-energetica-en-el-pais\/#breadcrumb\"},\"inLanguage\":\"es\",\"potentialAction\":[{\"@type\":\"ReadAction\",\"target\":[\"https:\/\/luchonoticias.com\/editor\/gran-inversion-para-financiar-la-transicion-energetica-en-el-pais\/\"]}]},{\"@type\":\"ImageObject\",\"inLanguage\":\"es\",\"@id\":\"https:\/\/luchonoticias.com\/editor\/gran-inversion-para-financiar-la-transicion-energetica-en-el-pais\/#primaryimage\",\"url\":\"https:\/\/luchonoticias.com\/editor\/wp-content\/uploads\/2024\/05\/presidencia-transicion.jpg\",\"contentUrl\":\"https:\/\/luchonoticias.com\/editor\/wp-content\/uploads\/2024\/05\/presidencia-transicion.jpg\",\"width\":700,\"height\":400},{\"@type\":\"BreadcrumbList\",\"@id\":\"https:\/\/luchonoticias.com\/editor\/gran-inversion-para-financiar-la-transicion-energetica-en-el-pais\/#breadcrumb\",\"itemListElement\":[{\"@type\":\"ListItem\",\"position\":1,\"name\":\"Portada\",\"item\":\"https:\/\/luchonoticias.com\/editor\/\"},{\"@type\":\"ListItem\",\"position\":2,\"name\":\"Gran inversi\u00f3n para financiar la transici\u00f3n energ\u00e9tica en el pa\u00eds\"}]},{\"@type\":\"WebSite\",\"@id\":\"https:\/\/luchonoticias.com\/editor\/#website\",\"url\":\"https:\/\/luchonoticias.com\/editor\/\",\"name\":\"\",\"description\":\"\",\"publisher\":{\"@id\":\"https:\/\/luchonoticias.com\/editor\/#\/schema\/person\/7a7fd911f58561fd056dbac7b55af9cd\"},\"potentialAction\":[{\"@type\":\"SearchAction\",\"target\":{\"@type\":\"EntryPoint\",\"urlTemplate\":\"https:\/\/luchonoticias.com\/editor\/?s={search_term_string}\"},\"query-input\":{\"@type\":\"PropertyValueSpecification\",\"valueRequired\":true,\"valueName\":\"search_term_string\"}}],\"inLanguage\":\"es\"},{\"@type\":[\"Person\",\"Organization\"],\"@id\":\"https:\/\/luchonoticias.com\/editor\/#\/schema\/person\/7a7fd911f58561fd056dbac7b55af9cd\",\"name\":\"admin\",\"image\":{\"@type\":\"ImageObject\",\"inLanguage\":\"es\",\"@id\":\"https:\/\/luchonoticias.com\/editor\/#\/schema\/person\/image\/\",\"url\":\"https:\/\/luchonoticias.com\/editor\/wp-content\/uploads\/2024\/02\/cropped-cropped-logolu.webp\",\"contentUrl\":\"https:\/\/luchonoticias.com\/editor\/wp-content\/uploads\/2024\/02\/cropped-cropped-logolu.webp\",\"width\":382,\"height\":170,\"caption\":\"admin\"},\"logo\":{\"@id\":\"https:\/\/luchonoticias.com\/editor\/#\/schema\/person\/image\/\"},\"sameAs\":[\"https:\/\/www.facebook.com\/luchonoticiasneiva\"]},{\"@type\":\"Person\",\"@id\":\"https:\/\/luchonoticias.com\/editor\/#\/schema\/person\/29217990ddf6f14e35912b2866d591fb\",\"name\":\"Editor General\",\"image\":{\"@type\":\"ImageObject\",\"inLanguage\":\"es\",\"@id\":\"https:\/\/luchonoticias.com\/editor\/#\/schema\/person\/image\/\",\"url\":\"https:\/\/luchonoticias.com\/editor\/wp-content\/uploads\/2024\/02\/cropped-cropped-logolu-150x150.webp\",\"contentUrl\":\"https:\/\/luchonoticias.com\/editor\/wp-content\/uploads\/2024\/02\/cropped-cropped-logolu-150x150.webp\",\"caption\":\"Editor General\"},\"sameAs\":[\"https:\/\/luchonoticias.com\/\"],\"url\":\"https:\/\/luchonoticias.com\/editor\/author\/editor-general\/\"}]}<\/script>\n<!-- \/ Yoast SEO plugin. -->","yoast_head_json":{"title":"Gran inversi\u00f3n para financiar la transici\u00f3n energ\u00e9tica en el pa\u00eds -","robots":{"index":"index","follow":"follow","max-snippet":"max-snippet:-1","max-image-preview":"max-image-preview:large","max-video-preview":"max-video-preview:-1"},"canonical":"https:\/\/luchonoticias.com\/editor\/gran-inversion-para-financiar-la-transicion-energetica-en-el-pais\/","og_locale":"es_ES","og_type":"article","og_title":"Gran inversi\u00f3n para financiar la transici\u00f3n energ\u00e9tica en el pa\u00eds -","og_url":"https:\/\/luchonoticias.com\/editor\/gran-inversion-para-financiar-la-transicion-energetica-en-el-pais\/","article_publisher":"https:\/\/www.facebook.com\/luchonoticiasneiva","article_published_time":"2024-05-29T12:21:16+00:00","og_image":[{"width":700,"height":400,"url":"https:\/\/luchonoticias.com\/editor\/wp-content\/uploads\/2024\/05\/presidencia-transicion.jpg","type":"image\/jpeg"}],"author":"Editor General","twitter_card":"summary_large_image","twitter_misc":{"Escrito por":"Editor General","Tiempo de lectura":"2 minutos"},"schema":{"@context":"https:\/\/schema.org","@graph":[{"@type":"Article","@id":"https:\/\/luchonoticias.com\/editor\/gran-inversion-para-financiar-la-transicion-energetica-en-el-pais\/#article","isPartOf":{"@id":"https:\/\/luchonoticias.com\/editor\/gran-inversion-para-financiar-la-transicion-energetica-en-el-pais\/"},"author":{"name":"Editor General","@id":"https:\/\/luchonoticias.com\/editor\/#\/schema\/person\/29217990ddf6f14e35912b2866d591fb"},"headline":"Gran inversi\u00f3n para financiar la transici\u00f3n energ\u00e9tica en el pa\u00eds","datePublished":"2024-05-29T12:21:16+00:00","mainEntityOfPage":{"@id":"https:\/\/luchonoticias.com\/editor\/gran-inversion-para-financiar-la-transicion-energetica-en-el-pais\/"},"wordCount":436,"publisher":{"@id":"https:\/\/luchonoticias.com\/editor\/#\/schema\/person\/7a7fd911f58561fd056dbac7b55af9cd"},"image":{"@id":"https:\/\/luchonoticias.com\/editor\/gran-inversion-para-financiar-la-transicion-energetica-en-el-pais\/#primaryimage"},"thumbnailUrl":"https:\/\/luchonoticias.com\/editor\/wp-content\/uploads\/2024\/05\/presidencia-transicion.jpg","articleSection":["Actualidad"],"inLanguage":"es"},{"@type":"WebPage","@id":"https:\/\/luchonoticias.com\/editor\/gran-inversion-para-financiar-la-transicion-energetica-en-el-pais\/","url":"https:\/\/luchonoticias.com\/editor\/gran-inversion-para-financiar-la-transicion-energetica-en-el-pais\/","name":"Gran inversi\u00f3n para financiar la transici\u00f3n energ\u00e9tica en el pa\u00eds -","isPartOf":{"@id":"https:\/\/luchonoticias.com\/editor\/#website"},"primaryImageOfPage":{"@id":"https:\/\/luchonoticias.com\/editor\/gran-inversion-para-financiar-la-transicion-energetica-en-el-pais\/#primaryimage"},"image":{"@id":"https:\/\/luchonoticias.com\/editor\/gran-inversion-para-financiar-la-transicion-energetica-en-el-pais\/#primaryimage"},"thumbnailUrl":"https:\/\/luchonoticias.com\/editor\/wp-content\/uploads\/2024\/05\/presidencia-transicion.jpg","datePublished":"2024-05-29T12:21:16+00:00","breadcrumb":{"@id":"https:\/\/luchonoticias.com\/editor\/gran-inversion-para-financiar-la-transicion-energetica-en-el-pais\/#breadcrumb"},"inLanguage":"es","potentialAction":[{"@type":"ReadAction","target":["https:\/\/luchonoticias.com\/editor\/gran-inversion-para-financiar-la-transicion-energetica-en-el-pais\/"]}]},{"@type":"ImageObject","inLanguage":"es","@id":"https:\/\/luchonoticias.com\/editor\/gran-inversion-para-financiar-la-transicion-energetica-en-el-pais\/#primaryimage","url":"https:\/\/luchonoticias.com\/editor\/wp-content\/uploads\/2024\/05\/presidencia-transicion.jpg","contentUrl":"https:\/\/luchonoticias.com\/editor\/wp-content\/uploads\/2024\/05\/presidencia-transicion.jpg","width":700,"height":400},{"@type":"BreadcrumbList","@id":"https:\/\/luchonoticias.com\/editor\/gran-inversion-para-financiar-la-transicion-energetica-en-el-pais\/#breadcrumb","itemListElement":[{"@type":"ListItem","position":1,"name":"Portada","item":"https:\/\/luchonoticias.com\/editor\/"},{"@type":"ListItem","position":2,"name":"Gran inversi\u00f3n para financiar la transici\u00f3n energ\u00e9tica en el pa\u00eds"}]},{"@type":"WebSite","@id":"https:\/\/luchonoticias.com\/editor\/#website","url":"https:\/\/luchonoticias.com\/editor\/","name":"","description":"","publisher":{"@id":"https:\/\/luchonoticias.com\/editor\/#\/schema\/person\/7a7fd911f58561fd056dbac7b55af9cd"},"potentialAction":[{"@type":"SearchAction","target":{"@type":"EntryPoint","urlTemplate":"https:\/\/luchonoticias.com\/editor\/?s={search_term_string}"},"query-input":{"@type":"PropertyValueSpecification","valueRequired":true,"valueName":"search_term_string"}}],"inLanguage":"es"},{"@type":["Person","Organization"],"@id":"https:\/\/luchonoticias.com\/editor\/#\/schema\/person\/7a7fd911f58561fd056dbac7b55af9cd","name":"admin","image":{"@type":"ImageObject","inLanguage":"es","@id":"https:\/\/luchonoticias.com\/editor\/#\/schema\/person\/image\/","url":"https:\/\/luchonoticias.com\/editor\/wp-content\/uploads\/2024\/02\/cropped-cropped-logolu.webp","contentUrl":"https:\/\/luchonoticias.com\/editor\/wp-content\/uploads\/2024\/02\/cropped-cropped-logolu.webp","width":382,"height":170,"caption":"admin"},"logo":{"@id":"https:\/\/luchonoticias.com\/editor\/#\/schema\/person\/image\/"},"sameAs":["https:\/\/www.facebook.com\/luchonoticiasneiva"]},{"@type":"Person","@id":"https:\/\/luchonoticias.com\/editor\/#\/schema\/person\/29217990ddf6f14e35912b2866d591fb","name":"Editor General","image":{"@type":"ImageObject","inLanguage":"es","@id":"https:\/\/luchonoticias.com\/editor\/#\/schema\/person\/image\/","url":"https:\/\/luchonoticias.com\/editor\/wp-content\/uploads\/2024\/02\/cropped-cropped-logolu-150x150.webp","contentUrl":"https:\/\/luchonoticias.com\/editor\/wp-content\/uploads\/2024\/02\/cropped-cropped-logolu-150x150.webp","caption":"Editor General"},"sameAs":["https:\/\/luchonoticias.com\/"],"url":"https:\/\/luchonoticias.com\/editor\/author\/editor-general\/"}]}},"_links":{"self":[{"href":"https:\/\/luchonoticias.com\/editor\/wp-json\/wp\/v2\/posts\/73562","targetHints":{"allow":["GET"]}}],"collection":[{"href":"https:\/\/luchonoticias.com\/editor\/wp-json\/wp\/v2\/posts"}],"about":[{"href":"https:\/\/luchonoticias.com\/editor\/wp-json\/wp\/v2\/types\/post"}],"author":[{"embeddable":true,"href":"https:\/\/luchonoticias.com\/editor\/wp-json\/wp\/v2\/users\/2"}],"replies":[{"embeddable":true,"href":"https:\/\/luchonoticias.com\/editor\/wp-json\/wp\/v2\/comments?post=73562"}],"version-history":[{"count":0,"href":"https:\/\/luchonoticias.com\/editor\/wp-json\/wp\/v2\/posts\/73562\/revisions"}],"wp:featuredmedia":[{"embeddable":true,"href":"https:\/\/luchonoticias.com\/editor\/wp-json\/wp\/v2\/media\/73563"}],"wp:attachment":[{"href":"https:\/\/luchonoticias.com\/editor\/wp-json\/wp\/v2\/media?parent=73562"}],"wp:term":[{"taxonomy":"category","embeddable":true,"href":"https:\/\/luchonoticias.com\/editor\/wp-json\/wp\/v2\/categories?post=73562"},{"taxonomy":"post_tag","embeddable":true,"href":"https:\/\/luchonoticias.com\/editor\/wp-json\/wp\/v2\/tags?post=73562"}],"curies":[{"name":"wp","href":"https:\/\/api.w.org\/{rel}","templated":true}]}}