{"id":73565,"date":"2024-05-29T07:30:35","date_gmt":"2024-05-29T12:30:35","guid":{"rendered":"https:\/\/luchonoticias.com\/?p=73565"},"modified":"2024-05-29T07:30:35","modified_gmt":"2024-05-29T12:30:35","slug":"papa-francisco-se-disculpa-por-polemica-contra-la-comunidad-lgbti","status":"publish","type":"post","link":"https:\/\/luchonoticias.com\/editor\/papa-francisco-se-disculpa-por-polemica-contra-la-comunidad-lgbti\/","title":{"rendered":"Papa Francisco se disculpa por pol\u00e9mica contra la comunidad LGBTI"},"content":{"rendered":"<p class=\"font--secondary\">El papa Francisco se disculp\u00f3 este martes por haber recurrido a una expresi\u00f3n del dialecto romano, \u201cfrociaggine\u201d, un t\u00e9rmino considerado vulgar y despectivo con las personas homosexuales que en espa\u00f1ol equivaldr\u00eda a \u201cmariconer\u00eda\u201d, seg\u00fan un comunicado difundido por El Vaticano.<\/p>\n<div class=\"RelatedLinks \">\n<p class=\"font--secondary\">\u201cEl papa nunca ha pretendido ofender o expresarse en t\u00e9rminos homof\u00f3bicos, y presenta sus disculpas a quienes se hayan sentido ofendidos por el uso de una palabra\u201d, se\u00f1ala el comunicado. El sumo pont\u00edfice habr\u00eda usado ese t\u00e9rmino durante una reuni\u00f3n a puerta cerrada con obispos italianos.<\/p>\n<div class=\"teads-adCall\">\n<p class=\"font--secondary\">Seg\u00fan trascendi\u00f3 en los medios, el papa, de 87 a\u00f1os, les pidi\u00f3 a los obispos italianos que impidan a personas homosexuales entrar en los seminarios. Las palabras, seg\u00fan una informaci\u00f3n del diario italiano<i>\u00a0La Repubblica\u00a0<\/i>que cita fuentes episcopales, fueron que hay \u201cdemasiada mariconer\u00eda en ciertos seminarios\u201d.<\/p>\n<div class=\"Ads-BabelContainer \">\n<div id=\"2a7d8b0c-dc7a-47eb-b396-3ace7a0e7c4c\" class=\"pbs\" data-pbs-root=\"true\" data-pbs-position=\"static\" data-pbs-device=\"desktop\" data-pbs-video-title=\"true\" data-pbs-pagination=\"true\" data-pbs-sticky=\"top-left\" data-pbs-size=\"medium\" data-pbs-logo-pos=\"right\" data-pbs-content=\"loading\" data-pbs-player=\"content\" data-pbs-hover=\"true\" data-pbs-slot=\"ended\">\n<div id=\"exp_c22dab17-a05d-43fe-af4b-fbba72f41081\" class=\"pbs__player shown\" tabindex=\"0\" role=\"application\" aria-label=\"Video Player\">\n<div id=\"video13776073725170ecea-39ed-4353-8e73-cb986c9dbf56\" class=\"pb-stream\" aria-hidden=\"true\">\n<div id=\"__exco_root_container\" class=\" __exco_desktop __exco_root_container\">\n<div id=\"__exco_ad_container_static_ima_0\" class=\"__exco_ad_container\">\n<p class=\"font--secondary\">De acuerdo fuentes episcopales citadas por\u00a0<i>Il Corriere della Sera<\/i>, la frase del papa argentino y cuya primera lengua es el espa\u00f1ol fue recibida con algunas \u201crisas incr\u00e9dulas\u201d ya que \u201cera evidente que el papa no era consciente de lo ofensiva que resulta esa palabra en italiano\u201d.<\/p>\n<p class=\"font--secondary\">El m\u00e1ximo jerarca de la iglesia, seg\u00fan las versiones, habr\u00eda pedido a los prelados que \u201cacompa\u00f1en\u201d con \u201crespeto y delicadeza\u201d a los candidatos rechazados.<\/p>\n<p class=\"font--secondary\">\u201cLa Iglesia no puede admitir al seminario y a las \u00f3rdenes sagradas a quienes practican la homosexualidad, presentan tendencias homosexuales profundamente arraigadas o sostienen la as\u00ed llamada cultura gay\u201d, establece una \u201cInstrucci\u00f3n\u201d preparada por el Vaticano en 2005 y confirmada por Francisco en 2016.<\/p>\n<\/div>\n<\/div>\n<\/div>\n<div class=\"exp-ui\">\n<div class=\"exp-ui__wrapper exp-ui__permanent_title\">\n<div class=\"exp-ui__progressive-pagination\">\n<div class=\"exp-ui__progressive-pagination-bar\">Con informaci\u00f3n de El Espectador<\/div>\n<\/div>\n<\/div>\n<\/div>\n<\/div>\n<\/div>\n<\/div>\n<\/div>\n<\/div>\n","protected":false},"excerpt":{"rendered":"<p>El papa Francisco se disculp\u00f3 este martes por haber recurrido a una expresi\u00f3n del dialecto romano, \u201cfrociaggine\u201d, un t\u00e9rmino considerado vulgar y despectivo con las personas homosexuales que en espa\u00f1ol equivaldr\u00eda a \u201cmariconer\u00eda\u201d, seg\u00fan un comunicado difundido por El Vaticano. \u201cEl papa nunca ha pretendido ofender o expresarse en t\u00e9rminos homof\u00f3bicos, y presenta sus disculpas [&hellip;]<\/p>\n","protected":false},"author":2,"featured_media":73566,"comment_status":"closed","ping_status":"open","sticky":false,"template":"","format":"standard","meta":{"footnotes":""},"categories":[28],"tags":[],"class_list":["post-73565","post","type-post","status-publish","format-standard","has-post-thumbnail","hentry","category-actualidad"],"yoast_head":"<!-- This site is optimized with the Yoast SEO plugin v26.6 - https:\/\/yoast.com\/wordpress\/plugins\/seo\/ -->\n<title>Papa Francisco se disculpa por pol\u00e9mica contra la comunidad LGBTI -<\/title>\n<meta name=\"robots\" content=\"index, follow, max-snippet:-1, max-image-preview:large, max-video-preview:-1\" \/>\n<link rel=\"canonical\" href=\"https:\/\/luchonoticias.com\/editor\/papa-francisco-se-disculpa-por-polemica-contra-la-comunidad-lgbti\/\" \/>\n<meta property=\"og:locale\" content=\"es_ES\" \/>\n<meta property=\"og:type\" content=\"article\" \/>\n<meta property=\"og:title\" content=\"Papa Francisco se disculpa por pol\u00e9mica contra la comunidad LGBTI -\" \/>\n<meta property=\"og:url\" content=\"https:\/\/luchonoticias.com\/editor\/papa-francisco-se-disculpa-por-polemica-contra-la-comunidad-lgbti\/\" \/>\n<meta property=\"article:publisher\" content=\"https:\/\/www.facebook.com\/luchonoticiasneiva\" \/>\n<meta property=\"article:published_time\" content=\"2024-05-29T12:30:35+00:00\" \/>\n<meta property=\"og:image\" content=\"https:\/\/luchonoticias.com\/editor\/wp-content\/uploads\/2024\/05\/papa-francisco.jpg\" \/>\n\t<meta property=\"og:image:width\" content=\"700\" \/>\n\t<meta property=\"og:image:height\" content=\"400\" \/>\n\t<meta property=\"og:image:type\" content=\"image\/jpeg\" \/>\n<meta name=\"author\" content=\"Editor General\" \/>\n<meta name=\"twitter:card\" content=\"summary_large_image\" \/>\n<meta name=\"twitter:label1\" content=\"Escrito por\" \/>\n\t<meta name=\"twitter:data1\" content=\"Editor General\" \/>\n\t<meta name=\"twitter:label2\" content=\"Tiempo de lectura\" \/>\n\t<meta name=\"twitter:data2\" content=\"1 minuto\" \/>\n<script type=\"application\/ld+json\" class=\"yoast-schema-graph\">{\"@context\":\"https:\/\/schema.org\",\"@graph\":[{\"@type\":\"Article\",\"@id\":\"https:\/\/luchonoticias.com\/editor\/papa-francisco-se-disculpa-por-polemica-contra-la-comunidad-lgbti\/#article\",\"isPartOf\":{\"@id\":\"https:\/\/luchonoticias.com\/editor\/papa-francisco-se-disculpa-por-polemica-contra-la-comunidad-lgbti\/\"},\"author\":{\"name\":\"Editor General\",\"@id\":\"https:\/\/luchonoticias.com\/editor\/#\/schema\/person\/29217990ddf6f14e35912b2866d591fb\"},\"headline\":\"Papa Francisco se disculpa por pol\u00e9mica contra la comunidad LGBTI\",\"datePublished\":\"2024-05-29T12:30:35+00:00\",\"mainEntityOfPage\":{\"@id\":\"https:\/\/luchonoticias.com\/editor\/papa-francisco-se-disculpa-por-polemica-contra-la-comunidad-lgbti\/\"},\"wordCount\":287,\"publisher\":{\"@id\":\"https:\/\/luchonoticias.com\/editor\/#\/schema\/person\/7a7fd911f58561fd056dbac7b55af9cd\"},\"image\":{\"@id\":\"https:\/\/luchonoticias.com\/editor\/papa-francisco-se-disculpa-por-polemica-contra-la-comunidad-lgbti\/#primaryimage\"},\"thumbnailUrl\":\"https:\/\/luchonoticias.com\/editor\/wp-content\/uploads\/2024\/05\/papa-francisco.jpg\",\"articleSection\":[\"Actualidad\"],\"inLanguage\":\"es\"},{\"@type\":\"WebPage\",\"@id\":\"https:\/\/luchonoticias.com\/editor\/papa-francisco-se-disculpa-por-polemica-contra-la-comunidad-lgbti\/\",\"url\":\"https:\/\/luchonoticias.com\/editor\/papa-francisco-se-disculpa-por-polemica-contra-la-comunidad-lgbti\/\",\"name\":\"Papa Francisco se disculpa por pol\u00e9mica contra la comunidad LGBTI -\",\"isPartOf\":{\"@id\":\"https:\/\/luchonoticias.com\/editor\/#website\"},\"primaryImageOfPage\":{\"@id\":\"https:\/\/luchonoticias.com\/editor\/papa-francisco-se-disculpa-por-polemica-contra-la-comunidad-lgbti\/#primaryimage\"},\"image\":{\"@id\":\"https:\/\/luchonoticias.com\/editor\/papa-francisco-se-disculpa-por-polemica-contra-la-comunidad-lgbti\/#primaryimage\"},\"thumbnailUrl\":\"https:\/\/luchonoticias.com\/editor\/wp-content\/uploads\/2024\/05\/papa-francisco.jpg\",\"datePublished\":\"2024-05-29T12:30:35+00:00\",\"breadcrumb\":{\"@id\":\"https:\/\/luchonoticias.com\/editor\/papa-francisco-se-disculpa-por-polemica-contra-la-comunidad-lgbti\/#breadcrumb\"},\"inLanguage\":\"es\",\"potentialAction\":[{\"@type\":\"ReadAction\",\"target\":[\"https:\/\/luchonoticias.com\/editor\/papa-francisco-se-disculpa-por-polemica-contra-la-comunidad-lgbti\/\"]}]},{\"@type\":\"ImageObject\",\"inLanguage\":\"es\",\"@id\":\"https:\/\/luchonoticias.com\/editor\/papa-francisco-se-disculpa-por-polemica-contra-la-comunidad-lgbti\/#primaryimage\",\"url\":\"https:\/\/luchonoticias.com\/editor\/wp-content\/uploads\/2024\/05\/papa-francisco.jpg\",\"contentUrl\":\"https:\/\/luchonoticias.com\/editor\/wp-content\/uploads\/2024\/05\/papa-francisco.jpg\",\"width\":700,\"height\":400},{\"@type\":\"BreadcrumbList\",\"@id\":\"https:\/\/luchonoticias.com\/editor\/papa-francisco-se-disculpa-por-polemica-contra-la-comunidad-lgbti\/#breadcrumb\",\"itemListElement\":[{\"@type\":\"ListItem\",\"position\":1,\"name\":\"Portada\",\"item\":\"https:\/\/luchonoticias.com\/editor\/\"},{\"@type\":\"ListItem\",\"position\":2,\"name\":\"Papa Francisco se disculpa por pol\u00e9mica contra la comunidad LGBTI\"}]},{\"@type\":\"WebSite\",\"@id\":\"https:\/\/luchonoticias.com\/editor\/#website\",\"url\":\"https:\/\/luchonoticias.com\/editor\/\",\"name\":\"\",\"description\":\"\",\"publisher\":{\"@id\":\"https:\/\/luchonoticias.com\/editor\/#\/schema\/person\/7a7fd911f58561fd056dbac7b55af9cd\"},\"potentialAction\":[{\"@type\":\"SearchAction\",\"target\":{\"@type\":\"EntryPoint\",\"urlTemplate\":\"https:\/\/luchonoticias.com\/editor\/?s={search_term_string}\"},\"query-input\":{\"@type\":\"PropertyValueSpecification\",\"valueRequired\":true,\"valueName\":\"search_term_string\"}}],\"inLanguage\":\"es\"},{\"@type\":[\"Person\",\"Organization\"],\"@id\":\"https:\/\/luchonoticias.com\/editor\/#\/schema\/person\/7a7fd911f58561fd056dbac7b55af9cd\",\"name\":\"admin\",\"image\":{\"@type\":\"ImageObject\",\"inLanguage\":\"es\",\"@id\":\"https:\/\/luchonoticias.com\/editor\/#\/schema\/person\/image\/\",\"url\":\"https:\/\/luchonoticias.com\/editor\/wp-content\/uploads\/2024\/02\/cropped-cropped-logolu.webp\",\"contentUrl\":\"https:\/\/luchonoticias.com\/editor\/wp-content\/uploads\/2024\/02\/cropped-cropped-logolu.webp\",\"width\":382,\"height\":170,\"caption\":\"admin\"},\"logo\":{\"@id\":\"https:\/\/luchonoticias.com\/editor\/#\/schema\/person\/image\/\"},\"sameAs\":[\"https:\/\/www.facebook.com\/luchonoticiasneiva\"]},{\"@type\":\"Person\",\"@id\":\"https:\/\/luchonoticias.com\/editor\/#\/schema\/person\/29217990ddf6f14e35912b2866d591fb\",\"name\":\"Editor General\",\"image\":{\"@type\":\"ImageObject\",\"inLanguage\":\"es\",\"@id\":\"https:\/\/luchonoticias.com\/editor\/#\/schema\/person\/image\/\",\"url\":\"https:\/\/luchonoticias.com\/editor\/wp-content\/uploads\/2024\/02\/cropped-cropped-logolu-150x150.webp\",\"contentUrl\":\"https:\/\/luchonoticias.com\/editor\/wp-content\/uploads\/2024\/02\/cropped-cropped-logolu-150x150.webp\",\"caption\":\"Editor General\"},\"sameAs\":[\"https:\/\/luchonoticias.com\/\"],\"url\":\"https:\/\/luchonoticias.com\/editor\/author\/editor-general\/\"}]}<\/script>\n<!-- \/ Yoast SEO plugin. -->","yoast_head_json":{"title":"Papa Francisco se disculpa por pol\u00e9mica contra la comunidad LGBTI -","robots":{"index":"index","follow":"follow","max-snippet":"max-snippet:-1","max-image-preview":"max-image-preview:large","max-video-preview":"max-video-preview:-1"},"canonical":"https:\/\/luchonoticias.com\/editor\/papa-francisco-se-disculpa-por-polemica-contra-la-comunidad-lgbti\/","og_locale":"es_ES","og_type":"article","og_title":"Papa Francisco se disculpa por pol\u00e9mica contra la comunidad LGBTI -","og_url":"https:\/\/luchonoticias.com\/editor\/papa-francisco-se-disculpa-por-polemica-contra-la-comunidad-lgbti\/","article_publisher":"https:\/\/www.facebook.com\/luchonoticiasneiva","article_published_time":"2024-05-29T12:30:35+00:00","og_image":[{"width":700,"height":400,"url":"https:\/\/luchonoticias.com\/editor\/wp-content\/uploads\/2024\/05\/papa-francisco.jpg","type":"image\/jpeg"}],"author":"Editor General","twitter_card":"summary_large_image","twitter_misc":{"Escrito por":"Editor General","Tiempo de lectura":"1 minuto"},"schema":{"@context":"https:\/\/schema.org","@graph":[{"@type":"Article","@id":"https:\/\/luchonoticias.com\/editor\/papa-francisco-se-disculpa-por-polemica-contra-la-comunidad-lgbti\/#article","isPartOf":{"@id":"https:\/\/luchonoticias.com\/editor\/papa-francisco-se-disculpa-por-polemica-contra-la-comunidad-lgbti\/"},"author":{"name":"Editor General","@id":"https:\/\/luchonoticias.com\/editor\/#\/schema\/person\/29217990ddf6f14e35912b2866d591fb"},"headline":"Papa Francisco se disculpa por pol\u00e9mica contra la comunidad LGBTI","datePublished":"2024-05-29T12:30:35+00:00","mainEntityOfPage":{"@id":"https:\/\/luchonoticias.com\/editor\/papa-francisco-se-disculpa-por-polemica-contra-la-comunidad-lgbti\/"},"wordCount":287,"publisher":{"@id":"https:\/\/luchonoticias.com\/editor\/#\/schema\/person\/7a7fd911f58561fd056dbac7b55af9cd"},"image":{"@id":"https:\/\/luchonoticias.com\/editor\/papa-francisco-se-disculpa-por-polemica-contra-la-comunidad-lgbti\/#primaryimage"},"thumbnailUrl":"https:\/\/luchonoticias.com\/editor\/wp-content\/uploads\/2024\/05\/papa-francisco.jpg","articleSection":["Actualidad"],"inLanguage":"es"},{"@type":"WebPage","@id":"https:\/\/luchonoticias.com\/editor\/papa-francisco-se-disculpa-por-polemica-contra-la-comunidad-lgbti\/","url":"https:\/\/luchonoticias.com\/editor\/papa-francisco-se-disculpa-por-polemica-contra-la-comunidad-lgbti\/","name":"Papa Francisco se disculpa por pol\u00e9mica contra la comunidad LGBTI -","isPartOf":{"@id":"https:\/\/luchonoticias.com\/editor\/#website"},"primaryImageOfPage":{"@id":"https:\/\/luchonoticias.com\/editor\/papa-francisco-se-disculpa-por-polemica-contra-la-comunidad-lgbti\/#primaryimage"},"image":{"@id":"https:\/\/luchonoticias.com\/editor\/papa-francisco-se-disculpa-por-polemica-contra-la-comunidad-lgbti\/#primaryimage"},"thumbnailUrl":"https:\/\/luchonoticias.com\/editor\/wp-content\/uploads\/2024\/05\/papa-francisco.jpg","datePublished":"2024-05-29T12:30:35+00:00","breadcrumb":{"@id":"https:\/\/luchonoticias.com\/editor\/papa-francisco-se-disculpa-por-polemica-contra-la-comunidad-lgbti\/#breadcrumb"},"inLanguage":"es","potentialAction":[{"@type":"ReadAction","target":["https:\/\/luchonoticias.com\/editor\/papa-francisco-se-disculpa-por-polemica-contra-la-comunidad-lgbti\/"]}]},{"@type":"ImageObject","inLanguage":"es","@id":"https:\/\/luchonoticias.com\/editor\/papa-francisco-se-disculpa-por-polemica-contra-la-comunidad-lgbti\/#primaryimage","url":"https:\/\/luchonoticias.com\/editor\/wp-content\/uploads\/2024\/05\/papa-francisco.jpg","contentUrl":"https:\/\/luchonoticias.com\/editor\/wp-content\/uploads\/2024\/05\/papa-francisco.jpg","width":700,"height":400},{"@type":"BreadcrumbList","@id":"https:\/\/luchonoticias.com\/editor\/papa-francisco-se-disculpa-por-polemica-contra-la-comunidad-lgbti\/#breadcrumb","itemListElement":[{"@type":"ListItem","position":1,"name":"Portada","item":"https:\/\/luchonoticias.com\/editor\/"},{"@type":"ListItem","position":2,"name":"Papa Francisco se disculpa por pol\u00e9mica contra la comunidad LGBTI"}]},{"@type":"WebSite","@id":"https:\/\/luchonoticias.com\/editor\/#website","url":"https:\/\/luchonoticias.com\/editor\/","name":"","description":"","publisher":{"@id":"https:\/\/luchonoticias.com\/editor\/#\/schema\/person\/7a7fd911f58561fd056dbac7b55af9cd"},"potentialAction":[{"@type":"SearchAction","target":{"@type":"EntryPoint","urlTemplate":"https:\/\/luchonoticias.com\/editor\/?s={search_term_string}"},"query-input":{"@type":"PropertyValueSpecification","valueRequired":true,"valueName":"search_term_string"}}],"inLanguage":"es"},{"@type":["Person","Organization"],"@id":"https:\/\/luchonoticias.com\/editor\/#\/schema\/person\/7a7fd911f58561fd056dbac7b55af9cd","name":"admin","image":{"@type":"ImageObject","inLanguage":"es","@id":"https:\/\/luchonoticias.com\/editor\/#\/schema\/person\/image\/","url":"https:\/\/luchonoticias.com\/editor\/wp-content\/uploads\/2024\/02\/cropped-cropped-logolu.webp","contentUrl":"https:\/\/luchonoticias.com\/editor\/wp-content\/uploads\/2024\/02\/cropped-cropped-logolu.webp","width":382,"height":170,"caption":"admin"},"logo":{"@id":"https:\/\/luchonoticias.com\/editor\/#\/schema\/person\/image\/"},"sameAs":["https:\/\/www.facebook.com\/luchonoticiasneiva"]},{"@type":"Person","@id":"https:\/\/luchonoticias.com\/editor\/#\/schema\/person\/29217990ddf6f14e35912b2866d591fb","name":"Editor General","image":{"@type":"ImageObject","inLanguage":"es","@id":"https:\/\/luchonoticias.com\/editor\/#\/schema\/person\/image\/","url":"https:\/\/luchonoticias.com\/editor\/wp-content\/uploads\/2024\/02\/cropped-cropped-logolu-150x150.webp","contentUrl":"https:\/\/luchonoticias.com\/editor\/wp-content\/uploads\/2024\/02\/cropped-cropped-logolu-150x150.webp","caption":"Editor General"},"sameAs":["https:\/\/luchonoticias.com\/"],"url":"https:\/\/luchonoticias.com\/editor\/author\/editor-general\/"}]}},"_links":{"self":[{"href":"https:\/\/luchonoticias.com\/editor\/wp-json\/wp\/v2\/posts\/73565","targetHints":{"allow":["GET"]}}],"collection":[{"href":"https:\/\/luchonoticias.com\/editor\/wp-json\/wp\/v2\/posts"}],"about":[{"href":"https:\/\/luchonoticias.com\/editor\/wp-json\/wp\/v2\/types\/post"}],"author":[{"embeddable":true,"href":"https:\/\/luchonoticias.com\/editor\/wp-json\/wp\/v2\/users\/2"}],"replies":[{"embeddable":true,"href":"https:\/\/luchonoticias.com\/editor\/wp-json\/wp\/v2\/comments?post=73565"}],"version-history":[{"count":0,"href":"https:\/\/luchonoticias.com\/editor\/wp-json\/wp\/v2\/posts\/73565\/revisions"}],"wp:featuredmedia":[{"embeddable":true,"href":"https:\/\/luchonoticias.com\/editor\/wp-json\/wp\/v2\/media\/73566"}],"wp:attachment":[{"href":"https:\/\/luchonoticias.com\/editor\/wp-json\/wp\/v2\/media?parent=73565"}],"wp:term":[{"taxonomy":"category","embeddable":true,"href":"https:\/\/luchonoticias.com\/editor\/wp-json\/wp\/v2\/categories?post=73565"},{"taxonomy":"post_tag","embeddable":true,"href":"https:\/\/luchonoticias.com\/editor\/wp-json\/wp\/v2\/tags?post=73565"}],"curies":[{"name":"wp","href":"https:\/\/api.w.org\/{rel}","templated":true}]}}