{"id":73578,"date":"2024-05-29T17:41:39","date_gmt":"2024-05-29T22:41:39","guid":{"rendered":"https:\/\/luchonoticias.com\/?p=73578"},"modified":"2024-05-29T17:41:39","modified_gmt":"2024-05-29T22:41:39","slug":"concejo-aprueba-un-nuevo-proyecto-de-vivienda-en-neiva","status":"publish","type":"post","link":"https:\/\/luchonoticias.com\/editor\/concejo-aprueba-un-nuevo-proyecto-de-vivienda-en-neiva\/","title":{"rendered":"Concejo aprueba un nuevo proyecto de vivienda en Neiva"},"content":{"rendered":"<p>Con el objetivo de atender el d\u00e9ficit cuantitativo y cualitativo de los hogares, fue aprobado con 17 votos positivos en la Corporaci\u00f3n de Neiva el Proyecto de Acuerdo 005, \u201cpor medio del cual se autoriza al alcalde del municipio de Neiva (Huila) a constituir patrimonios aut\u00f3nomos a trav\u00e9s de contratos de fiducia mercantil, transfiriendo dos bienes inmuebles para el desarrollo de proyectos de vivienda de inter\u00e9s social\u201d.<\/p>\n<p>El primer proyecto denominado \u201cReserva de San Luis\u201d, quedar\u00e1 ubicado en el sur de Neiva, contiguo al proyecto Bosques de San Lu\u00eds. All\u00ed, se construir\u00e1n 150 apartamentos de Vivienda de Inter\u00e9s Prioritario (VIP). El segundo proyecto denominado \u201cVista Hermosa\u201d, se ubicar\u00e1 en el barrio El Tesoro y tendr\u00e1 100 apartamentos de Vivienda de Inter\u00e9s Social (VIS).<\/p>\n<p>\u201cEste proyecto le permitir\u00e1 al Alcalde de Neiva, a trav\u00e9s de la Secretar\u00eda de Vivienda, usar dos lotes muy importantes de la ciudad para desarrollar vivienda social y vivienda de inter\u00e9s prioritario, beneficiar\u00e1 a las familias m\u00e1s necesitadas de la ciudad de Neiva, es muy importante porque permitir\u00e1 disminuir el d\u00e9ficit habitacional que hoy tiene la ciudad\u201d, manifest\u00f3 Marwin Victoria, secretario de Vivienda y H\u00e1bitat.<\/p>\n<p><strong>Impulsar la econom\u00eda de Neiva<\/strong><\/p>\n<p>El concejal Johan Steed Ortiz, ponente del proyecto, destac\u00f3 que este proyecto ayudar\u00e1 a dinamizar la econom\u00eda neivana a trav\u00e9s de la generaci\u00f3n de empleo. \u201cEl prop\u00f3sito es que las familias de los asentamientos, de quienes est\u00e1n en la zona rural, sean beneficiarias de estas 250 viviendas que se construir\u00e1n, son viviendas adecuadas que mejorar\u00e1n la calidad de vida, van a impactar en generar empleo e impulsar al sector de la construcci\u00f3n. Ser\u00e1n alrededor de 500 empleos directos y 500 indirectos. Necesitamos garantizarle vivienda digna a las poblaciones vulnerables\u201d, resalt\u00f3 el cabildante.<\/p>\n<p>Ahora el paso a seguir desde la Alcald\u00eda de Neiva, es continuar con el proceso de elegir un aliado constructor y, seguidamente, con la convocatoria de las posibles personas que se van a beneficiar. \u201cA partir de hoy, arrancaremos el proceso de selecci\u00f3n de nuestro aliado constructor, empezaremos en la construcci\u00f3n de convocatoria de los potenciales beneficiarios, luego de esto, ya podremos constituir el patrimonio aut\u00f3nomo, que permitir\u00e1 que los lotes del municipio queden inmersos de ese patrimonio, y al final estos lotes terminar\u00e1n aplicando a cada familia de estos proyectos como subsidios\u201d, indic\u00f3 Marwin Victoria, secretario de Vivienda y H\u00e1bitat.<\/p>\n<p>Estos lotes le facilitar\u00e1n a las familias beneficiadas, el cierre financiero a trav\u00e9s del apoyo de subsidios de vivienda, lo que contribuir\u00e1 positivamente en el bienestar econ\u00f3mico de esta poblaci\u00f3n, pues la suma de los subsidios reducir\u00e1 la cartera para la adquisi\u00f3n de las viviendas; por lo anterior, desde la Administraci\u00f3n Municipal se ratifica el compromiso de mejorar la calidad de vida de los neivanos a trav\u00e9s de propuestas de vivienda accesibles para mejorar el d\u00e9ficit habitacional de ciudad.<\/p>\n","protected":false},"excerpt":{"rendered":"<p>Con el objetivo de atender el d\u00e9ficit cuantitativo y cualitativo de los hogares, fue aprobado con 17 votos positivos en la Corporaci\u00f3n de Neiva el Proyecto de Acuerdo 005, \u201cpor medio del cual se autoriza al alcalde del municipio de Neiva (Huila) a constituir patrimonios aut\u00f3nomos a trav\u00e9s de contratos de fiducia mercantil, transfiriendo dos [&hellip;]<\/p>\n","protected":false},"author":2,"featured_media":73579,"comment_status":"closed","ping_status":"open","sticky":false,"template":"","format":"standard","meta":{"footnotes":""},"categories":[31],"tags":[],"class_list":["post-73578","post","type-post","status-publish","format-standard","has-post-thumbnail","hentry","category-local"],"yoast_head":"<!-- This site is optimized with the Yoast SEO plugin v26.6 - https:\/\/yoast.com\/wordpress\/plugins\/seo\/ -->\n<title>Concejo aprueba un nuevo proyecto de vivienda en Neiva -<\/title>\n<meta name=\"robots\" content=\"index, follow, max-snippet:-1, max-image-preview:large, max-video-preview:-1\" \/>\n<link rel=\"canonical\" href=\"https:\/\/luchonoticias.com\/editor\/concejo-aprueba-un-nuevo-proyecto-de-vivienda-en-neiva\/\" \/>\n<meta property=\"og:locale\" content=\"es_ES\" \/>\n<meta property=\"og:type\" content=\"article\" \/>\n<meta property=\"og:title\" content=\"Concejo aprueba un nuevo proyecto de vivienda en Neiva -\" \/>\n<meta property=\"og:url\" content=\"https:\/\/luchonoticias.com\/editor\/concejo-aprueba-un-nuevo-proyecto-de-vivienda-en-neiva\/\" \/>\n<meta property=\"article:publisher\" content=\"https:\/\/www.facebook.com\/luchonoticiasneiva\" \/>\n<meta property=\"article:published_time\" content=\"2024-05-29T22:41:39+00:00\" \/>\n<meta property=\"og:image\" content=\"https:\/\/luchonoticias.com\/editor\/wp-content\/uploads\/2024\/05\/concejo-y-vivienda.jpg\" \/>\n\t<meta property=\"og:image:width\" content=\"700\" \/>\n\t<meta property=\"og:image:height\" content=\"400\" \/>\n\t<meta property=\"og:image:type\" content=\"image\/jpeg\" \/>\n<meta name=\"author\" content=\"Editor General\" \/>\n<meta name=\"twitter:card\" content=\"summary_large_image\" \/>\n<meta name=\"twitter:label1\" content=\"Escrito por\" \/>\n\t<meta name=\"twitter:data1\" content=\"Editor General\" \/>\n\t<meta name=\"twitter:label2\" content=\"Tiempo de lectura\" \/>\n\t<meta name=\"twitter:data2\" content=\"2 minutos\" \/>\n<script type=\"application\/ld+json\" class=\"yoast-schema-graph\">{\"@context\":\"https:\/\/schema.org\",\"@graph\":[{\"@type\":\"Article\",\"@id\":\"https:\/\/luchonoticias.com\/editor\/concejo-aprueba-un-nuevo-proyecto-de-vivienda-en-neiva\/#article\",\"isPartOf\":{\"@id\":\"https:\/\/luchonoticias.com\/editor\/concejo-aprueba-un-nuevo-proyecto-de-vivienda-en-neiva\/\"},\"author\":{\"name\":\"Editor General\",\"@id\":\"https:\/\/luchonoticias.com\/editor\/#\/schema\/person\/29217990ddf6f14e35912b2866d591fb\"},\"headline\":\"Concejo aprueba un nuevo proyecto de vivienda en Neiva\",\"datePublished\":\"2024-05-29T22:41:39+00:00\",\"mainEntityOfPage\":{\"@id\":\"https:\/\/luchonoticias.com\/editor\/concejo-aprueba-un-nuevo-proyecto-de-vivienda-en-neiva\/\"},\"wordCount\":506,\"publisher\":{\"@id\":\"https:\/\/luchonoticias.com\/editor\/#\/schema\/person\/7a7fd911f58561fd056dbac7b55af9cd\"},\"image\":{\"@id\":\"https:\/\/luchonoticias.com\/editor\/concejo-aprueba-un-nuevo-proyecto-de-vivienda-en-neiva\/#primaryimage\"},\"thumbnailUrl\":\"https:\/\/luchonoticias.com\/editor\/wp-content\/uploads\/2024\/05\/concejo-y-vivienda.jpg\",\"articleSection\":[\"Local\"],\"inLanguage\":\"es\"},{\"@type\":\"WebPage\",\"@id\":\"https:\/\/luchonoticias.com\/editor\/concejo-aprueba-un-nuevo-proyecto-de-vivienda-en-neiva\/\",\"url\":\"https:\/\/luchonoticias.com\/editor\/concejo-aprueba-un-nuevo-proyecto-de-vivienda-en-neiva\/\",\"name\":\"Concejo aprueba un nuevo proyecto de vivienda en Neiva -\",\"isPartOf\":{\"@id\":\"https:\/\/luchonoticias.com\/editor\/#website\"},\"primaryImageOfPage\":{\"@id\":\"https:\/\/luchonoticias.com\/editor\/concejo-aprueba-un-nuevo-proyecto-de-vivienda-en-neiva\/#primaryimage\"},\"image\":{\"@id\":\"https:\/\/luchonoticias.com\/editor\/concejo-aprueba-un-nuevo-proyecto-de-vivienda-en-neiva\/#primaryimage\"},\"thumbnailUrl\":\"https:\/\/luchonoticias.com\/editor\/wp-content\/uploads\/2024\/05\/concejo-y-vivienda.jpg\",\"datePublished\":\"2024-05-29T22:41:39+00:00\",\"breadcrumb\":{\"@id\":\"https:\/\/luchonoticias.com\/editor\/concejo-aprueba-un-nuevo-proyecto-de-vivienda-en-neiva\/#breadcrumb\"},\"inLanguage\":\"es\",\"potentialAction\":[{\"@type\":\"ReadAction\",\"target\":[\"https:\/\/luchonoticias.com\/editor\/concejo-aprueba-un-nuevo-proyecto-de-vivienda-en-neiva\/\"]}]},{\"@type\":\"ImageObject\",\"inLanguage\":\"es\",\"@id\":\"https:\/\/luchonoticias.com\/editor\/concejo-aprueba-un-nuevo-proyecto-de-vivienda-en-neiva\/#primaryimage\",\"url\":\"https:\/\/luchonoticias.com\/editor\/wp-content\/uploads\/2024\/05\/concejo-y-vivienda.jpg\",\"contentUrl\":\"https:\/\/luchonoticias.com\/editor\/wp-content\/uploads\/2024\/05\/concejo-y-vivienda.jpg\",\"width\":700,\"height\":400},{\"@type\":\"BreadcrumbList\",\"@id\":\"https:\/\/luchonoticias.com\/editor\/concejo-aprueba-un-nuevo-proyecto-de-vivienda-en-neiva\/#breadcrumb\",\"itemListElement\":[{\"@type\":\"ListItem\",\"position\":1,\"name\":\"Portada\",\"item\":\"https:\/\/luchonoticias.com\/editor\/\"},{\"@type\":\"ListItem\",\"position\":2,\"name\":\"Concejo aprueba un nuevo proyecto de vivienda en Neiva\"}]},{\"@type\":\"WebSite\",\"@id\":\"https:\/\/luchonoticias.com\/editor\/#website\",\"url\":\"https:\/\/luchonoticias.com\/editor\/\",\"name\":\"\",\"description\":\"\",\"publisher\":{\"@id\":\"https:\/\/luchonoticias.com\/editor\/#\/schema\/person\/7a7fd911f58561fd056dbac7b55af9cd\"},\"potentialAction\":[{\"@type\":\"SearchAction\",\"target\":{\"@type\":\"EntryPoint\",\"urlTemplate\":\"https:\/\/luchonoticias.com\/editor\/?s={search_term_string}\"},\"query-input\":{\"@type\":\"PropertyValueSpecification\",\"valueRequired\":true,\"valueName\":\"search_term_string\"}}],\"inLanguage\":\"es\"},{\"@type\":[\"Person\",\"Organization\"],\"@id\":\"https:\/\/luchonoticias.com\/editor\/#\/schema\/person\/7a7fd911f58561fd056dbac7b55af9cd\",\"name\":\"admin\",\"image\":{\"@type\":\"ImageObject\",\"inLanguage\":\"es\",\"@id\":\"https:\/\/luchonoticias.com\/editor\/#\/schema\/person\/image\/\",\"url\":\"https:\/\/luchonoticias.com\/editor\/wp-content\/uploads\/2024\/02\/cropped-cropped-logolu.webp\",\"contentUrl\":\"https:\/\/luchonoticias.com\/editor\/wp-content\/uploads\/2024\/02\/cropped-cropped-logolu.webp\",\"width\":382,\"height\":170,\"caption\":\"admin\"},\"logo\":{\"@id\":\"https:\/\/luchonoticias.com\/editor\/#\/schema\/person\/image\/\"},\"sameAs\":[\"https:\/\/www.facebook.com\/luchonoticiasneiva\"]},{\"@type\":\"Person\",\"@id\":\"https:\/\/luchonoticias.com\/editor\/#\/schema\/person\/29217990ddf6f14e35912b2866d591fb\",\"name\":\"Editor General\",\"image\":{\"@type\":\"ImageObject\",\"inLanguage\":\"es\",\"@id\":\"https:\/\/luchonoticias.com\/editor\/#\/schema\/person\/image\/\",\"url\":\"https:\/\/luchonoticias.com\/editor\/wp-content\/uploads\/2024\/02\/cropped-cropped-logolu-150x150.webp\",\"contentUrl\":\"https:\/\/luchonoticias.com\/editor\/wp-content\/uploads\/2024\/02\/cropped-cropped-logolu-150x150.webp\",\"caption\":\"Editor General\"},\"sameAs\":[\"https:\/\/luchonoticias.com\/\"],\"url\":\"https:\/\/luchonoticias.com\/editor\/author\/editor-general\/\"}]}<\/script>\n<!-- \/ Yoast SEO plugin. -->","yoast_head_json":{"title":"Concejo aprueba un nuevo proyecto de vivienda en Neiva -","robots":{"index":"index","follow":"follow","max-snippet":"max-snippet:-1","max-image-preview":"max-image-preview:large","max-video-preview":"max-video-preview:-1"},"canonical":"https:\/\/luchonoticias.com\/editor\/concejo-aprueba-un-nuevo-proyecto-de-vivienda-en-neiva\/","og_locale":"es_ES","og_type":"article","og_title":"Concejo aprueba un nuevo proyecto de vivienda en Neiva -","og_url":"https:\/\/luchonoticias.com\/editor\/concejo-aprueba-un-nuevo-proyecto-de-vivienda-en-neiva\/","article_publisher":"https:\/\/www.facebook.com\/luchonoticiasneiva","article_published_time":"2024-05-29T22:41:39+00:00","og_image":[{"width":700,"height":400,"url":"https:\/\/luchonoticias.com\/editor\/wp-content\/uploads\/2024\/05\/concejo-y-vivienda.jpg","type":"image\/jpeg"}],"author":"Editor General","twitter_card":"summary_large_image","twitter_misc":{"Escrito por":"Editor General","Tiempo de lectura":"2 minutos"},"schema":{"@context":"https:\/\/schema.org","@graph":[{"@type":"Article","@id":"https:\/\/luchonoticias.com\/editor\/concejo-aprueba-un-nuevo-proyecto-de-vivienda-en-neiva\/#article","isPartOf":{"@id":"https:\/\/luchonoticias.com\/editor\/concejo-aprueba-un-nuevo-proyecto-de-vivienda-en-neiva\/"},"author":{"name":"Editor General","@id":"https:\/\/luchonoticias.com\/editor\/#\/schema\/person\/29217990ddf6f14e35912b2866d591fb"},"headline":"Concejo aprueba un nuevo proyecto de vivienda en Neiva","datePublished":"2024-05-29T22:41:39+00:00","mainEntityOfPage":{"@id":"https:\/\/luchonoticias.com\/editor\/concejo-aprueba-un-nuevo-proyecto-de-vivienda-en-neiva\/"},"wordCount":506,"publisher":{"@id":"https:\/\/luchonoticias.com\/editor\/#\/schema\/person\/7a7fd911f58561fd056dbac7b55af9cd"},"image":{"@id":"https:\/\/luchonoticias.com\/editor\/concejo-aprueba-un-nuevo-proyecto-de-vivienda-en-neiva\/#primaryimage"},"thumbnailUrl":"https:\/\/luchonoticias.com\/editor\/wp-content\/uploads\/2024\/05\/concejo-y-vivienda.jpg","articleSection":["Local"],"inLanguage":"es"},{"@type":"WebPage","@id":"https:\/\/luchonoticias.com\/editor\/concejo-aprueba-un-nuevo-proyecto-de-vivienda-en-neiva\/","url":"https:\/\/luchonoticias.com\/editor\/concejo-aprueba-un-nuevo-proyecto-de-vivienda-en-neiva\/","name":"Concejo aprueba un nuevo proyecto de vivienda en Neiva -","isPartOf":{"@id":"https:\/\/luchonoticias.com\/editor\/#website"},"primaryImageOfPage":{"@id":"https:\/\/luchonoticias.com\/editor\/concejo-aprueba-un-nuevo-proyecto-de-vivienda-en-neiva\/#primaryimage"},"image":{"@id":"https:\/\/luchonoticias.com\/editor\/concejo-aprueba-un-nuevo-proyecto-de-vivienda-en-neiva\/#primaryimage"},"thumbnailUrl":"https:\/\/luchonoticias.com\/editor\/wp-content\/uploads\/2024\/05\/concejo-y-vivienda.jpg","datePublished":"2024-05-29T22:41:39+00:00","breadcrumb":{"@id":"https:\/\/luchonoticias.com\/editor\/concejo-aprueba-un-nuevo-proyecto-de-vivienda-en-neiva\/#breadcrumb"},"inLanguage":"es","potentialAction":[{"@type":"ReadAction","target":["https:\/\/luchonoticias.com\/editor\/concejo-aprueba-un-nuevo-proyecto-de-vivienda-en-neiva\/"]}]},{"@type":"ImageObject","inLanguage":"es","@id":"https:\/\/luchonoticias.com\/editor\/concejo-aprueba-un-nuevo-proyecto-de-vivienda-en-neiva\/#primaryimage","url":"https:\/\/luchonoticias.com\/editor\/wp-content\/uploads\/2024\/05\/concejo-y-vivienda.jpg","contentUrl":"https:\/\/luchonoticias.com\/editor\/wp-content\/uploads\/2024\/05\/concejo-y-vivienda.jpg","width":700,"height":400},{"@type":"BreadcrumbList","@id":"https:\/\/luchonoticias.com\/editor\/concejo-aprueba-un-nuevo-proyecto-de-vivienda-en-neiva\/#breadcrumb","itemListElement":[{"@type":"ListItem","position":1,"name":"Portada","item":"https:\/\/luchonoticias.com\/editor\/"},{"@type":"ListItem","position":2,"name":"Concejo aprueba un nuevo proyecto de vivienda en Neiva"}]},{"@type":"WebSite","@id":"https:\/\/luchonoticias.com\/editor\/#website","url":"https:\/\/luchonoticias.com\/editor\/","name":"","description":"","publisher":{"@id":"https:\/\/luchonoticias.com\/editor\/#\/schema\/person\/7a7fd911f58561fd056dbac7b55af9cd"},"potentialAction":[{"@type":"SearchAction","target":{"@type":"EntryPoint","urlTemplate":"https:\/\/luchonoticias.com\/editor\/?s={search_term_string}"},"query-input":{"@type":"PropertyValueSpecification","valueRequired":true,"valueName":"search_term_string"}}],"inLanguage":"es"},{"@type":["Person","Organization"],"@id":"https:\/\/luchonoticias.com\/editor\/#\/schema\/person\/7a7fd911f58561fd056dbac7b55af9cd","name":"admin","image":{"@type":"ImageObject","inLanguage":"es","@id":"https:\/\/luchonoticias.com\/editor\/#\/schema\/person\/image\/","url":"https:\/\/luchonoticias.com\/editor\/wp-content\/uploads\/2024\/02\/cropped-cropped-logolu.webp","contentUrl":"https:\/\/luchonoticias.com\/editor\/wp-content\/uploads\/2024\/02\/cropped-cropped-logolu.webp","width":382,"height":170,"caption":"admin"},"logo":{"@id":"https:\/\/luchonoticias.com\/editor\/#\/schema\/person\/image\/"},"sameAs":["https:\/\/www.facebook.com\/luchonoticiasneiva"]},{"@type":"Person","@id":"https:\/\/luchonoticias.com\/editor\/#\/schema\/person\/29217990ddf6f14e35912b2866d591fb","name":"Editor General","image":{"@type":"ImageObject","inLanguage":"es","@id":"https:\/\/luchonoticias.com\/editor\/#\/schema\/person\/image\/","url":"https:\/\/luchonoticias.com\/editor\/wp-content\/uploads\/2024\/02\/cropped-cropped-logolu-150x150.webp","contentUrl":"https:\/\/luchonoticias.com\/editor\/wp-content\/uploads\/2024\/02\/cropped-cropped-logolu-150x150.webp","caption":"Editor General"},"sameAs":["https:\/\/luchonoticias.com\/"],"url":"https:\/\/luchonoticias.com\/editor\/author\/editor-general\/"}]}},"_links":{"self":[{"href":"https:\/\/luchonoticias.com\/editor\/wp-json\/wp\/v2\/posts\/73578","targetHints":{"allow":["GET"]}}],"collection":[{"href":"https:\/\/luchonoticias.com\/editor\/wp-json\/wp\/v2\/posts"}],"about":[{"href":"https:\/\/luchonoticias.com\/editor\/wp-json\/wp\/v2\/types\/post"}],"author":[{"embeddable":true,"href":"https:\/\/luchonoticias.com\/editor\/wp-json\/wp\/v2\/users\/2"}],"replies":[{"embeddable":true,"href":"https:\/\/luchonoticias.com\/editor\/wp-json\/wp\/v2\/comments?post=73578"}],"version-history":[{"count":0,"href":"https:\/\/luchonoticias.com\/editor\/wp-json\/wp\/v2\/posts\/73578\/revisions"}],"wp:featuredmedia":[{"embeddable":true,"href":"https:\/\/luchonoticias.com\/editor\/wp-json\/wp\/v2\/media\/73579"}],"wp:attachment":[{"href":"https:\/\/luchonoticias.com\/editor\/wp-json\/wp\/v2\/media?parent=73578"}],"wp:term":[{"taxonomy":"category","embeddable":true,"href":"https:\/\/luchonoticias.com\/editor\/wp-json\/wp\/v2\/categories?post=73578"},{"taxonomy":"post_tag","embeddable":true,"href":"https:\/\/luchonoticias.com\/editor\/wp-json\/wp\/v2\/tags?post=73578"}],"curies":[{"name":"wp","href":"https:\/\/api.w.org\/{rel}","templated":true}]}}