{"id":73584,"date":"2024-05-30T07:09:35","date_gmt":"2024-05-30T12:09:35","guid":{"rendered":"https:\/\/luchonoticias.com\/?p=73584"},"modified":"2024-05-30T07:09:35","modified_gmt":"2024-05-30T12:09:35","slug":"huila-y-su-participacion-en-la-final-nacional-de-los-juegos-intercolegiados","status":"publish","type":"post","link":"https:\/\/luchonoticias.com\/editor\/huila-y-su-participacion-en-la-final-nacional-de-los-juegos-intercolegiados\/","title":{"rendered":"Huila y su participaci\u00f3n en la final nacional de los Juegos Intercolegiados"},"content":{"rendered":"<p>Con la participaci\u00f3n de 155 deportistas, el departamento del Huila emprendi\u00f3 su viaje rumbo a Bogot\u00e1 y Valledupar con las maletas llenas de ilusi\u00f3n de cara a la Final Nacional de los Juegos Intercolegiados.<\/p>\n<p>La delegaci\u00f3n opita, que est\u00e1 conformada por 96 j\u00f3venes en deportes de conjunto y 59 en deportes individuales, inici\u00f3 actividades este mi\u00e9rcoles 29 de mayo y participar\u00e1 activamente en el certamen escolar hasta el pr\u00f3ximo 10 de junio.<\/p>\n<p>A prop\u00f3sito de la actuaci\u00f3n de los deportistas, el director del Inderhuila, Felipe Victoria Barrag\u00e1n, dialog\u00f3 sobre estas importantes competencias que se llevar\u00e1n a cabo los pr\u00f3ximos d\u00edas: \u201cDesde la gobernaci\u00f3n del Huila en cabeza de Rodrigo Villalba Mosquera, estamos muy felices con la participaci\u00f3n de nuestra delegaci\u00f3n en la final nacional de los Juegos Intercolegiados. Buscaremos resultados significativos en deportes como el tenis de mesa, el atletismo, el patinaje, al igual que el voleibol, el futbol de sal\u00f3n y el baloncesto, entre otros\u201d.<\/p>\n<p>Las categor\u00edas pre-juveniles ya se encuentran en competencia y seg\u00fan el cronograma establecido por el Ministerio del Deporte, los juveniles inician su participaci\u00f3n el s\u00e1bado 1 de junio.<\/p>\n<p>\u201cEsperamos por supuesto, traer medallas para todos los huilenses y sin lugar a duda, independiente de los resultados, desde ya nos sentimos orgullosos por la representaci\u00f3n de la delegaci\u00f3n huilense, la cual en d\u00edas pasados recibi\u00f3 la bandera de nuestro departamento y se comprometi\u00f3 a portar en alto los colores del Huila en tierras bogotanas y vallenatas\u201d, complement\u00f3 Felipe Victoria.<\/p>\n<p>Aunque el fuerte del departamento son los juegos de conjunto, se esperan importantes resultados en las disciplinas individuales como el lanzamiento de martillo, la marcha e igualmente el patinaje.<\/p>\n","protected":false},"excerpt":{"rendered":"<p>Con la participaci\u00f3n de 155 deportistas, el departamento del Huila emprendi\u00f3 su viaje rumbo a Bogot\u00e1 y Valledupar con las maletas llenas de ilusi\u00f3n de cara a la Final Nacional de los Juegos Intercolegiados. La delegaci\u00f3n opita, que est\u00e1 conformada por 96 j\u00f3venes en deportes de conjunto y 59 en deportes individuales, inici\u00f3 actividades este [&hellip;]<\/p>\n","protected":false},"author":2,"featured_media":73585,"comment_status":"closed","ping_status":"open","sticky":false,"template":"","format":"standard","meta":{"footnotes":""},"categories":[34],"tags":[],"class_list":["post-73584","post","type-post","status-publish","format-standard","has-post-thumbnail","hentry","category-deportes"],"yoast_head":"<!-- This site is optimized with the Yoast SEO plugin v26.6 - https:\/\/yoast.com\/wordpress\/plugins\/seo\/ -->\n<title>Huila y su participaci\u00f3n en la final nacional de los Juegos Intercolegiados -<\/title>\n<meta name=\"robots\" content=\"index, follow, max-snippet:-1, max-image-preview:large, max-video-preview:-1\" \/>\n<link rel=\"canonical\" href=\"https:\/\/luchonoticias.com\/editor\/huila-y-su-participacion-en-la-final-nacional-de-los-juegos-intercolegiados\/\" \/>\n<meta property=\"og:locale\" content=\"es_ES\" \/>\n<meta property=\"og:type\" content=\"article\" \/>\n<meta property=\"og:title\" content=\"Huila y su participaci\u00f3n en la final nacional de los Juegos Intercolegiados -\" \/>\n<meta property=\"og:url\" content=\"https:\/\/luchonoticias.com\/editor\/huila-y-su-participacion-en-la-final-nacional-de-los-juegos-intercolegiados\/\" \/>\n<meta property=\"article:publisher\" content=\"https:\/\/www.facebook.com\/luchonoticiasneiva\" \/>\n<meta property=\"article:published_time\" content=\"2024-05-30T12:09:35+00:00\" \/>\n<meta property=\"og:image\" content=\"https:\/\/luchonoticias.com\/editor\/wp-content\/uploads\/2024\/05\/huila-juegos-intercolegiados.jpg\" \/>\n\t<meta property=\"og:image:width\" content=\"700\" \/>\n\t<meta property=\"og:image:height\" content=\"400\" \/>\n\t<meta property=\"og:image:type\" content=\"image\/jpeg\" \/>\n<meta name=\"author\" content=\"Editor General\" \/>\n<meta name=\"twitter:card\" content=\"summary_large_image\" \/>\n<meta name=\"twitter:label1\" content=\"Escrito por\" \/>\n\t<meta name=\"twitter:data1\" content=\"Editor General\" \/>\n\t<meta name=\"twitter:label2\" content=\"Tiempo de lectura\" \/>\n\t<meta name=\"twitter:data2\" content=\"1 minuto\" \/>\n<script type=\"application\/ld+json\" class=\"yoast-schema-graph\">{\"@context\":\"https:\/\/schema.org\",\"@graph\":[{\"@type\":\"Article\",\"@id\":\"https:\/\/luchonoticias.com\/editor\/huila-y-su-participacion-en-la-final-nacional-de-los-juegos-intercolegiados\/#article\",\"isPartOf\":{\"@id\":\"https:\/\/luchonoticias.com\/editor\/huila-y-su-participacion-en-la-final-nacional-de-los-juegos-intercolegiados\/\"},\"author\":{\"name\":\"Editor General\",\"@id\":\"https:\/\/luchonoticias.com\/editor\/#\/schema\/person\/29217990ddf6f14e35912b2866d591fb\"},\"headline\":\"Huila y su participaci\u00f3n en la final nacional de los Juegos Intercolegiados\",\"datePublished\":\"2024-05-30T12:09:35+00:00\",\"mainEntityOfPage\":{\"@id\":\"https:\/\/luchonoticias.com\/editor\/huila-y-su-participacion-en-la-final-nacional-de-los-juegos-intercolegiados\/\"},\"wordCount\":303,\"publisher\":{\"@id\":\"https:\/\/luchonoticias.com\/editor\/#\/schema\/person\/7a7fd911f58561fd056dbac7b55af9cd\"},\"image\":{\"@id\":\"https:\/\/luchonoticias.com\/editor\/huila-y-su-participacion-en-la-final-nacional-de-los-juegos-intercolegiados\/#primaryimage\"},\"thumbnailUrl\":\"https:\/\/luchonoticias.com\/editor\/wp-content\/uploads\/2024\/05\/huila-juegos-intercolegiados.jpg\",\"articleSection\":[\"Deportes\"],\"inLanguage\":\"es\"},{\"@type\":\"WebPage\",\"@id\":\"https:\/\/luchonoticias.com\/editor\/huila-y-su-participacion-en-la-final-nacional-de-los-juegos-intercolegiados\/\",\"url\":\"https:\/\/luchonoticias.com\/editor\/huila-y-su-participacion-en-la-final-nacional-de-los-juegos-intercolegiados\/\",\"name\":\"Huila y su participaci\u00f3n en la final nacional de los Juegos Intercolegiados -\",\"isPartOf\":{\"@id\":\"https:\/\/luchonoticias.com\/editor\/#website\"},\"primaryImageOfPage\":{\"@id\":\"https:\/\/luchonoticias.com\/editor\/huila-y-su-participacion-en-la-final-nacional-de-los-juegos-intercolegiados\/#primaryimage\"},\"image\":{\"@id\":\"https:\/\/luchonoticias.com\/editor\/huila-y-su-participacion-en-la-final-nacional-de-los-juegos-intercolegiados\/#primaryimage\"},\"thumbnailUrl\":\"https:\/\/luchonoticias.com\/editor\/wp-content\/uploads\/2024\/05\/huila-juegos-intercolegiados.jpg\",\"datePublished\":\"2024-05-30T12:09:35+00:00\",\"breadcrumb\":{\"@id\":\"https:\/\/luchonoticias.com\/editor\/huila-y-su-participacion-en-la-final-nacional-de-los-juegos-intercolegiados\/#breadcrumb\"},\"inLanguage\":\"es\",\"potentialAction\":[{\"@type\":\"ReadAction\",\"target\":[\"https:\/\/luchonoticias.com\/editor\/huila-y-su-participacion-en-la-final-nacional-de-los-juegos-intercolegiados\/\"]}]},{\"@type\":\"ImageObject\",\"inLanguage\":\"es\",\"@id\":\"https:\/\/luchonoticias.com\/editor\/huila-y-su-participacion-en-la-final-nacional-de-los-juegos-intercolegiados\/#primaryimage\",\"url\":\"https:\/\/luchonoticias.com\/editor\/wp-content\/uploads\/2024\/05\/huila-juegos-intercolegiados.jpg\",\"contentUrl\":\"https:\/\/luchonoticias.com\/editor\/wp-content\/uploads\/2024\/05\/huila-juegos-intercolegiados.jpg\",\"width\":700,\"height\":400},{\"@type\":\"BreadcrumbList\",\"@id\":\"https:\/\/luchonoticias.com\/editor\/huila-y-su-participacion-en-la-final-nacional-de-los-juegos-intercolegiados\/#breadcrumb\",\"itemListElement\":[{\"@type\":\"ListItem\",\"position\":1,\"name\":\"Portada\",\"item\":\"https:\/\/luchonoticias.com\/editor\/\"},{\"@type\":\"ListItem\",\"position\":2,\"name\":\"Huila y su participaci\u00f3n en la final nacional de los Juegos Intercolegiados\"}]},{\"@type\":\"WebSite\",\"@id\":\"https:\/\/luchonoticias.com\/editor\/#website\",\"url\":\"https:\/\/luchonoticias.com\/editor\/\",\"name\":\"\",\"description\":\"\",\"publisher\":{\"@id\":\"https:\/\/luchonoticias.com\/editor\/#\/schema\/person\/7a7fd911f58561fd056dbac7b55af9cd\"},\"potentialAction\":[{\"@type\":\"SearchAction\",\"target\":{\"@type\":\"EntryPoint\",\"urlTemplate\":\"https:\/\/luchonoticias.com\/editor\/?s={search_term_string}\"},\"query-input\":{\"@type\":\"PropertyValueSpecification\",\"valueRequired\":true,\"valueName\":\"search_term_string\"}}],\"inLanguage\":\"es\"},{\"@type\":[\"Person\",\"Organization\"],\"@id\":\"https:\/\/luchonoticias.com\/editor\/#\/schema\/person\/7a7fd911f58561fd056dbac7b55af9cd\",\"name\":\"admin\",\"image\":{\"@type\":\"ImageObject\",\"inLanguage\":\"es\",\"@id\":\"https:\/\/luchonoticias.com\/editor\/#\/schema\/person\/image\/\",\"url\":\"https:\/\/luchonoticias.com\/editor\/wp-content\/uploads\/2024\/02\/cropped-cropped-logolu.webp\",\"contentUrl\":\"https:\/\/luchonoticias.com\/editor\/wp-content\/uploads\/2024\/02\/cropped-cropped-logolu.webp\",\"width\":382,\"height\":170,\"caption\":\"admin\"},\"logo\":{\"@id\":\"https:\/\/luchonoticias.com\/editor\/#\/schema\/person\/image\/\"},\"sameAs\":[\"https:\/\/www.facebook.com\/luchonoticiasneiva\"]},{\"@type\":\"Person\",\"@id\":\"https:\/\/luchonoticias.com\/editor\/#\/schema\/person\/29217990ddf6f14e35912b2866d591fb\",\"name\":\"Editor General\",\"image\":{\"@type\":\"ImageObject\",\"inLanguage\":\"es\",\"@id\":\"https:\/\/luchonoticias.com\/editor\/#\/schema\/person\/image\/\",\"url\":\"https:\/\/luchonoticias.com\/editor\/wp-content\/uploads\/2024\/02\/cropped-cropped-logolu-150x150.webp\",\"contentUrl\":\"https:\/\/luchonoticias.com\/editor\/wp-content\/uploads\/2024\/02\/cropped-cropped-logolu-150x150.webp\",\"caption\":\"Editor General\"},\"sameAs\":[\"https:\/\/luchonoticias.com\/\"],\"url\":\"https:\/\/luchonoticias.com\/editor\/author\/editor-general\/\"}]}<\/script>\n<!-- \/ Yoast SEO plugin. -->","yoast_head_json":{"title":"Huila y su participaci\u00f3n en la final nacional de los Juegos Intercolegiados -","robots":{"index":"index","follow":"follow","max-snippet":"max-snippet:-1","max-image-preview":"max-image-preview:large","max-video-preview":"max-video-preview:-1"},"canonical":"https:\/\/luchonoticias.com\/editor\/huila-y-su-participacion-en-la-final-nacional-de-los-juegos-intercolegiados\/","og_locale":"es_ES","og_type":"article","og_title":"Huila y su participaci\u00f3n en la final nacional de los Juegos Intercolegiados -","og_url":"https:\/\/luchonoticias.com\/editor\/huila-y-su-participacion-en-la-final-nacional-de-los-juegos-intercolegiados\/","article_publisher":"https:\/\/www.facebook.com\/luchonoticiasneiva","article_published_time":"2024-05-30T12:09:35+00:00","og_image":[{"width":700,"height":400,"url":"https:\/\/luchonoticias.com\/editor\/wp-content\/uploads\/2024\/05\/huila-juegos-intercolegiados.jpg","type":"image\/jpeg"}],"author":"Editor General","twitter_card":"summary_large_image","twitter_misc":{"Escrito por":"Editor General","Tiempo de lectura":"1 minuto"},"schema":{"@context":"https:\/\/schema.org","@graph":[{"@type":"Article","@id":"https:\/\/luchonoticias.com\/editor\/huila-y-su-participacion-en-la-final-nacional-de-los-juegos-intercolegiados\/#article","isPartOf":{"@id":"https:\/\/luchonoticias.com\/editor\/huila-y-su-participacion-en-la-final-nacional-de-los-juegos-intercolegiados\/"},"author":{"name":"Editor General","@id":"https:\/\/luchonoticias.com\/editor\/#\/schema\/person\/29217990ddf6f14e35912b2866d591fb"},"headline":"Huila y su participaci\u00f3n en la final nacional de los Juegos Intercolegiados","datePublished":"2024-05-30T12:09:35+00:00","mainEntityOfPage":{"@id":"https:\/\/luchonoticias.com\/editor\/huila-y-su-participacion-en-la-final-nacional-de-los-juegos-intercolegiados\/"},"wordCount":303,"publisher":{"@id":"https:\/\/luchonoticias.com\/editor\/#\/schema\/person\/7a7fd911f58561fd056dbac7b55af9cd"},"image":{"@id":"https:\/\/luchonoticias.com\/editor\/huila-y-su-participacion-en-la-final-nacional-de-los-juegos-intercolegiados\/#primaryimage"},"thumbnailUrl":"https:\/\/luchonoticias.com\/editor\/wp-content\/uploads\/2024\/05\/huila-juegos-intercolegiados.jpg","articleSection":["Deportes"],"inLanguage":"es"},{"@type":"WebPage","@id":"https:\/\/luchonoticias.com\/editor\/huila-y-su-participacion-en-la-final-nacional-de-los-juegos-intercolegiados\/","url":"https:\/\/luchonoticias.com\/editor\/huila-y-su-participacion-en-la-final-nacional-de-los-juegos-intercolegiados\/","name":"Huila y su participaci\u00f3n en la final nacional de los Juegos Intercolegiados -","isPartOf":{"@id":"https:\/\/luchonoticias.com\/editor\/#website"},"primaryImageOfPage":{"@id":"https:\/\/luchonoticias.com\/editor\/huila-y-su-participacion-en-la-final-nacional-de-los-juegos-intercolegiados\/#primaryimage"},"image":{"@id":"https:\/\/luchonoticias.com\/editor\/huila-y-su-participacion-en-la-final-nacional-de-los-juegos-intercolegiados\/#primaryimage"},"thumbnailUrl":"https:\/\/luchonoticias.com\/editor\/wp-content\/uploads\/2024\/05\/huila-juegos-intercolegiados.jpg","datePublished":"2024-05-30T12:09:35+00:00","breadcrumb":{"@id":"https:\/\/luchonoticias.com\/editor\/huila-y-su-participacion-en-la-final-nacional-de-los-juegos-intercolegiados\/#breadcrumb"},"inLanguage":"es","potentialAction":[{"@type":"ReadAction","target":["https:\/\/luchonoticias.com\/editor\/huila-y-su-participacion-en-la-final-nacional-de-los-juegos-intercolegiados\/"]}]},{"@type":"ImageObject","inLanguage":"es","@id":"https:\/\/luchonoticias.com\/editor\/huila-y-su-participacion-en-la-final-nacional-de-los-juegos-intercolegiados\/#primaryimage","url":"https:\/\/luchonoticias.com\/editor\/wp-content\/uploads\/2024\/05\/huila-juegos-intercolegiados.jpg","contentUrl":"https:\/\/luchonoticias.com\/editor\/wp-content\/uploads\/2024\/05\/huila-juegos-intercolegiados.jpg","width":700,"height":400},{"@type":"BreadcrumbList","@id":"https:\/\/luchonoticias.com\/editor\/huila-y-su-participacion-en-la-final-nacional-de-los-juegos-intercolegiados\/#breadcrumb","itemListElement":[{"@type":"ListItem","position":1,"name":"Portada","item":"https:\/\/luchonoticias.com\/editor\/"},{"@type":"ListItem","position":2,"name":"Huila y su participaci\u00f3n en la final nacional de los Juegos Intercolegiados"}]},{"@type":"WebSite","@id":"https:\/\/luchonoticias.com\/editor\/#website","url":"https:\/\/luchonoticias.com\/editor\/","name":"","description":"","publisher":{"@id":"https:\/\/luchonoticias.com\/editor\/#\/schema\/person\/7a7fd911f58561fd056dbac7b55af9cd"},"potentialAction":[{"@type":"SearchAction","target":{"@type":"EntryPoint","urlTemplate":"https:\/\/luchonoticias.com\/editor\/?s={search_term_string}"},"query-input":{"@type":"PropertyValueSpecification","valueRequired":true,"valueName":"search_term_string"}}],"inLanguage":"es"},{"@type":["Person","Organization"],"@id":"https:\/\/luchonoticias.com\/editor\/#\/schema\/person\/7a7fd911f58561fd056dbac7b55af9cd","name":"admin","image":{"@type":"ImageObject","inLanguage":"es","@id":"https:\/\/luchonoticias.com\/editor\/#\/schema\/person\/image\/","url":"https:\/\/luchonoticias.com\/editor\/wp-content\/uploads\/2024\/02\/cropped-cropped-logolu.webp","contentUrl":"https:\/\/luchonoticias.com\/editor\/wp-content\/uploads\/2024\/02\/cropped-cropped-logolu.webp","width":382,"height":170,"caption":"admin"},"logo":{"@id":"https:\/\/luchonoticias.com\/editor\/#\/schema\/person\/image\/"},"sameAs":["https:\/\/www.facebook.com\/luchonoticiasneiva"]},{"@type":"Person","@id":"https:\/\/luchonoticias.com\/editor\/#\/schema\/person\/29217990ddf6f14e35912b2866d591fb","name":"Editor General","image":{"@type":"ImageObject","inLanguage":"es","@id":"https:\/\/luchonoticias.com\/editor\/#\/schema\/person\/image\/","url":"https:\/\/luchonoticias.com\/editor\/wp-content\/uploads\/2024\/02\/cropped-cropped-logolu-150x150.webp","contentUrl":"https:\/\/luchonoticias.com\/editor\/wp-content\/uploads\/2024\/02\/cropped-cropped-logolu-150x150.webp","caption":"Editor General"},"sameAs":["https:\/\/luchonoticias.com\/"],"url":"https:\/\/luchonoticias.com\/editor\/author\/editor-general\/"}]}},"_links":{"self":[{"href":"https:\/\/luchonoticias.com\/editor\/wp-json\/wp\/v2\/posts\/73584","targetHints":{"allow":["GET"]}}],"collection":[{"href":"https:\/\/luchonoticias.com\/editor\/wp-json\/wp\/v2\/posts"}],"about":[{"href":"https:\/\/luchonoticias.com\/editor\/wp-json\/wp\/v2\/types\/post"}],"author":[{"embeddable":true,"href":"https:\/\/luchonoticias.com\/editor\/wp-json\/wp\/v2\/users\/2"}],"replies":[{"embeddable":true,"href":"https:\/\/luchonoticias.com\/editor\/wp-json\/wp\/v2\/comments?post=73584"}],"version-history":[{"count":0,"href":"https:\/\/luchonoticias.com\/editor\/wp-json\/wp\/v2\/posts\/73584\/revisions"}],"wp:featuredmedia":[{"embeddable":true,"href":"https:\/\/luchonoticias.com\/editor\/wp-json\/wp\/v2\/media\/73585"}],"wp:attachment":[{"href":"https:\/\/luchonoticias.com\/editor\/wp-json\/wp\/v2\/media?parent=73584"}],"wp:term":[{"taxonomy":"category","embeddable":true,"href":"https:\/\/luchonoticias.com\/editor\/wp-json\/wp\/v2\/categories?post=73584"},{"taxonomy":"post_tag","embeddable":true,"href":"https:\/\/luchonoticias.com\/editor\/wp-json\/wp\/v2\/tags?post=73584"}],"curies":[{"name":"wp","href":"https:\/\/api.w.org\/{rel}","templated":true}]}}