{"id":73587,"date":"2024-05-30T07:13:11","date_gmt":"2024-05-30T12:13:11","guid":{"rendered":"https:\/\/luchonoticias.com\/?p=73587"},"modified":"2024-05-30T07:13:11","modified_gmt":"2024-05-30T12:13:11","slug":"abierta-convocatoria-para-el-consejo-municipal-de-paz-en-neiva","status":"publish","type":"post","link":"https:\/\/luchonoticias.com\/editor\/abierta-convocatoria-para-el-consejo-municipal-de-paz-en-neiva\/","title":{"rendered":"Abierta convocatoria para el Consejo Municipal de Paz en Neiva"},"content":{"rendered":"<p>La Secretar\u00eda de Paz y Derechos Humanos iniciar\u00e1, desde la pr\u00f3xima semana, las inscripciones para ser parte del Consejo Municipal de Paz, creado por medio del Acuerdo Municipal 002 de 2020; el seguimiento y evaluaci\u00f3n de la Pol\u00edtica P\u00fablica de Paz, Derechos Humanos y Convivencia de Neiva, es uno de los objetivos de este Consejo, de ah\u00ed su importancia y pertinencia.<\/p>\n<p>\u201cEn Neiva queremos recuperar la paz, es as\u00ed que la Alcald\u00eda de Neiva a trav\u00e9s de la Secretar\u00eda de Paz y Derechos Humanos, est\u00e1 invitando a toda la sociedad civil para que se inscriba para ser parte del Consejo Municipal de Paz, este tema es muy importante para recuperar los espacios de paz, convivencia y reconciliaci\u00f3n en el municipio\u201d, afirm\u00f3 Jorge Lozano Mestre, secretario de Paz y Derechos Humanos.<\/p>\n<p>Asimismo, el Consejo, se encarga de generar una cultura de reconciliaci\u00f3n, tolerancia y convivencia, otorgando las alternativas pol\u00edticas de negociaci\u00f3n del conflicto armado, en v\u00eda de alcanzar relaciones sociales que aseguren una paz integral en el territorio.<\/p>\n<p>\u201cA partir de la pr\u00f3xima semana y durante un mes, las inscripciones estar\u00e1n abiertas, as\u00ed que le vamos a seguir dando informaci\u00f3n, les vamos a entregar todas las bases para que ustedes hagan parte de este Consejo, y con todos, busquemos recuperar la paz y la confianza con todos los ciudadanos\u201d, sostuvo el secretario de Paz y Derechos Humanos, Jorge Lozano.<\/p>\n<p><strong>Requisitos de inscripci\u00f3n<\/strong><\/p>\n<p>1. Carta-Formato de inscripci\u00f3n diligenciada.<\/p>\n<p>2. Contenido de las \u201cactas de elecci\u00f3n o designaci\u00f3n de consejeros por la sociedad civil\u201d.<\/p>\n<p>\u2022Fecha y sector de la sociedad civil que representa(n).<\/p>\n<p>\u2022Nombres de las organizaciones y\/o grupos de ciudadanos.<\/p>\n<p>\u2022Postulado principal y suplente a la representaci\u00f3n, votaciones obtenidas o designado(s).<\/p>\n<p>\u2022Firmas, nombres y cargos de quienes suscriben el acta de la asamblea o reuni\u00f3n.<\/p>\n<p>3. Radicaci\u00f3n escrita o virtual<\/p>\n<p>Virtual: Enviar al correo secretariadepaz@alcaldianeiva.gov.co con copia a edgar.r\u00edos@alcaldianeiva.gov.co en formato PDF. o JPG<\/p>\n<p>Desde el s\u00e1bado 01 de junio hasta el domingo 30 de junio de 2024.<\/p>\n<p>Escrita: Desde el martes 04 de junio de 2024 hasta el viernes 28 de junio.<\/p>\n<p>Lugar: Edificio Municipal, Carrera Quinta # 9-74 Centro<\/p>\n<p>Ventanilla \u00fanica de la Secretar\u00eda General.<\/p>\n<p>Horarios: Lunes a viernes 7:00 a.m. a 11:30 a.m. y 2:00 p.m. a 4:30 p.m.<\/p>\n","protected":false},"excerpt":{"rendered":"<p>La Secretar\u00eda de Paz y Derechos Humanos iniciar\u00e1, desde la pr\u00f3xima semana, las inscripciones para ser parte del Consejo Municipal de Paz, creado por medio del Acuerdo Municipal 002 de 2020; el seguimiento y evaluaci\u00f3n de la Pol\u00edtica P\u00fablica de Paz, Derechos Humanos y Convivencia de Neiva, es uno de los objetivos de este Consejo, [&hellip;]<\/p>\n","protected":false},"author":2,"featured_media":73588,"comment_status":"closed","ping_status":"open","sticky":false,"template":"","format":"standard","meta":{"footnotes":""},"categories":[32],"tags":[],"class_list":["post-73587","post","type-post","status-publish","format-standard","has-post-thumbnail","hentry","category-nacional"],"yoast_head":"<!-- This site is optimized with the Yoast SEO plugin v26.6 - https:\/\/yoast.com\/wordpress\/plugins\/seo\/ -->\n<title>Abierta convocatoria para el Consejo Municipal de Paz en Neiva -<\/title>\n<meta name=\"robots\" content=\"index, follow, max-snippet:-1, max-image-preview:large, max-video-preview:-1\" \/>\n<link rel=\"canonical\" href=\"https:\/\/luchonoticias.com\/editor\/abierta-convocatoria-para-el-consejo-municipal-de-paz-en-neiva\/\" \/>\n<meta property=\"og:locale\" content=\"es_ES\" \/>\n<meta property=\"og:type\" content=\"article\" \/>\n<meta property=\"og:title\" content=\"Abierta convocatoria para el Consejo Municipal de Paz en Neiva -\" \/>\n<meta property=\"og:url\" content=\"https:\/\/luchonoticias.com\/editor\/abierta-convocatoria-para-el-consejo-municipal-de-paz-en-neiva\/\" \/>\n<meta property=\"article:publisher\" content=\"https:\/\/www.facebook.com\/luchonoticiasneiva\" \/>\n<meta property=\"article:published_time\" content=\"2024-05-30T12:13:11+00:00\" \/>\n<meta property=\"og:image\" content=\"https:\/\/luchonoticias.com\/editor\/wp-content\/uploads\/2024\/05\/consejo-de-paz.jpg\" \/>\n\t<meta property=\"og:image:width\" content=\"700\" \/>\n\t<meta property=\"og:image:height\" content=\"400\" \/>\n\t<meta property=\"og:image:type\" content=\"image\/jpeg\" \/>\n<meta name=\"author\" content=\"Editor General\" \/>\n<meta name=\"twitter:card\" content=\"summary_large_image\" \/>\n<meta name=\"twitter:label1\" content=\"Escrito por\" \/>\n\t<meta name=\"twitter:data1\" content=\"Editor General\" \/>\n\t<meta name=\"twitter:label2\" content=\"Tiempo de lectura\" \/>\n\t<meta name=\"twitter:data2\" content=\"2 minutos\" \/>\n<script type=\"application\/ld+json\" class=\"yoast-schema-graph\">{\"@context\":\"https:\/\/schema.org\",\"@graph\":[{\"@type\":\"Article\",\"@id\":\"https:\/\/luchonoticias.com\/editor\/abierta-convocatoria-para-el-consejo-municipal-de-paz-en-neiva\/#article\",\"isPartOf\":{\"@id\":\"https:\/\/luchonoticias.com\/editor\/abierta-convocatoria-para-el-consejo-municipal-de-paz-en-neiva\/\"},\"author\":{\"name\":\"Editor General\",\"@id\":\"https:\/\/luchonoticias.com\/editor\/#\/schema\/person\/29217990ddf6f14e35912b2866d591fb\"},\"headline\":\"Abierta convocatoria para el Consejo Municipal de Paz en Neiva\",\"datePublished\":\"2024-05-30T12:13:11+00:00\",\"mainEntityOfPage\":{\"@id\":\"https:\/\/luchonoticias.com\/editor\/abierta-convocatoria-para-el-consejo-municipal-de-paz-en-neiva\/\"},\"wordCount\":404,\"publisher\":{\"@id\":\"https:\/\/luchonoticias.com\/editor\/#\/schema\/person\/7a7fd911f58561fd056dbac7b55af9cd\"},\"image\":{\"@id\":\"https:\/\/luchonoticias.com\/editor\/abierta-convocatoria-para-el-consejo-municipal-de-paz-en-neiva\/#primaryimage\"},\"thumbnailUrl\":\"https:\/\/luchonoticias.com\/editor\/wp-content\/uploads\/2024\/05\/consejo-de-paz.jpg\",\"articleSection\":[\"Nacional\"],\"inLanguage\":\"es\"},{\"@type\":\"WebPage\",\"@id\":\"https:\/\/luchonoticias.com\/editor\/abierta-convocatoria-para-el-consejo-municipal-de-paz-en-neiva\/\",\"url\":\"https:\/\/luchonoticias.com\/editor\/abierta-convocatoria-para-el-consejo-municipal-de-paz-en-neiva\/\",\"name\":\"Abierta convocatoria para el Consejo Municipal de Paz en Neiva -\",\"isPartOf\":{\"@id\":\"https:\/\/luchonoticias.com\/editor\/#website\"},\"primaryImageOfPage\":{\"@id\":\"https:\/\/luchonoticias.com\/editor\/abierta-convocatoria-para-el-consejo-municipal-de-paz-en-neiva\/#primaryimage\"},\"image\":{\"@id\":\"https:\/\/luchonoticias.com\/editor\/abierta-convocatoria-para-el-consejo-municipal-de-paz-en-neiva\/#primaryimage\"},\"thumbnailUrl\":\"https:\/\/luchonoticias.com\/editor\/wp-content\/uploads\/2024\/05\/consejo-de-paz.jpg\",\"datePublished\":\"2024-05-30T12:13:11+00:00\",\"breadcrumb\":{\"@id\":\"https:\/\/luchonoticias.com\/editor\/abierta-convocatoria-para-el-consejo-municipal-de-paz-en-neiva\/#breadcrumb\"},\"inLanguage\":\"es\",\"potentialAction\":[{\"@type\":\"ReadAction\",\"target\":[\"https:\/\/luchonoticias.com\/editor\/abierta-convocatoria-para-el-consejo-municipal-de-paz-en-neiva\/\"]}]},{\"@type\":\"ImageObject\",\"inLanguage\":\"es\",\"@id\":\"https:\/\/luchonoticias.com\/editor\/abierta-convocatoria-para-el-consejo-municipal-de-paz-en-neiva\/#primaryimage\",\"url\":\"https:\/\/luchonoticias.com\/editor\/wp-content\/uploads\/2024\/05\/consejo-de-paz.jpg\",\"contentUrl\":\"https:\/\/luchonoticias.com\/editor\/wp-content\/uploads\/2024\/05\/consejo-de-paz.jpg\",\"width\":700,\"height\":400},{\"@type\":\"BreadcrumbList\",\"@id\":\"https:\/\/luchonoticias.com\/editor\/abierta-convocatoria-para-el-consejo-municipal-de-paz-en-neiva\/#breadcrumb\",\"itemListElement\":[{\"@type\":\"ListItem\",\"position\":1,\"name\":\"Portada\",\"item\":\"https:\/\/luchonoticias.com\/editor\/\"},{\"@type\":\"ListItem\",\"position\":2,\"name\":\"Abierta convocatoria para el Consejo Municipal de Paz en Neiva\"}]},{\"@type\":\"WebSite\",\"@id\":\"https:\/\/luchonoticias.com\/editor\/#website\",\"url\":\"https:\/\/luchonoticias.com\/editor\/\",\"name\":\"\",\"description\":\"\",\"publisher\":{\"@id\":\"https:\/\/luchonoticias.com\/editor\/#\/schema\/person\/7a7fd911f58561fd056dbac7b55af9cd\"},\"potentialAction\":[{\"@type\":\"SearchAction\",\"target\":{\"@type\":\"EntryPoint\",\"urlTemplate\":\"https:\/\/luchonoticias.com\/editor\/?s={search_term_string}\"},\"query-input\":{\"@type\":\"PropertyValueSpecification\",\"valueRequired\":true,\"valueName\":\"search_term_string\"}}],\"inLanguage\":\"es\"},{\"@type\":[\"Person\",\"Organization\"],\"@id\":\"https:\/\/luchonoticias.com\/editor\/#\/schema\/person\/7a7fd911f58561fd056dbac7b55af9cd\",\"name\":\"admin\",\"image\":{\"@type\":\"ImageObject\",\"inLanguage\":\"es\",\"@id\":\"https:\/\/luchonoticias.com\/editor\/#\/schema\/person\/image\/\",\"url\":\"https:\/\/luchonoticias.com\/editor\/wp-content\/uploads\/2024\/02\/cropped-cropped-logolu.webp\",\"contentUrl\":\"https:\/\/luchonoticias.com\/editor\/wp-content\/uploads\/2024\/02\/cropped-cropped-logolu.webp\",\"width\":382,\"height\":170,\"caption\":\"admin\"},\"logo\":{\"@id\":\"https:\/\/luchonoticias.com\/editor\/#\/schema\/person\/image\/\"},\"sameAs\":[\"https:\/\/www.facebook.com\/luchonoticiasneiva\"]},{\"@type\":\"Person\",\"@id\":\"https:\/\/luchonoticias.com\/editor\/#\/schema\/person\/29217990ddf6f14e35912b2866d591fb\",\"name\":\"Editor General\",\"image\":{\"@type\":\"ImageObject\",\"inLanguage\":\"es\",\"@id\":\"https:\/\/luchonoticias.com\/editor\/#\/schema\/person\/image\/\",\"url\":\"https:\/\/luchonoticias.com\/editor\/wp-content\/uploads\/2024\/02\/cropped-cropped-logolu-150x150.webp\",\"contentUrl\":\"https:\/\/luchonoticias.com\/editor\/wp-content\/uploads\/2024\/02\/cropped-cropped-logolu-150x150.webp\",\"caption\":\"Editor General\"},\"sameAs\":[\"https:\/\/luchonoticias.com\/\"],\"url\":\"https:\/\/luchonoticias.com\/editor\/author\/editor-general\/\"}]}<\/script>\n<!-- \/ Yoast SEO plugin. -->","yoast_head_json":{"title":"Abierta convocatoria para el Consejo Municipal de Paz en Neiva -","robots":{"index":"index","follow":"follow","max-snippet":"max-snippet:-1","max-image-preview":"max-image-preview:large","max-video-preview":"max-video-preview:-1"},"canonical":"https:\/\/luchonoticias.com\/editor\/abierta-convocatoria-para-el-consejo-municipal-de-paz-en-neiva\/","og_locale":"es_ES","og_type":"article","og_title":"Abierta convocatoria para el Consejo Municipal de Paz en Neiva -","og_url":"https:\/\/luchonoticias.com\/editor\/abierta-convocatoria-para-el-consejo-municipal-de-paz-en-neiva\/","article_publisher":"https:\/\/www.facebook.com\/luchonoticiasneiva","article_published_time":"2024-05-30T12:13:11+00:00","og_image":[{"width":700,"height":400,"url":"https:\/\/luchonoticias.com\/editor\/wp-content\/uploads\/2024\/05\/consejo-de-paz.jpg","type":"image\/jpeg"}],"author":"Editor General","twitter_card":"summary_large_image","twitter_misc":{"Escrito por":"Editor General","Tiempo de lectura":"2 minutos"},"schema":{"@context":"https:\/\/schema.org","@graph":[{"@type":"Article","@id":"https:\/\/luchonoticias.com\/editor\/abierta-convocatoria-para-el-consejo-municipal-de-paz-en-neiva\/#article","isPartOf":{"@id":"https:\/\/luchonoticias.com\/editor\/abierta-convocatoria-para-el-consejo-municipal-de-paz-en-neiva\/"},"author":{"name":"Editor General","@id":"https:\/\/luchonoticias.com\/editor\/#\/schema\/person\/29217990ddf6f14e35912b2866d591fb"},"headline":"Abierta convocatoria para el Consejo Municipal de Paz en Neiva","datePublished":"2024-05-30T12:13:11+00:00","mainEntityOfPage":{"@id":"https:\/\/luchonoticias.com\/editor\/abierta-convocatoria-para-el-consejo-municipal-de-paz-en-neiva\/"},"wordCount":404,"publisher":{"@id":"https:\/\/luchonoticias.com\/editor\/#\/schema\/person\/7a7fd911f58561fd056dbac7b55af9cd"},"image":{"@id":"https:\/\/luchonoticias.com\/editor\/abierta-convocatoria-para-el-consejo-municipal-de-paz-en-neiva\/#primaryimage"},"thumbnailUrl":"https:\/\/luchonoticias.com\/editor\/wp-content\/uploads\/2024\/05\/consejo-de-paz.jpg","articleSection":["Nacional"],"inLanguage":"es"},{"@type":"WebPage","@id":"https:\/\/luchonoticias.com\/editor\/abierta-convocatoria-para-el-consejo-municipal-de-paz-en-neiva\/","url":"https:\/\/luchonoticias.com\/editor\/abierta-convocatoria-para-el-consejo-municipal-de-paz-en-neiva\/","name":"Abierta convocatoria para el Consejo Municipal de Paz en Neiva -","isPartOf":{"@id":"https:\/\/luchonoticias.com\/editor\/#website"},"primaryImageOfPage":{"@id":"https:\/\/luchonoticias.com\/editor\/abierta-convocatoria-para-el-consejo-municipal-de-paz-en-neiva\/#primaryimage"},"image":{"@id":"https:\/\/luchonoticias.com\/editor\/abierta-convocatoria-para-el-consejo-municipal-de-paz-en-neiva\/#primaryimage"},"thumbnailUrl":"https:\/\/luchonoticias.com\/editor\/wp-content\/uploads\/2024\/05\/consejo-de-paz.jpg","datePublished":"2024-05-30T12:13:11+00:00","breadcrumb":{"@id":"https:\/\/luchonoticias.com\/editor\/abierta-convocatoria-para-el-consejo-municipal-de-paz-en-neiva\/#breadcrumb"},"inLanguage":"es","potentialAction":[{"@type":"ReadAction","target":["https:\/\/luchonoticias.com\/editor\/abierta-convocatoria-para-el-consejo-municipal-de-paz-en-neiva\/"]}]},{"@type":"ImageObject","inLanguage":"es","@id":"https:\/\/luchonoticias.com\/editor\/abierta-convocatoria-para-el-consejo-municipal-de-paz-en-neiva\/#primaryimage","url":"https:\/\/luchonoticias.com\/editor\/wp-content\/uploads\/2024\/05\/consejo-de-paz.jpg","contentUrl":"https:\/\/luchonoticias.com\/editor\/wp-content\/uploads\/2024\/05\/consejo-de-paz.jpg","width":700,"height":400},{"@type":"BreadcrumbList","@id":"https:\/\/luchonoticias.com\/editor\/abierta-convocatoria-para-el-consejo-municipal-de-paz-en-neiva\/#breadcrumb","itemListElement":[{"@type":"ListItem","position":1,"name":"Portada","item":"https:\/\/luchonoticias.com\/editor\/"},{"@type":"ListItem","position":2,"name":"Abierta convocatoria para el Consejo Municipal de Paz en Neiva"}]},{"@type":"WebSite","@id":"https:\/\/luchonoticias.com\/editor\/#website","url":"https:\/\/luchonoticias.com\/editor\/","name":"","description":"","publisher":{"@id":"https:\/\/luchonoticias.com\/editor\/#\/schema\/person\/7a7fd911f58561fd056dbac7b55af9cd"},"potentialAction":[{"@type":"SearchAction","target":{"@type":"EntryPoint","urlTemplate":"https:\/\/luchonoticias.com\/editor\/?s={search_term_string}"},"query-input":{"@type":"PropertyValueSpecification","valueRequired":true,"valueName":"search_term_string"}}],"inLanguage":"es"},{"@type":["Person","Organization"],"@id":"https:\/\/luchonoticias.com\/editor\/#\/schema\/person\/7a7fd911f58561fd056dbac7b55af9cd","name":"admin","image":{"@type":"ImageObject","inLanguage":"es","@id":"https:\/\/luchonoticias.com\/editor\/#\/schema\/person\/image\/","url":"https:\/\/luchonoticias.com\/editor\/wp-content\/uploads\/2024\/02\/cropped-cropped-logolu.webp","contentUrl":"https:\/\/luchonoticias.com\/editor\/wp-content\/uploads\/2024\/02\/cropped-cropped-logolu.webp","width":382,"height":170,"caption":"admin"},"logo":{"@id":"https:\/\/luchonoticias.com\/editor\/#\/schema\/person\/image\/"},"sameAs":["https:\/\/www.facebook.com\/luchonoticiasneiva"]},{"@type":"Person","@id":"https:\/\/luchonoticias.com\/editor\/#\/schema\/person\/29217990ddf6f14e35912b2866d591fb","name":"Editor General","image":{"@type":"ImageObject","inLanguage":"es","@id":"https:\/\/luchonoticias.com\/editor\/#\/schema\/person\/image\/","url":"https:\/\/luchonoticias.com\/editor\/wp-content\/uploads\/2024\/02\/cropped-cropped-logolu-150x150.webp","contentUrl":"https:\/\/luchonoticias.com\/editor\/wp-content\/uploads\/2024\/02\/cropped-cropped-logolu-150x150.webp","caption":"Editor General"},"sameAs":["https:\/\/luchonoticias.com\/"],"url":"https:\/\/luchonoticias.com\/editor\/author\/editor-general\/"}]}},"_links":{"self":[{"href":"https:\/\/luchonoticias.com\/editor\/wp-json\/wp\/v2\/posts\/73587","targetHints":{"allow":["GET"]}}],"collection":[{"href":"https:\/\/luchonoticias.com\/editor\/wp-json\/wp\/v2\/posts"}],"about":[{"href":"https:\/\/luchonoticias.com\/editor\/wp-json\/wp\/v2\/types\/post"}],"author":[{"embeddable":true,"href":"https:\/\/luchonoticias.com\/editor\/wp-json\/wp\/v2\/users\/2"}],"replies":[{"embeddable":true,"href":"https:\/\/luchonoticias.com\/editor\/wp-json\/wp\/v2\/comments?post=73587"}],"version-history":[{"count":0,"href":"https:\/\/luchonoticias.com\/editor\/wp-json\/wp\/v2\/posts\/73587\/revisions"}],"wp:featuredmedia":[{"embeddable":true,"href":"https:\/\/luchonoticias.com\/editor\/wp-json\/wp\/v2\/media\/73588"}],"wp:attachment":[{"href":"https:\/\/luchonoticias.com\/editor\/wp-json\/wp\/v2\/media?parent=73587"}],"wp:term":[{"taxonomy":"category","embeddable":true,"href":"https:\/\/luchonoticias.com\/editor\/wp-json\/wp\/v2\/categories?post=73587"},{"taxonomy":"post_tag","embeddable":true,"href":"https:\/\/luchonoticias.com\/editor\/wp-json\/wp\/v2\/tags?post=73587"}],"curies":[{"name":"wp","href":"https:\/\/api.w.org\/{rel}","templated":true}]}}