{"id":73590,"date":"2024-05-30T07:18:02","date_gmt":"2024-05-30T12:18:02","guid":{"rendered":"https:\/\/luchonoticias.com\/?p=73590"},"modified":"2024-05-30T07:18:02","modified_gmt":"2024-05-30T12:18:02","slug":"crisis-sanitaria-en-pitalito-ya-fue-superada","status":"publish","type":"post","link":"https:\/\/luchonoticias.com\/editor\/crisis-sanitaria-en-pitalito-ya-fue-superada\/","title":{"rendered":"Crisis sanitaria en Pitalito ya fue superada"},"content":{"rendered":"<p>El alcalde de Pitalito, Yider Luna Joven, hizo un pronunciamiento sobre la reciente soluci\u00f3n que dio el Gobierno Huila Grande para el manejo de basuras que hace la empresa Biorg\u00e1nicos del Sur y que atiende la disposici\u00f3n final de todo tipo de residuos para nueve municipios del sur del territorio huilense.<\/p>\n<p>La empresa de tipo Sociedad An\u00f3nima E.S.P., no ten\u00eda una celda de almacenamiento de las basuras ya que a la que ten\u00edan en funcionamiento, se le termin\u00f3 su vida \u00fatil, raz\u00f3n por la que estaban al borde de una crisis ambiental y sanitaria especialmente en el Valle de Laboyos, vereda Llanogrande, donde queda ubicado esta planta de tratamiento de residuos s\u00f3lidos.<\/p>\n<p>\u201cGracias al apoyo de la Gobernaci\u00f3n del Huila se pudo financiar la totalidad de la construcci\u00f3n de una nueva celda, con una inversi\u00f3n de cerca de $3.000 millones. T\u00e9cnicamente d\u00e1ndole un buen uso, dar\u00e1 una vida \u00fatil a Biorg\u00e1nicos durante 6 a\u00f1os. De modo que con la reciente inauguraci\u00f3n de esta nueva celda de Biorg\u00e1nicos podemos decir que superamos la crisis ambiental que ten\u00edamos en medio de una declaratoria de emergencia sanitaria\u201d, expres\u00f3 el mandatario laboyano.<\/p>\n<p>El alcalde tambi\u00e9n hizo referencia a la transformaci\u00f3n de la empresa \u201cRelleno Sanitario Biorg\u00e1nicos del Sur del Huila S.A. ESP\u201d, y es que pronto contar\u00e1 con un parque tecnol\u00f3gico ambiental.<\/p>\n<p>\u201cCon este parque tecnol\u00f3gico ambiental ya no se seguir\u00e1n enterrando residuos s\u00f3lidos, sino que se har\u00e1 un aprovechamiento total a todo tipo de residuos que llegan al relleno sanitario, y de esta forma no estar bregando cada 5 a\u00f1os con la construcci\u00f3n de una nueva celda de almacenamiento\u201d, confirm\u00f3 el burgomaestre local.<\/p>\n<p>Finalmente, dijo que adem\u00e1s de los 9 municipios que se atienden en el manejo de basuras, con la nueva celda tambi\u00e9n se benefician empresas privadas accionistas de Biorg\u00e1nicos.<\/p>\n","protected":false},"excerpt":{"rendered":"<p>El alcalde de Pitalito, Yider Luna Joven, hizo un pronunciamiento sobre la reciente soluci\u00f3n que dio el Gobierno Huila Grande para el manejo de basuras que hace la empresa Biorg\u00e1nicos del Sur y que atiende la disposici\u00f3n final de todo tipo de residuos para nueve municipios del sur del territorio huilense. La empresa de tipo [&hellip;]<\/p>\n","protected":false},"author":2,"featured_media":73591,"comment_status":"closed","ping_status":"open","sticky":false,"template":"","format":"standard","meta":{"footnotes":""},"categories":[33],"tags":[],"class_list":["post-73590","post","type-post","status-publish","format-standard","has-post-thumbnail","hentry","category-huila"],"yoast_head":"<!-- This site is optimized with the Yoast SEO plugin v26.6 - https:\/\/yoast.com\/wordpress\/plugins\/seo\/ -->\n<title>Crisis sanitaria en Pitalito ya fue superada -<\/title>\n<meta name=\"robots\" content=\"index, follow, max-snippet:-1, max-image-preview:large, max-video-preview:-1\" \/>\n<link rel=\"canonical\" href=\"https:\/\/luchonoticias.com\/editor\/crisis-sanitaria-en-pitalito-ya-fue-superada\/\" \/>\n<meta property=\"og:locale\" content=\"es_ES\" \/>\n<meta property=\"og:type\" content=\"article\" \/>\n<meta property=\"og:title\" content=\"Crisis sanitaria en Pitalito ya fue superada -\" \/>\n<meta property=\"og:url\" content=\"https:\/\/luchonoticias.com\/editor\/crisis-sanitaria-en-pitalito-ya-fue-superada\/\" \/>\n<meta property=\"article:publisher\" content=\"https:\/\/www.facebook.com\/luchonoticiasneiva\" \/>\n<meta property=\"article:published_time\" content=\"2024-05-30T12:18:02+00:00\" \/>\n<meta property=\"og:image\" content=\"https:\/\/luchonoticias.com\/editor\/wp-content\/uploads\/2024\/05\/pitalito-salud.jpg\" \/>\n\t<meta property=\"og:image:width\" content=\"700\" \/>\n\t<meta property=\"og:image:height\" content=\"400\" \/>\n\t<meta property=\"og:image:type\" content=\"image\/jpeg\" \/>\n<meta name=\"author\" content=\"Editor General\" \/>\n<meta name=\"twitter:card\" content=\"summary_large_image\" \/>\n<meta name=\"twitter:label1\" content=\"Escrito por\" \/>\n\t<meta name=\"twitter:data1\" content=\"Editor General\" \/>\n\t<meta name=\"twitter:label2\" content=\"Tiempo de lectura\" \/>\n\t<meta name=\"twitter:data2\" content=\"2 minutos\" \/>\n<script type=\"application\/ld+json\" class=\"yoast-schema-graph\">{\"@context\":\"https:\/\/schema.org\",\"@graph\":[{\"@type\":\"Article\",\"@id\":\"https:\/\/luchonoticias.com\/editor\/crisis-sanitaria-en-pitalito-ya-fue-superada\/#article\",\"isPartOf\":{\"@id\":\"https:\/\/luchonoticias.com\/editor\/crisis-sanitaria-en-pitalito-ya-fue-superada\/\"},\"author\":{\"name\":\"Editor General\",\"@id\":\"https:\/\/luchonoticias.com\/editor\/#\/schema\/person\/29217990ddf6f14e35912b2866d591fb\"},\"headline\":\"Crisis sanitaria en Pitalito ya fue superada\",\"datePublished\":\"2024-05-30T12:18:02+00:00\",\"mainEntityOfPage\":{\"@id\":\"https:\/\/luchonoticias.com\/editor\/crisis-sanitaria-en-pitalito-ya-fue-superada\/\"},\"wordCount\":334,\"publisher\":{\"@id\":\"https:\/\/luchonoticias.com\/editor\/#\/schema\/person\/7a7fd911f58561fd056dbac7b55af9cd\"},\"image\":{\"@id\":\"https:\/\/luchonoticias.com\/editor\/crisis-sanitaria-en-pitalito-ya-fue-superada\/#primaryimage\"},\"thumbnailUrl\":\"https:\/\/luchonoticias.com\/editor\/wp-content\/uploads\/2024\/05\/pitalito-salud.jpg\",\"articleSection\":[\"Huila\"],\"inLanguage\":\"es\"},{\"@type\":\"WebPage\",\"@id\":\"https:\/\/luchonoticias.com\/editor\/crisis-sanitaria-en-pitalito-ya-fue-superada\/\",\"url\":\"https:\/\/luchonoticias.com\/editor\/crisis-sanitaria-en-pitalito-ya-fue-superada\/\",\"name\":\"Crisis sanitaria en Pitalito ya fue superada -\",\"isPartOf\":{\"@id\":\"https:\/\/luchonoticias.com\/editor\/#website\"},\"primaryImageOfPage\":{\"@id\":\"https:\/\/luchonoticias.com\/editor\/crisis-sanitaria-en-pitalito-ya-fue-superada\/#primaryimage\"},\"image\":{\"@id\":\"https:\/\/luchonoticias.com\/editor\/crisis-sanitaria-en-pitalito-ya-fue-superada\/#primaryimage\"},\"thumbnailUrl\":\"https:\/\/luchonoticias.com\/editor\/wp-content\/uploads\/2024\/05\/pitalito-salud.jpg\",\"datePublished\":\"2024-05-30T12:18:02+00:00\",\"breadcrumb\":{\"@id\":\"https:\/\/luchonoticias.com\/editor\/crisis-sanitaria-en-pitalito-ya-fue-superada\/#breadcrumb\"},\"inLanguage\":\"es\",\"potentialAction\":[{\"@type\":\"ReadAction\",\"target\":[\"https:\/\/luchonoticias.com\/editor\/crisis-sanitaria-en-pitalito-ya-fue-superada\/\"]}]},{\"@type\":\"ImageObject\",\"inLanguage\":\"es\",\"@id\":\"https:\/\/luchonoticias.com\/editor\/crisis-sanitaria-en-pitalito-ya-fue-superada\/#primaryimage\",\"url\":\"https:\/\/luchonoticias.com\/editor\/wp-content\/uploads\/2024\/05\/pitalito-salud.jpg\",\"contentUrl\":\"https:\/\/luchonoticias.com\/editor\/wp-content\/uploads\/2024\/05\/pitalito-salud.jpg\",\"width\":700,\"height\":400},{\"@type\":\"BreadcrumbList\",\"@id\":\"https:\/\/luchonoticias.com\/editor\/crisis-sanitaria-en-pitalito-ya-fue-superada\/#breadcrumb\",\"itemListElement\":[{\"@type\":\"ListItem\",\"position\":1,\"name\":\"Portada\",\"item\":\"https:\/\/luchonoticias.com\/editor\/\"},{\"@type\":\"ListItem\",\"position\":2,\"name\":\"Crisis sanitaria en Pitalito ya fue superada\"}]},{\"@type\":\"WebSite\",\"@id\":\"https:\/\/luchonoticias.com\/editor\/#website\",\"url\":\"https:\/\/luchonoticias.com\/editor\/\",\"name\":\"\",\"description\":\"\",\"publisher\":{\"@id\":\"https:\/\/luchonoticias.com\/editor\/#\/schema\/person\/7a7fd911f58561fd056dbac7b55af9cd\"},\"potentialAction\":[{\"@type\":\"SearchAction\",\"target\":{\"@type\":\"EntryPoint\",\"urlTemplate\":\"https:\/\/luchonoticias.com\/editor\/?s={search_term_string}\"},\"query-input\":{\"@type\":\"PropertyValueSpecification\",\"valueRequired\":true,\"valueName\":\"search_term_string\"}}],\"inLanguage\":\"es\"},{\"@type\":[\"Person\",\"Organization\"],\"@id\":\"https:\/\/luchonoticias.com\/editor\/#\/schema\/person\/7a7fd911f58561fd056dbac7b55af9cd\",\"name\":\"admin\",\"image\":{\"@type\":\"ImageObject\",\"inLanguage\":\"es\",\"@id\":\"https:\/\/luchonoticias.com\/editor\/#\/schema\/person\/image\/\",\"url\":\"https:\/\/luchonoticias.com\/editor\/wp-content\/uploads\/2024\/02\/cropped-cropped-logolu.webp\",\"contentUrl\":\"https:\/\/luchonoticias.com\/editor\/wp-content\/uploads\/2024\/02\/cropped-cropped-logolu.webp\",\"width\":382,\"height\":170,\"caption\":\"admin\"},\"logo\":{\"@id\":\"https:\/\/luchonoticias.com\/editor\/#\/schema\/person\/image\/\"},\"sameAs\":[\"https:\/\/www.facebook.com\/luchonoticiasneiva\"]},{\"@type\":\"Person\",\"@id\":\"https:\/\/luchonoticias.com\/editor\/#\/schema\/person\/29217990ddf6f14e35912b2866d591fb\",\"name\":\"Editor General\",\"image\":{\"@type\":\"ImageObject\",\"inLanguage\":\"es\",\"@id\":\"https:\/\/luchonoticias.com\/editor\/#\/schema\/person\/image\/\",\"url\":\"https:\/\/luchonoticias.com\/editor\/wp-content\/uploads\/2024\/02\/cropped-cropped-logolu-150x150.webp\",\"contentUrl\":\"https:\/\/luchonoticias.com\/editor\/wp-content\/uploads\/2024\/02\/cropped-cropped-logolu-150x150.webp\",\"caption\":\"Editor General\"},\"sameAs\":[\"https:\/\/luchonoticias.com\/\"],\"url\":\"https:\/\/luchonoticias.com\/editor\/author\/editor-general\/\"}]}<\/script>\n<!-- \/ Yoast SEO plugin. -->","yoast_head_json":{"title":"Crisis sanitaria en Pitalito ya fue superada -","robots":{"index":"index","follow":"follow","max-snippet":"max-snippet:-1","max-image-preview":"max-image-preview:large","max-video-preview":"max-video-preview:-1"},"canonical":"https:\/\/luchonoticias.com\/editor\/crisis-sanitaria-en-pitalito-ya-fue-superada\/","og_locale":"es_ES","og_type":"article","og_title":"Crisis sanitaria en Pitalito ya fue superada -","og_url":"https:\/\/luchonoticias.com\/editor\/crisis-sanitaria-en-pitalito-ya-fue-superada\/","article_publisher":"https:\/\/www.facebook.com\/luchonoticiasneiva","article_published_time":"2024-05-30T12:18:02+00:00","og_image":[{"width":700,"height":400,"url":"https:\/\/luchonoticias.com\/editor\/wp-content\/uploads\/2024\/05\/pitalito-salud.jpg","type":"image\/jpeg"}],"author":"Editor General","twitter_card":"summary_large_image","twitter_misc":{"Escrito por":"Editor General","Tiempo de lectura":"2 minutos"},"schema":{"@context":"https:\/\/schema.org","@graph":[{"@type":"Article","@id":"https:\/\/luchonoticias.com\/editor\/crisis-sanitaria-en-pitalito-ya-fue-superada\/#article","isPartOf":{"@id":"https:\/\/luchonoticias.com\/editor\/crisis-sanitaria-en-pitalito-ya-fue-superada\/"},"author":{"name":"Editor General","@id":"https:\/\/luchonoticias.com\/editor\/#\/schema\/person\/29217990ddf6f14e35912b2866d591fb"},"headline":"Crisis sanitaria en Pitalito ya fue superada","datePublished":"2024-05-30T12:18:02+00:00","mainEntityOfPage":{"@id":"https:\/\/luchonoticias.com\/editor\/crisis-sanitaria-en-pitalito-ya-fue-superada\/"},"wordCount":334,"publisher":{"@id":"https:\/\/luchonoticias.com\/editor\/#\/schema\/person\/7a7fd911f58561fd056dbac7b55af9cd"},"image":{"@id":"https:\/\/luchonoticias.com\/editor\/crisis-sanitaria-en-pitalito-ya-fue-superada\/#primaryimage"},"thumbnailUrl":"https:\/\/luchonoticias.com\/editor\/wp-content\/uploads\/2024\/05\/pitalito-salud.jpg","articleSection":["Huila"],"inLanguage":"es"},{"@type":"WebPage","@id":"https:\/\/luchonoticias.com\/editor\/crisis-sanitaria-en-pitalito-ya-fue-superada\/","url":"https:\/\/luchonoticias.com\/editor\/crisis-sanitaria-en-pitalito-ya-fue-superada\/","name":"Crisis sanitaria en Pitalito ya fue superada -","isPartOf":{"@id":"https:\/\/luchonoticias.com\/editor\/#website"},"primaryImageOfPage":{"@id":"https:\/\/luchonoticias.com\/editor\/crisis-sanitaria-en-pitalito-ya-fue-superada\/#primaryimage"},"image":{"@id":"https:\/\/luchonoticias.com\/editor\/crisis-sanitaria-en-pitalito-ya-fue-superada\/#primaryimage"},"thumbnailUrl":"https:\/\/luchonoticias.com\/editor\/wp-content\/uploads\/2024\/05\/pitalito-salud.jpg","datePublished":"2024-05-30T12:18:02+00:00","breadcrumb":{"@id":"https:\/\/luchonoticias.com\/editor\/crisis-sanitaria-en-pitalito-ya-fue-superada\/#breadcrumb"},"inLanguage":"es","potentialAction":[{"@type":"ReadAction","target":["https:\/\/luchonoticias.com\/editor\/crisis-sanitaria-en-pitalito-ya-fue-superada\/"]}]},{"@type":"ImageObject","inLanguage":"es","@id":"https:\/\/luchonoticias.com\/editor\/crisis-sanitaria-en-pitalito-ya-fue-superada\/#primaryimage","url":"https:\/\/luchonoticias.com\/editor\/wp-content\/uploads\/2024\/05\/pitalito-salud.jpg","contentUrl":"https:\/\/luchonoticias.com\/editor\/wp-content\/uploads\/2024\/05\/pitalito-salud.jpg","width":700,"height":400},{"@type":"BreadcrumbList","@id":"https:\/\/luchonoticias.com\/editor\/crisis-sanitaria-en-pitalito-ya-fue-superada\/#breadcrumb","itemListElement":[{"@type":"ListItem","position":1,"name":"Portada","item":"https:\/\/luchonoticias.com\/editor\/"},{"@type":"ListItem","position":2,"name":"Crisis sanitaria en Pitalito ya fue superada"}]},{"@type":"WebSite","@id":"https:\/\/luchonoticias.com\/editor\/#website","url":"https:\/\/luchonoticias.com\/editor\/","name":"","description":"","publisher":{"@id":"https:\/\/luchonoticias.com\/editor\/#\/schema\/person\/7a7fd911f58561fd056dbac7b55af9cd"},"potentialAction":[{"@type":"SearchAction","target":{"@type":"EntryPoint","urlTemplate":"https:\/\/luchonoticias.com\/editor\/?s={search_term_string}"},"query-input":{"@type":"PropertyValueSpecification","valueRequired":true,"valueName":"search_term_string"}}],"inLanguage":"es"},{"@type":["Person","Organization"],"@id":"https:\/\/luchonoticias.com\/editor\/#\/schema\/person\/7a7fd911f58561fd056dbac7b55af9cd","name":"admin","image":{"@type":"ImageObject","inLanguage":"es","@id":"https:\/\/luchonoticias.com\/editor\/#\/schema\/person\/image\/","url":"https:\/\/luchonoticias.com\/editor\/wp-content\/uploads\/2024\/02\/cropped-cropped-logolu.webp","contentUrl":"https:\/\/luchonoticias.com\/editor\/wp-content\/uploads\/2024\/02\/cropped-cropped-logolu.webp","width":382,"height":170,"caption":"admin"},"logo":{"@id":"https:\/\/luchonoticias.com\/editor\/#\/schema\/person\/image\/"},"sameAs":["https:\/\/www.facebook.com\/luchonoticiasneiva"]},{"@type":"Person","@id":"https:\/\/luchonoticias.com\/editor\/#\/schema\/person\/29217990ddf6f14e35912b2866d591fb","name":"Editor General","image":{"@type":"ImageObject","inLanguage":"es","@id":"https:\/\/luchonoticias.com\/editor\/#\/schema\/person\/image\/","url":"https:\/\/luchonoticias.com\/editor\/wp-content\/uploads\/2024\/02\/cropped-cropped-logolu-150x150.webp","contentUrl":"https:\/\/luchonoticias.com\/editor\/wp-content\/uploads\/2024\/02\/cropped-cropped-logolu-150x150.webp","caption":"Editor General"},"sameAs":["https:\/\/luchonoticias.com\/"],"url":"https:\/\/luchonoticias.com\/editor\/author\/editor-general\/"}]}},"_links":{"self":[{"href":"https:\/\/luchonoticias.com\/editor\/wp-json\/wp\/v2\/posts\/73590","targetHints":{"allow":["GET"]}}],"collection":[{"href":"https:\/\/luchonoticias.com\/editor\/wp-json\/wp\/v2\/posts"}],"about":[{"href":"https:\/\/luchonoticias.com\/editor\/wp-json\/wp\/v2\/types\/post"}],"author":[{"embeddable":true,"href":"https:\/\/luchonoticias.com\/editor\/wp-json\/wp\/v2\/users\/2"}],"replies":[{"embeddable":true,"href":"https:\/\/luchonoticias.com\/editor\/wp-json\/wp\/v2\/comments?post=73590"}],"version-history":[{"count":0,"href":"https:\/\/luchonoticias.com\/editor\/wp-json\/wp\/v2\/posts\/73590\/revisions"}],"wp:featuredmedia":[{"embeddable":true,"href":"https:\/\/luchonoticias.com\/editor\/wp-json\/wp\/v2\/media\/73591"}],"wp:attachment":[{"href":"https:\/\/luchonoticias.com\/editor\/wp-json\/wp\/v2\/media?parent=73590"}],"wp:term":[{"taxonomy":"category","embeddable":true,"href":"https:\/\/luchonoticias.com\/editor\/wp-json\/wp\/v2\/categories?post=73590"},{"taxonomy":"post_tag","embeddable":true,"href":"https:\/\/luchonoticias.com\/editor\/wp-json\/wp\/v2\/tags?post=73590"}],"curies":[{"name":"wp","href":"https:\/\/api.w.org\/{rel}","templated":true}]}}