{"id":73596,"date":"2024-05-30T07:34:18","date_gmt":"2024-05-30T12:34:18","guid":{"rendered":"https:\/\/luchonoticias.com\/?p=73596"},"modified":"2024-05-30T07:34:18","modified_gmt":"2024-05-30T12:34:18","slug":"estas-son-las-premiaciones-de-los-reinados-folcloricos-municipales","status":"publish","type":"post","link":"https:\/\/luchonoticias.com\/editor\/estas-son-las-premiaciones-de-los-reinados-folcloricos-municipales\/","title":{"rendered":"Estas son las premiaciones de los reinados folcl\u00f3ricos municipales"},"content":{"rendered":"<p>Se acerca la versi\u00f3n 63 del Festival del Bambuco en San Juan y San Pedro, donde la cultura, tradiciones, carrosas y el majestuoso Sanjuanero Huilense, se toman la capital del r\u00edo Magdalena para vivir la fiesta m\u00e1s grande del sur colombiano; ya se tienen definidas las premiaciones que recibir\u00e1n las ganadoras de los cert\u00e1menes de las festividades.<\/p>\n<p>\u201cEstamos pr\u00e1cticamente listos para arrancar la gran celebraci\u00f3n del 63 Festival del Bambuco en San Juan y San Pedro y todos los eventos que est\u00e1n dentro de la programaci\u00f3n oficial, muy importante los cert\u00e1menes de elecci\u00f3n y coronaci\u00f3n de nuestras reinas, para lo que queremos informarles a nuestras candidatas, a las instituciones y a los barrios que se han vinculado, la premiaci\u00f3n que tiene dispuesta la Secretar\u00eda de Cultura Municipal\u201d, sostuvo Tania Pe\u00f1afiel Espa\u00f1a, secretaria de Cultura de Neiva.<\/p>\n<p><strong>Premiaci\u00f3n Herederos de la Tradici\u00f3n<\/strong><\/p>\n<p>Princesa: $1\u2019700.000 y Corona: Donada por Camilo Marles, patrocinador.<\/p>\n<p>Virreina: $2\u2019200.000 y Corona: Donada por Camilo Marles, patrocinador.<\/p>\n<p>Reina: $2\u2019700.000 y \u00a0Corona: Donada por Camilo Marles, patrocinador.<\/p>\n<p><strong>Premiaci\u00f3n Certamen Popular del Bambuco<\/strong><\/p>\n<p>Princesa: $3\u2019000.000 y Corona<\/p>\n<p>Virreina: $5\u2019000.000 y Corona<\/p>\n<p>Reina: $8\u2019000.000 y Corona<\/p>\n<p><strong>Premiaci\u00f3n Se\u00f1orita Neiva<\/strong><\/p>\n<p>Princesa: $4\u2019000.000 y Corona<\/p>\n<p>Virreina: 6\u2019000.000 y Corona<\/p>\n<p>Reina: $9\u2019000.000 y\u00a0Corona<\/p>\n<p><strong>Patrocinadores<\/strong><\/p>\n<p>&#8211; Astrid Agudelo Joyer\u00eda, otorgar\u00e1 elementos de joyer\u00eda a las reinas, virreinas y princesas de los cert\u00e1menes Popular y Se\u00f1orita Neiva.<br \/>\n&#8211; SPA Dulce Stetic entregar\u00e1 obsequios a las reinas, virreinas y princesas de los cert\u00e1menes Popular y Se\u00f1orita Neiva.<br \/>\n&#8211; Catalina G\u00f3mez y sus Telas, har\u00e1 parte de este proceso de Se\u00f1orita Neiva.<br \/>\n&#8211; Sergio Fula, con sus dise\u00f1os, participar\u00e1 tambi\u00e9n del certamen Se\u00f1orita Neiva.<br \/>\n&#8211; Alcavala, vestidos de ba\u00f1o, formar\u00e1 parte del certamen Se\u00f1orita Neiva.<\/p>\n","protected":false},"excerpt":{"rendered":"<p>Se acerca la versi\u00f3n 63 del Festival del Bambuco en San Juan y San Pedro, donde la cultura, tradiciones, carrosas y el majestuoso Sanjuanero Huilense, se toman la capital del r\u00edo Magdalena para vivir la fiesta m\u00e1s grande del sur colombiano; ya se tienen definidas las premiaciones que recibir\u00e1n las ganadoras de los cert\u00e1menes de [&hellip;]<\/p>\n","protected":false},"author":2,"featured_media":73597,"comment_status":"closed","ping_status":"open","sticky":false,"template":"","format":"standard","meta":{"footnotes":""},"categories":[31],"tags":[],"class_list":["post-73596","post","type-post","status-publish","format-standard","has-post-thumbnail","hentry","category-local"],"yoast_head":"<!-- This site is optimized with the Yoast SEO plugin v26.6 - https:\/\/yoast.com\/wordpress\/plugins\/seo\/ -->\n<title>Estas son las premiaciones de los reinados folcl\u00f3ricos municipales -<\/title>\n<meta name=\"robots\" content=\"index, follow, max-snippet:-1, max-image-preview:large, max-video-preview:-1\" \/>\n<link rel=\"canonical\" href=\"https:\/\/luchonoticias.com\/editor\/estas-son-las-premiaciones-de-los-reinados-folcloricos-municipales\/\" \/>\n<meta property=\"og:locale\" content=\"es_ES\" \/>\n<meta property=\"og:type\" content=\"article\" \/>\n<meta property=\"og:title\" content=\"Estas son las premiaciones de los reinados folcl\u00f3ricos municipales -\" \/>\n<meta property=\"og:url\" content=\"https:\/\/luchonoticias.com\/editor\/estas-son-las-premiaciones-de-los-reinados-folcloricos-municipales\/\" \/>\n<meta property=\"article:publisher\" content=\"https:\/\/www.facebook.com\/luchonoticiasneiva\" \/>\n<meta property=\"article:published_time\" content=\"2024-05-30T12:34:18+00:00\" \/>\n<meta property=\"og:image\" content=\"https:\/\/luchonoticias.com\/editor\/wp-content\/uploads\/2024\/05\/reinados.jpg\" \/>\n\t<meta property=\"og:image:width\" content=\"700\" \/>\n\t<meta property=\"og:image:height\" content=\"400\" \/>\n\t<meta property=\"og:image:type\" content=\"image\/jpeg\" \/>\n<meta name=\"author\" content=\"Editor General\" \/>\n<meta name=\"twitter:card\" content=\"summary_large_image\" \/>\n<meta name=\"twitter:label1\" content=\"Escrito por\" \/>\n\t<meta name=\"twitter:data1\" content=\"Editor General\" \/>\n\t<meta name=\"twitter:label2\" content=\"Tiempo de lectura\" \/>\n\t<meta name=\"twitter:data2\" content=\"2 minutos\" \/>\n<script type=\"application\/ld+json\" class=\"yoast-schema-graph\">{\"@context\":\"https:\/\/schema.org\",\"@graph\":[{\"@type\":\"Article\",\"@id\":\"https:\/\/luchonoticias.com\/editor\/estas-son-las-premiaciones-de-los-reinados-folcloricos-municipales\/#article\",\"isPartOf\":{\"@id\":\"https:\/\/luchonoticias.com\/editor\/estas-son-las-premiaciones-de-los-reinados-folcloricos-municipales\/\"},\"author\":{\"name\":\"Editor General\",\"@id\":\"https:\/\/luchonoticias.com\/editor\/#\/schema\/person\/29217990ddf6f14e35912b2866d591fb\"},\"headline\":\"Estas son las premiaciones de los reinados folcl\u00f3ricos municipales\",\"datePublished\":\"2024-05-30T12:34:18+00:00\",\"mainEntityOfPage\":{\"@id\":\"https:\/\/luchonoticias.com\/editor\/estas-son-las-premiaciones-de-los-reinados-folcloricos-municipales\/\"},\"wordCount\":311,\"publisher\":{\"@id\":\"https:\/\/luchonoticias.com\/editor\/#\/schema\/person\/7a7fd911f58561fd056dbac7b55af9cd\"},\"image\":{\"@id\":\"https:\/\/luchonoticias.com\/editor\/estas-son-las-premiaciones-de-los-reinados-folcloricos-municipales\/#primaryimage\"},\"thumbnailUrl\":\"https:\/\/luchonoticias.com\/editor\/wp-content\/uploads\/2024\/05\/reinados.jpg\",\"articleSection\":[\"Local\"],\"inLanguage\":\"es\"},{\"@type\":\"WebPage\",\"@id\":\"https:\/\/luchonoticias.com\/editor\/estas-son-las-premiaciones-de-los-reinados-folcloricos-municipales\/\",\"url\":\"https:\/\/luchonoticias.com\/editor\/estas-son-las-premiaciones-de-los-reinados-folcloricos-municipales\/\",\"name\":\"Estas son las premiaciones de los reinados folcl\u00f3ricos municipales -\",\"isPartOf\":{\"@id\":\"https:\/\/luchonoticias.com\/editor\/#website\"},\"primaryImageOfPage\":{\"@id\":\"https:\/\/luchonoticias.com\/editor\/estas-son-las-premiaciones-de-los-reinados-folcloricos-municipales\/#primaryimage\"},\"image\":{\"@id\":\"https:\/\/luchonoticias.com\/editor\/estas-son-las-premiaciones-de-los-reinados-folcloricos-municipales\/#primaryimage\"},\"thumbnailUrl\":\"https:\/\/luchonoticias.com\/editor\/wp-content\/uploads\/2024\/05\/reinados.jpg\",\"datePublished\":\"2024-05-30T12:34:18+00:00\",\"breadcrumb\":{\"@id\":\"https:\/\/luchonoticias.com\/editor\/estas-son-las-premiaciones-de-los-reinados-folcloricos-municipales\/#breadcrumb\"},\"inLanguage\":\"es\",\"potentialAction\":[{\"@type\":\"ReadAction\",\"target\":[\"https:\/\/luchonoticias.com\/editor\/estas-son-las-premiaciones-de-los-reinados-folcloricos-municipales\/\"]}]},{\"@type\":\"ImageObject\",\"inLanguage\":\"es\",\"@id\":\"https:\/\/luchonoticias.com\/editor\/estas-son-las-premiaciones-de-los-reinados-folcloricos-municipales\/#primaryimage\",\"url\":\"https:\/\/luchonoticias.com\/editor\/wp-content\/uploads\/2024\/05\/reinados.jpg\",\"contentUrl\":\"https:\/\/luchonoticias.com\/editor\/wp-content\/uploads\/2024\/05\/reinados.jpg\",\"width\":700,\"height\":400},{\"@type\":\"BreadcrumbList\",\"@id\":\"https:\/\/luchonoticias.com\/editor\/estas-son-las-premiaciones-de-los-reinados-folcloricos-municipales\/#breadcrumb\",\"itemListElement\":[{\"@type\":\"ListItem\",\"position\":1,\"name\":\"Portada\",\"item\":\"https:\/\/luchonoticias.com\/editor\/\"},{\"@type\":\"ListItem\",\"position\":2,\"name\":\"Estas son las premiaciones de los reinados folcl\u00f3ricos municipales\"}]},{\"@type\":\"WebSite\",\"@id\":\"https:\/\/luchonoticias.com\/editor\/#website\",\"url\":\"https:\/\/luchonoticias.com\/editor\/\",\"name\":\"\",\"description\":\"\",\"publisher\":{\"@id\":\"https:\/\/luchonoticias.com\/editor\/#\/schema\/person\/7a7fd911f58561fd056dbac7b55af9cd\"},\"potentialAction\":[{\"@type\":\"SearchAction\",\"target\":{\"@type\":\"EntryPoint\",\"urlTemplate\":\"https:\/\/luchonoticias.com\/editor\/?s={search_term_string}\"},\"query-input\":{\"@type\":\"PropertyValueSpecification\",\"valueRequired\":true,\"valueName\":\"search_term_string\"}}],\"inLanguage\":\"es\"},{\"@type\":[\"Person\",\"Organization\"],\"@id\":\"https:\/\/luchonoticias.com\/editor\/#\/schema\/person\/7a7fd911f58561fd056dbac7b55af9cd\",\"name\":\"admin\",\"image\":{\"@type\":\"ImageObject\",\"inLanguage\":\"es\",\"@id\":\"https:\/\/luchonoticias.com\/editor\/#\/schema\/person\/image\/\",\"url\":\"https:\/\/luchonoticias.com\/editor\/wp-content\/uploads\/2024\/02\/cropped-cropped-logolu.webp\",\"contentUrl\":\"https:\/\/luchonoticias.com\/editor\/wp-content\/uploads\/2024\/02\/cropped-cropped-logolu.webp\",\"width\":382,\"height\":170,\"caption\":\"admin\"},\"logo\":{\"@id\":\"https:\/\/luchonoticias.com\/editor\/#\/schema\/person\/image\/\"},\"sameAs\":[\"https:\/\/www.facebook.com\/luchonoticiasneiva\"]},{\"@type\":\"Person\",\"@id\":\"https:\/\/luchonoticias.com\/editor\/#\/schema\/person\/29217990ddf6f14e35912b2866d591fb\",\"name\":\"Editor General\",\"image\":{\"@type\":\"ImageObject\",\"inLanguage\":\"es\",\"@id\":\"https:\/\/luchonoticias.com\/editor\/#\/schema\/person\/image\/\",\"url\":\"https:\/\/luchonoticias.com\/editor\/wp-content\/uploads\/2024\/02\/cropped-cropped-logolu-150x150.webp\",\"contentUrl\":\"https:\/\/luchonoticias.com\/editor\/wp-content\/uploads\/2024\/02\/cropped-cropped-logolu-150x150.webp\",\"caption\":\"Editor General\"},\"sameAs\":[\"https:\/\/luchonoticias.com\/\"],\"url\":\"https:\/\/luchonoticias.com\/editor\/author\/editor-general\/\"}]}<\/script>\n<!-- \/ Yoast SEO plugin. -->","yoast_head_json":{"title":"Estas son las premiaciones de los reinados folcl\u00f3ricos municipales -","robots":{"index":"index","follow":"follow","max-snippet":"max-snippet:-1","max-image-preview":"max-image-preview:large","max-video-preview":"max-video-preview:-1"},"canonical":"https:\/\/luchonoticias.com\/editor\/estas-son-las-premiaciones-de-los-reinados-folcloricos-municipales\/","og_locale":"es_ES","og_type":"article","og_title":"Estas son las premiaciones de los reinados folcl\u00f3ricos municipales -","og_url":"https:\/\/luchonoticias.com\/editor\/estas-son-las-premiaciones-de-los-reinados-folcloricos-municipales\/","article_publisher":"https:\/\/www.facebook.com\/luchonoticiasneiva","article_published_time":"2024-05-30T12:34:18+00:00","og_image":[{"width":700,"height":400,"url":"https:\/\/luchonoticias.com\/editor\/wp-content\/uploads\/2024\/05\/reinados.jpg","type":"image\/jpeg"}],"author":"Editor General","twitter_card":"summary_large_image","twitter_misc":{"Escrito por":"Editor General","Tiempo de lectura":"2 minutos"},"schema":{"@context":"https:\/\/schema.org","@graph":[{"@type":"Article","@id":"https:\/\/luchonoticias.com\/editor\/estas-son-las-premiaciones-de-los-reinados-folcloricos-municipales\/#article","isPartOf":{"@id":"https:\/\/luchonoticias.com\/editor\/estas-son-las-premiaciones-de-los-reinados-folcloricos-municipales\/"},"author":{"name":"Editor General","@id":"https:\/\/luchonoticias.com\/editor\/#\/schema\/person\/29217990ddf6f14e35912b2866d591fb"},"headline":"Estas son las premiaciones de los reinados folcl\u00f3ricos municipales","datePublished":"2024-05-30T12:34:18+00:00","mainEntityOfPage":{"@id":"https:\/\/luchonoticias.com\/editor\/estas-son-las-premiaciones-de-los-reinados-folcloricos-municipales\/"},"wordCount":311,"publisher":{"@id":"https:\/\/luchonoticias.com\/editor\/#\/schema\/person\/7a7fd911f58561fd056dbac7b55af9cd"},"image":{"@id":"https:\/\/luchonoticias.com\/editor\/estas-son-las-premiaciones-de-los-reinados-folcloricos-municipales\/#primaryimage"},"thumbnailUrl":"https:\/\/luchonoticias.com\/editor\/wp-content\/uploads\/2024\/05\/reinados.jpg","articleSection":["Local"],"inLanguage":"es"},{"@type":"WebPage","@id":"https:\/\/luchonoticias.com\/editor\/estas-son-las-premiaciones-de-los-reinados-folcloricos-municipales\/","url":"https:\/\/luchonoticias.com\/editor\/estas-son-las-premiaciones-de-los-reinados-folcloricos-municipales\/","name":"Estas son las premiaciones de los reinados folcl\u00f3ricos municipales -","isPartOf":{"@id":"https:\/\/luchonoticias.com\/editor\/#website"},"primaryImageOfPage":{"@id":"https:\/\/luchonoticias.com\/editor\/estas-son-las-premiaciones-de-los-reinados-folcloricos-municipales\/#primaryimage"},"image":{"@id":"https:\/\/luchonoticias.com\/editor\/estas-son-las-premiaciones-de-los-reinados-folcloricos-municipales\/#primaryimage"},"thumbnailUrl":"https:\/\/luchonoticias.com\/editor\/wp-content\/uploads\/2024\/05\/reinados.jpg","datePublished":"2024-05-30T12:34:18+00:00","breadcrumb":{"@id":"https:\/\/luchonoticias.com\/editor\/estas-son-las-premiaciones-de-los-reinados-folcloricos-municipales\/#breadcrumb"},"inLanguage":"es","potentialAction":[{"@type":"ReadAction","target":["https:\/\/luchonoticias.com\/editor\/estas-son-las-premiaciones-de-los-reinados-folcloricos-municipales\/"]}]},{"@type":"ImageObject","inLanguage":"es","@id":"https:\/\/luchonoticias.com\/editor\/estas-son-las-premiaciones-de-los-reinados-folcloricos-municipales\/#primaryimage","url":"https:\/\/luchonoticias.com\/editor\/wp-content\/uploads\/2024\/05\/reinados.jpg","contentUrl":"https:\/\/luchonoticias.com\/editor\/wp-content\/uploads\/2024\/05\/reinados.jpg","width":700,"height":400},{"@type":"BreadcrumbList","@id":"https:\/\/luchonoticias.com\/editor\/estas-son-las-premiaciones-de-los-reinados-folcloricos-municipales\/#breadcrumb","itemListElement":[{"@type":"ListItem","position":1,"name":"Portada","item":"https:\/\/luchonoticias.com\/editor\/"},{"@type":"ListItem","position":2,"name":"Estas son las premiaciones de los reinados folcl\u00f3ricos municipales"}]},{"@type":"WebSite","@id":"https:\/\/luchonoticias.com\/editor\/#website","url":"https:\/\/luchonoticias.com\/editor\/","name":"","description":"","publisher":{"@id":"https:\/\/luchonoticias.com\/editor\/#\/schema\/person\/7a7fd911f58561fd056dbac7b55af9cd"},"potentialAction":[{"@type":"SearchAction","target":{"@type":"EntryPoint","urlTemplate":"https:\/\/luchonoticias.com\/editor\/?s={search_term_string}"},"query-input":{"@type":"PropertyValueSpecification","valueRequired":true,"valueName":"search_term_string"}}],"inLanguage":"es"},{"@type":["Person","Organization"],"@id":"https:\/\/luchonoticias.com\/editor\/#\/schema\/person\/7a7fd911f58561fd056dbac7b55af9cd","name":"admin","image":{"@type":"ImageObject","inLanguage":"es","@id":"https:\/\/luchonoticias.com\/editor\/#\/schema\/person\/image\/","url":"https:\/\/luchonoticias.com\/editor\/wp-content\/uploads\/2024\/02\/cropped-cropped-logolu.webp","contentUrl":"https:\/\/luchonoticias.com\/editor\/wp-content\/uploads\/2024\/02\/cropped-cropped-logolu.webp","width":382,"height":170,"caption":"admin"},"logo":{"@id":"https:\/\/luchonoticias.com\/editor\/#\/schema\/person\/image\/"},"sameAs":["https:\/\/www.facebook.com\/luchonoticiasneiva"]},{"@type":"Person","@id":"https:\/\/luchonoticias.com\/editor\/#\/schema\/person\/29217990ddf6f14e35912b2866d591fb","name":"Editor General","image":{"@type":"ImageObject","inLanguage":"es","@id":"https:\/\/luchonoticias.com\/editor\/#\/schema\/person\/image\/","url":"https:\/\/luchonoticias.com\/editor\/wp-content\/uploads\/2024\/02\/cropped-cropped-logolu-150x150.webp","contentUrl":"https:\/\/luchonoticias.com\/editor\/wp-content\/uploads\/2024\/02\/cropped-cropped-logolu-150x150.webp","caption":"Editor General"},"sameAs":["https:\/\/luchonoticias.com\/"],"url":"https:\/\/luchonoticias.com\/editor\/author\/editor-general\/"}]}},"_links":{"self":[{"href":"https:\/\/luchonoticias.com\/editor\/wp-json\/wp\/v2\/posts\/73596","targetHints":{"allow":["GET"]}}],"collection":[{"href":"https:\/\/luchonoticias.com\/editor\/wp-json\/wp\/v2\/posts"}],"about":[{"href":"https:\/\/luchonoticias.com\/editor\/wp-json\/wp\/v2\/types\/post"}],"author":[{"embeddable":true,"href":"https:\/\/luchonoticias.com\/editor\/wp-json\/wp\/v2\/users\/2"}],"replies":[{"embeddable":true,"href":"https:\/\/luchonoticias.com\/editor\/wp-json\/wp\/v2\/comments?post=73596"}],"version-history":[{"count":0,"href":"https:\/\/luchonoticias.com\/editor\/wp-json\/wp\/v2\/posts\/73596\/revisions"}],"wp:featuredmedia":[{"embeddable":true,"href":"https:\/\/luchonoticias.com\/editor\/wp-json\/wp\/v2\/media\/73597"}],"wp:attachment":[{"href":"https:\/\/luchonoticias.com\/editor\/wp-json\/wp\/v2\/media?parent=73596"}],"wp:term":[{"taxonomy":"category","embeddable":true,"href":"https:\/\/luchonoticias.com\/editor\/wp-json\/wp\/v2\/categories?post=73596"},{"taxonomy":"post_tag","embeddable":true,"href":"https:\/\/luchonoticias.com\/editor\/wp-json\/wp\/v2\/tags?post=73596"}],"curies":[{"name":"wp","href":"https:\/\/api.w.org\/{rel}","templated":true}]}}