{"id":73599,"date":"2024-05-30T15:18:57","date_gmt":"2024-05-30T20:18:57","guid":{"rendered":"https:\/\/luchonoticias.com\/?p=73599"},"modified":"2024-05-30T15:18:57","modified_gmt":"2024-05-30T20:18:57","slug":"jornada-healing-the-children-comienza-manana","status":"publish","type":"post","link":"https:\/\/luchonoticias.com\/editor\/jornada-healing-the-children-comienza-manana\/","title":{"rendered":"Jornada Healing the Children comienza ma\u00f1ana"},"content":{"rendered":"<p>Con gran expectativa y alegr\u00eda se llevar\u00e1 a cabo del 31 de mayo al 5 de junio, la tan esperada jornada de salud Healing the Children, para la cual se encuentran inscritos m\u00e1s de 500 menores.<\/p>\n<p>Peque\u00f1os de distintas edades provenientes de distintos municipios de Huila, Caquet\u00e1, Putumayo, Meta, Cauca, Tolima y Cundinamarca con patolog\u00edas como correcci\u00f3n de orejas, pie chap\u00edn o equino varo, paladar hendido y\/o labio fisurado, microtia, luxaci\u00f3n de cadera, secuelas por quemaduras, entre otras, ser\u00e1n operados a trav\u00e9s de la jornada que se viene desarrollando desde hace 29 a\u00f1os en Neiva.<\/p>\n<p>Para este a\u00f1o, m\u00e1s de 70 profesionales de la salud en distintas especialidades que integran la fundaci\u00f3n americana Healing the Children procedentes de diferentes pa\u00edses y personal m\u00e9dico regional, para que del total de menores inscritos, se priorizar\u00e1n100 menores para ser intervenidos quir\u00fargicamente, meta fijada para este a\u00f1o.<\/p>\n<p>En una importante uni\u00f3n de esfuerzos, este a\u00f1o la jornada de salud contar\u00e1 nuevamente con el apoyo del reconocido Restaurante El Cielo, quien, a trav\u00e9s de un chef especializado, se har\u00e1 presente para dictar diferentes talleres a los padres de los ni\u00f1os intervenidos, en alimentaci\u00f3n balanceada y adecuada para suplir las necesidades de los peque\u00f1os, en especial de los menores de labio y paladar.<\/p>\n<p>De igual forma, se adelantar\u00e1 formaci\u00f3n acad\u00e9mica profesional entre los especialistas extranjeros y los regionales, para tener transmisi\u00f3n de conocimientos y fortalecer especialidades, particularmente en ortopedia.<\/p>\n<p>\u201cEste 31 de mayo estaremos recibi\u00e9ndolos desde las 7 am para que sean valorados y se puedan establecer qu\u00e9 pacientes ser\u00e1n intervenidos. Agradecer a las instituciones que se suman a\u00f1o tras a\u00f1o a la jornada y hacen posible que m\u00e1s pacientes sean atendidos e intervenidos, como lo son la Gobernaci\u00f3n del Huila, la Secretar\u00eda de Salud Departamental, la C\u00e1mara de Comercio del Huila, la Fundaci\u00f3n\u00a0Healing the Children, al igual que la Polic\u00eda y el Ej\u00e9rcito\u201d, agreg\u00f3 Juan Diego Fierro Oliveros, Gerente Hospital Universitario Hernando Moncaleano Perdomo.<\/p>\n<p>\u201cEstamos muy contentos de retomar esta hermosa jornada, la cual ha beneficiado a la fecha a m\u00e1s de 4600 familias y, que, sin duda, han estado esperando muchas familias. A\u00f1o tras a\u00f1o la institucionalidad regional y la empresa privada, tenemos siempre la voluntad, el compromiso y toda la disposici\u00f3n para desarrollar con \u00e9xito la jornada Healing The Children\u201d, indic\u00f3 Lina Marcela Carrera, presidente ejecutiva C\u00e1mara de Comercio del Huila.<\/p>\n","protected":false},"excerpt":{"rendered":"<p>Con gran expectativa y alegr\u00eda se llevar\u00e1 a cabo del 31 de mayo al 5 de junio, la tan esperada jornada de salud Healing the Children, para la cual se encuentran inscritos m\u00e1s de 500 menores. Peque\u00f1os de distintas edades provenientes de distintos municipios de Huila, Caquet\u00e1, Putumayo, Meta, Cauca, Tolima y Cundinamarca con patolog\u00edas [&hellip;]<\/p>\n","protected":false},"author":2,"featured_media":73600,"comment_status":"closed","ping_status":"open","sticky":false,"template":"","format":"standard","meta":{"footnotes":""},"categories":[31],"tags":[],"class_list":["post-73599","post","type-post","status-publish","format-standard","has-post-thumbnail","hentry","category-local"],"yoast_head":"<!-- This site is optimized with the Yoast SEO plugin v26.6 - https:\/\/yoast.com\/wordpress\/plugins\/seo\/ -->\n<title>Jornada Healing the Children comienza ma\u00f1ana -<\/title>\n<meta name=\"robots\" content=\"index, follow, max-snippet:-1, max-image-preview:large, max-video-preview:-1\" \/>\n<link rel=\"canonical\" href=\"https:\/\/luchonoticias.com\/editor\/jornada-healing-the-children-comienza-manana\/\" \/>\n<meta property=\"og:locale\" content=\"es_ES\" \/>\n<meta property=\"og:type\" content=\"article\" \/>\n<meta property=\"og:title\" content=\"Jornada Healing the Children comienza ma\u00f1ana -\" \/>\n<meta property=\"og:url\" content=\"https:\/\/luchonoticias.com\/editor\/jornada-healing-the-children-comienza-manana\/\" \/>\n<meta property=\"article:publisher\" content=\"https:\/\/www.facebook.com\/luchonoticiasneiva\" \/>\n<meta property=\"article:published_time\" content=\"2024-05-30T20:18:57+00:00\" \/>\n<meta property=\"og:image\" content=\"https:\/\/luchonoticias.com\/editor\/wp-content\/uploads\/2024\/05\/ninos.jpg\" \/>\n\t<meta property=\"og:image:width\" content=\"700\" \/>\n\t<meta property=\"og:image:height\" content=\"400\" \/>\n\t<meta property=\"og:image:type\" content=\"image\/jpeg\" \/>\n<meta name=\"author\" content=\"Editor General\" \/>\n<meta name=\"twitter:card\" content=\"summary_large_image\" \/>\n<meta name=\"twitter:label1\" content=\"Escrito por\" \/>\n\t<meta name=\"twitter:data1\" content=\"Editor General\" \/>\n\t<meta name=\"twitter:label2\" content=\"Tiempo de lectura\" \/>\n\t<meta name=\"twitter:data2\" content=\"2 minutos\" \/>\n<script type=\"application\/ld+json\" class=\"yoast-schema-graph\">{\"@context\":\"https:\/\/schema.org\",\"@graph\":[{\"@type\":\"Article\",\"@id\":\"https:\/\/luchonoticias.com\/editor\/jornada-healing-the-children-comienza-manana\/#article\",\"isPartOf\":{\"@id\":\"https:\/\/luchonoticias.com\/editor\/jornada-healing-the-children-comienza-manana\/\"},\"author\":{\"name\":\"Editor General\",\"@id\":\"https:\/\/luchonoticias.com\/editor\/#\/schema\/person\/29217990ddf6f14e35912b2866d591fb\"},\"headline\":\"Jornada Healing the Children comienza ma\u00f1ana\",\"datePublished\":\"2024-05-30T20:18:57+00:00\",\"mainEntityOfPage\":{\"@id\":\"https:\/\/luchonoticias.com\/editor\/jornada-healing-the-children-comienza-manana\/\"},\"wordCount\":432,\"publisher\":{\"@id\":\"https:\/\/luchonoticias.com\/editor\/#\/schema\/person\/7a7fd911f58561fd056dbac7b55af9cd\"},\"image\":{\"@id\":\"https:\/\/luchonoticias.com\/editor\/jornada-healing-the-children-comienza-manana\/#primaryimage\"},\"thumbnailUrl\":\"https:\/\/luchonoticias.com\/editor\/wp-content\/uploads\/2024\/05\/ninos.jpg\",\"articleSection\":[\"Local\"],\"inLanguage\":\"es\"},{\"@type\":\"WebPage\",\"@id\":\"https:\/\/luchonoticias.com\/editor\/jornada-healing-the-children-comienza-manana\/\",\"url\":\"https:\/\/luchonoticias.com\/editor\/jornada-healing-the-children-comienza-manana\/\",\"name\":\"Jornada Healing the Children comienza ma\u00f1ana -\",\"isPartOf\":{\"@id\":\"https:\/\/luchonoticias.com\/editor\/#website\"},\"primaryImageOfPage\":{\"@id\":\"https:\/\/luchonoticias.com\/editor\/jornada-healing-the-children-comienza-manana\/#primaryimage\"},\"image\":{\"@id\":\"https:\/\/luchonoticias.com\/editor\/jornada-healing-the-children-comienza-manana\/#primaryimage\"},\"thumbnailUrl\":\"https:\/\/luchonoticias.com\/editor\/wp-content\/uploads\/2024\/05\/ninos.jpg\",\"datePublished\":\"2024-05-30T20:18:57+00:00\",\"breadcrumb\":{\"@id\":\"https:\/\/luchonoticias.com\/editor\/jornada-healing-the-children-comienza-manana\/#breadcrumb\"},\"inLanguage\":\"es\",\"potentialAction\":[{\"@type\":\"ReadAction\",\"target\":[\"https:\/\/luchonoticias.com\/editor\/jornada-healing-the-children-comienza-manana\/\"]}]},{\"@type\":\"ImageObject\",\"inLanguage\":\"es\",\"@id\":\"https:\/\/luchonoticias.com\/editor\/jornada-healing-the-children-comienza-manana\/#primaryimage\",\"url\":\"https:\/\/luchonoticias.com\/editor\/wp-content\/uploads\/2024\/05\/ninos.jpg\",\"contentUrl\":\"https:\/\/luchonoticias.com\/editor\/wp-content\/uploads\/2024\/05\/ninos.jpg\",\"width\":700,\"height\":400},{\"@type\":\"BreadcrumbList\",\"@id\":\"https:\/\/luchonoticias.com\/editor\/jornada-healing-the-children-comienza-manana\/#breadcrumb\",\"itemListElement\":[{\"@type\":\"ListItem\",\"position\":1,\"name\":\"Portada\",\"item\":\"https:\/\/luchonoticias.com\/editor\/\"},{\"@type\":\"ListItem\",\"position\":2,\"name\":\"Jornada Healing the Children comienza ma\u00f1ana\"}]},{\"@type\":\"WebSite\",\"@id\":\"https:\/\/luchonoticias.com\/editor\/#website\",\"url\":\"https:\/\/luchonoticias.com\/editor\/\",\"name\":\"\",\"description\":\"\",\"publisher\":{\"@id\":\"https:\/\/luchonoticias.com\/editor\/#\/schema\/person\/7a7fd911f58561fd056dbac7b55af9cd\"},\"potentialAction\":[{\"@type\":\"SearchAction\",\"target\":{\"@type\":\"EntryPoint\",\"urlTemplate\":\"https:\/\/luchonoticias.com\/editor\/?s={search_term_string}\"},\"query-input\":{\"@type\":\"PropertyValueSpecification\",\"valueRequired\":true,\"valueName\":\"search_term_string\"}}],\"inLanguage\":\"es\"},{\"@type\":[\"Person\",\"Organization\"],\"@id\":\"https:\/\/luchonoticias.com\/editor\/#\/schema\/person\/7a7fd911f58561fd056dbac7b55af9cd\",\"name\":\"admin\",\"image\":{\"@type\":\"ImageObject\",\"inLanguage\":\"es\",\"@id\":\"https:\/\/luchonoticias.com\/editor\/#\/schema\/person\/image\/\",\"url\":\"https:\/\/luchonoticias.com\/editor\/wp-content\/uploads\/2024\/02\/cropped-cropped-logolu.webp\",\"contentUrl\":\"https:\/\/luchonoticias.com\/editor\/wp-content\/uploads\/2024\/02\/cropped-cropped-logolu.webp\",\"width\":382,\"height\":170,\"caption\":\"admin\"},\"logo\":{\"@id\":\"https:\/\/luchonoticias.com\/editor\/#\/schema\/person\/image\/\"},\"sameAs\":[\"https:\/\/www.facebook.com\/luchonoticiasneiva\"]},{\"@type\":\"Person\",\"@id\":\"https:\/\/luchonoticias.com\/editor\/#\/schema\/person\/29217990ddf6f14e35912b2866d591fb\",\"name\":\"Editor General\",\"image\":{\"@type\":\"ImageObject\",\"inLanguage\":\"es\",\"@id\":\"https:\/\/luchonoticias.com\/editor\/#\/schema\/person\/image\/\",\"url\":\"https:\/\/luchonoticias.com\/editor\/wp-content\/uploads\/2024\/02\/cropped-cropped-logolu-150x150.webp\",\"contentUrl\":\"https:\/\/luchonoticias.com\/editor\/wp-content\/uploads\/2024\/02\/cropped-cropped-logolu-150x150.webp\",\"caption\":\"Editor General\"},\"sameAs\":[\"https:\/\/luchonoticias.com\/\"],\"url\":\"https:\/\/luchonoticias.com\/editor\/author\/editor-general\/\"}]}<\/script>\n<!-- \/ Yoast SEO plugin. -->","yoast_head_json":{"title":"Jornada Healing the Children comienza ma\u00f1ana -","robots":{"index":"index","follow":"follow","max-snippet":"max-snippet:-1","max-image-preview":"max-image-preview:large","max-video-preview":"max-video-preview:-1"},"canonical":"https:\/\/luchonoticias.com\/editor\/jornada-healing-the-children-comienza-manana\/","og_locale":"es_ES","og_type":"article","og_title":"Jornada Healing the Children comienza ma\u00f1ana -","og_url":"https:\/\/luchonoticias.com\/editor\/jornada-healing-the-children-comienza-manana\/","article_publisher":"https:\/\/www.facebook.com\/luchonoticiasneiva","article_published_time":"2024-05-30T20:18:57+00:00","og_image":[{"width":700,"height":400,"url":"https:\/\/luchonoticias.com\/editor\/wp-content\/uploads\/2024\/05\/ninos.jpg","type":"image\/jpeg"}],"author":"Editor General","twitter_card":"summary_large_image","twitter_misc":{"Escrito por":"Editor General","Tiempo de lectura":"2 minutos"},"schema":{"@context":"https:\/\/schema.org","@graph":[{"@type":"Article","@id":"https:\/\/luchonoticias.com\/editor\/jornada-healing-the-children-comienza-manana\/#article","isPartOf":{"@id":"https:\/\/luchonoticias.com\/editor\/jornada-healing-the-children-comienza-manana\/"},"author":{"name":"Editor General","@id":"https:\/\/luchonoticias.com\/editor\/#\/schema\/person\/29217990ddf6f14e35912b2866d591fb"},"headline":"Jornada Healing the Children comienza ma\u00f1ana","datePublished":"2024-05-30T20:18:57+00:00","mainEntityOfPage":{"@id":"https:\/\/luchonoticias.com\/editor\/jornada-healing-the-children-comienza-manana\/"},"wordCount":432,"publisher":{"@id":"https:\/\/luchonoticias.com\/editor\/#\/schema\/person\/7a7fd911f58561fd056dbac7b55af9cd"},"image":{"@id":"https:\/\/luchonoticias.com\/editor\/jornada-healing-the-children-comienza-manana\/#primaryimage"},"thumbnailUrl":"https:\/\/luchonoticias.com\/editor\/wp-content\/uploads\/2024\/05\/ninos.jpg","articleSection":["Local"],"inLanguage":"es"},{"@type":"WebPage","@id":"https:\/\/luchonoticias.com\/editor\/jornada-healing-the-children-comienza-manana\/","url":"https:\/\/luchonoticias.com\/editor\/jornada-healing-the-children-comienza-manana\/","name":"Jornada Healing the Children comienza ma\u00f1ana -","isPartOf":{"@id":"https:\/\/luchonoticias.com\/editor\/#website"},"primaryImageOfPage":{"@id":"https:\/\/luchonoticias.com\/editor\/jornada-healing-the-children-comienza-manana\/#primaryimage"},"image":{"@id":"https:\/\/luchonoticias.com\/editor\/jornada-healing-the-children-comienza-manana\/#primaryimage"},"thumbnailUrl":"https:\/\/luchonoticias.com\/editor\/wp-content\/uploads\/2024\/05\/ninos.jpg","datePublished":"2024-05-30T20:18:57+00:00","breadcrumb":{"@id":"https:\/\/luchonoticias.com\/editor\/jornada-healing-the-children-comienza-manana\/#breadcrumb"},"inLanguage":"es","potentialAction":[{"@type":"ReadAction","target":["https:\/\/luchonoticias.com\/editor\/jornada-healing-the-children-comienza-manana\/"]}]},{"@type":"ImageObject","inLanguage":"es","@id":"https:\/\/luchonoticias.com\/editor\/jornada-healing-the-children-comienza-manana\/#primaryimage","url":"https:\/\/luchonoticias.com\/editor\/wp-content\/uploads\/2024\/05\/ninos.jpg","contentUrl":"https:\/\/luchonoticias.com\/editor\/wp-content\/uploads\/2024\/05\/ninos.jpg","width":700,"height":400},{"@type":"BreadcrumbList","@id":"https:\/\/luchonoticias.com\/editor\/jornada-healing-the-children-comienza-manana\/#breadcrumb","itemListElement":[{"@type":"ListItem","position":1,"name":"Portada","item":"https:\/\/luchonoticias.com\/editor\/"},{"@type":"ListItem","position":2,"name":"Jornada Healing the Children comienza ma\u00f1ana"}]},{"@type":"WebSite","@id":"https:\/\/luchonoticias.com\/editor\/#website","url":"https:\/\/luchonoticias.com\/editor\/","name":"","description":"","publisher":{"@id":"https:\/\/luchonoticias.com\/editor\/#\/schema\/person\/7a7fd911f58561fd056dbac7b55af9cd"},"potentialAction":[{"@type":"SearchAction","target":{"@type":"EntryPoint","urlTemplate":"https:\/\/luchonoticias.com\/editor\/?s={search_term_string}"},"query-input":{"@type":"PropertyValueSpecification","valueRequired":true,"valueName":"search_term_string"}}],"inLanguage":"es"},{"@type":["Person","Organization"],"@id":"https:\/\/luchonoticias.com\/editor\/#\/schema\/person\/7a7fd911f58561fd056dbac7b55af9cd","name":"admin","image":{"@type":"ImageObject","inLanguage":"es","@id":"https:\/\/luchonoticias.com\/editor\/#\/schema\/person\/image\/","url":"https:\/\/luchonoticias.com\/editor\/wp-content\/uploads\/2024\/02\/cropped-cropped-logolu.webp","contentUrl":"https:\/\/luchonoticias.com\/editor\/wp-content\/uploads\/2024\/02\/cropped-cropped-logolu.webp","width":382,"height":170,"caption":"admin"},"logo":{"@id":"https:\/\/luchonoticias.com\/editor\/#\/schema\/person\/image\/"},"sameAs":["https:\/\/www.facebook.com\/luchonoticiasneiva"]},{"@type":"Person","@id":"https:\/\/luchonoticias.com\/editor\/#\/schema\/person\/29217990ddf6f14e35912b2866d591fb","name":"Editor General","image":{"@type":"ImageObject","inLanguage":"es","@id":"https:\/\/luchonoticias.com\/editor\/#\/schema\/person\/image\/","url":"https:\/\/luchonoticias.com\/editor\/wp-content\/uploads\/2024\/02\/cropped-cropped-logolu-150x150.webp","contentUrl":"https:\/\/luchonoticias.com\/editor\/wp-content\/uploads\/2024\/02\/cropped-cropped-logolu-150x150.webp","caption":"Editor General"},"sameAs":["https:\/\/luchonoticias.com\/"],"url":"https:\/\/luchonoticias.com\/editor\/author\/editor-general\/"}]}},"_links":{"self":[{"href":"https:\/\/luchonoticias.com\/editor\/wp-json\/wp\/v2\/posts\/73599","targetHints":{"allow":["GET"]}}],"collection":[{"href":"https:\/\/luchonoticias.com\/editor\/wp-json\/wp\/v2\/posts"}],"about":[{"href":"https:\/\/luchonoticias.com\/editor\/wp-json\/wp\/v2\/types\/post"}],"author":[{"embeddable":true,"href":"https:\/\/luchonoticias.com\/editor\/wp-json\/wp\/v2\/users\/2"}],"replies":[{"embeddable":true,"href":"https:\/\/luchonoticias.com\/editor\/wp-json\/wp\/v2\/comments?post=73599"}],"version-history":[{"count":0,"href":"https:\/\/luchonoticias.com\/editor\/wp-json\/wp\/v2\/posts\/73599\/revisions"}],"wp:featuredmedia":[{"embeddable":true,"href":"https:\/\/luchonoticias.com\/editor\/wp-json\/wp\/v2\/media\/73600"}],"wp:attachment":[{"href":"https:\/\/luchonoticias.com\/editor\/wp-json\/wp\/v2\/media?parent=73599"}],"wp:term":[{"taxonomy":"category","embeddable":true,"href":"https:\/\/luchonoticias.com\/editor\/wp-json\/wp\/v2\/categories?post=73599"},{"taxonomy":"post_tag","embeddable":true,"href":"https:\/\/luchonoticias.com\/editor\/wp-json\/wp\/v2\/tags?post=73599"}],"curies":[{"name":"wp","href":"https:\/\/api.w.org\/{rel}","templated":true}]}}