{"id":73602,"date":"2024-05-30T18:02:11","date_gmt":"2024-05-30T23:02:11","guid":{"rendered":"https:\/\/luchonoticias.com\/?p=73602"},"modified":"2024-05-30T18:02:11","modified_gmt":"2024-05-30T23:02:11","slug":"huila-y-su-plan-para-conservar-los-recursos-naturales","status":"publish","type":"post","link":"https:\/\/luchonoticias.com\/editor\/huila-y-su-plan-para-conservar-los-recursos-naturales\/","title":{"rendered":"Huila y su plan para conservar los recursos naturales"},"content":{"rendered":"<p>Tras un amplio proceso participativo con los diferentes sectores p\u00fablicos y privados, organizaciones ambientales, sectores productivos, veedur\u00edas ciudadanas, comunidad en general y un trabajo de meses de planificaci\u00f3n, el Consejo Directivo de la Corporaci\u00f3n Aut\u00f3noma Regional del Alto Magdalena &#8211; CAM, de manera un\u00e1nime, aprob\u00f3 el Plan de Acci\u00f3n Institucional para el periodo 2024-2027 de la entidad ambiental, denominado \u201cHuila Territorio de Vida\u201d.<\/p>\n<p>Con esta carta de navegaci\u00f3n de la CAM para los pr\u00f3ximos cuatro a\u00f1os, el Director General Camilo Augusto Agudelo Perdomo y todo el equipo de trabajo empezar\u00e1n a ejecutar acciones para proteger y conservar el patrimonio natural de los huilenses.<\/p>\n<p>\u201cEste Plan de Acci\u00f3n refleja todos los elementos que construimos participativamente con los actores del departamento, fueron m\u00e1s de 700 personas que participaron presencialmente en nuestros talleres, se recibieron cerca de 80 propuestas tambi\u00e9n a trav\u00e9s de nuestros mecanismos virtuales, adem\u00e1s del trabajo de nuestros funcionarios y del Consejo Directivo, insumos que dieron origen a este instrumento\u201d, explic\u00f3 el director de la m\u00e1xima autoridad ambiental del Huila.<\/p>\n<p>Seg\u00fan el director Camilo Agudelo, esta carta de navegaci\u00f3n incluye medidas prioritarias como la conservaci\u00f3n de \u00e1reas protegidas, la implementaci\u00f3n de pr\u00e1cticas sostenibles, el monitoreo de la biodiversidad, la protecci\u00f3n del recurso h\u00eddrico, el ordenamiento del territorio alrededor del agua, la promoci\u00f3n de la educaci\u00f3n ambiental, entre otras l\u00edneas estrat\u00e9gicas.<\/p>\n<p>\u201cLos puntos centrales de este Plan de Acci\u00f3n son los proyectos orientados a la gesti\u00f3n de protecci\u00f3n del recurso h\u00eddrico, el agua para el abastecimiento humano, la biodiversidad a trav\u00e9s de las \u00e1reas protegidas, la sostenibilidad del desarrollo sectorial, esto aunado a la acci\u00f3n clim\u00e1tica, el trabajo institucional, la educaci\u00f3n ambiental en evoluci\u00f3n y la administraci\u00f3n de los recursos naturales vinculando a todas las comunidades del Huila\u201d, asegur\u00f3 Agudelo Perdomo.<\/p>\n<p>En este sentido Juan Carlos Albarrac\u00edn, delegado del Presidente de la Rep\u00fablica ante el Consejo Directivo de la CAM, destac\u00f3 que este Plan de Acci\u00f3n traza la tarea y los principales objetivos y metas que tiene la Corporaci\u00f3n para el departamento del Huila en la gesti\u00f3n Ambiental, el cual se ha construido en un largo periodo de trabajo, con la participaci\u00f3n de comunidades e instituciones de las cuatro regiones del Huila y con varios escenarios de discusi\u00f3n por parte del Consejo Directivo y los huilenses.<\/p>\n<p>\u201cEste es un plan que ha contado con una amplia discusi\u00f3n, que ha sido revisado y que contiene los elementos necesarios para que las comunidades y las instituciones tengan herramientas del manejo ambiental para el Huila\u201d, indic\u00f3 el consejero que representa al Presidente de la Rep\u00fablica.<\/p>\n<p>\u201cHuila Territorio de Vida\u201d lo conforman seis programas, entre ellos: Fortalecimiento del desempe\u00f1o ambiental de los sectores productivos, Conservaci\u00f3n de la biodiversidad y sus servicios ecosist\u00e9micos, Gesti\u00f3n integral del recurso h\u00eddrico, Gesti\u00f3n de la informaci\u00f3n y el conocimiento ambiental, Ordenamiento ambiental territorial, Gesti\u00f3n del cambio clim\u00e1tico para un desarrollo bajo en carbono y resiliente al clima, Educaci\u00f3n Ambiental y Fortalecimiento de la gesti\u00f3n y direcci\u00f3n del sector ambiente y desarrollo sostenible.<\/p>\n","protected":false},"excerpt":{"rendered":"<p>Tras un amplio proceso participativo con los diferentes sectores p\u00fablicos y privados, organizaciones ambientales, sectores productivos, veedur\u00edas ciudadanas, comunidad en general y un trabajo de meses de planificaci\u00f3n, el Consejo Directivo de la Corporaci\u00f3n Aut\u00f3noma Regional del Alto Magdalena &#8211; CAM, de manera un\u00e1nime, aprob\u00f3 el Plan de Acci\u00f3n Institucional para el periodo 2024-2027 de [&hellip;]<\/p>\n","protected":false},"author":2,"featured_media":73603,"comment_status":"closed","ping_status":"open","sticky":false,"template":"","format":"standard","meta":{"footnotes":""},"categories":[33],"tags":[],"class_list":["post-73602","post","type-post","status-publish","format-standard","has-post-thumbnail","hentry","category-huila"],"yoast_head":"<!-- This site is optimized with the Yoast SEO plugin v26.6 - https:\/\/yoast.com\/wordpress\/plugins\/seo\/ -->\n<title>Huila y su plan para conservar los recursos naturales -<\/title>\n<meta name=\"robots\" content=\"index, follow, max-snippet:-1, max-image-preview:large, max-video-preview:-1\" \/>\n<link rel=\"canonical\" href=\"https:\/\/luchonoticias.com\/editor\/huila-y-su-plan-para-conservar-los-recursos-naturales\/\" \/>\n<meta property=\"og:locale\" content=\"es_ES\" \/>\n<meta property=\"og:type\" content=\"article\" \/>\n<meta property=\"og:title\" content=\"Huila y su plan para conservar los recursos naturales -\" \/>\n<meta property=\"og:url\" content=\"https:\/\/luchonoticias.com\/editor\/huila-y-su-plan-para-conservar-los-recursos-naturales\/\" \/>\n<meta property=\"article:publisher\" content=\"https:\/\/www.facebook.com\/luchonoticiasneiva\" \/>\n<meta property=\"article:published_time\" content=\"2024-05-30T23:02:11+00:00\" \/>\n<meta property=\"og:image\" content=\"https:\/\/luchonoticias.com\/editor\/wp-content\/uploads\/2024\/05\/CAM-1.jpg\" \/>\n\t<meta property=\"og:image:width\" content=\"700\" \/>\n\t<meta property=\"og:image:height\" content=\"400\" \/>\n\t<meta property=\"og:image:type\" content=\"image\/jpeg\" \/>\n<meta name=\"author\" content=\"Editor General\" \/>\n<meta name=\"twitter:card\" content=\"summary_large_image\" \/>\n<meta name=\"twitter:label1\" content=\"Escrito por\" \/>\n\t<meta name=\"twitter:data1\" content=\"Editor General\" \/>\n\t<meta name=\"twitter:label2\" content=\"Tiempo de lectura\" \/>\n\t<meta name=\"twitter:data2\" content=\"3 minutos\" \/>\n<script type=\"application\/ld+json\" class=\"yoast-schema-graph\">{\"@context\":\"https:\/\/schema.org\",\"@graph\":[{\"@type\":\"Article\",\"@id\":\"https:\/\/luchonoticias.com\/editor\/huila-y-su-plan-para-conservar-los-recursos-naturales\/#article\",\"isPartOf\":{\"@id\":\"https:\/\/luchonoticias.com\/editor\/huila-y-su-plan-para-conservar-los-recursos-naturales\/\"},\"author\":{\"name\":\"Editor General\",\"@id\":\"https:\/\/luchonoticias.com\/editor\/#\/schema\/person\/29217990ddf6f14e35912b2866d591fb\"},\"headline\":\"Huila y su plan para conservar los recursos naturales\",\"datePublished\":\"2024-05-30T23:02:11+00:00\",\"mainEntityOfPage\":{\"@id\":\"https:\/\/luchonoticias.com\/editor\/huila-y-su-plan-para-conservar-los-recursos-naturales\/\"},\"wordCount\":558,\"publisher\":{\"@id\":\"https:\/\/luchonoticias.com\/editor\/#\/schema\/person\/7a7fd911f58561fd056dbac7b55af9cd\"},\"image\":{\"@id\":\"https:\/\/luchonoticias.com\/editor\/huila-y-su-plan-para-conservar-los-recursos-naturales\/#primaryimage\"},\"thumbnailUrl\":\"https:\/\/luchonoticias.com\/editor\/wp-content\/uploads\/2024\/05\/CAM-1.jpg\",\"articleSection\":[\"Huila\"],\"inLanguage\":\"es\"},{\"@type\":\"WebPage\",\"@id\":\"https:\/\/luchonoticias.com\/editor\/huila-y-su-plan-para-conservar-los-recursos-naturales\/\",\"url\":\"https:\/\/luchonoticias.com\/editor\/huila-y-su-plan-para-conservar-los-recursos-naturales\/\",\"name\":\"Huila y su plan para conservar los recursos naturales -\",\"isPartOf\":{\"@id\":\"https:\/\/luchonoticias.com\/editor\/#website\"},\"primaryImageOfPage\":{\"@id\":\"https:\/\/luchonoticias.com\/editor\/huila-y-su-plan-para-conservar-los-recursos-naturales\/#primaryimage\"},\"image\":{\"@id\":\"https:\/\/luchonoticias.com\/editor\/huila-y-su-plan-para-conservar-los-recursos-naturales\/#primaryimage\"},\"thumbnailUrl\":\"https:\/\/luchonoticias.com\/editor\/wp-content\/uploads\/2024\/05\/CAM-1.jpg\",\"datePublished\":\"2024-05-30T23:02:11+00:00\",\"breadcrumb\":{\"@id\":\"https:\/\/luchonoticias.com\/editor\/huila-y-su-plan-para-conservar-los-recursos-naturales\/#breadcrumb\"},\"inLanguage\":\"es\",\"potentialAction\":[{\"@type\":\"ReadAction\",\"target\":[\"https:\/\/luchonoticias.com\/editor\/huila-y-su-plan-para-conservar-los-recursos-naturales\/\"]}]},{\"@type\":\"ImageObject\",\"inLanguage\":\"es\",\"@id\":\"https:\/\/luchonoticias.com\/editor\/huila-y-su-plan-para-conservar-los-recursos-naturales\/#primaryimage\",\"url\":\"https:\/\/luchonoticias.com\/editor\/wp-content\/uploads\/2024\/05\/CAM-1.jpg\",\"contentUrl\":\"https:\/\/luchonoticias.com\/editor\/wp-content\/uploads\/2024\/05\/CAM-1.jpg\",\"width\":700,\"height\":400},{\"@type\":\"BreadcrumbList\",\"@id\":\"https:\/\/luchonoticias.com\/editor\/huila-y-su-plan-para-conservar-los-recursos-naturales\/#breadcrumb\",\"itemListElement\":[{\"@type\":\"ListItem\",\"position\":1,\"name\":\"Portada\",\"item\":\"https:\/\/luchonoticias.com\/editor\/\"},{\"@type\":\"ListItem\",\"position\":2,\"name\":\"Huila y su plan para conservar los recursos naturales\"}]},{\"@type\":\"WebSite\",\"@id\":\"https:\/\/luchonoticias.com\/editor\/#website\",\"url\":\"https:\/\/luchonoticias.com\/editor\/\",\"name\":\"\",\"description\":\"\",\"publisher\":{\"@id\":\"https:\/\/luchonoticias.com\/editor\/#\/schema\/person\/7a7fd911f58561fd056dbac7b55af9cd\"},\"potentialAction\":[{\"@type\":\"SearchAction\",\"target\":{\"@type\":\"EntryPoint\",\"urlTemplate\":\"https:\/\/luchonoticias.com\/editor\/?s={search_term_string}\"},\"query-input\":{\"@type\":\"PropertyValueSpecification\",\"valueRequired\":true,\"valueName\":\"search_term_string\"}}],\"inLanguage\":\"es\"},{\"@type\":[\"Person\",\"Organization\"],\"@id\":\"https:\/\/luchonoticias.com\/editor\/#\/schema\/person\/7a7fd911f58561fd056dbac7b55af9cd\",\"name\":\"admin\",\"image\":{\"@type\":\"ImageObject\",\"inLanguage\":\"es\",\"@id\":\"https:\/\/luchonoticias.com\/editor\/#\/schema\/person\/image\/\",\"url\":\"https:\/\/luchonoticias.com\/editor\/wp-content\/uploads\/2024\/02\/cropped-cropped-logolu.webp\",\"contentUrl\":\"https:\/\/luchonoticias.com\/editor\/wp-content\/uploads\/2024\/02\/cropped-cropped-logolu.webp\",\"width\":382,\"height\":170,\"caption\":\"admin\"},\"logo\":{\"@id\":\"https:\/\/luchonoticias.com\/editor\/#\/schema\/person\/image\/\"},\"sameAs\":[\"https:\/\/www.facebook.com\/luchonoticiasneiva\"]},{\"@type\":\"Person\",\"@id\":\"https:\/\/luchonoticias.com\/editor\/#\/schema\/person\/29217990ddf6f14e35912b2866d591fb\",\"name\":\"Editor General\",\"image\":{\"@type\":\"ImageObject\",\"inLanguage\":\"es\",\"@id\":\"https:\/\/luchonoticias.com\/editor\/#\/schema\/person\/image\/\",\"url\":\"https:\/\/luchonoticias.com\/editor\/wp-content\/uploads\/2024\/02\/cropped-cropped-logolu-150x150.webp\",\"contentUrl\":\"https:\/\/luchonoticias.com\/editor\/wp-content\/uploads\/2024\/02\/cropped-cropped-logolu-150x150.webp\",\"caption\":\"Editor General\"},\"sameAs\":[\"https:\/\/luchonoticias.com\/\"],\"url\":\"https:\/\/luchonoticias.com\/editor\/author\/editor-general\/\"}]}<\/script>\n<!-- \/ Yoast SEO plugin. -->","yoast_head_json":{"title":"Huila y su plan para conservar los recursos naturales -","robots":{"index":"index","follow":"follow","max-snippet":"max-snippet:-1","max-image-preview":"max-image-preview:large","max-video-preview":"max-video-preview:-1"},"canonical":"https:\/\/luchonoticias.com\/editor\/huila-y-su-plan-para-conservar-los-recursos-naturales\/","og_locale":"es_ES","og_type":"article","og_title":"Huila y su plan para conservar los recursos naturales -","og_url":"https:\/\/luchonoticias.com\/editor\/huila-y-su-plan-para-conservar-los-recursos-naturales\/","article_publisher":"https:\/\/www.facebook.com\/luchonoticiasneiva","article_published_time":"2024-05-30T23:02:11+00:00","og_image":[{"width":700,"height":400,"url":"https:\/\/luchonoticias.com\/editor\/wp-content\/uploads\/2024\/05\/CAM-1.jpg","type":"image\/jpeg"}],"author":"Editor General","twitter_card":"summary_large_image","twitter_misc":{"Escrito por":"Editor General","Tiempo de lectura":"3 minutos"},"schema":{"@context":"https:\/\/schema.org","@graph":[{"@type":"Article","@id":"https:\/\/luchonoticias.com\/editor\/huila-y-su-plan-para-conservar-los-recursos-naturales\/#article","isPartOf":{"@id":"https:\/\/luchonoticias.com\/editor\/huila-y-su-plan-para-conservar-los-recursos-naturales\/"},"author":{"name":"Editor General","@id":"https:\/\/luchonoticias.com\/editor\/#\/schema\/person\/29217990ddf6f14e35912b2866d591fb"},"headline":"Huila y su plan para conservar los recursos naturales","datePublished":"2024-05-30T23:02:11+00:00","mainEntityOfPage":{"@id":"https:\/\/luchonoticias.com\/editor\/huila-y-su-plan-para-conservar-los-recursos-naturales\/"},"wordCount":558,"publisher":{"@id":"https:\/\/luchonoticias.com\/editor\/#\/schema\/person\/7a7fd911f58561fd056dbac7b55af9cd"},"image":{"@id":"https:\/\/luchonoticias.com\/editor\/huila-y-su-plan-para-conservar-los-recursos-naturales\/#primaryimage"},"thumbnailUrl":"https:\/\/luchonoticias.com\/editor\/wp-content\/uploads\/2024\/05\/CAM-1.jpg","articleSection":["Huila"],"inLanguage":"es"},{"@type":"WebPage","@id":"https:\/\/luchonoticias.com\/editor\/huila-y-su-plan-para-conservar-los-recursos-naturales\/","url":"https:\/\/luchonoticias.com\/editor\/huila-y-su-plan-para-conservar-los-recursos-naturales\/","name":"Huila y su plan para conservar los recursos naturales -","isPartOf":{"@id":"https:\/\/luchonoticias.com\/editor\/#website"},"primaryImageOfPage":{"@id":"https:\/\/luchonoticias.com\/editor\/huila-y-su-plan-para-conservar-los-recursos-naturales\/#primaryimage"},"image":{"@id":"https:\/\/luchonoticias.com\/editor\/huila-y-su-plan-para-conservar-los-recursos-naturales\/#primaryimage"},"thumbnailUrl":"https:\/\/luchonoticias.com\/editor\/wp-content\/uploads\/2024\/05\/CAM-1.jpg","datePublished":"2024-05-30T23:02:11+00:00","breadcrumb":{"@id":"https:\/\/luchonoticias.com\/editor\/huila-y-su-plan-para-conservar-los-recursos-naturales\/#breadcrumb"},"inLanguage":"es","potentialAction":[{"@type":"ReadAction","target":["https:\/\/luchonoticias.com\/editor\/huila-y-su-plan-para-conservar-los-recursos-naturales\/"]}]},{"@type":"ImageObject","inLanguage":"es","@id":"https:\/\/luchonoticias.com\/editor\/huila-y-su-plan-para-conservar-los-recursos-naturales\/#primaryimage","url":"https:\/\/luchonoticias.com\/editor\/wp-content\/uploads\/2024\/05\/CAM-1.jpg","contentUrl":"https:\/\/luchonoticias.com\/editor\/wp-content\/uploads\/2024\/05\/CAM-1.jpg","width":700,"height":400},{"@type":"BreadcrumbList","@id":"https:\/\/luchonoticias.com\/editor\/huila-y-su-plan-para-conservar-los-recursos-naturales\/#breadcrumb","itemListElement":[{"@type":"ListItem","position":1,"name":"Portada","item":"https:\/\/luchonoticias.com\/editor\/"},{"@type":"ListItem","position":2,"name":"Huila y su plan para conservar los recursos naturales"}]},{"@type":"WebSite","@id":"https:\/\/luchonoticias.com\/editor\/#website","url":"https:\/\/luchonoticias.com\/editor\/","name":"","description":"","publisher":{"@id":"https:\/\/luchonoticias.com\/editor\/#\/schema\/person\/7a7fd911f58561fd056dbac7b55af9cd"},"potentialAction":[{"@type":"SearchAction","target":{"@type":"EntryPoint","urlTemplate":"https:\/\/luchonoticias.com\/editor\/?s={search_term_string}"},"query-input":{"@type":"PropertyValueSpecification","valueRequired":true,"valueName":"search_term_string"}}],"inLanguage":"es"},{"@type":["Person","Organization"],"@id":"https:\/\/luchonoticias.com\/editor\/#\/schema\/person\/7a7fd911f58561fd056dbac7b55af9cd","name":"admin","image":{"@type":"ImageObject","inLanguage":"es","@id":"https:\/\/luchonoticias.com\/editor\/#\/schema\/person\/image\/","url":"https:\/\/luchonoticias.com\/editor\/wp-content\/uploads\/2024\/02\/cropped-cropped-logolu.webp","contentUrl":"https:\/\/luchonoticias.com\/editor\/wp-content\/uploads\/2024\/02\/cropped-cropped-logolu.webp","width":382,"height":170,"caption":"admin"},"logo":{"@id":"https:\/\/luchonoticias.com\/editor\/#\/schema\/person\/image\/"},"sameAs":["https:\/\/www.facebook.com\/luchonoticiasneiva"]},{"@type":"Person","@id":"https:\/\/luchonoticias.com\/editor\/#\/schema\/person\/29217990ddf6f14e35912b2866d591fb","name":"Editor General","image":{"@type":"ImageObject","inLanguage":"es","@id":"https:\/\/luchonoticias.com\/editor\/#\/schema\/person\/image\/","url":"https:\/\/luchonoticias.com\/editor\/wp-content\/uploads\/2024\/02\/cropped-cropped-logolu-150x150.webp","contentUrl":"https:\/\/luchonoticias.com\/editor\/wp-content\/uploads\/2024\/02\/cropped-cropped-logolu-150x150.webp","caption":"Editor General"},"sameAs":["https:\/\/luchonoticias.com\/"],"url":"https:\/\/luchonoticias.com\/editor\/author\/editor-general\/"}]}},"_links":{"self":[{"href":"https:\/\/luchonoticias.com\/editor\/wp-json\/wp\/v2\/posts\/73602","targetHints":{"allow":["GET"]}}],"collection":[{"href":"https:\/\/luchonoticias.com\/editor\/wp-json\/wp\/v2\/posts"}],"about":[{"href":"https:\/\/luchonoticias.com\/editor\/wp-json\/wp\/v2\/types\/post"}],"author":[{"embeddable":true,"href":"https:\/\/luchonoticias.com\/editor\/wp-json\/wp\/v2\/users\/2"}],"replies":[{"embeddable":true,"href":"https:\/\/luchonoticias.com\/editor\/wp-json\/wp\/v2\/comments?post=73602"}],"version-history":[{"count":0,"href":"https:\/\/luchonoticias.com\/editor\/wp-json\/wp\/v2\/posts\/73602\/revisions"}],"wp:featuredmedia":[{"embeddable":true,"href":"https:\/\/luchonoticias.com\/editor\/wp-json\/wp\/v2\/media\/73603"}],"wp:attachment":[{"href":"https:\/\/luchonoticias.com\/editor\/wp-json\/wp\/v2\/media?parent=73602"}],"wp:term":[{"taxonomy":"category","embeddable":true,"href":"https:\/\/luchonoticias.com\/editor\/wp-json\/wp\/v2\/categories?post=73602"},{"taxonomy":"post_tag","embeddable":true,"href":"https:\/\/luchonoticias.com\/editor\/wp-json\/wp\/v2\/tags?post=73602"}],"curies":[{"name":"wp","href":"https:\/\/api.w.org\/{rel}","templated":true}]}}