{"id":73606,"date":"2024-05-30T18:16:17","date_gmt":"2024-05-30T23:16:17","guid":{"rendered":"https:\/\/luchonoticias.com\/?p=73606"},"modified":"2024-05-30T18:16:17","modified_gmt":"2024-05-30T23:16:17","slug":"organismos-de-emergencia-preparados-para-las-fiestas-sampedrinas","status":"publish","type":"post","link":"https:\/\/luchonoticias.com\/editor\/organismos-de-emergencia-preparados-para-las-fiestas-sampedrinas\/","title":{"rendered":"Organismos de emergencia, preparados para las fiestas sampedrinas"},"content":{"rendered":"<p>Una mesa t\u00e9cnica de la que participaron todos los organismos de emergencias que operan en el departamento del Huila se cumpli\u00f3 por parte del CRUEH, dependencia adscrita a la Secretar\u00eda de Salud del Departamento.<\/p>\n<p>El prop\u00f3sito de esta actividad fue buscar establecer acciones coordinadas, definir un plan de acci\u00f3n operativo para poder ser actuantes y resolutivos a la hora de atender las eventualidades que se puedan presentar en el marco de la temporada de mitad de a\u00f1o, cuando la afluencia de p\u00fablico debido al desarrollo de las fiestas sampedrinas, suele dispararse en toda la regi\u00f3n.<\/p>\n<p>\u201cSe realiz\u00f3 una mesa t\u00e9cnica con todos los organismos de socorro y las direcciones locales de salud con el objetivo de poder organizar las acciones que se van a trabajar, incluyendo las estrategias de respuesta para los eventos de afluencia masiva que se desarrollaron en el marco de las fiestas del San Pedro. En esta mesa t\u00e9cnica se trabaj\u00f3 en torno a la aplicaci\u00f3n de estrategias efectivas para minimizar el impacto de las eventualidades, as\u00ed como la importancia de mantener comunicaci\u00f3n constante para poder actuar con prontitud y minimizar cualquier situaci\u00f3n que se pueda presentar durante el desarrollo de las festividades\u201d, dijo la coordinadora del CRUEH, Natali Medina.<\/p>\n<p>La funcionaria de la Secretaria de Salud dijo que es fundamental ejercer acciones coordinadas por parte de todos los organismos comprometidos en la atenci\u00f3n de urgencias y emergencias y que como se trata de una temporada en la que hist\u00f3ricamente suelen dispararse los accidentes, las ri\u00f1as, las personas heridas entre otros, es muy importante cohesionarse, lograr niveles de entendimiento superiores en la firme intenci\u00f3n de ser efectivos a la hora de la atenci\u00f3n en hechos que requieran su actuaci\u00f3n o participaci\u00f3n.<\/p>\n<p>\u201cNos hemos reunido con las organizaciones encargadas de ejecutar las festividades, adem\u00e1s de la alcald\u00eda de Neiva, las secretar\u00edas de cultura para que ellos se involucren en estos procesos y podamos ser mucho m\u00e1s exitosos en la capacidad de respuesta. Estamos brindando asistencia t\u00e9cnica, entendiendo adem\u00e1s que estamos en alerta roja hospitalaria en raz\u00f3n a los eventos de dengue, fiebre amarilla y el volc\u00e1n Purac\u00e9, que han ocasionado que tengamos la ocupaci\u00f3n de las camas UCI en un alto porcentaje y ello nos obliga a tomar medidas para que las actuaciones que tengamos que desarrollar sean asertivas\u201d, explic\u00f3 la funcionaria de la Secretar\u00eda de Salud.<\/p>\n<p>La coordinadora del CRUEH, Natali Medina, destac\u00f3 el gran inter\u00e9s evidenciado por los organismos de socorro y el alto nivel de compromiso para activar los protocolos previamente establecidos. Dijo que durante la temporada la concentraci\u00f3n ser\u00e1 total, porque as\u00ed lo amerita el complejo momento de las festividades de mitad de a\u00f1o.<\/p>\n<p>\u201cLe hemos solicitado a las oficinas de gesti\u00f3n del riesgo de todo el departamento, que para los eventos de afluencia masiva se tengan en cuenta las directrices relacionadas con las estrategias de respuesta con el componente de salud y atenci\u00f3n hospitalaria. Eso es muy clave, hay unos protocolos que se deben cumplir y en eso todos debemos estar plenamente comprometidos\u201d, enfatiz\u00f3 la funcionaria de la Secretar\u00eda de Salud.<\/p>\n<p>Finalmente, se hizo un llamado a la ciudadan\u00eda, a los turistas para que se comporten con prudencia y acaten las disposiciones que se han definido para el desarrollo de espect\u00e1culos y de concentraciones masivas de p\u00fablico, pero tambi\u00e9n para que en las v\u00edas sean responsables a la hora de conducir, para que en los eventos la ingesta de licor sea moderada entendiendo que es la mejor manera de contribuir a minimizar los impactos negativos que suelen presentarse durante estas fechas festivas.<\/p>\n","protected":false},"excerpt":{"rendered":"<p>Una mesa t\u00e9cnica de la que participaron todos los organismos de emergencias que operan en el departamento del Huila se cumpli\u00f3 por parte del CRUEH, dependencia adscrita a la Secretar\u00eda de Salud del Departamento. El prop\u00f3sito de esta actividad fue buscar establecer acciones coordinadas, definir un plan de acci\u00f3n operativo para poder ser actuantes y [&hellip;]<\/p>\n","protected":false},"author":2,"featured_media":73607,"comment_status":"closed","ping_status":"open","sticky":false,"template":"","format":"standard","meta":{"footnotes":""},"categories":[33],"tags":[],"class_list":["post-73606","post","type-post","status-publish","format-standard","has-post-thumbnail","hentry","category-huila"],"yoast_head":"<!-- This site is optimized with the Yoast SEO plugin v26.6 - https:\/\/yoast.com\/wordpress\/plugins\/seo\/ -->\n<title>Organismos de emergencia, preparados para las fiestas sampedrinas -<\/title>\n<meta name=\"robots\" content=\"index, follow, max-snippet:-1, max-image-preview:large, max-video-preview:-1\" \/>\n<link rel=\"canonical\" href=\"https:\/\/luchonoticias.com\/editor\/organismos-de-emergencia-preparados-para-las-fiestas-sampedrinas\/\" \/>\n<meta property=\"og:locale\" content=\"es_ES\" \/>\n<meta property=\"og:type\" content=\"article\" \/>\n<meta property=\"og:title\" content=\"Organismos de emergencia, preparados para las fiestas sampedrinas -\" \/>\n<meta property=\"og:url\" content=\"https:\/\/luchonoticias.com\/editor\/organismos-de-emergencia-preparados-para-las-fiestas-sampedrinas\/\" \/>\n<meta property=\"article:publisher\" content=\"https:\/\/www.facebook.com\/luchonoticiasneiva\" \/>\n<meta property=\"article:published_time\" content=\"2024-05-30T23:16:17+00:00\" \/>\n<meta property=\"og:image\" content=\"https:\/\/luchonoticias.com\/editor\/wp-content\/uploads\/2024\/05\/emergencias-san-pedro.jpg\" \/>\n\t<meta property=\"og:image:width\" content=\"700\" \/>\n\t<meta property=\"og:image:height\" content=\"400\" \/>\n\t<meta property=\"og:image:type\" content=\"image\/jpeg\" \/>\n<meta name=\"author\" content=\"Editor General\" \/>\n<meta name=\"twitter:card\" content=\"summary_large_image\" \/>\n<meta name=\"twitter:label1\" content=\"Escrito por\" \/>\n\t<meta name=\"twitter:data1\" content=\"Editor General\" \/>\n\t<meta name=\"twitter:label2\" content=\"Tiempo de lectura\" \/>\n\t<meta name=\"twitter:data2\" content=\"3 minutos\" \/>\n<script type=\"application\/ld+json\" class=\"yoast-schema-graph\">{\"@context\":\"https:\/\/schema.org\",\"@graph\":[{\"@type\":\"Article\",\"@id\":\"https:\/\/luchonoticias.com\/editor\/organismos-de-emergencia-preparados-para-las-fiestas-sampedrinas\/#article\",\"isPartOf\":{\"@id\":\"https:\/\/luchonoticias.com\/editor\/organismos-de-emergencia-preparados-para-las-fiestas-sampedrinas\/\"},\"author\":{\"name\":\"Editor General\",\"@id\":\"https:\/\/luchonoticias.com\/editor\/#\/schema\/person\/29217990ddf6f14e35912b2866d591fb\"},\"headline\":\"Organismos de emergencia, preparados para las fiestas sampedrinas\",\"datePublished\":\"2024-05-30T23:16:17+00:00\",\"mainEntityOfPage\":{\"@id\":\"https:\/\/luchonoticias.com\/editor\/organismos-de-emergencia-preparados-para-las-fiestas-sampedrinas\/\"},\"wordCount\":637,\"publisher\":{\"@id\":\"https:\/\/luchonoticias.com\/editor\/#\/schema\/person\/7a7fd911f58561fd056dbac7b55af9cd\"},\"image\":{\"@id\":\"https:\/\/luchonoticias.com\/editor\/organismos-de-emergencia-preparados-para-las-fiestas-sampedrinas\/#primaryimage\"},\"thumbnailUrl\":\"https:\/\/luchonoticias.com\/editor\/wp-content\/uploads\/2024\/05\/emergencias-san-pedro.jpg\",\"articleSection\":[\"Huila\"],\"inLanguage\":\"es\"},{\"@type\":\"WebPage\",\"@id\":\"https:\/\/luchonoticias.com\/editor\/organismos-de-emergencia-preparados-para-las-fiestas-sampedrinas\/\",\"url\":\"https:\/\/luchonoticias.com\/editor\/organismos-de-emergencia-preparados-para-las-fiestas-sampedrinas\/\",\"name\":\"Organismos de emergencia, preparados para las fiestas sampedrinas -\",\"isPartOf\":{\"@id\":\"https:\/\/luchonoticias.com\/editor\/#website\"},\"primaryImageOfPage\":{\"@id\":\"https:\/\/luchonoticias.com\/editor\/organismos-de-emergencia-preparados-para-las-fiestas-sampedrinas\/#primaryimage\"},\"image\":{\"@id\":\"https:\/\/luchonoticias.com\/editor\/organismos-de-emergencia-preparados-para-las-fiestas-sampedrinas\/#primaryimage\"},\"thumbnailUrl\":\"https:\/\/luchonoticias.com\/editor\/wp-content\/uploads\/2024\/05\/emergencias-san-pedro.jpg\",\"datePublished\":\"2024-05-30T23:16:17+00:00\",\"breadcrumb\":{\"@id\":\"https:\/\/luchonoticias.com\/editor\/organismos-de-emergencia-preparados-para-las-fiestas-sampedrinas\/#breadcrumb\"},\"inLanguage\":\"es\",\"potentialAction\":[{\"@type\":\"ReadAction\",\"target\":[\"https:\/\/luchonoticias.com\/editor\/organismos-de-emergencia-preparados-para-las-fiestas-sampedrinas\/\"]}]},{\"@type\":\"ImageObject\",\"inLanguage\":\"es\",\"@id\":\"https:\/\/luchonoticias.com\/editor\/organismos-de-emergencia-preparados-para-las-fiestas-sampedrinas\/#primaryimage\",\"url\":\"https:\/\/luchonoticias.com\/editor\/wp-content\/uploads\/2024\/05\/emergencias-san-pedro.jpg\",\"contentUrl\":\"https:\/\/luchonoticias.com\/editor\/wp-content\/uploads\/2024\/05\/emergencias-san-pedro.jpg\",\"width\":700,\"height\":400},{\"@type\":\"BreadcrumbList\",\"@id\":\"https:\/\/luchonoticias.com\/editor\/organismos-de-emergencia-preparados-para-las-fiestas-sampedrinas\/#breadcrumb\",\"itemListElement\":[{\"@type\":\"ListItem\",\"position\":1,\"name\":\"Portada\",\"item\":\"https:\/\/luchonoticias.com\/editor\/\"},{\"@type\":\"ListItem\",\"position\":2,\"name\":\"Organismos de emergencia, preparados para las fiestas sampedrinas\"}]},{\"@type\":\"WebSite\",\"@id\":\"https:\/\/luchonoticias.com\/editor\/#website\",\"url\":\"https:\/\/luchonoticias.com\/editor\/\",\"name\":\"\",\"description\":\"\",\"publisher\":{\"@id\":\"https:\/\/luchonoticias.com\/editor\/#\/schema\/person\/7a7fd911f58561fd056dbac7b55af9cd\"},\"potentialAction\":[{\"@type\":\"SearchAction\",\"target\":{\"@type\":\"EntryPoint\",\"urlTemplate\":\"https:\/\/luchonoticias.com\/editor\/?s={search_term_string}\"},\"query-input\":{\"@type\":\"PropertyValueSpecification\",\"valueRequired\":true,\"valueName\":\"search_term_string\"}}],\"inLanguage\":\"es\"},{\"@type\":[\"Person\",\"Organization\"],\"@id\":\"https:\/\/luchonoticias.com\/editor\/#\/schema\/person\/7a7fd911f58561fd056dbac7b55af9cd\",\"name\":\"admin\",\"image\":{\"@type\":\"ImageObject\",\"inLanguage\":\"es\",\"@id\":\"https:\/\/luchonoticias.com\/editor\/#\/schema\/person\/image\/\",\"url\":\"https:\/\/luchonoticias.com\/editor\/wp-content\/uploads\/2024\/02\/cropped-cropped-logolu.webp\",\"contentUrl\":\"https:\/\/luchonoticias.com\/editor\/wp-content\/uploads\/2024\/02\/cropped-cropped-logolu.webp\",\"width\":382,\"height\":170,\"caption\":\"admin\"},\"logo\":{\"@id\":\"https:\/\/luchonoticias.com\/editor\/#\/schema\/person\/image\/\"},\"sameAs\":[\"https:\/\/www.facebook.com\/luchonoticiasneiva\"]},{\"@type\":\"Person\",\"@id\":\"https:\/\/luchonoticias.com\/editor\/#\/schema\/person\/29217990ddf6f14e35912b2866d591fb\",\"name\":\"Editor General\",\"image\":{\"@type\":\"ImageObject\",\"inLanguage\":\"es\",\"@id\":\"https:\/\/luchonoticias.com\/editor\/#\/schema\/person\/image\/\",\"url\":\"https:\/\/luchonoticias.com\/editor\/wp-content\/uploads\/2024\/02\/cropped-cropped-logolu-150x150.webp\",\"contentUrl\":\"https:\/\/luchonoticias.com\/editor\/wp-content\/uploads\/2024\/02\/cropped-cropped-logolu-150x150.webp\",\"caption\":\"Editor General\"},\"sameAs\":[\"https:\/\/luchonoticias.com\/\"],\"url\":\"https:\/\/luchonoticias.com\/editor\/author\/editor-general\/\"}]}<\/script>\n<!-- \/ Yoast SEO plugin. -->","yoast_head_json":{"title":"Organismos de emergencia, preparados para las fiestas sampedrinas -","robots":{"index":"index","follow":"follow","max-snippet":"max-snippet:-1","max-image-preview":"max-image-preview:large","max-video-preview":"max-video-preview:-1"},"canonical":"https:\/\/luchonoticias.com\/editor\/organismos-de-emergencia-preparados-para-las-fiestas-sampedrinas\/","og_locale":"es_ES","og_type":"article","og_title":"Organismos de emergencia, preparados para las fiestas sampedrinas -","og_url":"https:\/\/luchonoticias.com\/editor\/organismos-de-emergencia-preparados-para-las-fiestas-sampedrinas\/","article_publisher":"https:\/\/www.facebook.com\/luchonoticiasneiva","article_published_time":"2024-05-30T23:16:17+00:00","og_image":[{"width":700,"height":400,"url":"https:\/\/luchonoticias.com\/editor\/wp-content\/uploads\/2024\/05\/emergencias-san-pedro.jpg","type":"image\/jpeg"}],"author":"Editor General","twitter_card":"summary_large_image","twitter_misc":{"Escrito por":"Editor General","Tiempo de lectura":"3 minutos"},"schema":{"@context":"https:\/\/schema.org","@graph":[{"@type":"Article","@id":"https:\/\/luchonoticias.com\/editor\/organismos-de-emergencia-preparados-para-las-fiestas-sampedrinas\/#article","isPartOf":{"@id":"https:\/\/luchonoticias.com\/editor\/organismos-de-emergencia-preparados-para-las-fiestas-sampedrinas\/"},"author":{"name":"Editor General","@id":"https:\/\/luchonoticias.com\/editor\/#\/schema\/person\/29217990ddf6f14e35912b2866d591fb"},"headline":"Organismos de emergencia, preparados para las fiestas sampedrinas","datePublished":"2024-05-30T23:16:17+00:00","mainEntityOfPage":{"@id":"https:\/\/luchonoticias.com\/editor\/organismos-de-emergencia-preparados-para-las-fiestas-sampedrinas\/"},"wordCount":637,"publisher":{"@id":"https:\/\/luchonoticias.com\/editor\/#\/schema\/person\/7a7fd911f58561fd056dbac7b55af9cd"},"image":{"@id":"https:\/\/luchonoticias.com\/editor\/organismos-de-emergencia-preparados-para-las-fiestas-sampedrinas\/#primaryimage"},"thumbnailUrl":"https:\/\/luchonoticias.com\/editor\/wp-content\/uploads\/2024\/05\/emergencias-san-pedro.jpg","articleSection":["Huila"],"inLanguage":"es"},{"@type":"WebPage","@id":"https:\/\/luchonoticias.com\/editor\/organismos-de-emergencia-preparados-para-las-fiestas-sampedrinas\/","url":"https:\/\/luchonoticias.com\/editor\/organismos-de-emergencia-preparados-para-las-fiestas-sampedrinas\/","name":"Organismos de emergencia, preparados para las fiestas sampedrinas -","isPartOf":{"@id":"https:\/\/luchonoticias.com\/editor\/#website"},"primaryImageOfPage":{"@id":"https:\/\/luchonoticias.com\/editor\/organismos-de-emergencia-preparados-para-las-fiestas-sampedrinas\/#primaryimage"},"image":{"@id":"https:\/\/luchonoticias.com\/editor\/organismos-de-emergencia-preparados-para-las-fiestas-sampedrinas\/#primaryimage"},"thumbnailUrl":"https:\/\/luchonoticias.com\/editor\/wp-content\/uploads\/2024\/05\/emergencias-san-pedro.jpg","datePublished":"2024-05-30T23:16:17+00:00","breadcrumb":{"@id":"https:\/\/luchonoticias.com\/editor\/organismos-de-emergencia-preparados-para-las-fiestas-sampedrinas\/#breadcrumb"},"inLanguage":"es","potentialAction":[{"@type":"ReadAction","target":["https:\/\/luchonoticias.com\/editor\/organismos-de-emergencia-preparados-para-las-fiestas-sampedrinas\/"]}]},{"@type":"ImageObject","inLanguage":"es","@id":"https:\/\/luchonoticias.com\/editor\/organismos-de-emergencia-preparados-para-las-fiestas-sampedrinas\/#primaryimage","url":"https:\/\/luchonoticias.com\/editor\/wp-content\/uploads\/2024\/05\/emergencias-san-pedro.jpg","contentUrl":"https:\/\/luchonoticias.com\/editor\/wp-content\/uploads\/2024\/05\/emergencias-san-pedro.jpg","width":700,"height":400},{"@type":"BreadcrumbList","@id":"https:\/\/luchonoticias.com\/editor\/organismos-de-emergencia-preparados-para-las-fiestas-sampedrinas\/#breadcrumb","itemListElement":[{"@type":"ListItem","position":1,"name":"Portada","item":"https:\/\/luchonoticias.com\/editor\/"},{"@type":"ListItem","position":2,"name":"Organismos de emergencia, preparados para las fiestas sampedrinas"}]},{"@type":"WebSite","@id":"https:\/\/luchonoticias.com\/editor\/#website","url":"https:\/\/luchonoticias.com\/editor\/","name":"","description":"","publisher":{"@id":"https:\/\/luchonoticias.com\/editor\/#\/schema\/person\/7a7fd911f58561fd056dbac7b55af9cd"},"potentialAction":[{"@type":"SearchAction","target":{"@type":"EntryPoint","urlTemplate":"https:\/\/luchonoticias.com\/editor\/?s={search_term_string}"},"query-input":{"@type":"PropertyValueSpecification","valueRequired":true,"valueName":"search_term_string"}}],"inLanguage":"es"},{"@type":["Person","Organization"],"@id":"https:\/\/luchonoticias.com\/editor\/#\/schema\/person\/7a7fd911f58561fd056dbac7b55af9cd","name":"admin","image":{"@type":"ImageObject","inLanguage":"es","@id":"https:\/\/luchonoticias.com\/editor\/#\/schema\/person\/image\/","url":"https:\/\/luchonoticias.com\/editor\/wp-content\/uploads\/2024\/02\/cropped-cropped-logolu.webp","contentUrl":"https:\/\/luchonoticias.com\/editor\/wp-content\/uploads\/2024\/02\/cropped-cropped-logolu.webp","width":382,"height":170,"caption":"admin"},"logo":{"@id":"https:\/\/luchonoticias.com\/editor\/#\/schema\/person\/image\/"},"sameAs":["https:\/\/www.facebook.com\/luchonoticiasneiva"]},{"@type":"Person","@id":"https:\/\/luchonoticias.com\/editor\/#\/schema\/person\/29217990ddf6f14e35912b2866d591fb","name":"Editor General","image":{"@type":"ImageObject","inLanguage":"es","@id":"https:\/\/luchonoticias.com\/editor\/#\/schema\/person\/image\/","url":"https:\/\/luchonoticias.com\/editor\/wp-content\/uploads\/2024\/02\/cropped-cropped-logolu-150x150.webp","contentUrl":"https:\/\/luchonoticias.com\/editor\/wp-content\/uploads\/2024\/02\/cropped-cropped-logolu-150x150.webp","caption":"Editor General"},"sameAs":["https:\/\/luchonoticias.com\/"],"url":"https:\/\/luchonoticias.com\/editor\/author\/editor-general\/"}]}},"_links":{"self":[{"href":"https:\/\/luchonoticias.com\/editor\/wp-json\/wp\/v2\/posts\/73606","targetHints":{"allow":["GET"]}}],"collection":[{"href":"https:\/\/luchonoticias.com\/editor\/wp-json\/wp\/v2\/posts"}],"about":[{"href":"https:\/\/luchonoticias.com\/editor\/wp-json\/wp\/v2\/types\/post"}],"author":[{"embeddable":true,"href":"https:\/\/luchonoticias.com\/editor\/wp-json\/wp\/v2\/users\/2"}],"replies":[{"embeddable":true,"href":"https:\/\/luchonoticias.com\/editor\/wp-json\/wp\/v2\/comments?post=73606"}],"version-history":[{"count":0,"href":"https:\/\/luchonoticias.com\/editor\/wp-json\/wp\/v2\/posts\/73606\/revisions"}],"wp:featuredmedia":[{"embeddable":true,"href":"https:\/\/luchonoticias.com\/editor\/wp-json\/wp\/v2\/media\/73607"}],"wp:attachment":[{"href":"https:\/\/luchonoticias.com\/editor\/wp-json\/wp\/v2\/media?parent=73606"}],"wp:term":[{"taxonomy":"category","embeddable":true,"href":"https:\/\/luchonoticias.com\/editor\/wp-json\/wp\/v2\/categories?post=73606"},{"taxonomy":"post_tag","embeddable":true,"href":"https:\/\/luchonoticias.com\/editor\/wp-json\/wp\/v2\/tags?post=73606"}],"curies":[{"name":"wp","href":"https:\/\/api.w.org\/{rel}","templated":true}]}}