{"id":73618,"date":"2024-05-31T07:02:36","date_gmt":"2024-05-31T12:02:36","guid":{"rendered":"https:\/\/luchonoticias.com\/?p=73618"},"modified":"2024-05-31T07:02:36","modified_gmt":"2024-05-31T12:02:36","slug":"autoridades-recorrieron-ruta-de-los-desfiles","status":"publish","type":"post","link":"https:\/\/luchonoticias.com\/editor\/autoridades-recorrieron-ruta-de-los-desfiles\/","title":{"rendered":"Autoridades recorrieron ruta de los desfiles"},"content":{"rendered":"<p>Durante seis semanas, la Administraci\u00f3n Municipal facilit\u00f3 escenarios de discusi\u00f3n y socializaci\u00f3n en los que participaron instituciones como la Polic\u00eda Nacional y Ciudad Limpia, junto con todas las secretar\u00edas de la Administraci\u00f3n Municipal encargadas de la log\u00edstica del 63\u00b0 Festival de San Juan y San Pedro. En estas sesiones, se socializaron los planes de contingencia desarrollados por cada dependencia con el fin de mitigar y prevenir cualquier situaci\u00f3n de riesgo o peligro.<\/p>\n<p>El objetivo de estas reuniones fue consolidar un documento unificado de plan de contingencia para las festividades sampedrinas, permitiendo que las instituciones responsables de la log\u00edstica trabajen de manera coordinada para ofrecer no solo a los habitantes de Neiva, sino tambi\u00e9n a todos los turistas, un festival a la altura de sus expectativas.<\/p>\n<p>Concluidas las mesas de trabajo, la Administraci\u00f3n Municipal llev\u00f3 a cabo un recorrido previo al inicio de las festividades, con el prop\u00f3sito de analizar las rutas de los desfiles y cabalgatas de las fiestas de San Pedro. Durante este recorrido, las secretar\u00edas e instituciones participantes, identificaron puntos que requieren intervenci\u00f3n, abordando temas de espacio p\u00fablico y log\u00edstica.<\/p>\n<p>Amelia Monroy, Secretaria de Gesti\u00f3n del Riesgo, se\u00f1al\u00f3 que \u201cse est\u00e1n evaluando los arreglos necesarios en t\u00e9rminos de ornato, poda de \u00e1rboles y embellecimiento de las rutas por donde pasar\u00e1n los desfiles y cabalgatas. Identificados los puntos a intervenir, la Administraci\u00f3n Municipal iniciar\u00e1 un trabajo r\u00e1pido y eficaz para recuperar y mejorar los espacios p\u00fablicos, que representan la imagen de nuestro municipio y tendr\u00e1n un impacto significativo durante las fiestas de San Pedro\u201d.<\/p>\n<p>El embellecimiento y cuidado de la ciudad son fundamentales para fortalecer el sentido de pertenencia de los ciudadanos y ofrecer una imagen atractiva a los visitantes. Mejorar los espacios p\u00fablicos contribuye a la calidad de vida y promueve el turismo, generando beneficios econ\u00f3micos y sociales. La realizaci\u00f3n de eventos como las fiestas de San Juan y San Pedro, resaltan la necesidad de tener una ciudad ordenada, limpia y acogedora.<\/p>\n<p>Adem\u00e1s, la implementaci\u00f3n de un plan de contingencia es crucial para mitigar riesgos y garantizar la seguridad de todos los asistentes. Un plan bien estructurado permite una respuesta r\u00e1pida y eficaz ante cualquier eventualidad, protegiendo tanto a los habitantes como a los turistas y asegurando el desarrollo exitoso de las festividades.<\/p>\n<p>La Alcald\u00eda de Neiva reafirma su compromiso con el embellecimiento, mejora y recuperaci\u00f3n de todos los espacios de la ciudad, con el fin de ofrecer una imagen amable y atractiva. Este esfuerzo no solo beneficia a los residentes, sino que tambi\u00e9n mejora la experiencia de los visitantes que se congregar\u00e1n en Neiva en los pr\u00f3ximos d\u00edas.<\/p>\n","protected":false},"excerpt":{"rendered":"<p>Durante seis semanas, la Administraci\u00f3n Municipal facilit\u00f3 escenarios de discusi\u00f3n y socializaci\u00f3n en los que participaron instituciones como la Polic\u00eda Nacional y Ciudad Limpia, junto con todas las secretar\u00edas de la Administraci\u00f3n Municipal encargadas de la log\u00edstica del 63\u00b0 Festival de San Juan y San Pedro. En estas sesiones, se socializaron los planes de contingencia [&hellip;]<\/p>\n","protected":false},"author":2,"featured_media":73620,"comment_status":"closed","ping_status":"open","sticky":false,"template":"","format":"standard","meta":{"footnotes":""},"categories":[31],"tags":[],"class_list":["post-73618","post","type-post","status-publish","format-standard","has-post-thumbnail","hentry","category-local"],"yoast_head":"<!-- This site is optimized with the Yoast SEO plugin v26.6 - https:\/\/yoast.com\/wordpress\/plugins\/seo\/ -->\n<title>Autoridades recorrieron ruta de los desfiles -<\/title>\n<meta name=\"robots\" content=\"index, follow, max-snippet:-1, max-image-preview:large, max-video-preview:-1\" \/>\n<link rel=\"canonical\" href=\"https:\/\/luchonoticias.com\/editor\/autoridades-recorrieron-ruta-de-los-desfiles\/\" \/>\n<meta property=\"og:locale\" content=\"es_ES\" \/>\n<meta property=\"og:type\" content=\"article\" \/>\n<meta property=\"og:title\" content=\"Autoridades recorrieron ruta de los desfiles -\" \/>\n<meta property=\"og:url\" content=\"https:\/\/luchonoticias.com\/editor\/autoridades-recorrieron-ruta-de-los-desfiles\/\" \/>\n<meta property=\"article:publisher\" content=\"https:\/\/www.facebook.com\/luchonoticiasneiva\" \/>\n<meta property=\"article:published_time\" content=\"2024-05-31T12:02:36+00:00\" \/>\n<meta property=\"og:image\" content=\"https:\/\/luchonoticias.com\/editor\/wp-content\/uploads\/2024\/05\/recorrido-desfiles-1.jpg\" \/>\n\t<meta property=\"og:image:width\" content=\"700\" \/>\n\t<meta property=\"og:image:height\" content=\"400\" \/>\n\t<meta property=\"og:image:type\" content=\"image\/jpeg\" \/>\n<meta name=\"author\" content=\"Editor General\" \/>\n<meta name=\"twitter:card\" content=\"summary_large_image\" \/>\n<meta name=\"twitter:label1\" content=\"Escrito por\" \/>\n\t<meta name=\"twitter:data1\" content=\"Editor General\" \/>\n\t<meta name=\"twitter:label2\" content=\"Tiempo de lectura\" \/>\n\t<meta name=\"twitter:data2\" content=\"2 minutos\" \/>\n<script type=\"application\/ld+json\" class=\"yoast-schema-graph\">{\"@context\":\"https:\/\/schema.org\",\"@graph\":[{\"@type\":\"Article\",\"@id\":\"https:\/\/luchonoticias.com\/editor\/autoridades-recorrieron-ruta-de-los-desfiles\/#article\",\"isPartOf\":{\"@id\":\"https:\/\/luchonoticias.com\/editor\/autoridades-recorrieron-ruta-de-los-desfiles\/\"},\"author\":{\"name\":\"Editor General\",\"@id\":\"https:\/\/luchonoticias.com\/editor\/#\/schema\/person\/29217990ddf6f14e35912b2866d591fb\"},\"headline\":\"Autoridades recorrieron ruta de los desfiles\",\"datePublished\":\"2024-05-31T12:02:36+00:00\",\"mainEntityOfPage\":{\"@id\":\"https:\/\/luchonoticias.com\/editor\/autoridades-recorrieron-ruta-de-los-desfiles\/\"},\"wordCount\":473,\"publisher\":{\"@id\":\"https:\/\/luchonoticias.com\/editor\/#\/schema\/person\/7a7fd911f58561fd056dbac7b55af9cd\"},\"image\":{\"@id\":\"https:\/\/luchonoticias.com\/editor\/autoridades-recorrieron-ruta-de-los-desfiles\/#primaryimage\"},\"thumbnailUrl\":\"https:\/\/luchonoticias.com\/editor\/wp-content\/uploads\/2024\/05\/recorrido-desfiles-1.jpg\",\"articleSection\":[\"Local\"],\"inLanguage\":\"es\"},{\"@type\":\"WebPage\",\"@id\":\"https:\/\/luchonoticias.com\/editor\/autoridades-recorrieron-ruta-de-los-desfiles\/\",\"url\":\"https:\/\/luchonoticias.com\/editor\/autoridades-recorrieron-ruta-de-los-desfiles\/\",\"name\":\"Autoridades recorrieron ruta de los desfiles -\",\"isPartOf\":{\"@id\":\"https:\/\/luchonoticias.com\/editor\/#website\"},\"primaryImageOfPage\":{\"@id\":\"https:\/\/luchonoticias.com\/editor\/autoridades-recorrieron-ruta-de-los-desfiles\/#primaryimage\"},\"image\":{\"@id\":\"https:\/\/luchonoticias.com\/editor\/autoridades-recorrieron-ruta-de-los-desfiles\/#primaryimage\"},\"thumbnailUrl\":\"https:\/\/luchonoticias.com\/editor\/wp-content\/uploads\/2024\/05\/recorrido-desfiles-1.jpg\",\"datePublished\":\"2024-05-31T12:02:36+00:00\",\"breadcrumb\":{\"@id\":\"https:\/\/luchonoticias.com\/editor\/autoridades-recorrieron-ruta-de-los-desfiles\/#breadcrumb\"},\"inLanguage\":\"es\",\"potentialAction\":[{\"@type\":\"ReadAction\",\"target\":[\"https:\/\/luchonoticias.com\/editor\/autoridades-recorrieron-ruta-de-los-desfiles\/\"]}]},{\"@type\":\"ImageObject\",\"inLanguage\":\"es\",\"@id\":\"https:\/\/luchonoticias.com\/editor\/autoridades-recorrieron-ruta-de-los-desfiles\/#primaryimage\",\"url\":\"https:\/\/luchonoticias.com\/editor\/wp-content\/uploads\/2024\/05\/recorrido-desfiles-1.jpg\",\"contentUrl\":\"https:\/\/luchonoticias.com\/editor\/wp-content\/uploads\/2024\/05\/recorrido-desfiles-1.jpg\",\"width\":700,\"height\":400},{\"@type\":\"BreadcrumbList\",\"@id\":\"https:\/\/luchonoticias.com\/editor\/autoridades-recorrieron-ruta-de-los-desfiles\/#breadcrumb\",\"itemListElement\":[{\"@type\":\"ListItem\",\"position\":1,\"name\":\"Portada\",\"item\":\"https:\/\/luchonoticias.com\/editor\/\"},{\"@type\":\"ListItem\",\"position\":2,\"name\":\"Autoridades recorrieron ruta de los desfiles\"}]},{\"@type\":\"WebSite\",\"@id\":\"https:\/\/luchonoticias.com\/editor\/#website\",\"url\":\"https:\/\/luchonoticias.com\/editor\/\",\"name\":\"\",\"description\":\"\",\"publisher\":{\"@id\":\"https:\/\/luchonoticias.com\/editor\/#\/schema\/person\/7a7fd911f58561fd056dbac7b55af9cd\"},\"potentialAction\":[{\"@type\":\"SearchAction\",\"target\":{\"@type\":\"EntryPoint\",\"urlTemplate\":\"https:\/\/luchonoticias.com\/editor\/?s={search_term_string}\"},\"query-input\":{\"@type\":\"PropertyValueSpecification\",\"valueRequired\":true,\"valueName\":\"search_term_string\"}}],\"inLanguage\":\"es\"},{\"@type\":[\"Person\",\"Organization\"],\"@id\":\"https:\/\/luchonoticias.com\/editor\/#\/schema\/person\/7a7fd911f58561fd056dbac7b55af9cd\",\"name\":\"admin\",\"image\":{\"@type\":\"ImageObject\",\"inLanguage\":\"es\",\"@id\":\"https:\/\/luchonoticias.com\/editor\/#\/schema\/person\/image\/\",\"url\":\"https:\/\/luchonoticias.com\/editor\/wp-content\/uploads\/2024\/02\/cropped-cropped-logolu.webp\",\"contentUrl\":\"https:\/\/luchonoticias.com\/editor\/wp-content\/uploads\/2024\/02\/cropped-cropped-logolu.webp\",\"width\":382,\"height\":170,\"caption\":\"admin\"},\"logo\":{\"@id\":\"https:\/\/luchonoticias.com\/editor\/#\/schema\/person\/image\/\"},\"sameAs\":[\"https:\/\/www.facebook.com\/luchonoticiasneiva\"]},{\"@type\":\"Person\",\"@id\":\"https:\/\/luchonoticias.com\/editor\/#\/schema\/person\/29217990ddf6f14e35912b2866d591fb\",\"name\":\"Editor General\",\"image\":{\"@type\":\"ImageObject\",\"inLanguage\":\"es\",\"@id\":\"https:\/\/luchonoticias.com\/editor\/#\/schema\/person\/image\/\",\"url\":\"https:\/\/luchonoticias.com\/editor\/wp-content\/uploads\/2024\/02\/cropped-cropped-logolu-150x150.webp\",\"contentUrl\":\"https:\/\/luchonoticias.com\/editor\/wp-content\/uploads\/2024\/02\/cropped-cropped-logolu-150x150.webp\",\"caption\":\"Editor General\"},\"sameAs\":[\"https:\/\/luchonoticias.com\/\"],\"url\":\"https:\/\/luchonoticias.com\/editor\/author\/editor-general\/\"}]}<\/script>\n<!-- \/ Yoast SEO plugin. -->","yoast_head_json":{"title":"Autoridades recorrieron ruta de los desfiles -","robots":{"index":"index","follow":"follow","max-snippet":"max-snippet:-1","max-image-preview":"max-image-preview:large","max-video-preview":"max-video-preview:-1"},"canonical":"https:\/\/luchonoticias.com\/editor\/autoridades-recorrieron-ruta-de-los-desfiles\/","og_locale":"es_ES","og_type":"article","og_title":"Autoridades recorrieron ruta de los desfiles -","og_url":"https:\/\/luchonoticias.com\/editor\/autoridades-recorrieron-ruta-de-los-desfiles\/","article_publisher":"https:\/\/www.facebook.com\/luchonoticiasneiva","article_published_time":"2024-05-31T12:02:36+00:00","og_image":[{"width":700,"height":400,"url":"https:\/\/luchonoticias.com\/editor\/wp-content\/uploads\/2024\/05\/recorrido-desfiles-1.jpg","type":"image\/jpeg"}],"author":"Editor General","twitter_card":"summary_large_image","twitter_misc":{"Escrito por":"Editor General","Tiempo de lectura":"2 minutos"},"schema":{"@context":"https:\/\/schema.org","@graph":[{"@type":"Article","@id":"https:\/\/luchonoticias.com\/editor\/autoridades-recorrieron-ruta-de-los-desfiles\/#article","isPartOf":{"@id":"https:\/\/luchonoticias.com\/editor\/autoridades-recorrieron-ruta-de-los-desfiles\/"},"author":{"name":"Editor General","@id":"https:\/\/luchonoticias.com\/editor\/#\/schema\/person\/29217990ddf6f14e35912b2866d591fb"},"headline":"Autoridades recorrieron ruta de los desfiles","datePublished":"2024-05-31T12:02:36+00:00","mainEntityOfPage":{"@id":"https:\/\/luchonoticias.com\/editor\/autoridades-recorrieron-ruta-de-los-desfiles\/"},"wordCount":473,"publisher":{"@id":"https:\/\/luchonoticias.com\/editor\/#\/schema\/person\/7a7fd911f58561fd056dbac7b55af9cd"},"image":{"@id":"https:\/\/luchonoticias.com\/editor\/autoridades-recorrieron-ruta-de-los-desfiles\/#primaryimage"},"thumbnailUrl":"https:\/\/luchonoticias.com\/editor\/wp-content\/uploads\/2024\/05\/recorrido-desfiles-1.jpg","articleSection":["Local"],"inLanguage":"es"},{"@type":"WebPage","@id":"https:\/\/luchonoticias.com\/editor\/autoridades-recorrieron-ruta-de-los-desfiles\/","url":"https:\/\/luchonoticias.com\/editor\/autoridades-recorrieron-ruta-de-los-desfiles\/","name":"Autoridades recorrieron ruta de los desfiles -","isPartOf":{"@id":"https:\/\/luchonoticias.com\/editor\/#website"},"primaryImageOfPage":{"@id":"https:\/\/luchonoticias.com\/editor\/autoridades-recorrieron-ruta-de-los-desfiles\/#primaryimage"},"image":{"@id":"https:\/\/luchonoticias.com\/editor\/autoridades-recorrieron-ruta-de-los-desfiles\/#primaryimage"},"thumbnailUrl":"https:\/\/luchonoticias.com\/editor\/wp-content\/uploads\/2024\/05\/recorrido-desfiles-1.jpg","datePublished":"2024-05-31T12:02:36+00:00","breadcrumb":{"@id":"https:\/\/luchonoticias.com\/editor\/autoridades-recorrieron-ruta-de-los-desfiles\/#breadcrumb"},"inLanguage":"es","potentialAction":[{"@type":"ReadAction","target":["https:\/\/luchonoticias.com\/editor\/autoridades-recorrieron-ruta-de-los-desfiles\/"]}]},{"@type":"ImageObject","inLanguage":"es","@id":"https:\/\/luchonoticias.com\/editor\/autoridades-recorrieron-ruta-de-los-desfiles\/#primaryimage","url":"https:\/\/luchonoticias.com\/editor\/wp-content\/uploads\/2024\/05\/recorrido-desfiles-1.jpg","contentUrl":"https:\/\/luchonoticias.com\/editor\/wp-content\/uploads\/2024\/05\/recorrido-desfiles-1.jpg","width":700,"height":400},{"@type":"BreadcrumbList","@id":"https:\/\/luchonoticias.com\/editor\/autoridades-recorrieron-ruta-de-los-desfiles\/#breadcrumb","itemListElement":[{"@type":"ListItem","position":1,"name":"Portada","item":"https:\/\/luchonoticias.com\/editor\/"},{"@type":"ListItem","position":2,"name":"Autoridades recorrieron ruta de los desfiles"}]},{"@type":"WebSite","@id":"https:\/\/luchonoticias.com\/editor\/#website","url":"https:\/\/luchonoticias.com\/editor\/","name":"","description":"","publisher":{"@id":"https:\/\/luchonoticias.com\/editor\/#\/schema\/person\/7a7fd911f58561fd056dbac7b55af9cd"},"potentialAction":[{"@type":"SearchAction","target":{"@type":"EntryPoint","urlTemplate":"https:\/\/luchonoticias.com\/editor\/?s={search_term_string}"},"query-input":{"@type":"PropertyValueSpecification","valueRequired":true,"valueName":"search_term_string"}}],"inLanguage":"es"},{"@type":["Person","Organization"],"@id":"https:\/\/luchonoticias.com\/editor\/#\/schema\/person\/7a7fd911f58561fd056dbac7b55af9cd","name":"admin","image":{"@type":"ImageObject","inLanguage":"es","@id":"https:\/\/luchonoticias.com\/editor\/#\/schema\/person\/image\/","url":"https:\/\/luchonoticias.com\/editor\/wp-content\/uploads\/2024\/02\/cropped-cropped-logolu.webp","contentUrl":"https:\/\/luchonoticias.com\/editor\/wp-content\/uploads\/2024\/02\/cropped-cropped-logolu.webp","width":382,"height":170,"caption":"admin"},"logo":{"@id":"https:\/\/luchonoticias.com\/editor\/#\/schema\/person\/image\/"},"sameAs":["https:\/\/www.facebook.com\/luchonoticiasneiva"]},{"@type":"Person","@id":"https:\/\/luchonoticias.com\/editor\/#\/schema\/person\/29217990ddf6f14e35912b2866d591fb","name":"Editor General","image":{"@type":"ImageObject","inLanguage":"es","@id":"https:\/\/luchonoticias.com\/editor\/#\/schema\/person\/image\/","url":"https:\/\/luchonoticias.com\/editor\/wp-content\/uploads\/2024\/02\/cropped-cropped-logolu-150x150.webp","contentUrl":"https:\/\/luchonoticias.com\/editor\/wp-content\/uploads\/2024\/02\/cropped-cropped-logolu-150x150.webp","caption":"Editor General"},"sameAs":["https:\/\/luchonoticias.com\/"],"url":"https:\/\/luchonoticias.com\/editor\/author\/editor-general\/"}]}},"_links":{"self":[{"href":"https:\/\/luchonoticias.com\/editor\/wp-json\/wp\/v2\/posts\/73618","targetHints":{"allow":["GET"]}}],"collection":[{"href":"https:\/\/luchonoticias.com\/editor\/wp-json\/wp\/v2\/posts"}],"about":[{"href":"https:\/\/luchonoticias.com\/editor\/wp-json\/wp\/v2\/types\/post"}],"author":[{"embeddable":true,"href":"https:\/\/luchonoticias.com\/editor\/wp-json\/wp\/v2\/users\/2"}],"replies":[{"embeddable":true,"href":"https:\/\/luchonoticias.com\/editor\/wp-json\/wp\/v2\/comments?post=73618"}],"version-history":[{"count":0,"href":"https:\/\/luchonoticias.com\/editor\/wp-json\/wp\/v2\/posts\/73618\/revisions"}],"wp:featuredmedia":[{"embeddable":true,"href":"https:\/\/luchonoticias.com\/editor\/wp-json\/wp\/v2\/media\/73620"}],"wp:attachment":[{"href":"https:\/\/luchonoticias.com\/editor\/wp-json\/wp\/v2\/media?parent=73618"}],"wp:term":[{"taxonomy":"category","embeddable":true,"href":"https:\/\/luchonoticias.com\/editor\/wp-json\/wp\/v2\/categories?post=73618"},{"taxonomy":"post_tag","embeddable":true,"href":"https:\/\/luchonoticias.com\/editor\/wp-json\/wp\/v2\/tags?post=73618"}],"curies":[{"name":"wp","href":"https:\/\/api.w.org\/{rel}","templated":true}]}}