{"id":73628,"date":"2024-05-31T07:25:22","date_gmt":"2024-05-31T12:25:22","guid":{"rendered":"https:\/\/luchonoticias.com\/?p=73628"},"modified":"2024-05-31T07:25:22","modified_gmt":"2024-05-31T12:25:22","slug":"proyecto-para-mejorar-los-derechos-de-las-trabajadoras-domesticas","status":"publish","type":"post","link":"https:\/\/luchonoticias.com\/editor\/proyecto-para-mejorar-los-derechos-de-las-trabajadoras-domesticas\/","title":{"rendered":"Proyecto para mejorar los derechos de las trabajadoras dom\u00e9sticas"},"content":{"rendered":"<p>En la Comisi\u00f3n S\u00e9ptima de la C\u00e1mara de Representantes fue aprobado en primer debate el proyecto de ley que crea medidas para formalizar la labor de trabajo remunerado del hogar y fortalecer su inspecci\u00f3n laboral, buscando garantizar el acceso a la justicia y proteger los derechos de las personas que trabajan en este sector.<\/p>\n<p>Este proyecto construido con la participaci\u00f3n de las mujeres de organizaciones de trabajadoras como Asotrabajadoras, Sintraimagra, Sintrahin y Utrahogar, est\u00e1 enfocado en la realizaci\u00f3n de inspecciones al hogar con consentimiento e incluso sin consentimiento del empleador siempre que medie la autorizaci\u00f3n judicial, lo anterior para garantizar el derecho a la intimidad del empleador, pero tambi\u00e9n el derecho a trabajar en espacios seguros en los que se proteja la vida, la libertad y la dignidad de las personas en el sector del trabajo del hogar. Adem\u00e1s, crea la figura de inspecci\u00f3n laboral en casos de emergencia.<\/p>\n<p>As\u00ed mismo, exige que el contrato de trabajo cumpla con todo lo de ley, que sea escrito y depositado en el Ministerio de Trabajo y propone que se notifique al ministerio el n\u00famero de horas extras trabajadas al mes, accidentes o incidentes de trabajo, ex\u00e1menes m\u00e9dico laborales de ingreso y egreso.<\/p>\n<p>En la ponencia adelantada por la representante del Pacto Hist\u00f3rico, Mar\u00eda Fernanda Carrascal, se se\u00f1ala que actualmente en Colombia hay m\u00e1s de 650.000 personas en el trabajo remunerado del hogar, \u201cde ellas, el 94% son mujeres, el 60% gana un salario m\u00ednimo y solo el 17% est\u00e1 afiliada a la seguridad social integral. La mayor\u00eda de las mujeres que est\u00e1n en el trabajo remunerado del hogar se encuentran sin derechos laborales, como no tienen seguridad social integral, nada les garantiza una pensi\u00f3n m\u00ednima\u201d, dice el documento.<\/p>\n<p>Tras la aprobaci\u00f3n algunos de los coautores celebraron el paso que dio la c\u00e9lula legislativa. \u201cLas trabajadoras dom\u00e9sticas necesitan garant\u00edas y desde el Congreso estamos legislando para que las tengan y para que la econom\u00eda del cuidado sea reconocida\u201d, dijo Alexandra V\u00e1squez, de la bancada de gobierno.<\/p>\n<p>Si bien el proyecto fue aprobado por los representantes de la comisi\u00f3n, se realizaron acuerdos que permiten enriquecer detalles para que no se afecte la empleabilidad en el sector, V\u00edctor Salcedo, representante del Partido de la U, a\u00f1adi\u00f3 que espera que \u201cestas inspecciones tambi\u00e9n cuenten con unos lineamientos claros que ofrezcan seguridad al empleador, que se vincule a la Polic\u00eda Nacional y se pueda verificar quienes son los funcionarios que hacen las visitas, pues si las inspecciones son a los hogares de los empleadores deben darse tambi\u00e9n a ellos las condiciones de tranquilidad.\u201d<\/p>\n","protected":false},"excerpt":{"rendered":"<p>En la Comisi\u00f3n S\u00e9ptima de la C\u00e1mara de Representantes fue aprobado en primer debate el proyecto de ley que crea medidas para formalizar la labor de trabajo remunerado del hogar y fortalecer su inspecci\u00f3n laboral, buscando garantizar el acceso a la justicia y proteger los derechos de las personas que trabajan en este sector. Este [&hellip;]<\/p>\n","protected":false},"author":2,"featured_media":73629,"comment_status":"closed","ping_status":"open","sticky":false,"template":"","format":"standard","meta":{"footnotes":""},"categories":[28],"tags":[],"class_list":["post-73628","post","type-post","status-publish","format-standard","has-post-thumbnail","hentry","category-actualidad"],"yoast_head":"<!-- This site is optimized with the Yoast SEO plugin v26.6 - https:\/\/yoast.com\/wordpress\/plugins\/seo\/ -->\n<title>Proyecto para mejorar los derechos de las trabajadoras dom\u00e9sticas -<\/title>\n<meta name=\"robots\" content=\"index, follow, max-snippet:-1, max-image-preview:large, max-video-preview:-1\" \/>\n<link rel=\"canonical\" href=\"https:\/\/luchonoticias.com\/editor\/proyecto-para-mejorar-los-derechos-de-las-trabajadoras-domesticas\/\" \/>\n<meta property=\"og:locale\" content=\"es_ES\" \/>\n<meta property=\"og:type\" content=\"article\" \/>\n<meta property=\"og:title\" content=\"Proyecto para mejorar los derechos de las trabajadoras dom\u00e9sticas -\" \/>\n<meta property=\"og:url\" content=\"https:\/\/luchonoticias.com\/editor\/proyecto-para-mejorar-los-derechos-de-las-trabajadoras-domesticas\/\" \/>\n<meta property=\"article:publisher\" content=\"https:\/\/www.facebook.com\/luchonoticiasneiva\" \/>\n<meta property=\"article:published_time\" content=\"2024-05-31T12:25:22+00:00\" \/>\n<meta property=\"og:image\" content=\"https:\/\/luchonoticias.com\/editor\/wp-content\/uploads\/2024\/05\/camara-guizas.jpg\" \/>\n\t<meta property=\"og:image:width\" content=\"700\" \/>\n\t<meta property=\"og:image:height\" content=\"400\" \/>\n\t<meta property=\"og:image:type\" content=\"image\/jpeg\" \/>\n<meta name=\"author\" content=\"Editor General\" \/>\n<meta name=\"twitter:card\" content=\"summary_large_image\" \/>\n<meta name=\"twitter:label1\" content=\"Escrito por\" \/>\n\t<meta name=\"twitter:data1\" content=\"Editor General\" \/>\n\t<meta name=\"twitter:label2\" content=\"Tiempo de lectura\" \/>\n\t<meta name=\"twitter:data2\" content=\"2 minutos\" \/>\n<script type=\"application\/ld+json\" class=\"yoast-schema-graph\">{\"@context\":\"https:\/\/schema.org\",\"@graph\":[{\"@type\":\"Article\",\"@id\":\"https:\/\/luchonoticias.com\/editor\/proyecto-para-mejorar-los-derechos-de-las-trabajadoras-domesticas\/#article\",\"isPartOf\":{\"@id\":\"https:\/\/luchonoticias.com\/editor\/proyecto-para-mejorar-los-derechos-de-las-trabajadoras-domesticas\/\"},\"author\":{\"name\":\"Editor General\",\"@id\":\"https:\/\/luchonoticias.com\/editor\/#\/schema\/person\/29217990ddf6f14e35912b2866d591fb\"},\"headline\":\"Proyecto para mejorar los derechos de las trabajadoras dom\u00e9sticas\",\"datePublished\":\"2024-05-31T12:25:22+00:00\",\"mainEntityOfPage\":{\"@id\":\"https:\/\/luchonoticias.com\/editor\/proyecto-para-mejorar-los-derechos-de-las-trabajadoras-domesticas\/\"},\"wordCount\":466,\"publisher\":{\"@id\":\"https:\/\/luchonoticias.com\/editor\/#\/schema\/person\/7a7fd911f58561fd056dbac7b55af9cd\"},\"image\":{\"@id\":\"https:\/\/luchonoticias.com\/editor\/proyecto-para-mejorar-los-derechos-de-las-trabajadoras-domesticas\/#primaryimage\"},\"thumbnailUrl\":\"https:\/\/luchonoticias.com\/editor\/wp-content\/uploads\/2024\/05\/camara-guizas.jpg\",\"articleSection\":[\"Actualidad\"],\"inLanguage\":\"es\"},{\"@type\":\"WebPage\",\"@id\":\"https:\/\/luchonoticias.com\/editor\/proyecto-para-mejorar-los-derechos-de-las-trabajadoras-domesticas\/\",\"url\":\"https:\/\/luchonoticias.com\/editor\/proyecto-para-mejorar-los-derechos-de-las-trabajadoras-domesticas\/\",\"name\":\"Proyecto para mejorar los derechos de las trabajadoras dom\u00e9sticas -\",\"isPartOf\":{\"@id\":\"https:\/\/luchonoticias.com\/editor\/#website\"},\"primaryImageOfPage\":{\"@id\":\"https:\/\/luchonoticias.com\/editor\/proyecto-para-mejorar-los-derechos-de-las-trabajadoras-domesticas\/#primaryimage\"},\"image\":{\"@id\":\"https:\/\/luchonoticias.com\/editor\/proyecto-para-mejorar-los-derechos-de-las-trabajadoras-domesticas\/#primaryimage\"},\"thumbnailUrl\":\"https:\/\/luchonoticias.com\/editor\/wp-content\/uploads\/2024\/05\/camara-guizas.jpg\",\"datePublished\":\"2024-05-31T12:25:22+00:00\",\"breadcrumb\":{\"@id\":\"https:\/\/luchonoticias.com\/editor\/proyecto-para-mejorar-los-derechos-de-las-trabajadoras-domesticas\/#breadcrumb\"},\"inLanguage\":\"es\",\"potentialAction\":[{\"@type\":\"ReadAction\",\"target\":[\"https:\/\/luchonoticias.com\/editor\/proyecto-para-mejorar-los-derechos-de-las-trabajadoras-domesticas\/\"]}]},{\"@type\":\"ImageObject\",\"inLanguage\":\"es\",\"@id\":\"https:\/\/luchonoticias.com\/editor\/proyecto-para-mejorar-los-derechos-de-las-trabajadoras-domesticas\/#primaryimage\",\"url\":\"https:\/\/luchonoticias.com\/editor\/wp-content\/uploads\/2024\/05\/camara-guizas.jpg\",\"contentUrl\":\"https:\/\/luchonoticias.com\/editor\/wp-content\/uploads\/2024\/05\/camara-guizas.jpg\",\"width\":700,\"height\":400},{\"@type\":\"BreadcrumbList\",\"@id\":\"https:\/\/luchonoticias.com\/editor\/proyecto-para-mejorar-los-derechos-de-las-trabajadoras-domesticas\/#breadcrumb\",\"itemListElement\":[{\"@type\":\"ListItem\",\"position\":1,\"name\":\"Portada\",\"item\":\"https:\/\/luchonoticias.com\/editor\/\"},{\"@type\":\"ListItem\",\"position\":2,\"name\":\"Proyecto para mejorar los derechos de las trabajadoras dom\u00e9sticas\"}]},{\"@type\":\"WebSite\",\"@id\":\"https:\/\/luchonoticias.com\/editor\/#website\",\"url\":\"https:\/\/luchonoticias.com\/editor\/\",\"name\":\"\",\"description\":\"\",\"publisher\":{\"@id\":\"https:\/\/luchonoticias.com\/editor\/#\/schema\/person\/7a7fd911f58561fd056dbac7b55af9cd\"},\"potentialAction\":[{\"@type\":\"SearchAction\",\"target\":{\"@type\":\"EntryPoint\",\"urlTemplate\":\"https:\/\/luchonoticias.com\/editor\/?s={search_term_string}\"},\"query-input\":{\"@type\":\"PropertyValueSpecification\",\"valueRequired\":true,\"valueName\":\"search_term_string\"}}],\"inLanguage\":\"es\"},{\"@type\":[\"Person\",\"Organization\"],\"@id\":\"https:\/\/luchonoticias.com\/editor\/#\/schema\/person\/7a7fd911f58561fd056dbac7b55af9cd\",\"name\":\"admin\",\"image\":{\"@type\":\"ImageObject\",\"inLanguage\":\"es\",\"@id\":\"https:\/\/luchonoticias.com\/editor\/#\/schema\/person\/image\/\",\"url\":\"https:\/\/luchonoticias.com\/editor\/wp-content\/uploads\/2024\/02\/cropped-cropped-logolu.webp\",\"contentUrl\":\"https:\/\/luchonoticias.com\/editor\/wp-content\/uploads\/2024\/02\/cropped-cropped-logolu.webp\",\"width\":382,\"height\":170,\"caption\":\"admin\"},\"logo\":{\"@id\":\"https:\/\/luchonoticias.com\/editor\/#\/schema\/person\/image\/\"},\"sameAs\":[\"https:\/\/www.facebook.com\/luchonoticiasneiva\"]},{\"@type\":\"Person\",\"@id\":\"https:\/\/luchonoticias.com\/editor\/#\/schema\/person\/29217990ddf6f14e35912b2866d591fb\",\"name\":\"Editor General\",\"image\":{\"@type\":\"ImageObject\",\"inLanguage\":\"es\",\"@id\":\"https:\/\/luchonoticias.com\/editor\/#\/schema\/person\/image\/\",\"url\":\"https:\/\/luchonoticias.com\/editor\/wp-content\/uploads\/2024\/02\/cropped-cropped-logolu-150x150.webp\",\"contentUrl\":\"https:\/\/luchonoticias.com\/editor\/wp-content\/uploads\/2024\/02\/cropped-cropped-logolu-150x150.webp\",\"caption\":\"Editor General\"},\"sameAs\":[\"https:\/\/luchonoticias.com\/\"],\"url\":\"https:\/\/luchonoticias.com\/editor\/author\/editor-general\/\"}]}<\/script>\n<!-- \/ Yoast SEO plugin. -->","yoast_head_json":{"title":"Proyecto para mejorar los derechos de las trabajadoras dom\u00e9sticas -","robots":{"index":"index","follow":"follow","max-snippet":"max-snippet:-1","max-image-preview":"max-image-preview:large","max-video-preview":"max-video-preview:-1"},"canonical":"https:\/\/luchonoticias.com\/editor\/proyecto-para-mejorar-los-derechos-de-las-trabajadoras-domesticas\/","og_locale":"es_ES","og_type":"article","og_title":"Proyecto para mejorar los derechos de las trabajadoras dom\u00e9sticas -","og_url":"https:\/\/luchonoticias.com\/editor\/proyecto-para-mejorar-los-derechos-de-las-trabajadoras-domesticas\/","article_publisher":"https:\/\/www.facebook.com\/luchonoticiasneiva","article_published_time":"2024-05-31T12:25:22+00:00","og_image":[{"width":700,"height":400,"url":"https:\/\/luchonoticias.com\/editor\/wp-content\/uploads\/2024\/05\/camara-guizas.jpg","type":"image\/jpeg"}],"author":"Editor General","twitter_card":"summary_large_image","twitter_misc":{"Escrito por":"Editor General","Tiempo de lectura":"2 minutos"},"schema":{"@context":"https:\/\/schema.org","@graph":[{"@type":"Article","@id":"https:\/\/luchonoticias.com\/editor\/proyecto-para-mejorar-los-derechos-de-las-trabajadoras-domesticas\/#article","isPartOf":{"@id":"https:\/\/luchonoticias.com\/editor\/proyecto-para-mejorar-los-derechos-de-las-trabajadoras-domesticas\/"},"author":{"name":"Editor General","@id":"https:\/\/luchonoticias.com\/editor\/#\/schema\/person\/29217990ddf6f14e35912b2866d591fb"},"headline":"Proyecto para mejorar los derechos de las trabajadoras dom\u00e9sticas","datePublished":"2024-05-31T12:25:22+00:00","mainEntityOfPage":{"@id":"https:\/\/luchonoticias.com\/editor\/proyecto-para-mejorar-los-derechos-de-las-trabajadoras-domesticas\/"},"wordCount":466,"publisher":{"@id":"https:\/\/luchonoticias.com\/editor\/#\/schema\/person\/7a7fd911f58561fd056dbac7b55af9cd"},"image":{"@id":"https:\/\/luchonoticias.com\/editor\/proyecto-para-mejorar-los-derechos-de-las-trabajadoras-domesticas\/#primaryimage"},"thumbnailUrl":"https:\/\/luchonoticias.com\/editor\/wp-content\/uploads\/2024\/05\/camara-guizas.jpg","articleSection":["Actualidad"],"inLanguage":"es"},{"@type":"WebPage","@id":"https:\/\/luchonoticias.com\/editor\/proyecto-para-mejorar-los-derechos-de-las-trabajadoras-domesticas\/","url":"https:\/\/luchonoticias.com\/editor\/proyecto-para-mejorar-los-derechos-de-las-trabajadoras-domesticas\/","name":"Proyecto para mejorar los derechos de las trabajadoras dom\u00e9sticas -","isPartOf":{"@id":"https:\/\/luchonoticias.com\/editor\/#website"},"primaryImageOfPage":{"@id":"https:\/\/luchonoticias.com\/editor\/proyecto-para-mejorar-los-derechos-de-las-trabajadoras-domesticas\/#primaryimage"},"image":{"@id":"https:\/\/luchonoticias.com\/editor\/proyecto-para-mejorar-los-derechos-de-las-trabajadoras-domesticas\/#primaryimage"},"thumbnailUrl":"https:\/\/luchonoticias.com\/editor\/wp-content\/uploads\/2024\/05\/camara-guizas.jpg","datePublished":"2024-05-31T12:25:22+00:00","breadcrumb":{"@id":"https:\/\/luchonoticias.com\/editor\/proyecto-para-mejorar-los-derechos-de-las-trabajadoras-domesticas\/#breadcrumb"},"inLanguage":"es","potentialAction":[{"@type":"ReadAction","target":["https:\/\/luchonoticias.com\/editor\/proyecto-para-mejorar-los-derechos-de-las-trabajadoras-domesticas\/"]}]},{"@type":"ImageObject","inLanguage":"es","@id":"https:\/\/luchonoticias.com\/editor\/proyecto-para-mejorar-los-derechos-de-las-trabajadoras-domesticas\/#primaryimage","url":"https:\/\/luchonoticias.com\/editor\/wp-content\/uploads\/2024\/05\/camara-guizas.jpg","contentUrl":"https:\/\/luchonoticias.com\/editor\/wp-content\/uploads\/2024\/05\/camara-guizas.jpg","width":700,"height":400},{"@type":"BreadcrumbList","@id":"https:\/\/luchonoticias.com\/editor\/proyecto-para-mejorar-los-derechos-de-las-trabajadoras-domesticas\/#breadcrumb","itemListElement":[{"@type":"ListItem","position":1,"name":"Portada","item":"https:\/\/luchonoticias.com\/editor\/"},{"@type":"ListItem","position":2,"name":"Proyecto para mejorar los derechos de las trabajadoras dom\u00e9sticas"}]},{"@type":"WebSite","@id":"https:\/\/luchonoticias.com\/editor\/#website","url":"https:\/\/luchonoticias.com\/editor\/","name":"","description":"","publisher":{"@id":"https:\/\/luchonoticias.com\/editor\/#\/schema\/person\/7a7fd911f58561fd056dbac7b55af9cd"},"potentialAction":[{"@type":"SearchAction","target":{"@type":"EntryPoint","urlTemplate":"https:\/\/luchonoticias.com\/editor\/?s={search_term_string}"},"query-input":{"@type":"PropertyValueSpecification","valueRequired":true,"valueName":"search_term_string"}}],"inLanguage":"es"},{"@type":["Person","Organization"],"@id":"https:\/\/luchonoticias.com\/editor\/#\/schema\/person\/7a7fd911f58561fd056dbac7b55af9cd","name":"admin","image":{"@type":"ImageObject","inLanguage":"es","@id":"https:\/\/luchonoticias.com\/editor\/#\/schema\/person\/image\/","url":"https:\/\/luchonoticias.com\/editor\/wp-content\/uploads\/2024\/02\/cropped-cropped-logolu.webp","contentUrl":"https:\/\/luchonoticias.com\/editor\/wp-content\/uploads\/2024\/02\/cropped-cropped-logolu.webp","width":382,"height":170,"caption":"admin"},"logo":{"@id":"https:\/\/luchonoticias.com\/editor\/#\/schema\/person\/image\/"},"sameAs":["https:\/\/www.facebook.com\/luchonoticiasneiva"]},{"@type":"Person","@id":"https:\/\/luchonoticias.com\/editor\/#\/schema\/person\/29217990ddf6f14e35912b2866d591fb","name":"Editor General","image":{"@type":"ImageObject","inLanguage":"es","@id":"https:\/\/luchonoticias.com\/editor\/#\/schema\/person\/image\/","url":"https:\/\/luchonoticias.com\/editor\/wp-content\/uploads\/2024\/02\/cropped-cropped-logolu-150x150.webp","contentUrl":"https:\/\/luchonoticias.com\/editor\/wp-content\/uploads\/2024\/02\/cropped-cropped-logolu-150x150.webp","caption":"Editor General"},"sameAs":["https:\/\/luchonoticias.com\/"],"url":"https:\/\/luchonoticias.com\/editor\/author\/editor-general\/"}]}},"_links":{"self":[{"href":"https:\/\/luchonoticias.com\/editor\/wp-json\/wp\/v2\/posts\/73628","targetHints":{"allow":["GET"]}}],"collection":[{"href":"https:\/\/luchonoticias.com\/editor\/wp-json\/wp\/v2\/posts"}],"about":[{"href":"https:\/\/luchonoticias.com\/editor\/wp-json\/wp\/v2\/types\/post"}],"author":[{"embeddable":true,"href":"https:\/\/luchonoticias.com\/editor\/wp-json\/wp\/v2\/users\/2"}],"replies":[{"embeddable":true,"href":"https:\/\/luchonoticias.com\/editor\/wp-json\/wp\/v2\/comments?post=73628"}],"version-history":[{"count":0,"href":"https:\/\/luchonoticias.com\/editor\/wp-json\/wp\/v2\/posts\/73628\/revisions"}],"wp:featuredmedia":[{"embeddable":true,"href":"https:\/\/luchonoticias.com\/editor\/wp-json\/wp\/v2\/media\/73629"}],"wp:attachment":[{"href":"https:\/\/luchonoticias.com\/editor\/wp-json\/wp\/v2\/media?parent=73628"}],"wp:term":[{"taxonomy":"category","embeddable":true,"href":"https:\/\/luchonoticias.com\/editor\/wp-json\/wp\/v2\/categories?post=73628"},{"taxonomy":"post_tag","embeddable":true,"href":"https:\/\/luchonoticias.com\/editor\/wp-json\/wp\/v2\/tags?post=73628"}],"curies":[{"name":"wp","href":"https:\/\/api.w.org\/{rel}","templated":true}]}}