{"id":73631,"date":"2024-05-31T11:05:20","date_gmt":"2024-05-31T16:05:20","guid":{"rendered":"https:\/\/luchonoticias.com\/?p=73631"},"modified":"2024-05-31T11:05:20","modified_gmt":"2024-05-31T16:05:20","slug":"procuradora-preocupada-frente-a-las-altas-cifras-de-feminicidios-en-colombia","status":"publish","type":"post","link":"https:\/\/luchonoticias.com\/editor\/procuradora-preocupada-frente-a-las-altas-cifras-de-feminicidios-en-colombia\/","title":{"rendered":"Procuradora preocupada frente a las altas cifras de feminicidios en Colombia"},"content":{"rendered":"<div>En el marco de la \u201cRendici\u00f3n de Cuentas vigencia 2023, resultados para la gente\u201d \u00a0la Procuradora General de la Naci\u00f3n, Margarita Cabello Blanco, manifest\u00f3 su rechazo ante el atroz feminicidio de \u00a0Stefanny Barranco en el Centro Comercial Santaf\u00e9, en Bogot\u00e1, cometido presuntamente por quien ser\u00eda su expareja sentimental.<\/div>\n<div><\/div>\n<div>De acuerdo con la jefe del Ministerio P\u00fablico, el aberrante caso se suma a las alarmantes agresiones contra la mujer registradas en lo corrido del a\u00f1o 2024, refiriendo que entre el 1 de enero al 30 de mayo de 2024, se han conocido \u00a0en medios de comunicaci\u00f3n 90 feminicidios.<\/div>\n<div><\/div>\n<div>Tambi\u00e9n alert\u00f3 que en 61 de estos casos, \u00a0los agresores fueron presuntamente parejas o exparejas de las v\u00edctimas, y sigue siendo el arma blanca el mecanismo utilizado por el victimario en 39 de las agresiones reportadas.<\/div>\n<div><\/div>\n<div>Antioquia (14), Valle del Cauca(13), Santander(9), Atl\u00e1ntico (8) y Bogot\u00e1 (6) son los territorios donde se han presentado la mayor\u00eda de los feminicidios, que ahora registra el lamentable hecho ocurrido en el sitio de trabajo de Stefanny Barranco, victima del centro comercial ubicado en la capital del pa\u00eds.<\/div>\n<div><\/div>\n<div><em>\u201c18 mujeres por mes en este a\u00f1o, han sido asesinadas presuntamente por sus parejas o ex parejas sentimentales, eso quiere decir que 4 mujeres han muerto a la semana en virtud de problemas relacionados con la vida familiar. Esto no puede seguir ocurriendo.\u201d<\/em>\u00a0expres\u00f3 Cabello Blanco<\/div>\n<div><\/div>\n<div>El ente de control expres\u00f3 que casos como el presentado en el centro comercial, ponen en evidencia que la agresi\u00f3n contra la mujer se extiende y se materializa m\u00e1s all\u00e1 de contextos familiares, evidenciando acoso en contextos externos como el lugar de trabajo, por lo que es urgente que existan acciones decididas y efectivas para proteger la vida y la dignidad de las mujeres en Colombia.<\/div>\n<div><\/div>\n<div>Frente al alarmante panorama, \u00a0la Procuradora el espacio de orientaci\u00f3n y asesor\u00eda dispuesto por el Ministerio P\u00fablico, CAP Promujeres, para atender con informaci\u00f3n clara a quienes est\u00e9n pasando por una problem\u00e1tica de acoso, violencia, ciberacoso o cualquier forma de violencia; y donde se recepcionan las quejas por la no atenci\u00f3n o falta de atenci\u00f3n oportuna por parte de las autoridades competentes.<\/div>\n","protected":false},"excerpt":{"rendered":"<p>En el marco de la \u201cRendici\u00f3n de Cuentas vigencia 2023, resultados para la gente\u201d \u00a0la Procuradora General de la Naci\u00f3n, Margarita Cabello Blanco, manifest\u00f3 su rechazo ante el atroz feminicidio de \u00a0Stefanny Barranco en el Centro Comercial Santaf\u00e9, en Bogot\u00e1, cometido presuntamente por quien ser\u00eda su expareja sentimental. De acuerdo con la jefe del Ministerio [&hellip;]<\/p>\n","protected":false},"author":2,"featured_media":73632,"comment_status":"closed","ping_status":"open","sticky":false,"template":"","format":"standard","meta":{"footnotes":""},"categories":[28],"tags":[],"class_list":["post-73631","post","type-post","status-publish","format-standard","has-post-thumbnail","hentry","category-actualidad"],"yoast_head":"<!-- This site is optimized with the Yoast SEO plugin v26.6 - https:\/\/yoast.com\/wordpress\/plugins\/seo\/ -->\n<title>Procuradora preocupada frente a las altas cifras de feminicidios en Colombia -<\/title>\n<meta name=\"robots\" content=\"index, follow, max-snippet:-1, max-image-preview:large, max-video-preview:-1\" \/>\n<link rel=\"canonical\" href=\"https:\/\/luchonoticias.com\/editor\/procuradora-preocupada-frente-a-las-altas-cifras-de-feminicidios-en-colombia\/\" \/>\n<meta property=\"og:locale\" content=\"es_ES\" \/>\n<meta property=\"og:type\" content=\"article\" \/>\n<meta property=\"og:title\" content=\"Procuradora preocupada frente a las altas cifras de feminicidios en Colombia -\" \/>\n<meta property=\"og:url\" content=\"https:\/\/luchonoticias.com\/editor\/procuradora-preocupada-frente-a-las-altas-cifras-de-feminicidios-en-colombia\/\" \/>\n<meta property=\"article:publisher\" content=\"https:\/\/www.facebook.com\/luchonoticiasneiva\" \/>\n<meta property=\"article:published_time\" content=\"2024-05-31T16:05:20+00:00\" \/>\n<meta property=\"og:image\" content=\"https:\/\/luchonoticias.com\/editor\/wp-content\/uploads\/2024\/05\/procuradora.jpg\" \/>\n\t<meta property=\"og:image:width\" content=\"700\" \/>\n\t<meta property=\"og:image:height\" content=\"400\" \/>\n\t<meta property=\"og:image:type\" content=\"image\/jpeg\" \/>\n<meta name=\"author\" content=\"Editor General\" \/>\n<meta name=\"twitter:card\" content=\"summary_large_image\" \/>\n<meta name=\"twitter:label1\" content=\"Escrito por\" \/>\n\t<meta name=\"twitter:data1\" content=\"Editor General\" \/>\n\t<meta name=\"twitter:label2\" content=\"Tiempo de lectura\" \/>\n\t<meta name=\"twitter:data2\" content=\"2 minutos\" \/>\n<script type=\"application\/ld+json\" class=\"yoast-schema-graph\">{\"@context\":\"https:\/\/schema.org\",\"@graph\":[{\"@type\":\"Article\",\"@id\":\"https:\/\/luchonoticias.com\/editor\/procuradora-preocupada-frente-a-las-altas-cifras-de-feminicidios-en-colombia\/#article\",\"isPartOf\":{\"@id\":\"https:\/\/luchonoticias.com\/editor\/procuradora-preocupada-frente-a-las-altas-cifras-de-feminicidios-en-colombia\/\"},\"author\":{\"name\":\"Editor General\",\"@id\":\"https:\/\/luchonoticias.com\/editor\/#\/schema\/person\/29217990ddf6f14e35912b2866d591fb\"},\"headline\":\"Procuradora preocupada frente a las altas cifras de feminicidios en Colombia\",\"datePublished\":\"2024-05-31T16:05:20+00:00\",\"mainEntityOfPage\":{\"@id\":\"https:\/\/luchonoticias.com\/editor\/procuradora-preocupada-frente-a-las-altas-cifras-de-feminicidios-en-colombia\/\"},\"wordCount\":374,\"publisher\":{\"@id\":\"https:\/\/luchonoticias.com\/editor\/#\/schema\/person\/7a7fd911f58561fd056dbac7b55af9cd\"},\"image\":{\"@id\":\"https:\/\/luchonoticias.com\/editor\/procuradora-preocupada-frente-a-las-altas-cifras-de-feminicidios-en-colombia\/#primaryimage\"},\"thumbnailUrl\":\"https:\/\/luchonoticias.com\/editor\/wp-content\/uploads\/2024\/05\/procuradora.jpg\",\"articleSection\":[\"Actualidad\"],\"inLanguage\":\"es\"},{\"@type\":\"WebPage\",\"@id\":\"https:\/\/luchonoticias.com\/editor\/procuradora-preocupada-frente-a-las-altas-cifras-de-feminicidios-en-colombia\/\",\"url\":\"https:\/\/luchonoticias.com\/editor\/procuradora-preocupada-frente-a-las-altas-cifras-de-feminicidios-en-colombia\/\",\"name\":\"Procuradora preocupada frente a las altas cifras de feminicidios en Colombia -\",\"isPartOf\":{\"@id\":\"https:\/\/luchonoticias.com\/editor\/#website\"},\"primaryImageOfPage\":{\"@id\":\"https:\/\/luchonoticias.com\/editor\/procuradora-preocupada-frente-a-las-altas-cifras-de-feminicidios-en-colombia\/#primaryimage\"},\"image\":{\"@id\":\"https:\/\/luchonoticias.com\/editor\/procuradora-preocupada-frente-a-las-altas-cifras-de-feminicidios-en-colombia\/#primaryimage\"},\"thumbnailUrl\":\"https:\/\/luchonoticias.com\/editor\/wp-content\/uploads\/2024\/05\/procuradora.jpg\",\"datePublished\":\"2024-05-31T16:05:20+00:00\",\"breadcrumb\":{\"@id\":\"https:\/\/luchonoticias.com\/editor\/procuradora-preocupada-frente-a-las-altas-cifras-de-feminicidios-en-colombia\/#breadcrumb\"},\"inLanguage\":\"es\",\"potentialAction\":[{\"@type\":\"ReadAction\",\"target\":[\"https:\/\/luchonoticias.com\/editor\/procuradora-preocupada-frente-a-las-altas-cifras-de-feminicidios-en-colombia\/\"]}]},{\"@type\":\"ImageObject\",\"inLanguage\":\"es\",\"@id\":\"https:\/\/luchonoticias.com\/editor\/procuradora-preocupada-frente-a-las-altas-cifras-de-feminicidios-en-colombia\/#primaryimage\",\"url\":\"https:\/\/luchonoticias.com\/editor\/wp-content\/uploads\/2024\/05\/procuradora.jpg\",\"contentUrl\":\"https:\/\/luchonoticias.com\/editor\/wp-content\/uploads\/2024\/05\/procuradora.jpg\",\"width\":700,\"height\":400},{\"@type\":\"BreadcrumbList\",\"@id\":\"https:\/\/luchonoticias.com\/editor\/procuradora-preocupada-frente-a-las-altas-cifras-de-feminicidios-en-colombia\/#breadcrumb\",\"itemListElement\":[{\"@type\":\"ListItem\",\"position\":1,\"name\":\"Portada\",\"item\":\"https:\/\/luchonoticias.com\/editor\/\"},{\"@type\":\"ListItem\",\"position\":2,\"name\":\"Procuradora preocupada frente a las altas cifras de feminicidios en Colombia\"}]},{\"@type\":\"WebSite\",\"@id\":\"https:\/\/luchonoticias.com\/editor\/#website\",\"url\":\"https:\/\/luchonoticias.com\/editor\/\",\"name\":\"\",\"description\":\"\",\"publisher\":{\"@id\":\"https:\/\/luchonoticias.com\/editor\/#\/schema\/person\/7a7fd911f58561fd056dbac7b55af9cd\"},\"potentialAction\":[{\"@type\":\"SearchAction\",\"target\":{\"@type\":\"EntryPoint\",\"urlTemplate\":\"https:\/\/luchonoticias.com\/editor\/?s={search_term_string}\"},\"query-input\":{\"@type\":\"PropertyValueSpecification\",\"valueRequired\":true,\"valueName\":\"search_term_string\"}}],\"inLanguage\":\"es\"},{\"@type\":[\"Person\",\"Organization\"],\"@id\":\"https:\/\/luchonoticias.com\/editor\/#\/schema\/person\/7a7fd911f58561fd056dbac7b55af9cd\",\"name\":\"admin\",\"image\":{\"@type\":\"ImageObject\",\"inLanguage\":\"es\",\"@id\":\"https:\/\/luchonoticias.com\/editor\/#\/schema\/person\/image\/\",\"url\":\"https:\/\/luchonoticias.com\/editor\/wp-content\/uploads\/2024\/02\/cropped-cropped-logolu.webp\",\"contentUrl\":\"https:\/\/luchonoticias.com\/editor\/wp-content\/uploads\/2024\/02\/cropped-cropped-logolu.webp\",\"width\":382,\"height\":170,\"caption\":\"admin\"},\"logo\":{\"@id\":\"https:\/\/luchonoticias.com\/editor\/#\/schema\/person\/image\/\"},\"sameAs\":[\"https:\/\/www.facebook.com\/luchonoticiasneiva\"]},{\"@type\":\"Person\",\"@id\":\"https:\/\/luchonoticias.com\/editor\/#\/schema\/person\/29217990ddf6f14e35912b2866d591fb\",\"name\":\"Editor General\",\"image\":{\"@type\":\"ImageObject\",\"inLanguage\":\"es\",\"@id\":\"https:\/\/luchonoticias.com\/editor\/#\/schema\/person\/image\/\",\"url\":\"https:\/\/luchonoticias.com\/editor\/wp-content\/uploads\/2024\/02\/cropped-cropped-logolu-150x150.webp\",\"contentUrl\":\"https:\/\/luchonoticias.com\/editor\/wp-content\/uploads\/2024\/02\/cropped-cropped-logolu-150x150.webp\",\"caption\":\"Editor General\"},\"sameAs\":[\"https:\/\/luchonoticias.com\/\"],\"url\":\"https:\/\/luchonoticias.com\/editor\/author\/editor-general\/\"}]}<\/script>\n<!-- \/ Yoast SEO plugin. -->","yoast_head_json":{"title":"Procuradora preocupada frente a las altas cifras de feminicidios en Colombia -","robots":{"index":"index","follow":"follow","max-snippet":"max-snippet:-1","max-image-preview":"max-image-preview:large","max-video-preview":"max-video-preview:-1"},"canonical":"https:\/\/luchonoticias.com\/editor\/procuradora-preocupada-frente-a-las-altas-cifras-de-feminicidios-en-colombia\/","og_locale":"es_ES","og_type":"article","og_title":"Procuradora preocupada frente a las altas cifras de feminicidios en Colombia -","og_url":"https:\/\/luchonoticias.com\/editor\/procuradora-preocupada-frente-a-las-altas-cifras-de-feminicidios-en-colombia\/","article_publisher":"https:\/\/www.facebook.com\/luchonoticiasneiva","article_published_time":"2024-05-31T16:05:20+00:00","og_image":[{"width":700,"height":400,"url":"https:\/\/luchonoticias.com\/editor\/wp-content\/uploads\/2024\/05\/procuradora.jpg","type":"image\/jpeg"}],"author":"Editor General","twitter_card":"summary_large_image","twitter_misc":{"Escrito por":"Editor General","Tiempo de lectura":"2 minutos"},"schema":{"@context":"https:\/\/schema.org","@graph":[{"@type":"Article","@id":"https:\/\/luchonoticias.com\/editor\/procuradora-preocupada-frente-a-las-altas-cifras-de-feminicidios-en-colombia\/#article","isPartOf":{"@id":"https:\/\/luchonoticias.com\/editor\/procuradora-preocupada-frente-a-las-altas-cifras-de-feminicidios-en-colombia\/"},"author":{"name":"Editor General","@id":"https:\/\/luchonoticias.com\/editor\/#\/schema\/person\/29217990ddf6f14e35912b2866d591fb"},"headline":"Procuradora preocupada frente a las altas cifras de feminicidios en Colombia","datePublished":"2024-05-31T16:05:20+00:00","mainEntityOfPage":{"@id":"https:\/\/luchonoticias.com\/editor\/procuradora-preocupada-frente-a-las-altas-cifras-de-feminicidios-en-colombia\/"},"wordCount":374,"publisher":{"@id":"https:\/\/luchonoticias.com\/editor\/#\/schema\/person\/7a7fd911f58561fd056dbac7b55af9cd"},"image":{"@id":"https:\/\/luchonoticias.com\/editor\/procuradora-preocupada-frente-a-las-altas-cifras-de-feminicidios-en-colombia\/#primaryimage"},"thumbnailUrl":"https:\/\/luchonoticias.com\/editor\/wp-content\/uploads\/2024\/05\/procuradora.jpg","articleSection":["Actualidad"],"inLanguage":"es"},{"@type":"WebPage","@id":"https:\/\/luchonoticias.com\/editor\/procuradora-preocupada-frente-a-las-altas-cifras-de-feminicidios-en-colombia\/","url":"https:\/\/luchonoticias.com\/editor\/procuradora-preocupada-frente-a-las-altas-cifras-de-feminicidios-en-colombia\/","name":"Procuradora preocupada frente a las altas cifras de feminicidios en Colombia -","isPartOf":{"@id":"https:\/\/luchonoticias.com\/editor\/#website"},"primaryImageOfPage":{"@id":"https:\/\/luchonoticias.com\/editor\/procuradora-preocupada-frente-a-las-altas-cifras-de-feminicidios-en-colombia\/#primaryimage"},"image":{"@id":"https:\/\/luchonoticias.com\/editor\/procuradora-preocupada-frente-a-las-altas-cifras-de-feminicidios-en-colombia\/#primaryimage"},"thumbnailUrl":"https:\/\/luchonoticias.com\/editor\/wp-content\/uploads\/2024\/05\/procuradora.jpg","datePublished":"2024-05-31T16:05:20+00:00","breadcrumb":{"@id":"https:\/\/luchonoticias.com\/editor\/procuradora-preocupada-frente-a-las-altas-cifras-de-feminicidios-en-colombia\/#breadcrumb"},"inLanguage":"es","potentialAction":[{"@type":"ReadAction","target":["https:\/\/luchonoticias.com\/editor\/procuradora-preocupada-frente-a-las-altas-cifras-de-feminicidios-en-colombia\/"]}]},{"@type":"ImageObject","inLanguage":"es","@id":"https:\/\/luchonoticias.com\/editor\/procuradora-preocupada-frente-a-las-altas-cifras-de-feminicidios-en-colombia\/#primaryimage","url":"https:\/\/luchonoticias.com\/editor\/wp-content\/uploads\/2024\/05\/procuradora.jpg","contentUrl":"https:\/\/luchonoticias.com\/editor\/wp-content\/uploads\/2024\/05\/procuradora.jpg","width":700,"height":400},{"@type":"BreadcrumbList","@id":"https:\/\/luchonoticias.com\/editor\/procuradora-preocupada-frente-a-las-altas-cifras-de-feminicidios-en-colombia\/#breadcrumb","itemListElement":[{"@type":"ListItem","position":1,"name":"Portada","item":"https:\/\/luchonoticias.com\/editor\/"},{"@type":"ListItem","position":2,"name":"Procuradora preocupada frente a las altas cifras de feminicidios en Colombia"}]},{"@type":"WebSite","@id":"https:\/\/luchonoticias.com\/editor\/#website","url":"https:\/\/luchonoticias.com\/editor\/","name":"","description":"","publisher":{"@id":"https:\/\/luchonoticias.com\/editor\/#\/schema\/person\/7a7fd911f58561fd056dbac7b55af9cd"},"potentialAction":[{"@type":"SearchAction","target":{"@type":"EntryPoint","urlTemplate":"https:\/\/luchonoticias.com\/editor\/?s={search_term_string}"},"query-input":{"@type":"PropertyValueSpecification","valueRequired":true,"valueName":"search_term_string"}}],"inLanguage":"es"},{"@type":["Person","Organization"],"@id":"https:\/\/luchonoticias.com\/editor\/#\/schema\/person\/7a7fd911f58561fd056dbac7b55af9cd","name":"admin","image":{"@type":"ImageObject","inLanguage":"es","@id":"https:\/\/luchonoticias.com\/editor\/#\/schema\/person\/image\/","url":"https:\/\/luchonoticias.com\/editor\/wp-content\/uploads\/2024\/02\/cropped-cropped-logolu.webp","contentUrl":"https:\/\/luchonoticias.com\/editor\/wp-content\/uploads\/2024\/02\/cropped-cropped-logolu.webp","width":382,"height":170,"caption":"admin"},"logo":{"@id":"https:\/\/luchonoticias.com\/editor\/#\/schema\/person\/image\/"},"sameAs":["https:\/\/www.facebook.com\/luchonoticiasneiva"]},{"@type":"Person","@id":"https:\/\/luchonoticias.com\/editor\/#\/schema\/person\/29217990ddf6f14e35912b2866d591fb","name":"Editor General","image":{"@type":"ImageObject","inLanguage":"es","@id":"https:\/\/luchonoticias.com\/editor\/#\/schema\/person\/image\/","url":"https:\/\/luchonoticias.com\/editor\/wp-content\/uploads\/2024\/02\/cropped-cropped-logolu-150x150.webp","contentUrl":"https:\/\/luchonoticias.com\/editor\/wp-content\/uploads\/2024\/02\/cropped-cropped-logolu-150x150.webp","caption":"Editor General"},"sameAs":["https:\/\/luchonoticias.com\/"],"url":"https:\/\/luchonoticias.com\/editor\/author\/editor-general\/"}]}},"_links":{"self":[{"href":"https:\/\/luchonoticias.com\/editor\/wp-json\/wp\/v2\/posts\/73631","targetHints":{"allow":["GET"]}}],"collection":[{"href":"https:\/\/luchonoticias.com\/editor\/wp-json\/wp\/v2\/posts"}],"about":[{"href":"https:\/\/luchonoticias.com\/editor\/wp-json\/wp\/v2\/types\/post"}],"author":[{"embeddable":true,"href":"https:\/\/luchonoticias.com\/editor\/wp-json\/wp\/v2\/users\/2"}],"replies":[{"embeddable":true,"href":"https:\/\/luchonoticias.com\/editor\/wp-json\/wp\/v2\/comments?post=73631"}],"version-history":[{"count":0,"href":"https:\/\/luchonoticias.com\/editor\/wp-json\/wp\/v2\/posts\/73631\/revisions"}],"wp:featuredmedia":[{"embeddable":true,"href":"https:\/\/luchonoticias.com\/editor\/wp-json\/wp\/v2\/media\/73632"}],"wp:attachment":[{"href":"https:\/\/luchonoticias.com\/editor\/wp-json\/wp\/v2\/media?parent=73631"}],"wp:term":[{"taxonomy":"category","embeddable":true,"href":"https:\/\/luchonoticias.com\/editor\/wp-json\/wp\/v2\/categories?post=73631"},{"taxonomy":"post_tag","embeddable":true,"href":"https:\/\/luchonoticias.com\/editor\/wp-json\/wp\/v2\/tags?post=73631"}],"curies":[{"name":"wp","href":"https:\/\/api.w.org\/{rel}","templated":true}]}}