{"id":73637,"date":"2024-05-31T13:40:01","date_gmt":"2024-05-31T18:40:01","guid":{"rendered":"https:\/\/luchonoticias.com\/?p=73637"},"modified":"2024-05-31T13:41:29","modified_gmt":"2024-05-31T18:41:29","slug":"comenzo-healing-the-children-2024","status":"publish","type":"post","link":"https:\/\/luchonoticias.com\/editor\/comenzo-healing-the-children-2024\/","title":{"rendered":"Comenz\u00f3 Healing the Children 2024"},"content":{"rendered":"<p>Este viernes en las instalaciones del Hospital Universitario \u201cHernando Moncaleano\u201d en la capital huilense se dio inicio a la versi\u00f3n 29 de la misi\u00f3n m\u00e9dica conocida como Healing The Children, jornada que busca devolverle la alegr\u00eda y mejorar la calidad de vida a cientos de ni\u00f1os diagnosticados con labio leporino, paladar hendido, pie chap\u00edn entre otros.<\/p>\n<p>Desde muy temprano m\u00e1s de 500 peque\u00f1os acompa\u00f1ados de sus padres o familiares y provenientes de regiones como el Putumayo, Caquet\u00e1, Huila e incluso el Amazonas, llegaron hasta las instalaciones del centro asistencial buscando ser valorados por los m\u00e9dicos integrantes de la misi\u00f3n de salud conformada por profesionales altamente capacitados y de diversas nacionalidades, seg\u00fan se indic\u00f3 tras la valoraci\u00f3n de los pacientes y el correspondiente estudio de las patolog\u00edas m\u00e9dicas se elaborar\u00e1 un listado final de elegidos que ingresar\u00e1n a las salas que han sido preparadas y acondicionadas para las intervenciones.<\/p>\n<p>El Gobernador del Huila Rodrigo Villalba Mosquera, destac\u00f3 la importancia de esta jornada, el esp\u00edritu altruista de sus gestores y promotores al expresar que, con este tipo de actividades, se hace homenaje a la vida.<\/p>\n<p>\u201cEs nuestra obligaci\u00f3n como autoridad regional estar al tanto de este tipo de jornadas sociales que conllevan un mensaje de solidaridad. Quiero dar la bienvenida a todos. A los m\u00e9dicos que lideran esta actividad y a los ni\u00f1os que podr\u00e1n tener la oportunidad de ser operados. Me complace mucho como gobernador, hacer nuevamente parte de esta jornada. El que no vive para servir, no sirve para vivir, dec\u00eda Santa Teresa de Calcuta y es en esa frase donde se recoge el prop\u00f3sito de esta actividad, ustedes como misi\u00f3n sirven mucho para vivir; mil gracias por lo que han hecho siempre por nuestros ni\u00f1os en Colombia y en esta regi\u00f3n del sur del pa\u00eds que han necesitado de ustedes, pues el que sabe, siempre debe tener la disposici\u00f3n de servir\u201d, indic\u00f3 el mandatario de los huilenses durante su intervenci\u00f3n en el acto de apertura de la jornada Healing The Children.<\/p>\n<p>Una de las entidades que ha liderado este tipo de procesos es la C\u00e1mara de Comercio del Huila, que a trav\u00e9s de su presidenta ejecutiva Lina Marcela Carrera, destac\u00f3 la importancia de esta actividad y el impacto que en materia social y de salud tiene para la regi\u00f3n.<\/p>\n<p>\u201cEstamos muy felices de poder desarrollar esta nueva jornada que nos permite regalar tantas sonrisas a ni\u00f1os del departamento. Nuestra entidad cameral siempre ha hecho parte de la mano de la Gobernaci\u00f3n del Huila y los aliados que hacen posible con la articulaci\u00f3n de los empresarios que hacen posible con su apoyo econ\u00f3mico sacar adelante este gran evento. Esperamos superar la cifra de las 100 cirug\u00edas, un reto muy grande para esta jornada de fin de semana\u201d, se\u00f1al\u00f3 la dirigente gremial.<\/p>\n<p>Por su parte el secretario de Salud del Huila Sergio Mauricio Z\u00fa\u00f1iga, expres\u00f3 emoci\u00f3n y mucha satisfacci\u00f3n por esta clase de jornadas que a su juicio demuestran la grandeza de una regi\u00f3n y el trabajo de un gobierno que piensa en sus ciudadanos.<\/p>\n<p>\u201cEsta es una jornada hist\u00f3rica y muy importante para el desarrollo de la salud en el sur del pa\u00eds. Esta actividad tan bonita de Healing The Children tendr\u00e1 la oportunidad de valorar a m\u00e1s de 520 ni\u00f1os de la regi\u00f3n y un n\u00famero importante podr\u00e1n acceder a un proceso de cirug\u00eda para superar sus problemas f\u00edsicos. Agradecemos a los promotores, empresarios a los m\u00e9dicos comprometidos en esta noble causa. Hoy empieza una fiesta por la vida que hace parte de una acci\u00f3n interinstitucional de un Huila que cada d\u00eda piensa m\u00e1s en su gente\u201d, dijo el funcionario del Gobierno Departamental.<\/p>\n","protected":false},"excerpt":{"rendered":"<p>Este viernes en las instalaciones del Hospital Universitario \u201cHernando Moncaleano\u201d en la capital huilense se dio inicio a la versi\u00f3n 29 de la misi\u00f3n m\u00e9dica conocida como Healing The Children, jornada que busca devolverle la alegr\u00eda y mejorar la calidad de vida a cientos de ni\u00f1os diagnosticados con labio leporino, paladar hendido, pie chap\u00edn entre [&hellip;]<\/p>\n","protected":false},"author":2,"featured_media":73638,"comment_status":"closed","ping_status":"open","sticky":false,"template":"","format":"standard","meta":{"footnotes":""},"categories":[33],"tags":[],"class_list":["post-73637","post","type-post","status-publish","format-standard","has-post-thumbnail","hentry","category-huila"],"yoast_head":"<!-- This site is optimized with the Yoast SEO plugin v26.6 - https:\/\/yoast.com\/wordpress\/plugins\/seo\/ -->\n<title>Comenz\u00f3 Healing the Children 2024 -<\/title>\n<meta name=\"robots\" content=\"index, follow, max-snippet:-1, max-image-preview:large, max-video-preview:-1\" \/>\n<link rel=\"canonical\" href=\"https:\/\/luchonoticias.com\/editor\/comenzo-healing-the-children-2024\/\" \/>\n<meta property=\"og:locale\" content=\"es_ES\" \/>\n<meta property=\"og:type\" content=\"article\" \/>\n<meta property=\"og:title\" content=\"Comenz\u00f3 Healing the Children 2024 -\" \/>\n<meta property=\"og:url\" content=\"https:\/\/luchonoticias.com\/editor\/comenzo-healing-the-children-2024\/\" \/>\n<meta property=\"article:publisher\" content=\"https:\/\/www.facebook.com\/luchonoticiasneiva\" \/>\n<meta property=\"article:published_time\" content=\"2024-05-31T18:40:01+00:00\" \/>\n<meta property=\"article:modified_time\" content=\"2024-05-31T18:41:29+00:00\" \/>\n<meta property=\"og:image\" content=\"https:\/\/luchonoticias.com\/editor\/wp-content\/uploads\/2024\/05\/healing-the-lucho.jpg\" \/>\n\t<meta property=\"og:image:width\" content=\"700\" \/>\n\t<meta property=\"og:image:height\" content=\"400\" \/>\n\t<meta property=\"og:image:type\" content=\"image\/jpeg\" \/>\n<meta name=\"author\" content=\"Editor General\" \/>\n<meta name=\"twitter:card\" content=\"summary_large_image\" \/>\n<meta name=\"twitter:label1\" content=\"Escrito por\" \/>\n\t<meta name=\"twitter:data1\" content=\"Editor General\" \/>\n\t<meta name=\"twitter:label2\" content=\"Tiempo de lectura\" \/>\n\t<meta name=\"twitter:data2\" content=\"3 minutos\" \/>\n<script type=\"application\/ld+json\" class=\"yoast-schema-graph\">{\"@context\":\"https:\/\/schema.org\",\"@graph\":[{\"@type\":\"Article\",\"@id\":\"https:\/\/luchonoticias.com\/editor\/comenzo-healing-the-children-2024\/#article\",\"isPartOf\":{\"@id\":\"https:\/\/luchonoticias.com\/editor\/comenzo-healing-the-children-2024\/\"},\"author\":{\"name\":\"Editor General\",\"@id\":\"https:\/\/luchonoticias.com\/editor\/#\/schema\/person\/29217990ddf6f14e35912b2866d591fb\"},\"headline\":\"Comenz\u00f3 Healing the Children 2024\",\"datePublished\":\"2024-05-31T18:40:01+00:00\",\"dateModified\":\"2024-05-31T18:41:29+00:00\",\"mainEntityOfPage\":{\"@id\":\"https:\/\/luchonoticias.com\/editor\/comenzo-healing-the-children-2024\/\"},\"wordCount\":659,\"publisher\":{\"@id\":\"https:\/\/luchonoticias.com\/editor\/#\/schema\/person\/7a7fd911f58561fd056dbac7b55af9cd\"},\"image\":{\"@id\":\"https:\/\/luchonoticias.com\/editor\/comenzo-healing-the-children-2024\/#primaryimage\"},\"thumbnailUrl\":\"https:\/\/luchonoticias.com\/editor\/wp-content\/uploads\/2024\/05\/healing-the-lucho.jpg\",\"articleSection\":[\"Huila\"],\"inLanguage\":\"es\"},{\"@type\":\"WebPage\",\"@id\":\"https:\/\/luchonoticias.com\/editor\/comenzo-healing-the-children-2024\/\",\"url\":\"https:\/\/luchonoticias.com\/editor\/comenzo-healing-the-children-2024\/\",\"name\":\"Comenz\u00f3 Healing the Children 2024 -\",\"isPartOf\":{\"@id\":\"https:\/\/luchonoticias.com\/editor\/#website\"},\"primaryImageOfPage\":{\"@id\":\"https:\/\/luchonoticias.com\/editor\/comenzo-healing-the-children-2024\/#primaryimage\"},\"image\":{\"@id\":\"https:\/\/luchonoticias.com\/editor\/comenzo-healing-the-children-2024\/#primaryimage\"},\"thumbnailUrl\":\"https:\/\/luchonoticias.com\/editor\/wp-content\/uploads\/2024\/05\/healing-the-lucho.jpg\",\"datePublished\":\"2024-05-31T18:40:01+00:00\",\"dateModified\":\"2024-05-31T18:41:29+00:00\",\"breadcrumb\":{\"@id\":\"https:\/\/luchonoticias.com\/editor\/comenzo-healing-the-children-2024\/#breadcrumb\"},\"inLanguage\":\"es\",\"potentialAction\":[{\"@type\":\"ReadAction\",\"target\":[\"https:\/\/luchonoticias.com\/editor\/comenzo-healing-the-children-2024\/\"]}]},{\"@type\":\"ImageObject\",\"inLanguage\":\"es\",\"@id\":\"https:\/\/luchonoticias.com\/editor\/comenzo-healing-the-children-2024\/#primaryimage\",\"url\":\"https:\/\/luchonoticias.com\/editor\/wp-content\/uploads\/2024\/05\/healing-the-lucho.jpg\",\"contentUrl\":\"https:\/\/luchonoticias.com\/editor\/wp-content\/uploads\/2024\/05\/healing-the-lucho.jpg\",\"width\":700,\"height\":400},{\"@type\":\"BreadcrumbList\",\"@id\":\"https:\/\/luchonoticias.com\/editor\/comenzo-healing-the-children-2024\/#breadcrumb\",\"itemListElement\":[{\"@type\":\"ListItem\",\"position\":1,\"name\":\"Portada\",\"item\":\"https:\/\/luchonoticias.com\/editor\/\"},{\"@type\":\"ListItem\",\"position\":2,\"name\":\"Comenz\u00f3 Healing the Children 2024\"}]},{\"@type\":\"WebSite\",\"@id\":\"https:\/\/luchonoticias.com\/editor\/#website\",\"url\":\"https:\/\/luchonoticias.com\/editor\/\",\"name\":\"\",\"description\":\"\",\"publisher\":{\"@id\":\"https:\/\/luchonoticias.com\/editor\/#\/schema\/person\/7a7fd911f58561fd056dbac7b55af9cd\"},\"potentialAction\":[{\"@type\":\"SearchAction\",\"target\":{\"@type\":\"EntryPoint\",\"urlTemplate\":\"https:\/\/luchonoticias.com\/editor\/?s={search_term_string}\"},\"query-input\":{\"@type\":\"PropertyValueSpecification\",\"valueRequired\":true,\"valueName\":\"search_term_string\"}}],\"inLanguage\":\"es\"},{\"@type\":[\"Person\",\"Organization\"],\"@id\":\"https:\/\/luchonoticias.com\/editor\/#\/schema\/person\/7a7fd911f58561fd056dbac7b55af9cd\",\"name\":\"admin\",\"image\":{\"@type\":\"ImageObject\",\"inLanguage\":\"es\",\"@id\":\"https:\/\/luchonoticias.com\/editor\/#\/schema\/person\/image\/\",\"url\":\"https:\/\/luchonoticias.com\/editor\/wp-content\/uploads\/2024\/02\/cropped-cropped-logolu.webp\",\"contentUrl\":\"https:\/\/luchonoticias.com\/editor\/wp-content\/uploads\/2024\/02\/cropped-cropped-logolu.webp\",\"width\":382,\"height\":170,\"caption\":\"admin\"},\"logo\":{\"@id\":\"https:\/\/luchonoticias.com\/editor\/#\/schema\/person\/image\/\"},\"sameAs\":[\"https:\/\/www.facebook.com\/luchonoticiasneiva\"]},{\"@type\":\"Person\",\"@id\":\"https:\/\/luchonoticias.com\/editor\/#\/schema\/person\/29217990ddf6f14e35912b2866d591fb\",\"name\":\"Editor General\",\"image\":{\"@type\":\"ImageObject\",\"inLanguage\":\"es\",\"@id\":\"https:\/\/luchonoticias.com\/editor\/#\/schema\/person\/image\/\",\"url\":\"https:\/\/luchonoticias.com\/editor\/wp-content\/uploads\/2024\/02\/cropped-cropped-logolu-150x150.webp\",\"contentUrl\":\"https:\/\/luchonoticias.com\/editor\/wp-content\/uploads\/2024\/02\/cropped-cropped-logolu-150x150.webp\",\"caption\":\"Editor General\"},\"sameAs\":[\"https:\/\/luchonoticias.com\/\"],\"url\":\"https:\/\/luchonoticias.com\/editor\/author\/editor-general\/\"}]}<\/script>\n<!-- \/ Yoast SEO plugin. -->","yoast_head_json":{"title":"Comenz\u00f3 Healing the Children 2024 -","robots":{"index":"index","follow":"follow","max-snippet":"max-snippet:-1","max-image-preview":"max-image-preview:large","max-video-preview":"max-video-preview:-1"},"canonical":"https:\/\/luchonoticias.com\/editor\/comenzo-healing-the-children-2024\/","og_locale":"es_ES","og_type":"article","og_title":"Comenz\u00f3 Healing the Children 2024 -","og_url":"https:\/\/luchonoticias.com\/editor\/comenzo-healing-the-children-2024\/","article_publisher":"https:\/\/www.facebook.com\/luchonoticiasneiva","article_published_time":"2024-05-31T18:40:01+00:00","article_modified_time":"2024-05-31T18:41:29+00:00","og_image":[{"width":700,"height":400,"url":"https:\/\/luchonoticias.com\/editor\/wp-content\/uploads\/2024\/05\/healing-the-lucho.jpg","type":"image\/jpeg"}],"author":"Editor General","twitter_card":"summary_large_image","twitter_misc":{"Escrito por":"Editor General","Tiempo de lectura":"3 minutos"},"schema":{"@context":"https:\/\/schema.org","@graph":[{"@type":"Article","@id":"https:\/\/luchonoticias.com\/editor\/comenzo-healing-the-children-2024\/#article","isPartOf":{"@id":"https:\/\/luchonoticias.com\/editor\/comenzo-healing-the-children-2024\/"},"author":{"name":"Editor General","@id":"https:\/\/luchonoticias.com\/editor\/#\/schema\/person\/29217990ddf6f14e35912b2866d591fb"},"headline":"Comenz\u00f3 Healing the Children 2024","datePublished":"2024-05-31T18:40:01+00:00","dateModified":"2024-05-31T18:41:29+00:00","mainEntityOfPage":{"@id":"https:\/\/luchonoticias.com\/editor\/comenzo-healing-the-children-2024\/"},"wordCount":659,"publisher":{"@id":"https:\/\/luchonoticias.com\/editor\/#\/schema\/person\/7a7fd911f58561fd056dbac7b55af9cd"},"image":{"@id":"https:\/\/luchonoticias.com\/editor\/comenzo-healing-the-children-2024\/#primaryimage"},"thumbnailUrl":"https:\/\/luchonoticias.com\/editor\/wp-content\/uploads\/2024\/05\/healing-the-lucho.jpg","articleSection":["Huila"],"inLanguage":"es"},{"@type":"WebPage","@id":"https:\/\/luchonoticias.com\/editor\/comenzo-healing-the-children-2024\/","url":"https:\/\/luchonoticias.com\/editor\/comenzo-healing-the-children-2024\/","name":"Comenz\u00f3 Healing the Children 2024 -","isPartOf":{"@id":"https:\/\/luchonoticias.com\/editor\/#website"},"primaryImageOfPage":{"@id":"https:\/\/luchonoticias.com\/editor\/comenzo-healing-the-children-2024\/#primaryimage"},"image":{"@id":"https:\/\/luchonoticias.com\/editor\/comenzo-healing-the-children-2024\/#primaryimage"},"thumbnailUrl":"https:\/\/luchonoticias.com\/editor\/wp-content\/uploads\/2024\/05\/healing-the-lucho.jpg","datePublished":"2024-05-31T18:40:01+00:00","dateModified":"2024-05-31T18:41:29+00:00","breadcrumb":{"@id":"https:\/\/luchonoticias.com\/editor\/comenzo-healing-the-children-2024\/#breadcrumb"},"inLanguage":"es","potentialAction":[{"@type":"ReadAction","target":["https:\/\/luchonoticias.com\/editor\/comenzo-healing-the-children-2024\/"]}]},{"@type":"ImageObject","inLanguage":"es","@id":"https:\/\/luchonoticias.com\/editor\/comenzo-healing-the-children-2024\/#primaryimage","url":"https:\/\/luchonoticias.com\/editor\/wp-content\/uploads\/2024\/05\/healing-the-lucho.jpg","contentUrl":"https:\/\/luchonoticias.com\/editor\/wp-content\/uploads\/2024\/05\/healing-the-lucho.jpg","width":700,"height":400},{"@type":"BreadcrumbList","@id":"https:\/\/luchonoticias.com\/editor\/comenzo-healing-the-children-2024\/#breadcrumb","itemListElement":[{"@type":"ListItem","position":1,"name":"Portada","item":"https:\/\/luchonoticias.com\/editor\/"},{"@type":"ListItem","position":2,"name":"Comenz\u00f3 Healing the Children 2024"}]},{"@type":"WebSite","@id":"https:\/\/luchonoticias.com\/editor\/#website","url":"https:\/\/luchonoticias.com\/editor\/","name":"","description":"","publisher":{"@id":"https:\/\/luchonoticias.com\/editor\/#\/schema\/person\/7a7fd911f58561fd056dbac7b55af9cd"},"potentialAction":[{"@type":"SearchAction","target":{"@type":"EntryPoint","urlTemplate":"https:\/\/luchonoticias.com\/editor\/?s={search_term_string}"},"query-input":{"@type":"PropertyValueSpecification","valueRequired":true,"valueName":"search_term_string"}}],"inLanguage":"es"},{"@type":["Person","Organization"],"@id":"https:\/\/luchonoticias.com\/editor\/#\/schema\/person\/7a7fd911f58561fd056dbac7b55af9cd","name":"admin","image":{"@type":"ImageObject","inLanguage":"es","@id":"https:\/\/luchonoticias.com\/editor\/#\/schema\/person\/image\/","url":"https:\/\/luchonoticias.com\/editor\/wp-content\/uploads\/2024\/02\/cropped-cropped-logolu.webp","contentUrl":"https:\/\/luchonoticias.com\/editor\/wp-content\/uploads\/2024\/02\/cropped-cropped-logolu.webp","width":382,"height":170,"caption":"admin"},"logo":{"@id":"https:\/\/luchonoticias.com\/editor\/#\/schema\/person\/image\/"},"sameAs":["https:\/\/www.facebook.com\/luchonoticiasneiva"]},{"@type":"Person","@id":"https:\/\/luchonoticias.com\/editor\/#\/schema\/person\/29217990ddf6f14e35912b2866d591fb","name":"Editor General","image":{"@type":"ImageObject","inLanguage":"es","@id":"https:\/\/luchonoticias.com\/editor\/#\/schema\/person\/image\/","url":"https:\/\/luchonoticias.com\/editor\/wp-content\/uploads\/2024\/02\/cropped-cropped-logolu-150x150.webp","contentUrl":"https:\/\/luchonoticias.com\/editor\/wp-content\/uploads\/2024\/02\/cropped-cropped-logolu-150x150.webp","caption":"Editor General"},"sameAs":["https:\/\/luchonoticias.com\/"],"url":"https:\/\/luchonoticias.com\/editor\/author\/editor-general\/"}]}},"_links":{"self":[{"href":"https:\/\/luchonoticias.com\/editor\/wp-json\/wp\/v2\/posts\/73637","targetHints":{"allow":["GET"]}}],"collection":[{"href":"https:\/\/luchonoticias.com\/editor\/wp-json\/wp\/v2\/posts"}],"about":[{"href":"https:\/\/luchonoticias.com\/editor\/wp-json\/wp\/v2\/types\/post"}],"author":[{"embeddable":true,"href":"https:\/\/luchonoticias.com\/editor\/wp-json\/wp\/v2\/users\/2"}],"replies":[{"embeddable":true,"href":"https:\/\/luchonoticias.com\/editor\/wp-json\/wp\/v2\/comments?post=73637"}],"version-history":[{"count":0,"href":"https:\/\/luchonoticias.com\/editor\/wp-json\/wp\/v2\/posts\/73637\/revisions"}],"wp:featuredmedia":[{"embeddable":true,"href":"https:\/\/luchonoticias.com\/editor\/wp-json\/wp\/v2\/media\/73638"}],"wp:attachment":[{"href":"https:\/\/luchonoticias.com\/editor\/wp-json\/wp\/v2\/media?parent=73637"}],"wp:term":[{"taxonomy":"category","embeddable":true,"href":"https:\/\/luchonoticias.com\/editor\/wp-json\/wp\/v2\/categories?post=73637"},{"taxonomy":"post_tag","embeddable":true,"href":"https:\/\/luchonoticias.com\/editor\/wp-json\/wp\/v2\/tags?post=73637"}],"curies":[{"name":"wp","href":"https:\/\/api.w.org\/{rel}","templated":true}]}}