{"id":73643,"date":"2024-05-31T16:07:48","date_gmt":"2024-05-31T21:07:48","guid":{"rendered":"https:\/\/luchonoticias.com\/?p=73643"},"modified":"2024-05-31T16:07:48","modified_gmt":"2024-05-31T21:07:48","slug":"via-libre-para-el-plan-de-desarrollo-departamental","status":"publish","type":"post","link":"https:\/\/luchonoticias.com\/editor\/via-libre-para-el-plan-de-desarrollo-departamental\/","title":{"rendered":"V\u00eda libre para el Plan de Desarrollo Departamental"},"content":{"rendered":"<p>n un acontecimiento trascendental para el futuro del departamento del Huila, el Gobierno liderado por Rodrigo Villalba Mosquera llev\u00f3 a cabo la sanci\u00f3n de la Ordenanza No. 009, la cual marca el inicio oficial del Plan de Desarrollo \u00abPor un Huila Grande\u00bb. Esta iniciativa, que cont\u00f3 con el respaldo pleno de la Asamblea Departamental del Huila se perfila como la bit\u00e1cora que guiar\u00e1 las acciones, proyectos y pol\u00edticas p\u00fablicas durante los pr\u00f3ximos cuatro a\u00f1os.<\/p>\n<p>El Gobernador del Huila, Rodrigo Villalba Mosquera, resalt\u00f3 la importancia de esta ordenanza, calific\u00e1ndola como \u00abla m\u00e1s importante del cuatrienio\u00bb. En sus palabras, este documento representa la bit\u00e1cora que delinear\u00e1 el rumbo del departamento, al incluir un plan plurianual de inversiones que materializar\u00e1 los proyectos propuestos y respaldados por la ciudadan\u00eda en las elecciones del 29 de octubre de 2023.<\/p>\n<p>\u00abCon esta ordenanza, establecemos las pol\u00edticas p\u00fablicas y los elementos necesarios para convertir al Huila en un territorio competitivo\u00bb, afirm\u00f3 el Gobernador. \u00abEsto nos permitir\u00e1 dar respuestas en materia de desarrollo durante los pr\u00f3ximos cuatro a\u00f1os. Vamos a utilizar de la mejor manera esta ruta de inversi\u00f3n para impulsar el progreso y el bienestar de todos los huilenses\u00bb.<\/p>\n<p>El Plan de Desarrollo \u00abPor un Huila Grande\u00bb proyecta una inversi\u00f3n de $5.232.479 millones, a trav\u00e9s de cinco pilares:<\/p>\n<p>1. Alianza por la seguridad y buen gobierno: con el objetivo de recuperar la seguridad en el departamento del Huila, contribuyendo a la consolidaci\u00f3n de una sociedad conviviente y pac\u00edfica, que conf\u00eda en sus instituciones y que aporta acciones concretas para el desarrollo econ\u00f3mico, social, ambiental y de infraestructura.<br \/>\n2. Alianza para el progreso social: con el objetivo de contribuir al desarrollo humano integral, el fomento y la potenciaci\u00f3n de las capacidades de toda la poblaci\u00f3n, con estrategias de inclusi\u00f3n, acceso a derechos y oportunidades, y promoci\u00f3n de la equidad para la igualdad.<\/p>\n<p>3. Alianza para el desarrollo econ\u00f3mico y la regionalizaci\u00f3n: con el objetivo de fortalecer las vocaciones econ\u00f3micas del departamento, con miras a potenciar su desarrollo econ\u00f3mico, tomando como punta de lanza las industrias tradicionales establecidas en la regi\u00f3n, como movilizadoras de empleo, formalizaci\u00f3n, competitividad, equidad y movilidad social.<\/p>\n<p>4. Alianza para la sostenibilidad ambiental: con el objetivo de garantizar la sostenibilidad ambiental del departamento, fortaleciendo los procesos de ordenamiento ambiental, conservaci\u00f3n de la biodiversidad y la gobernanza del territorio hacia la protecci\u00f3n de los recursos naturales, reconociendo el agua como factor de bienestar social, productividad y competitividad de todos los huilenses.<\/p>\n<p>5. Alianza por un Huila m\u00e1s productivo y sostenible: con el objetivo de brindar las herramientas financieras, tecnol\u00f3gicas y administrativas necesarias, que permitan potenciar y hacer del Huila un territorio m\u00e1s productivo y sostenible.<\/p>\n<p><strong>Cap\u00edtulo de inversiones para Neiva<\/strong><\/p>\n<p>El Gobernador del Huila, Rodrigo Villalba Mosquera, anunci\u00f3 la aprobaci\u00f3n de un cap\u00edtulo especial para Neiva dentro del reci\u00e9n sancionado Plan de Desarrollo \u201cPor un Huila Grande\u201d. Entre los proyectos destacados se encuentra la recuperaci\u00f3n del estadio de f\u00fatbol \u00abGuillermo Plazas Alcid\u00bb y una cofinanciaci\u00f3n destinada a mejorar la conectividad urbana mediante la construcci\u00f3n de un puente sobre el r\u00edo Las Ceibas, en el nororiente de la ciudad. Adem\u00e1s, se prev\u00e9 un plan integral de ornato y embellecimiento en la ribera del r\u00edo Las Ceibas, as\u00ed como la creaci\u00f3n de un parque ecol\u00f3gico en el sur de la ciudad, con el objetivo de promover la inclusi\u00f3n social y el desarrollo sostenible. Tambi\u00e9n se enfatiz\u00f3 la inversi\u00f3n en infraestructura para el sector rural y la promoci\u00f3n de la agroindustria en las zonas rurales de Neiva.<\/p>\n<p>Con la sanci\u00f3n de esta ordenanza, el Gobierno Departamental da un paso firme hacia la construcci\u00f3n de un Huila m\u00e1s pr\u00f3spero, inclusivo y competitivo. Se espera que la implementaci\u00f3n efectiva de este plan marque el inicio de una nueva era de progreso y desarrollo para toda la comunidad huilense.<\/p>\n","protected":false},"excerpt":{"rendered":"<p>n un acontecimiento trascendental para el futuro del departamento del Huila, el Gobierno liderado por Rodrigo Villalba Mosquera llev\u00f3 a cabo la sanci\u00f3n de la Ordenanza No. 009, la cual marca el inicio oficial del Plan de Desarrollo \u00abPor un Huila Grande\u00bb. Esta iniciativa, que cont\u00f3 con el respaldo pleno de la Asamblea Departamental del [&hellip;]<\/p>\n","protected":false},"author":2,"featured_media":73644,"comment_status":"closed","ping_status":"open","sticky":false,"template":"","format":"standard","meta":{"footnotes":""},"categories":[33],"tags":[],"class_list":["post-73643","post","type-post","status-publish","format-standard","has-post-thumbnail","hentry","category-huila"],"yoast_head":"<!-- This site is optimized with the Yoast SEO plugin v26.6 - https:\/\/yoast.com\/wordpress\/plugins\/seo\/ -->\n<title>V\u00eda libre para el Plan de Desarrollo Departamental -<\/title>\n<meta name=\"robots\" content=\"index, follow, max-snippet:-1, max-image-preview:large, max-video-preview:-1\" \/>\n<link rel=\"canonical\" href=\"https:\/\/luchonoticias.com\/editor\/via-libre-para-el-plan-de-desarrollo-departamental\/\" \/>\n<meta property=\"og:locale\" content=\"es_ES\" \/>\n<meta property=\"og:type\" content=\"article\" \/>\n<meta property=\"og:title\" content=\"V\u00eda libre para el Plan de Desarrollo Departamental -\" \/>\n<meta property=\"og:url\" content=\"https:\/\/luchonoticias.com\/editor\/via-libre-para-el-plan-de-desarrollo-departamental\/\" \/>\n<meta property=\"article:publisher\" content=\"https:\/\/www.facebook.com\/luchonoticiasneiva\" \/>\n<meta property=\"article:published_time\" content=\"2024-05-31T21:07:48+00:00\" \/>\n<meta property=\"og:image\" content=\"https:\/\/luchonoticias.com\/editor\/wp-content\/uploads\/2024\/05\/huila-asamblea-2.jpg\" \/>\n\t<meta property=\"og:image:width\" content=\"700\" \/>\n\t<meta property=\"og:image:height\" content=\"400\" \/>\n\t<meta property=\"og:image:type\" content=\"image\/jpeg\" \/>\n<meta name=\"author\" content=\"Editor General\" \/>\n<meta name=\"twitter:card\" content=\"summary_large_image\" \/>\n<meta name=\"twitter:label1\" content=\"Escrito por\" \/>\n\t<meta name=\"twitter:data1\" content=\"Editor General\" \/>\n\t<meta name=\"twitter:label2\" content=\"Tiempo de lectura\" \/>\n\t<meta name=\"twitter:data2\" content=\"3 minutos\" \/>\n<script type=\"application\/ld+json\" class=\"yoast-schema-graph\">{\"@context\":\"https:\/\/schema.org\",\"@graph\":[{\"@type\":\"Article\",\"@id\":\"https:\/\/luchonoticias.com\/editor\/via-libre-para-el-plan-de-desarrollo-departamental\/#article\",\"isPartOf\":{\"@id\":\"https:\/\/luchonoticias.com\/editor\/via-libre-para-el-plan-de-desarrollo-departamental\/\"},\"author\":{\"name\":\"Editor General\",\"@id\":\"https:\/\/luchonoticias.com\/editor\/#\/schema\/person\/29217990ddf6f14e35912b2866d591fb\"},\"headline\":\"V\u00eda libre para el Plan de Desarrollo Departamental\",\"datePublished\":\"2024-05-31T21:07:48+00:00\",\"mainEntityOfPage\":{\"@id\":\"https:\/\/luchonoticias.com\/editor\/via-libre-para-el-plan-de-desarrollo-departamental\/\"},\"wordCount\":685,\"publisher\":{\"@id\":\"https:\/\/luchonoticias.com\/editor\/#\/schema\/person\/7a7fd911f58561fd056dbac7b55af9cd\"},\"image\":{\"@id\":\"https:\/\/luchonoticias.com\/editor\/via-libre-para-el-plan-de-desarrollo-departamental\/#primaryimage\"},\"thumbnailUrl\":\"https:\/\/luchonoticias.com\/editor\/wp-content\/uploads\/2024\/05\/huila-asamblea-2.jpg\",\"articleSection\":[\"Huila\"],\"inLanguage\":\"es\"},{\"@type\":\"WebPage\",\"@id\":\"https:\/\/luchonoticias.com\/editor\/via-libre-para-el-plan-de-desarrollo-departamental\/\",\"url\":\"https:\/\/luchonoticias.com\/editor\/via-libre-para-el-plan-de-desarrollo-departamental\/\",\"name\":\"V\u00eda libre para el Plan de Desarrollo Departamental -\",\"isPartOf\":{\"@id\":\"https:\/\/luchonoticias.com\/editor\/#website\"},\"primaryImageOfPage\":{\"@id\":\"https:\/\/luchonoticias.com\/editor\/via-libre-para-el-plan-de-desarrollo-departamental\/#primaryimage\"},\"image\":{\"@id\":\"https:\/\/luchonoticias.com\/editor\/via-libre-para-el-plan-de-desarrollo-departamental\/#primaryimage\"},\"thumbnailUrl\":\"https:\/\/luchonoticias.com\/editor\/wp-content\/uploads\/2024\/05\/huila-asamblea-2.jpg\",\"datePublished\":\"2024-05-31T21:07:48+00:00\",\"breadcrumb\":{\"@id\":\"https:\/\/luchonoticias.com\/editor\/via-libre-para-el-plan-de-desarrollo-departamental\/#breadcrumb\"},\"inLanguage\":\"es\",\"potentialAction\":[{\"@type\":\"ReadAction\",\"target\":[\"https:\/\/luchonoticias.com\/editor\/via-libre-para-el-plan-de-desarrollo-departamental\/\"]}]},{\"@type\":\"ImageObject\",\"inLanguage\":\"es\",\"@id\":\"https:\/\/luchonoticias.com\/editor\/via-libre-para-el-plan-de-desarrollo-departamental\/#primaryimage\",\"url\":\"https:\/\/luchonoticias.com\/editor\/wp-content\/uploads\/2024\/05\/huila-asamblea-2.jpg\",\"contentUrl\":\"https:\/\/luchonoticias.com\/editor\/wp-content\/uploads\/2024\/05\/huila-asamblea-2.jpg\",\"width\":700,\"height\":400},{\"@type\":\"BreadcrumbList\",\"@id\":\"https:\/\/luchonoticias.com\/editor\/via-libre-para-el-plan-de-desarrollo-departamental\/#breadcrumb\",\"itemListElement\":[{\"@type\":\"ListItem\",\"position\":1,\"name\":\"Portada\",\"item\":\"https:\/\/luchonoticias.com\/editor\/\"},{\"@type\":\"ListItem\",\"position\":2,\"name\":\"V\u00eda libre para el Plan de Desarrollo Departamental\"}]},{\"@type\":\"WebSite\",\"@id\":\"https:\/\/luchonoticias.com\/editor\/#website\",\"url\":\"https:\/\/luchonoticias.com\/editor\/\",\"name\":\"\",\"description\":\"\",\"publisher\":{\"@id\":\"https:\/\/luchonoticias.com\/editor\/#\/schema\/person\/7a7fd911f58561fd056dbac7b55af9cd\"},\"potentialAction\":[{\"@type\":\"SearchAction\",\"target\":{\"@type\":\"EntryPoint\",\"urlTemplate\":\"https:\/\/luchonoticias.com\/editor\/?s={search_term_string}\"},\"query-input\":{\"@type\":\"PropertyValueSpecification\",\"valueRequired\":true,\"valueName\":\"search_term_string\"}}],\"inLanguage\":\"es\"},{\"@type\":[\"Person\",\"Organization\"],\"@id\":\"https:\/\/luchonoticias.com\/editor\/#\/schema\/person\/7a7fd911f58561fd056dbac7b55af9cd\",\"name\":\"admin\",\"image\":{\"@type\":\"ImageObject\",\"inLanguage\":\"es\",\"@id\":\"https:\/\/luchonoticias.com\/editor\/#\/schema\/person\/image\/\",\"url\":\"https:\/\/luchonoticias.com\/editor\/wp-content\/uploads\/2024\/02\/cropped-cropped-logolu.webp\",\"contentUrl\":\"https:\/\/luchonoticias.com\/editor\/wp-content\/uploads\/2024\/02\/cropped-cropped-logolu.webp\",\"width\":382,\"height\":170,\"caption\":\"admin\"},\"logo\":{\"@id\":\"https:\/\/luchonoticias.com\/editor\/#\/schema\/person\/image\/\"},\"sameAs\":[\"https:\/\/www.facebook.com\/luchonoticiasneiva\"]},{\"@type\":\"Person\",\"@id\":\"https:\/\/luchonoticias.com\/editor\/#\/schema\/person\/29217990ddf6f14e35912b2866d591fb\",\"name\":\"Editor General\",\"image\":{\"@type\":\"ImageObject\",\"inLanguage\":\"es\",\"@id\":\"https:\/\/luchonoticias.com\/editor\/#\/schema\/person\/image\/\",\"url\":\"https:\/\/luchonoticias.com\/editor\/wp-content\/uploads\/2024\/02\/cropped-cropped-logolu-150x150.webp\",\"contentUrl\":\"https:\/\/luchonoticias.com\/editor\/wp-content\/uploads\/2024\/02\/cropped-cropped-logolu-150x150.webp\",\"caption\":\"Editor General\"},\"sameAs\":[\"https:\/\/luchonoticias.com\/\"],\"url\":\"https:\/\/luchonoticias.com\/editor\/author\/editor-general\/\"}]}<\/script>\n<!-- \/ Yoast SEO plugin. -->","yoast_head_json":{"title":"V\u00eda libre para el Plan de Desarrollo Departamental -","robots":{"index":"index","follow":"follow","max-snippet":"max-snippet:-1","max-image-preview":"max-image-preview:large","max-video-preview":"max-video-preview:-1"},"canonical":"https:\/\/luchonoticias.com\/editor\/via-libre-para-el-plan-de-desarrollo-departamental\/","og_locale":"es_ES","og_type":"article","og_title":"V\u00eda libre para el Plan de Desarrollo Departamental -","og_url":"https:\/\/luchonoticias.com\/editor\/via-libre-para-el-plan-de-desarrollo-departamental\/","article_publisher":"https:\/\/www.facebook.com\/luchonoticiasneiva","article_published_time":"2024-05-31T21:07:48+00:00","og_image":[{"width":700,"height":400,"url":"https:\/\/luchonoticias.com\/editor\/wp-content\/uploads\/2024\/05\/huila-asamblea-2.jpg","type":"image\/jpeg"}],"author":"Editor General","twitter_card":"summary_large_image","twitter_misc":{"Escrito por":"Editor General","Tiempo de lectura":"3 minutos"},"schema":{"@context":"https:\/\/schema.org","@graph":[{"@type":"Article","@id":"https:\/\/luchonoticias.com\/editor\/via-libre-para-el-plan-de-desarrollo-departamental\/#article","isPartOf":{"@id":"https:\/\/luchonoticias.com\/editor\/via-libre-para-el-plan-de-desarrollo-departamental\/"},"author":{"name":"Editor General","@id":"https:\/\/luchonoticias.com\/editor\/#\/schema\/person\/29217990ddf6f14e35912b2866d591fb"},"headline":"V\u00eda libre para el Plan de Desarrollo Departamental","datePublished":"2024-05-31T21:07:48+00:00","mainEntityOfPage":{"@id":"https:\/\/luchonoticias.com\/editor\/via-libre-para-el-plan-de-desarrollo-departamental\/"},"wordCount":685,"publisher":{"@id":"https:\/\/luchonoticias.com\/editor\/#\/schema\/person\/7a7fd911f58561fd056dbac7b55af9cd"},"image":{"@id":"https:\/\/luchonoticias.com\/editor\/via-libre-para-el-plan-de-desarrollo-departamental\/#primaryimage"},"thumbnailUrl":"https:\/\/luchonoticias.com\/editor\/wp-content\/uploads\/2024\/05\/huila-asamblea-2.jpg","articleSection":["Huila"],"inLanguage":"es"},{"@type":"WebPage","@id":"https:\/\/luchonoticias.com\/editor\/via-libre-para-el-plan-de-desarrollo-departamental\/","url":"https:\/\/luchonoticias.com\/editor\/via-libre-para-el-plan-de-desarrollo-departamental\/","name":"V\u00eda libre para el Plan de Desarrollo Departamental -","isPartOf":{"@id":"https:\/\/luchonoticias.com\/editor\/#website"},"primaryImageOfPage":{"@id":"https:\/\/luchonoticias.com\/editor\/via-libre-para-el-plan-de-desarrollo-departamental\/#primaryimage"},"image":{"@id":"https:\/\/luchonoticias.com\/editor\/via-libre-para-el-plan-de-desarrollo-departamental\/#primaryimage"},"thumbnailUrl":"https:\/\/luchonoticias.com\/editor\/wp-content\/uploads\/2024\/05\/huila-asamblea-2.jpg","datePublished":"2024-05-31T21:07:48+00:00","breadcrumb":{"@id":"https:\/\/luchonoticias.com\/editor\/via-libre-para-el-plan-de-desarrollo-departamental\/#breadcrumb"},"inLanguage":"es","potentialAction":[{"@type":"ReadAction","target":["https:\/\/luchonoticias.com\/editor\/via-libre-para-el-plan-de-desarrollo-departamental\/"]}]},{"@type":"ImageObject","inLanguage":"es","@id":"https:\/\/luchonoticias.com\/editor\/via-libre-para-el-plan-de-desarrollo-departamental\/#primaryimage","url":"https:\/\/luchonoticias.com\/editor\/wp-content\/uploads\/2024\/05\/huila-asamblea-2.jpg","contentUrl":"https:\/\/luchonoticias.com\/editor\/wp-content\/uploads\/2024\/05\/huila-asamblea-2.jpg","width":700,"height":400},{"@type":"BreadcrumbList","@id":"https:\/\/luchonoticias.com\/editor\/via-libre-para-el-plan-de-desarrollo-departamental\/#breadcrumb","itemListElement":[{"@type":"ListItem","position":1,"name":"Portada","item":"https:\/\/luchonoticias.com\/editor\/"},{"@type":"ListItem","position":2,"name":"V\u00eda libre para el Plan de Desarrollo Departamental"}]},{"@type":"WebSite","@id":"https:\/\/luchonoticias.com\/editor\/#website","url":"https:\/\/luchonoticias.com\/editor\/","name":"","description":"","publisher":{"@id":"https:\/\/luchonoticias.com\/editor\/#\/schema\/person\/7a7fd911f58561fd056dbac7b55af9cd"},"potentialAction":[{"@type":"SearchAction","target":{"@type":"EntryPoint","urlTemplate":"https:\/\/luchonoticias.com\/editor\/?s={search_term_string}"},"query-input":{"@type":"PropertyValueSpecification","valueRequired":true,"valueName":"search_term_string"}}],"inLanguage":"es"},{"@type":["Person","Organization"],"@id":"https:\/\/luchonoticias.com\/editor\/#\/schema\/person\/7a7fd911f58561fd056dbac7b55af9cd","name":"admin","image":{"@type":"ImageObject","inLanguage":"es","@id":"https:\/\/luchonoticias.com\/editor\/#\/schema\/person\/image\/","url":"https:\/\/luchonoticias.com\/editor\/wp-content\/uploads\/2024\/02\/cropped-cropped-logolu.webp","contentUrl":"https:\/\/luchonoticias.com\/editor\/wp-content\/uploads\/2024\/02\/cropped-cropped-logolu.webp","width":382,"height":170,"caption":"admin"},"logo":{"@id":"https:\/\/luchonoticias.com\/editor\/#\/schema\/person\/image\/"},"sameAs":["https:\/\/www.facebook.com\/luchonoticiasneiva"]},{"@type":"Person","@id":"https:\/\/luchonoticias.com\/editor\/#\/schema\/person\/29217990ddf6f14e35912b2866d591fb","name":"Editor General","image":{"@type":"ImageObject","inLanguage":"es","@id":"https:\/\/luchonoticias.com\/editor\/#\/schema\/person\/image\/","url":"https:\/\/luchonoticias.com\/editor\/wp-content\/uploads\/2024\/02\/cropped-cropped-logolu-150x150.webp","contentUrl":"https:\/\/luchonoticias.com\/editor\/wp-content\/uploads\/2024\/02\/cropped-cropped-logolu-150x150.webp","caption":"Editor General"},"sameAs":["https:\/\/luchonoticias.com\/"],"url":"https:\/\/luchonoticias.com\/editor\/author\/editor-general\/"}]}},"_links":{"self":[{"href":"https:\/\/luchonoticias.com\/editor\/wp-json\/wp\/v2\/posts\/73643","targetHints":{"allow":["GET"]}}],"collection":[{"href":"https:\/\/luchonoticias.com\/editor\/wp-json\/wp\/v2\/posts"}],"about":[{"href":"https:\/\/luchonoticias.com\/editor\/wp-json\/wp\/v2\/types\/post"}],"author":[{"embeddable":true,"href":"https:\/\/luchonoticias.com\/editor\/wp-json\/wp\/v2\/users\/2"}],"replies":[{"embeddable":true,"href":"https:\/\/luchonoticias.com\/editor\/wp-json\/wp\/v2\/comments?post=73643"}],"version-history":[{"count":0,"href":"https:\/\/luchonoticias.com\/editor\/wp-json\/wp\/v2\/posts\/73643\/revisions"}],"wp:featuredmedia":[{"embeddable":true,"href":"https:\/\/luchonoticias.com\/editor\/wp-json\/wp\/v2\/media\/73644"}],"wp:attachment":[{"href":"https:\/\/luchonoticias.com\/editor\/wp-json\/wp\/v2\/media?parent=73643"}],"wp:term":[{"taxonomy":"category","embeddable":true,"href":"https:\/\/luchonoticias.com\/editor\/wp-json\/wp\/v2\/categories?post=73643"},{"taxonomy":"post_tag","embeddable":true,"href":"https:\/\/luchonoticias.com\/editor\/wp-json\/wp\/v2\/tags?post=73643"}],"curies":[{"name":"wp","href":"https:\/\/api.w.org\/{rel}","templated":true}]}}