{"id":73646,"date":"2024-05-31T18:24:31","date_gmt":"2024-05-31T23:24:31","guid":{"rendered":"https:\/\/luchonoticias.com\/?p=73646"},"modified":"2024-05-31T18:24:31","modified_gmt":"2024-05-31T23:24:31","slug":"neiva-ya-tiene-su-plan-de-desarrollo-aprobado","status":"publish","type":"post","link":"https:\/\/luchonoticias.com\/editor\/neiva-ya-tiene-su-plan-de-desarrollo-aprobado\/","title":{"rendered":"Neiva ya tiene su Plan de Desarrollo aprobado"},"content":{"rendered":"<p>En la plenaria del Concejo se desarroll\u00f3 el debate que aunque dur\u00f3 m\u00e1s de 12 horas, logr\u00f3 responder las inquietudes de los concejales, quienes dieron sus aportes frente al Plan de Desarrollo Municipal, hoja de ruta que tuvo todo lo necesario para ser aprobado.<\/p>\n<p>El Plan de Desarrollo, cont\u00f3 con componentes estrat\u00e9gicos, financieros y de regal\u00edas, sumando adem\u00e1s proyectos clave, que prometen generar en Neiva un desarrollo econ\u00f3mico y social para los pr\u00f3ximos cuatro a\u00f1os, con un financiamiento de m\u00e1s de 3 mil billones de pesos.<\/p>\n<p>Los concejales que votaron positivo fueron: Dagoberto G\u00f3mez, H\u00e9ctor Camilo Perdomo, Juan Carlos Parada, Johan Steed Ortiz, Juan Sebastian Camacho, Juan Diego Amaya, Miller Osorio, Juan Sebasti\u00e1n Prieto, H\u00e9ctor Javier Osorio, F\u00e9lix Felipe Trujillo, Ramiro Vidal Ben\u00edtez, Cristhian Bautista, Jes\u00fas Garz\u00f3n Roa , Roberto Escobar Beltr\u00e1n, Luis Alejandro Serna, Lourdes Mateus y Humberto Perdomo.<\/p>\n<p><strong>Construcci\u00f3n con la ciudadan\u00eda<\/strong><\/p>\n<p>La creaci\u00f3n del Plan de Desarrollo fue posible gracias a las m\u00e1s de 23 mesas de di\u00e1logos sociales en las comunas, corregimientos y diferentes sectores del Municipio, que tuvo como objetivo integrar a los neivanos a que, junto con la Administraci\u00f3n Municipal, construyeran esta carta de navegaci\u00f3n acorde a sus necesidades, convirti\u00e9ndose en un escenario de escucha social para tener un proyecto plural y diverso.<\/p>\n<p>Camilo G\u00f3mez, directo del Departamento Administrativo de Planeaci\u00f3n indic\u00f3 que \u201cgracias a nuestros presidentes de juntas, ediles, concejales, por sus sugerencias y observaciones, permitiendo as\u00ed construir un Plan de Desarrollo participativo\u201d. De igual forma agreg\u00f3 \u201crealizamos 24 mesas de di\u00e1logos sociales, 12 sesiones de comisi\u00f3n en el Concejo de Neiva y una semana reunidos con nuestros concejales, para unificar estas sugerencias que tanto necesita nuestro Municipio\u201d<\/p>\n<p>El Concejo Territorial de Planeaci\u00f3n (CTP), Presidentes de Juntas de Acci\u00f3n Comunal (JAC) y Juntas Administradoras Locales (JAL), Ediles, Organizaciones de Mujeres, Comunidades Ind\u00edgenas, Comunidades Afrocolombianas (NARP), entre otras, participaron de los di\u00e1logos sociales para la construcci\u00f3n de este plan de desarrollo.<\/p>\n<p>Dentro de los proyectos destacados, se encuentran la soluci\u00f3n vial conexi\u00f3n Sector Tesoro &#8211; Ca\u00f1a Brava, la construcci\u00f3n y habilitaci\u00f3n del malec\u00f3n R\u00edo Magdalena, construcci\u00f3n y mejoramiento de la malla vial urbana, construcci\u00f3n placa huella en la zona rural, entre muchos otros que traer\u00e1n bienestar y progreso a la comunidad neivana.<\/p>\n<p>La Administraci\u00f3n Municipal, en cabeza del ingeniero Germ\u00e1n Casagua Bonilla, reafirma su compromiso por recuperar la confianza de la ciudadan\u00eda en la instituci\u00f3n p\u00fablica municipal, con un trabajo transparente, t\u00e9cnico y eficiente.<\/p>\n","protected":false},"excerpt":{"rendered":"<p>En la plenaria del Concejo se desarroll\u00f3 el debate que aunque dur\u00f3 m\u00e1s de 12 horas, logr\u00f3 responder las inquietudes de los concejales, quienes dieron sus aportes frente al Plan de Desarrollo Municipal, hoja de ruta que tuvo todo lo necesario para ser aprobado. El Plan de Desarrollo, cont\u00f3 con componentes estrat\u00e9gicos, financieros y de [&hellip;]<\/p>\n","protected":false},"author":2,"featured_media":73647,"comment_status":"closed","ping_status":"open","sticky":false,"template":"","format":"standard","meta":{"footnotes":""},"categories":[31],"tags":[],"class_list":["post-73646","post","type-post","status-publish","format-standard","has-post-thumbnail","hentry","category-local"],"yoast_head":"<!-- This site is optimized with the Yoast SEO plugin v26.6 - https:\/\/yoast.com\/wordpress\/plugins\/seo\/ -->\n<title>Neiva ya tiene su Plan de Desarrollo aprobado -<\/title>\n<meta name=\"robots\" content=\"index, follow, max-snippet:-1, max-image-preview:large, max-video-preview:-1\" \/>\n<link rel=\"canonical\" href=\"https:\/\/luchonoticias.com\/editor\/neiva-ya-tiene-su-plan-de-desarrollo-aprobado\/\" \/>\n<meta property=\"og:locale\" content=\"es_ES\" \/>\n<meta property=\"og:type\" content=\"article\" \/>\n<meta property=\"og:title\" content=\"Neiva ya tiene su Plan de Desarrollo aprobado -\" \/>\n<meta property=\"og:url\" content=\"https:\/\/luchonoticias.com\/editor\/neiva-ya-tiene-su-plan-de-desarrollo-aprobado\/\" \/>\n<meta property=\"article:publisher\" content=\"https:\/\/www.facebook.com\/luchonoticiasneiva\" \/>\n<meta property=\"article:published_time\" content=\"2024-05-31T23:24:31+00:00\" \/>\n<meta property=\"og:image\" content=\"https:\/\/luchonoticias.com\/editor\/wp-content\/uploads\/2024\/05\/concejo.jpg\" \/>\n\t<meta property=\"og:image:width\" content=\"700\" \/>\n\t<meta property=\"og:image:height\" content=\"400\" \/>\n\t<meta property=\"og:image:type\" content=\"image\/jpeg\" \/>\n<meta name=\"author\" content=\"Editor General\" \/>\n<meta name=\"twitter:card\" content=\"summary_large_image\" \/>\n<meta name=\"twitter:label1\" content=\"Escrito por\" \/>\n\t<meta name=\"twitter:data1\" content=\"Editor General\" \/>\n\t<meta name=\"twitter:label2\" content=\"Tiempo de lectura\" \/>\n\t<meta name=\"twitter:data2\" content=\"2 minutos\" \/>\n<script type=\"application\/ld+json\" class=\"yoast-schema-graph\">{\"@context\":\"https:\/\/schema.org\",\"@graph\":[{\"@type\":\"Article\",\"@id\":\"https:\/\/luchonoticias.com\/editor\/neiva-ya-tiene-su-plan-de-desarrollo-aprobado\/#article\",\"isPartOf\":{\"@id\":\"https:\/\/luchonoticias.com\/editor\/neiva-ya-tiene-su-plan-de-desarrollo-aprobado\/\"},\"author\":{\"name\":\"Editor General\",\"@id\":\"https:\/\/luchonoticias.com\/editor\/#\/schema\/person\/29217990ddf6f14e35912b2866d591fb\"},\"headline\":\"Neiva ya tiene su Plan de Desarrollo aprobado\",\"datePublished\":\"2024-05-31T23:24:31+00:00\",\"mainEntityOfPage\":{\"@id\":\"https:\/\/luchonoticias.com\/editor\/neiva-ya-tiene-su-plan-de-desarrollo-aprobado\/\"},\"wordCount\":452,\"publisher\":{\"@id\":\"https:\/\/luchonoticias.com\/editor\/#\/schema\/person\/7a7fd911f58561fd056dbac7b55af9cd\"},\"image\":{\"@id\":\"https:\/\/luchonoticias.com\/editor\/neiva-ya-tiene-su-plan-de-desarrollo-aprobado\/#primaryimage\"},\"thumbnailUrl\":\"https:\/\/luchonoticias.com\/editor\/wp-content\/uploads\/2024\/05\/concejo.jpg\",\"articleSection\":[\"Local\"],\"inLanguage\":\"es\"},{\"@type\":\"WebPage\",\"@id\":\"https:\/\/luchonoticias.com\/editor\/neiva-ya-tiene-su-plan-de-desarrollo-aprobado\/\",\"url\":\"https:\/\/luchonoticias.com\/editor\/neiva-ya-tiene-su-plan-de-desarrollo-aprobado\/\",\"name\":\"Neiva ya tiene su Plan de Desarrollo aprobado -\",\"isPartOf\":{\"@id\":\"https:\/\/luchonoticias.com\/editor\/#website\"},\"primaryImageOfPage\":{\"@id\":\"https:\/\/luchonoticias.com\/editor\/neiva-ya-tiene-su-plan-de-desarrollo-aprobado\/#primaryimage\"},\"image\":{\"@id\":\"https:\/\/luchonoticias.com\/editor\/neiva-ya-tiene-su-plan-de-desarrollo-aprobado\/#primaryimage\"},\"thumbnailUrl\":\"https:\/\/luchonoticias.com\/editor\/wp-content\/uploads\/2024\/05\/concejo.jpg\",\"datePublished\":\"2024-05-31T23:24:31+00:00\",\"breadcrumb\":{\"@id\":\"https:\/\/luchonoticias.com\/editor\/neiva-ya-tiene-su-plan-de-desarrollo-aprobado\/#breadcrumb\"},\"inLanguage\":\"es\",\"potentialAction\":[{\"@type\":\"ReadAction\",\"target\":[\"https:\/\/luchonoticias.com\/editor\/neiva-ya-tiene-su-plan-de-desarrollo-aprobado\/\"]}]},{\"@type\":\"ImageObject\",\"inLanguage\":\"es\",\"@id\":\"https:\/\/luchonoticias.com\/editor\/neiva-ya-tiene-su-plan-de-desarrollo-aprobado\/#primaryimage\",\"url\":\"https:\/\/luchonoticias.com\/editor\/wp-content\/uploads\/2024\/05\/concejo.jpg\",\"contentUrl\":\"https:\/\/luchonoticias.com\/editor\/wp-content\/uploads\/2024\/05\/concejo.jpg\",\"width\":700,\"height\":400},{\"@type\":\"BreadcrumbList\",\"@id\":\"https:\/\/luchonoticias.com\/editor\/neiva-ya-tiene-su-plan-de-desarrollo-aprobado\/#breadcrumb\",\"itemListElement\":[{\"@type\":\"ListItem\",\"position\":1,\"name\":\"Portada\",\"item\":\"https:\/\/luchonoticias.com\/editor\/\"},{\"@type\":\"ListItem\",\"position\":2,\"name\":\"Neiva ya tiene su Plan de Desarrollo aprobado\"}]},{\"@type\":\"WebSite\",\"@id\":\"https:\/\/luchonoticias.com\/editor\/#website\",\"url\":\"https:\/\/luchonoticias.com\/editor\/\",\"name\":\"\",\"description\":\"\",\"publisher\":{\"@id\":\"https:\/\/luchonoticias.com\/editor\/#\/schema\/person\/7a7fd911f58561fd056dbac7b55af9cd\"},\"potentialAction\":[{\"@type\":\"SearchAction\",\"target\":{\"@type\":\"EntryPoint\",\"urlTemplate\":\"https:\/\/luchonoticias.com\/editor\/?s={search_term_string}\"},\"query-input\":{\"@type\":\"PropertyValueSpecification\",\"valueRequired\":true,\"valueName\":\"search_term_string\"}}],\"inLanguage\":\"es\"},{\"@type\":[\"Person\",\"Organization\"],\"@id\":\"https:\/\/luchonoticias.com\/editor\/#\/schema\/person\/7a7fd911f58561fd056dbac7b55af9cd\",\"name\":\"admin\",\"image\":{\"@type\":\"ImageObject\",\"inLanguage\":\"es\",\"@id\":\"https:\/\/luchonoticias.com\/editor\/#\/schema\/person\/image\/\",\"url\":\"https:\/\/luchonoticias.com\/editor\/wp-content\/uploads\/2024\/02\/cropped-cropped-logolu.webp\",\"contentUrl\":\"https:\/\/luchonoticias.com\/editor\/wp-content\/uploads\/2024\/02\/cropped-cropped-logolu.webp\",\"width\":382,\"height\":170,\"caption\":\"admin\"},\"logo\":{\"@id\":\"https:\/\/luchonoticias.com\/editor\/#\/schema\/person\/image\/\"},\"sameAs\":[\"https:\/\/www.facebook.com\/luchonoticiasneiva\"]},{\"@type\":\"Person\",\"@id\":\"https:\/\/luchonoticias.com\/editor\/#\/schema\/person\/29217990ddf6f14e35912b2866d591fb\",\"name\":\"Editor General\",\"image\":{\"@type\":\"ImageObject\",\"inLanguage\":\"es\",\"@id\":\"https:\/\/luchonoticias.com\/editor\/#\/schema\/person\/image\/\",\"url\":\"https:\/\/luchonoticias.com\/editor\/wp-content\/uploads\/2024\/02\/cropped-cropped-logolu-150x150.webp\",\"contentUrl\":\"https:\/\/luchonoticias.com\/editor\/wp-content\/uploads\/2024\/02\/cropped-cropped-logolu-150x150.webp\",\"caption\":\"Editor General\"},\"sameAs\":[\"https:\/\/luchonoticias.com\/\"],\"url\":\"https:\/\/luchonoticias.com\/editor\/author\/editor-general\/\"}]}<\/script>\n<!-- \/ Yoast SEO plugin. -->","yoast_head_json":{"title":"Neiva ya tiene su Plan de Desarrollo aprobado -","robots":{"index":"index","follow":"follow","max-snippet":"max-snippet:-1","max-image-preview":"max-image-preview:large","max-video-preview":"max-video-preview:-1"},"canonical":"https:\/\/luchonoticias.com\/editor\/neiva-ya-tiene-su-plan-de-desarrollo-aprobado\/","og_locale":"es_ES","og_type":"article","og_title":"Neiva ya tiene su Plan de Desarrollo aprobado -","og_url":"https:\/\/luchonoticias.com\/editor\/neiva-ya-tiene-su-plan-de-desarrollo-aprobado\/","article_publisher":"https:\/\/www.facebook.com\/luchonoticiasneiva","article_published_time":"2024-05-31T23:24:31+00:00","og_image":[{"width":700,"height":400,"url":"https:\/\/luchonoticias.com\/editor\/wp-content\/uploads\/2024\/05\/concejo.jpg","type":"image\/jpeg"}],"author":"Editor General","twitter_card":"summary_large_image","twitter_misc":{"Escrito por":"Editor General","Tiempo de lectura":"2 minutos"},"schema":{"@context":"https:\/\/schema.org","@graph":[{"@type":"Article","@id":"https:\/\/luchonoticias.com\/editor\/neiva-ya-tiene-su-plan-de-desarrollo-aprobado\/#article","isPartOf":{"@id":"https:\/\/luchonoticias.com\/editor\/neiva-ya-tiene-su-plan-de-desarrollo-aprobado\/"},"author":{"name":"Editor General","@id":"https:\/\/luchonoticias.com\/editor\/#\/schema\/person\/29217990ddf6f14e35912b2866d591fb"},"headline":"Neiva ya tiene su Plan de Desarrollo aprobado","datePublished":"2024-05-31T23:24:31+00:00","mainEntityOfPage":{"@id":"https:\/\/luchonoticias.com\/editor\/neiva-ya-tiene-su-plan-de-desarrollo-aprobado\/"},"wordCount":452,"publisher":{"@id":"https:\/\/luchonoticias.com\/editor\/#\/schema\/person\/7a7fd911f58561fd056dbac7b55af9cd"},"image":{"@id":"https:\/\/luchonoticias.com\/editor\/neiva-ya-tiene-su-plan-de-desarrollo-aprobado\/#primaryimage"},"thumbnailUrl":"https:\/\/luchonoticias.com\/editor\/wp-content\/uploads\/2024\/05\/concejo.jpg","articleSection":["Local"],"inLanguage":"es"},{"@type":"WebPage","@id":"https:\/\/luchonoticias.com\/editor\/neiva-ya-tiene-su-plan-de-desarrollo-aprobado\/","url":"https:\/\/luchonoticias.com\/editor\/neiva-ya-tiene-su-plan-de-desarrollo-aprobado\/","name":"Neiva ya tiene su Plan de Desarrollo aprobado -","isPartOf":{"@id":"https:\/\/luchonoticias.com\/editor\/#website"},"primaryImageOfPage":{"@id":"https:\/\/luchonoticias.com\/editor\/neiva-ya-tiene-su-plan-de-desarrollo-aprobado\/#primaryimage"},"image":{"@id":"https:\/\/luchonoticias.com\/editor\/neiva-ya-tiene-su-plan-de-desarrollo-aprobado\/#primaryimage"},"thumbnailUrl":"https:\/\/luchonoticias.com\/editor\/wp-content\/uploads\/2024\/05\/concejo.jpg","datePublished":"2024-05-31T23:24:31+00:00","breadcrumb":{"@id":"https:\/\/luchonoticias.com\/editor\/neiva-ya-tiene-su-plan-de-desarrollo-aprobado\/#breadcrumb"},"inLanguage":"es","potentialAction":[{"@type":"ReadAction","target":["https:\/\/luchonoticias.com\/editor\/neiva-ya-tiene-su-plan-de-desarrollo-aprobado\/"]}]},{"@type":"ImageObject","inLanguage":"es","@id":"https:\/\/luchonoticias.com\/editor\/neiva-ya-tiene-su-plan-de-desarrollo-aprobado\/#primaryimage","url":"https:\/\/luchonoticias.com\/editor\/wp-content\/uploads\/2024\/05\/concejo.jpg","contentUrl":"https:\/\/luchonoticias.com\/editor\/wp-content\/uploads\/2024\/05\/concejo.jpg","width":700,"height":400},{"@type":"BreadcrumbList","@id":"https:\/\/luchonoticias.com\/editor\/neiva-ya-tiene-su-plan-de-desarrollo-aprobado\/#breadcrumb","itemListElement":[{"@type":"ListItem","position":1,"name":"Portada","item":"https:\/\/luchonoticias.com\/editor\/"},{"@type":"ListItem","position":2,"name":"Neiva ya tiene su Plan de Desarrollo aprobado"}]},{"@type":"WebSite","@id":"https:\/\/luchonoticias.com\/editor\/#website","url":"https:\/\/luchonoticias.com\/editor\/","name":"","description":"","publisher":{"@id":"https:\/\/luchonoticias.com\/editor\/#\/schema\/person\/7a7fd911f58561fd056dbac7b55af9cd"},"potentialAction":[{"@type":"SearchAction","target":{"@type":"EntryPoint","urlTemplate":"https:\/\/luchonoticias.com\/editor\/?s={search_term_string}"},"query-input":{"@type":"PropertyValueSpecification","valueRequired":true,"valueName":"search_term_string"}}],"inLanguage":"es"},{"@type":["Person","Organization"],"@id":"https:\/\/luchonoticias.com\/editor\/#\/schema\/person\/7a7fd911f58561fd056dbac7b55af9cd","name":"admin","image":{"@type":"ImageObject","inLanguage":"es","@id":"https:\/\/luchonoticias.com\/editor\/#\/schema\/person\/image\/","url":"https:\/\/luchonoticias.com\/editor\/wp-content\/uploads\/2024\/02\/cropped-cropped-logolu.webp","contentUrl":"https:\/\/luchonoticias.com\/editor\/wp-content\/uploads\/2024\/02\/cropped-cropped-logolu.webp","width":382,"height":170,"caption":"admin"},"logo":{"@id":"https:\/\/luchonoticias.com\/editor\/#\/schema\/person\/image\/"},"sameAs":["https:\/\/www.facebook.com\/luchonoticiasneiva"]},{"@type":"Person","@id":"https:\/\/luchonoticias.com\/editor\/#\/schema\/person\/29217990ddf6f14e35912b2866d591fb","name":"Editor General","image":{"@type":"ImageObject","inLanguage":"es","@id":"https:\/\/luchonoticias.com\/editor\/#\/schema\/person\/image\/","url":"https:\/\/luchonoticias.com\/editor\/wp-content\/uploads\/2024\/02\/cropped-cropped-logolu-150x150.webp","contentUrl":"https:\/\/luchonoticias.com\/editor\/wp-content\/uploads\/2024\/02\/cropped-cropped-logolu-150x150.webp","caption":"Editor General"},"sameAs":["https:\/\/luchonoticias.com\/"],"url":"https:\/\/luchonoticias.com\/editor\/author\/editor-general\/"}]}},"_links":{"self":[{"href":"https:\/\/luchonoticias.com\/editor\/wp-json\/wp\/v2\/posts\/73646","targetHints":{"allow":["GET"]}}],"collection":[{"href":"https:\/\/luchonoticias.com\/editor\/wp-json\/wp\/v2\/posts"}],"about":[{"href":"https:\/\/luchonoticias.com\/editor\/wp-json\/wp\/v2\/types\/post"}],"author":[{"embeddable":true,"href":"https:\/\/luchonoticias.com\/editor\/wp-json\/wp\/v2\/users\/2"}],"replies":[{"embeddable":true,"href":"https:\/\/luchonoticias.com\/editor\/wp-json\/wp\/v2\/comments?post=73646"}],"version-history":[{"count":0,"href":"https:\/\/luchonoticias.com\/editor\/wp-json\/wp\/v2\/posts\/73646\/revisions"}],"wp:featuredmedia":[{"embeddable":true,"href":"https:\/\/luchonoticias.com\/editor\/wp-json\/wp\/v2\/media\/73647"}],"wp:attachment":[{"href":"https:\/\/luchonoticias.com\/editor\/wp-json\/wp\/v2\/media?parent=73646"}],"wp:term":[{"taxonomy":"category","embeddable":true,"href":"https:\/\/luchonoticias.com\/editor\/wp-json\/wp\/v2\/categories?post=73646"},{"taxonomy":"post_tag","embeddable":true,"href":"https:\/\/luchonoticias.com\/editor\/wp-json\/wp\/v2\/tags?post=73646"}],"curies":[{"name":"wp","href":"https:\/\/api.w.org\/{rel}","templated":true}]}}