{"id":73658,"date":"2024-06-01T07:27:48","date_gmt":"2024-06-01T12:27:48","guid":{"rendered":"https:\/\/luchonoticias.com\/?p=73658"},"modified":"2024-06-01T07:27:48","modified_gmt":"2024-06-01T12:27:48","slug":"sigue-cediendo-el-desempleo-en-colombia","status":"publish","type":"post","link":"https:\/\/luchonoticias.com\/editor\/sigue-cediendo-el-desempleo-en-colombia\/","title":{"rendered":"Sigue cediendo el desempleo en Colombia"},"content":{"rendered":"<div>El desempleo durante el pasado mes de abril de 2024 se ubic\u00f3 en 10,6%, es decir, 0,1% menos que en el mismo mes del a\u00f1o pasado cuando cerr\u00f3 en 10,7%, inform\u00f3 el Departamento Administrativo Nacional de Estad\u00edstica (DANE).<\/div>\n<div><\/div>\n<div>Se\u00f1ala el informe que la Tasa Global de Participaci\u00f3n a nivel nacional fue de 64,0% en el mes pasado, mientras que en el mismo mes del a\u00f1o 2023 fue de 64,6%; la Tasa de Ocupaci\u00f3n de abril de 2024 fue de 57,2%, frente al 57,7% del a\u00f1o anterior.<\/div>\n<div><\/div>\n<div>Para las 13 principales ciudades del pa\u00eds en abril de 2024, la Tasa de Desocupaci\u00f3n lleg\u00f3 a 10,3%, frente al 11,1% del mismo mes del a\u00f1o pasado. Y la Tasa Global de Participaci\u00f3n del cuarto mes fue 66,6% comparado con el 65,09% del mismo mes de 2023.<\/div>\n<div><\/div>\n<div>En esas mismas ciudades, la Tasa de Ocupaci\u00f3n en abril lleg\u00f3 a 59,7% frente al 58,6% del mismo mes del a\u00f1o pasado.<\/div>\n<div><\/div>\n<div>Seg\u00fan el DANE, la reducci\u00f3n de 0,1% en la tasa de desempleo significa 123.000 personas m\u00e1s ocupadas en el cuarto mes de este a\u00f1o.<\/div>\n<div><\/div>\n<div>El informe se\u00f1ala que uno de los aspectos m\u00e1s relevantes es la brecha de g\u00e9nero, pues hubo una reducci\u00f3n de 1,4 puntos, al pasar del 5,6% en abril de 2023 a 4,2 % en abril de este a\u00f1o.<\/div>\n<div><\/div>\n<div>La misma brecha en las 13 principales ciudades del pa\u00eds present\u00f3 una variaci\u00f3n estad\u00edsticamente significativa de 3,2%, mientras que en otras cabeceras la reducci\u00f3n fue de -1,4%, y en los Centros poblados y rural disperso tambi\u00e9n hubo una variaci\u00f3n negativa de -2,8% entre un a\u00f1o y otro.<\/div>\n<div><\/div>\n<div>El DANE revel\u00f3 un aumento de 459 mil personas fuera de la fuerza laboral (pensionados, rentistas, etc., que no est\u00e1n buscando trabajo), con una variaci\u00f3n significativa de 3,3% m\u00e1s que el a\u00f1o pasado.<\/div>\n<div><\/div>\n<div>La informalidad laboral, por otra parte, se mantuvo estable en el mes de abril de este frente al a\u00f1o pasado, con una ligera variaci\u00f3n de 0,6% a nivel nacional, mientras en las 13 principales ciudades del pa\u00eds la variaci\u00f3n fue de 0,1%.<\/div>\n<div><\/div>\n<div>En cuanto a las principales actividades econ\u00f3micas, el DANE inform\u00f3 que fueron: Actividades financieras y de seguros; Actividades profesionales, cient\u00edficas, t\u00e9cnicas y de servicios administrativos; y Alojamiento y servicios de comida. En contraste, Agricultura, ganader\u00eda, caza, silvicultura y pesca fue la rama que present\u00f3 la mayor disminuci\u00f3n.<\/div>\n<div><\/div>\n<div>En total, en el pa\u00eds en abril de 2024 hab\u00eda 22\u2019865.000 personas ocupadas. Mientras, a nivel nacional la tasa de desocupaci\u00f3n desestacionalizada preliminar para abril de 2024 fue del 10,5%, y en marzo de este a\u00f1o fue del 10,9 %. Y para las 13 ciudades y \u00e1reas metropolitanas, la tasa de desocupaci\u00f3n desestacionalizada preliminar fue del 10,3% en abril de 2024 y de 10,7% en marzo de este a\u00f1o.<\/div>\n","protected":false},"excerpt":{"rendered":"<p>El desempleo durante el pasado mes de abril de 2024 se ubic\u00f3 en 10,6%, es decir, 0,1% menos que en el mismo mes del a\u00f1o pasado cuando cerr\u00f3 en 10,7%, inform\u00f3 el Departamento Administrativo Nacional de Estad\u00edstica (DANE). Se\u00f1ala el informe que la Tasa Global de Participaci\u00f3n a nivel nacional fue de 64,0% en el [&hellip;]<\/p>\n","protected":false},"author":2,"featured_media":73659,"comment_status":"closed","ping_status":"open","sticky":false,"template":"","format":"standard","meta":{"footnotes":""},"categories":[28],"tags":[],"class_list":["post-73658","post","type-post","status-publish","format-standard","has-post-thumbnail","hentry","category-actualidad"],"yoast_head":"<!-- This site is optimized with the Yoast SEO plugin v26.6 - https:\/\/yoast.com\/wordpress\/plugins\/seo\/ -->\n<title>Sigue cediendo el desempleo en Colombia -<\/title>\n<meta name=\"robots\" content=\"index, follow, max-snippet:-1, max-image-preview:large, max-video-preview:-1\" \/>\n<link rel=\"canonical\" href=\"https:\/\/luchonoticias.com\/editor\/sigue-cediendo-el-desempleo-en-colombia\/\" \/>\n<meta property=\"og:locale\" content=\"es_ES\" \/>\n<meta property=\"og:type\" content=\"article\" \/>\n<meta property=\"og:title\" content=\"Sigue cediendo el desempleo en Colombia -\" \/>\n<meta property=\"og:url\" content=\"https:\/\/luchonoticias.com\/editor\/sigue-cediendo-el-desempleo-en-colombia\/\" \/>\n<meta property=\"article:publisher\" content=\"https:\/\/www.facebook.com\/luchonoticiasneiva\" \/>\n<meta property=\"article:published_time\" content=\"2024-06-01T12:27:48+00:00\" \/>\n<meta property=\"og:image\" content=\"https:\/\/luchonoticias.com\/editor\/wp-content\/uploads\/2024\/06\/desempleo.jpg\" \/>\n\t<meta property=\"og:image:width\" content=\"700\" \/>\n\t<meta property=\"og:image:height\" content=\"400\" \/>\n\t<meta property=\"og:image:type\" content=\"image\/jpeg\" \/>\n<meta name=\"author\" content=\"Editor General\" \/>\n<meta name=\"twitter:card\" content=\"summary_large_image\" \/>\n<meta name=\"twitter:label1\" content=\"Escrito por\" \/>\n\t<meta name=\"twitter:data1\" content=\"Editor General\" \/>\n\t<meta name=\"twitter:label2\" content=\"Tiempo de lectura\" \/>\n\t<meta name=\"twitter:data2\" content=\"2 minutos\" \/>\n<script type=\"application\/ld+json\" class=\"yoast-schema-graph\">{\"@context\":\"https:\/\/schema.org\",\"@graph\":[{\"@type\":\"Article\",\"@id\":\"https:\/\/luchonoticias.com\/editor\/sigue-cediendo-el-desempleo-en-colombia\/#article\",\"isPartOf\":{\"@id\":\"https:\/\/luchonoticias.com\/editor\/sigue-cediendo-el-desempleo-en-colombia\/\"},\"author\":{\"name\":\"Editor General\",\"@id\":\"https:\/\/luchonoticias.com\/editor\/#\/schema\/person\/29217990ddf6f14e35912b2866d591fb\"},\"headline\":\"Sigue cediendo el desempleo en Colombia\",\"datePublished\":\"2024-06-01T12:27:48+00:00\",\"mainEntityOfPage\":{\"@id\":\"https:\/\/luchonoticias.com\/editor\/sigue-cediendo-el-desempleo-en-colombia\/\"},\"wordCount\":466,\"publisher\":{\"@id\":\"https:\/\/luchonoticias.com\/editor\/#\/schema\/person\/7a7fd911f58561fd056dbac7b55af9cd\"},\"image\":{\"@id\":\"https:\/\/luchonoticias.com\/editor\/sigue-cediendo-el-desempleo-en-colombia\/#primaryimage\"},\"thumbnailUrl\":\"https:\/\/luchonoticias.com\/editor\/wp-content\/uploads\/2024\/06\/desempleo.jpg\",\"articleSection\":[\"Actualidad\"],\"inLanguage\":\"es\"},{\"@type\":\"WebPage\",\"@id\":\"https:\/\/luchonoticias.com\/editor\/sigue-cediendo-el-desempleo-en-colombia\/\",\"url\":\"https:\/\/luchonoticias.com\/editor\/sigue-cediendo-el-desempleo-en-colombia\/\",\"name\":\"Sigue cediendo el desempleo en Colombia -\",\"isPartOf\":{\"@id\":\"https:\/\/luchonoticias.com\/editor\/#website\"},\"primaryImageOfPage\":{\"@id\":\"https:\/\/luchonoticias.com\/editor\/sigue-cediendo-el-desempleo-en-colombia\/#primaryimage\"},\"image\":{\"@id\":\"https:\/\/luchonoticias.com\/editor\/sigue-cediendo-el-desempleo-en-colombia\/#primaryimage\"},\"thumbnailUrl\":\"https:\/\/luchonoticias.com\/editor\/wp-content\/uploads\/2024\/06\/desempleo.jpg\",\"datePublished\":\"2024-06-01T12:27:48+00:00\",\"breadcrumb\":{\"@id\":\"https:\/\/luchonoticias.com\/editor\/sigue-cediendo-el-desempleo-en-colombia\/#breadcrumb\"},\"inLanguage\":\"es\",\"potentialAction\":[{\"@type\":\"ReadAction\",\"target\":[\"https:\/\/luchonoticias.com\/editor\/sigue-cediendo-el-desempleo-en-colombia\/\"]}]},{\"@type\":\"ImageObject\",\"inLanguage\":\"es\",\"@id\":\"https:\/\/luchonoticias.com\/editor\/sigue-cediendo-el-desempleo-en-colombia\/#primaryimage\",\"url\":\"https:\/\/luchonoticias.com\/editor\/wp-content\/uploads\/2024\/06\/desempleo.jpg\",\"contentUrl\":\"https:\/\/luchonoticias.com\/editor\/wp-content\/uploads\/2024\/06\/desempleo.jpg\",\"width\":700,\"height\":400},{\"@type\":\"BreadcrumbList\",\"@id\":\"https:\/\/luchonoticias.com\/editor\/sigue-cediendo-el-desempleo-en-colombia\/#breadcrumb\",\"itemListElement\":[{\"@type\":\"ListItem\",\"position\":1,\"name\":\"Portada\",\"item\":\"https:\/\/luchonoticias.com\/editor\/\"},{\"@type\":\"ListItem\",\"position\":2,\"name\":\"Sigue cediendo el desempleo en Colombia\"}]},{\"@type\":\"WebSite\",\"@id\":\"https:\/\/luchonoticias.com\/editor\/#website\",\"url\":\"https:\/\/luchonoticias.com\/editor\/\",\"name\":\"\",\"description\":\"\",\"publisher\":{\"@id\":\"https:\/\/luchonoticias.com\/editor\/#\/schema\/person\/7a7fd911f58561fd056dbac7b55af9cd\"},\"potentialAction\":[{\"@type\":\"SearchAction\",\"target\":{\"@type\":\"EntryPoint\",\"urlTemplate\":\"https:\/\/luchonoticias.com\/editor\/?s={search_term_string}\"},\"query-input\":{\"@type\":\"PropertyValueSpecification\",\"valueRequired\":true,\"valueName\":\"search_term_string\"}}],\"inLanguage\":\"es\"},{\"@type\":[\"Person\",\"Organization\"],\"@id\":\"https:\/\/luchonoticias.com\/editor\/#\/schema\/person\/7a7fd911f58561fd056dbac7b55af9cd\",\"name\":\"admin\",\"image\":{\"@type\":\"ImageObject\",\"inLanguage\":\"es\",\"@id\":\"https:\/\/luchonoticias.com\/editor\/#\/schema\/person\/image\/\",\"url\":\"https:\/\/luchonoticias.com\/editor\/wp-content\/uploads\/2024\/02\/cropped-cropped-logolu.webp\",\"contentUrl\":\"https:\/\/luchonoticias.com\/editor\/wp-content\/uploads\/2024\/02\/cropped-cropped-logolu.webp\",\"width\":382,\"height\":170,\"caption\":\"admin\"},\"logo\":{\"@id\":\"https:\/\/luchonoticias.com\/editor\/#\/schema\/person\/image\/\"},\"sameAs\":[\"https:\/\/www.facebook.com\/luchonoticiasneiva\"]},{\"@type\":\"Person\",\"@id\":\"https:\/\/luchonoticias.com\/editor\/#\/schema\/person\/29217990ddf6f14e35912b2866d591fb\",\"name\":\"Editor General\",\"image\":{\"@type\":\"ImageObject\",\"inLanguage\":\"es\",\"@id\":\"https:\/\/luchonoticias.com\/editor\/#\/schema\/person\/image\/\",\"url\":\"https:\/\/luchonoticias.com\/editor\/wp-content\/uploads\/2024\/02\/cropped-cropped-logolu-150x150.webp\",\"contentUrl\":\"https:\/\/luchonoticias.com\/editor\/wp-content\/uploads\/2024\/02\/cropped-cropped-logolu-150x150.webp\",\"caption\":\"Editor General\"},\"sameAs\":[\"https:\/\/luchonoticias.com\/\"],\"url\":\"https:\/\/luchonoticias.com\/editor\/author\/editor-general\/\"}]}<\/script>\n<!-- \/ Yoast SEO plugin. -->","yoast_head_json":{"title":"Sigue cediendo el desempleo en Colombia -","robots":{"index":"index","follow":"follow","max-snippet":"max-snippet:-1","max-image-preview":"max-image-preview:large","max-video-preview":"max-video-preview:-1"},"canonical":"https:\/\/luchonoticias.com\/editor\/sigue-cediendo-el-desempleo-en-colombia\/","og_locale":"es_ES","og_type":"article","og_title":"Sigue cediendo el desempleo en Colombia -","og_url":"https:\/\/luchonoticias.com\/editor\/sigue-cediendo-el-desempleo-en-colombia\/","article_publisher":"https:\/\/www.facebook.com\/luchonoticiasneiva","article_published_time":"2024-06-01T12:27:48+00:00","og_image":[{"width":700,"height":400,"url":"https:\/\/luchonoticias.com\/editor\/wp-content\/uploads\/2024\/06\/desempleo.jpg","type":"image\/jpeg"}],"author":"Editor General","twitter_card":"summary_large_image","twitter_misc":{"Escrito por":"Editor General","Tiempo de lectura":"2 minutos"},"schema":{"@context":"https:\/\/schema.org","@graph":[{"@type":"Article","@id":"https:\/\/luchonoticias.com\/editor\/sigue-cediendo-el-desempleo-en-colombia\/#article","isPartOf":{"@id":"https:\/\/luchonoticias.com\/editor\/sigue-cediendo-el-desempleo-en-colombia\/"},"author":{"name":"Editor General","@id":"https:\/\/luchonoticias.com\/editor\/#\/schema\/person\/29217990ddf6f14e35912b2866d591fb"},"headline":"Sigue cediendo el desempleo en Colombia","datePublished":"2024-06-01T12:27:48+00:00","mainEntityOfPage":{"@id":"https:\/\/luchonoticias.com\/editor\/sigue-cediendo-el-desempleo-en-colombia\/"},"wordCount":466,"publisher":{"@id":"https:\/\/luchonoticias.com\/editor\/#\/schema\/person\/7a7fd911f58561fd056dbac7b55af9cd"},"image":{"@id":"https:\/\/luchonoticias.com\/editor\/sigue-cediendo-el-desempleo-en-colombia\/#primaryimage"},"thumbnailUrl":"https:\/\/luchonoticias.com\/editor\/wp-content\/uploads\/2024\/06\/desempleo.jpg","articleSection":["Actualidad"],"inLanguage":"es"},{"@type":"WebPage","@id":"https:\/\/luchonoticias.com\/editor\/sigue-cediendo-el-desempleo-en-colombia\/","url":"https:\/\/luchonoticias.com\/editor\/sigue-cediendo-el-desempleo-en-colombia\/","name":"Sigue cediendo el desempleo en Colombia -","isPartOf":{"@id":"https:\/\/luchonoticias.com\/editor\/#website"},"primaryImageOfPage":{"@id":"https:\/\/luchonoticias.com\/editor\/sigue-cediendo-el-desempleo-en-colombia\/#primaryimage"},"image":{"@id":"https:\/\/luchonoticias.com\/editor\/sigue-cediendo-el-desempleo-en-colombia\/#primaryimage"},"thumbnailUrl":"https:\/\/luchonoticias.com\/editor\/wp-content\/uploads\/2024\/06\/desempleo.jpg","datePublished":"2024-06-01T12:27:48+00:00","breadcrumb":{"@id":"https:\/\/luchonoticias.com\/editor\/sigue-cediendo-el-desempleo-en-colombia\/#breadcrumb"},"inLanguage":"es","potentialAction":[{"@type":"ReadAction","target":["https:\/\/luchonoticias.com\/editor\/sigue-cediendo-el-desempleo-en-colombia\/"]}]},{"@type":"ImageObject","inLanguage":"es","@id":"https:\/\/luchonoticias.com\/editor\/sigue-cediendo-el-desempleo-en-colombia\/#primaryimage","url":"https:\/\/luchonoticias.com\/editor\/wp-content\/uploads\/2024\/06\/desempleo.jpg","contentUrl":"https:\/\/luchonoticias.com\/editor\/wp-content\/uploads\/2024\/06\/desempleo.jpg","width":700,"height":400},{"@type":"BreadcrumbList","@id":"https:\/\/luchonoticias.com\/editor\/sigue-cediendo-el-desempleo-en-colombia\/#breadcrumb","itemListElement":[{"@type":"ListItem","position":1,"name":"Portada","item":"https:\/\/luchonoticias.com\/editor\/"},{"@type":"ListItem","position":2,"name":"Sigue cediendo el desempleo en Colombia"}]},{"@type":"WebSite","@id":"https:\/\/luchonoticias.com\/editor\/#website","url":"https:\/\/luchonoticias.com\/editor\/","name":"","description":"","publisher":{"@id":"https:\/\/luchonoticias.com\/editor\/#\/schema\/person\/7a7fd911f58561fd056dbac7b55af9cd"},"potentialAction":[{"@type":"SearchAction","target":{"@type":"EntryPoint","urlTemplate":"https:\/\/luchonoticias.com\/editor\/?s={search_term_string}"},"query-input":{"@type":"PropertyValueSpecification","valueRequired":true,"valueName":"search_term_string"}}],"inLanguage":"es"},{"@type":["Person","Organization"],"@id":"https:\/\/luchonoticias.com\/editor\/#\/schema\/person\/7a7fd911f58561fd056dbac7b55af9cd","name":"admin","image":{"@type":"ImageObject","inLanguage":"es","@id":"https:\/\/luchonoticias.com\/editor\/#\/schema\/person\/image\/","url":"https:\/\/luchonoticias.com\/editor\/wp-content\/uploads\/2024\/02\/cropped-cropped-logolu.webp","contentUrl":"https:\/\/luchonoticias.com\/editor\/wp-content\/uploads\/2024\/02\/cropped-cropped-logolu.webp","width":382,"height":170,"caption":"admin"},"logo":{"@id":"https:\/\/luchonoticias.com\/editor\/#\/schema\/person\/image\/"},"sameAs":["https:\/\/www.facebook.com\/luchonoticiasneiva"]},{"@type":"Person","@id":"https:\/\/luchonoticias.com\/editor\/#\/schema\/person\/29217990ddf6f14e35912b2866d591fb","name":"Editor General","image":{"@type":"ImageObject","inLanguage":"es","@id":"https:\/\/luchonoticias.com\/editor\/#\/schema\/person\/image\/","url":"https:\/\/luchonoticias.com\/editor\/wp-content\/uploads\/2024\/02\/cropped-cropped-logolu-150x150.webp","contentUrl":"https:\/\/luchonoticias.com\/editor\/wp-content\/uploads\/2024\/02\/cropped-cropped-logolu-150x150.webp","caption":"Editor General"},"sameAs":["https:\/\/luchonoticias.com\/"],"url":"https:\/\/luchonoticias.com\/editor\/author\/editor-general\/"}]}},"_links":{"self":[{"href":"https:\/\/luchonoticias.com\/editor\/wp-json\/wp\/v2\/posts\/73658","targetHints":{"allow":["GET"]}}],"collection":[{"href":"https:\/\/luchonoticias.com\/editor\/wp-json\/wp\/v2\/posts"}],"about":[{"href":"https:\/\/luchonoticias.com\/editor\/wp-json\/wp\/v2\/types\/post"}],"author":[{"embeddable":true,"href":"https:\/\/luchonoticias.com\/editor\/wp-json\/wp\/v2\/users\/2"}],"replies":[{"embeddable":true,"href":"https:\/\/luchonoticias.com\/editor\/wp-json\/wp\/v2\/comments?post=73658"}],"version-history":[{"count":0,"href":"https:\/\/luchonoticias.com\/editor\/wp-json\/wp\/v2\/posts\/73658\/revisions"}],"wp:featuredmedia":[{"embeddable":true,"href":"https:\/\/luchonoticias.com\/editor\/wp-json\/wp\/v2\/media\/73659"}],"wp:attachment":[{"href":"https:\/\/luchonoticias.com\/editor\/wp-json\/wp\/v2\/media?parent=73658"}],"wp:term":[{"taxonomy":"category","embeddable":true,"href":"https:\/\/luchonoticias.com\/editor\/wp-json\/wp\/v2\/categories?post=73658"},{"taxonomy":"post_tag","embeddable":true,"href":"https:\/\/luchonoticias.com\/editor\/wp-json\/wp\/v2\/tags?post=73658"}],"curies":[{"name":"wp","href":"https:\/\/api.w.org\/{rel}","templated":true}]}}