{"id":73667,"date":"2024-06-01T10:44:52","date_gmt":"2024-06-01T15:44:52","guid":{"rendered":"https:\/\/luchonoticias.com\/?p=73667"},"modified":"2024-06-01T10:44:52","modified_gmt":"2024-06-01T15:44:52","slug":"importante-convenio-internacional-de-la-universidad-surcolombiana","status":"publish","type":"post","link":"https:\/\/luchonoticias.com\/editor\/importante-convenio-internacional-de-la-universidad-surcolombiana\/","title":{"rendered":"Importante convenio internacional de la Universidad Surcolombiana"},"content":{"rendered":"<p>La Universidad Surcolombiana fue sede del evento denominado \u2018Italia en la USCO\u2019, en el que cuatro delegados de la Universidad de Bolonia \u2013 Italia, Andrea Fantini, Marco Dalla Rosa, Junior Molina y Lorenzo Negri, visitaron las instalaciones del alma mater y desarrollaron una serie de actividades, con el prop\u00f3sito de afianzar lazos en beneficio de la comunidad acad\u00e9mica.<\/p>\n<p>La jornada inici\u00f3 con la firma por parte de la rectora Nidia Guzm\u00e1n Dur\u00e1n de un acuerdo de cooperaci\u00f3n entre la Facultad de Ingenier\u00eda de la Universidad Surcolombiana y el Departamento de Ciencias Agr\u00edcolas y Alimentarias de la reconocida universidad europea.<\/p>\n<p>Con este, se busca promover el trabajo articulado entre las dos instituciones para el desarrollo de investigaciones, fomentar la formaci\u00f3n de personal cient\u00edfico; la organizaci\u00f3n de eventos como seminarios, simposios, as\u00ed como el intercambio de estudiantes en todos los ciclos, incluyendo los de doctorado.<\/p>\n<p>La Rectora de la USCO, destac\u00f3 la importancia de estas iniciativas en el fortalecimiento de los procesos de formaci\u00f3n profesional.<\/p>\n<p>\u201cEste convenio es muy importante porque nos permite a nosotros articularnos y tener relaciones acad\u00e9micas y de investigaci\u00f3n con esta universidad en Italia y con toda la experiencia que ellos tienen vamos a tener oportunidades tanto para estudiantes, como docentes. Esto significa que vamos a poder actualizarnos en muchos de los temas que tienen que ver con la parte del agro y tambi\u00e9n es el primer paso que damos a trav\u00e9s de esta facultad, para podernos articular con otros programas que tienen en la Universidad de Bolonia, en temas de medicina, educaci\u00f3n, artes\u201d indic\u00f3.<\/p>\n<p>Por su parte, el docente Marco Dalla Rosa, se mostr\u00f3 muy contento por esta oportunidad de firmar el acuerdo con la Universidad Surcolombiana. \u201cLa Universidad de Bolonia es una de las m\u00e1s antiguas del mundo, casi mil a\u00f1os de fundaci\u00f3n y tiene muchos acuerdos con peque\u00f1as, medianas y grandes universidades. Lo m\u00e1s importante es poder crear esta cooperaci\u00f3n entre las dos universidades y con nuestro programa en Ciencia y Tecnolog\u00eda de los Alimentos\u201d indic\u00f3.<\/p>\n<p>En el marco de la agenda denominada \u2018Italia en la USCO\u2019 tambi\u00e9n se desarroll\u00f3 en el auditorio Olga Tony Vidales, la conferencia \u201cEconom\u00eda Agraria, Agricultura Org\u00e1nica, Ingenier\u00eda y Tecnolog\u00eda de Alimentos\u201d, por parte de los docentes, investigadores de la Universidad de Bolonia. En horas de la tarde, los docentes investigadores de la Facultad de Ingenier\u00eda, tuvieron la oportunidad de presentar sus proyectos investigativos. La jornada termin\u00f3 con la visita al Centro Surcolombiano de Investigaci\u00f3n en Caf\u00e9 &#8211; CESURCAF\u00c9.<\/p>\n","protected":false},"excerpt":{"rendered":"<p>La Universidad Surcolombiana fue sede del evento denominado \u2018Italia en la USCO\u2019, en el que cuatro delegados de la Universidad de Bolonia \u2013 Italia, Andrea Fantini, Marco Dalla Rosa, Junior Molina y Lorenzo Negri, visitaron las instalaciones del alma mater y desarrollaron una serie de actividades, con el prop\u00f3sito de afianzar lazos en beneficio de [&hellip;]<\/p>\n","protected":false},"author":2,"featured_media":73668,"comment_status":"closed","ping_status":"open","sticky":false,"template":"","format":"standard","meta":{"footnotes":""},"categories":[31],"tags":[],"class_list":["post-73667","post","type-post","status-publish","format-standard","has-post-thumbnail","hentry","category-local"],"yoast_head":"<!-- This site is optimized with the Yoast SEO plugin v26.6 - https:\/\/yoast.com\/wordpress\/plugins\/seo\/ -->\n<title>Importante convenio internacional de la Universidad Surcolombiana -<\/title>\n<meta name=\"robots\" content=\"index, follow, max-snippet:-1, max-image-preview:large, max-video-preview:-1\" \/>\n<link rel=\"canonical\" href=\"https:\/\/luchonoticias.com\/editor\/importante-convenio-internacional-de-la-universidad-surcolombiana\/\" \/>\n<meta property=\"og:locale\" content=\"es_ES\" \/>\n<meta property=\"og:type\" content=\"article\" \/>\n<meta property=\"og:title\" content=\"Importante convenio internacional de la Universidad Surcolombiana -\" \/>\n<meta property=\"og:url\" content=\"https:\/\/luchonoticias.com\/editor\/importante-convenio-internacional-de-la-universidad-surcolombiana\/\" \/>\n<meta property=\"article:publisher\" content=\"https:\/\/www.facebook.com\/luchonoticiasneiva\" \/>\n<meta property=\"article:published_time\" content=\"2024-06-01T15:44:52+00:00\" \/>\n<meta property=\"og:image\" content=\"https:\/\/luchonoticias.com\/editor\/wp-content\/uploads\/2024\/06\/convenio.jpg\" \/>\n\t<meta property=\"og:image:width\" content=\"700\" \/>\n\t<meta property=\"og:image:height\" content=\"400\" \/>\n\t<meta property=\"og:image:type\" content=\"image\/jpeg\" \/>\n<meta name=\"author\" content=\"Editor General\" \/>\n<meta name=\"twitter:card\" content=\"summary_large_image\" \/>\n<meta name=\"twitter:label1\" content=\"Escrito por\" \/>\n\t<meta name=\"twitter:data1\" content=\"Editor General\" \/>\n\t<meta name=\"twitter:label2\" content=\"Tiempo de lectura\" \/>\n\t<meta name=\"twitter:data2\" content=\"2 minutos\" \/>\n<script type=\"application\/ld+json\" class=\"yoast-schema-graph\">{\"@context\":\"https:\/\/schema.org\",\"@graph\":[{\"@type\":\"Article\",\"@id\":\"https:\/\/luchonoticias.com\/editor\/importante-convenio-internacional-de-la-universidad-surcolombiana\/#article\",\"isPartOf\":{\"@id\":\"https:\/\/luchonoticias.com\/editor\/importante-convenio-internacional-de-la-universidad-surcolombiana\/\"},\"author\":{\"name\":\"Editor General\",\"@id\":\"https:\/\/luchonoticias.com\/editor\/#\/schema\/person\/29217990ddf6f14e35912b2866d591fb\"},\"headline\":\"Importante convenio internacional de la Universidad Surcolombiana\",\"datePublished\":\"2024-06-01T15:44:52+00:00\",\"mainEntityOfPage\":{\"@id\":\"https:\/\/luchonoticias.com\/editor\/importante-convenio-internacional-de-la-universidad-surcolombiana\/\"},\"wordCount\":445,\"publisher\":{\"@id\":\"https:\/\/luchonoticias.com\/editor\/#\/schema\/person\/7a7fd911f58561fd056dbac7b55af9cd\"},\"image\":{\"@id\":\"https:\/\/luchonoticias.com\/editor\/importante-convenio-internacional-de-la-universidad-surcolombiana\/#primaryimage\"},\"thumbnailUrl\":\"https:\/\/luchonoticias.com\/editor\/wp-content\/uploads\/2024\/06\/convenio.jpg\",\"articleSection\":[\"Local\"],\"inLanguage\":\"es\"},{\"@type\":\"WebPage\",\"@id\":\"https:\/\/luchonoticias.com\/editor\/importante-convenio-internacional-de-la-universidad-surcolombiana\/\",\"url\":\"https:\/\/luchonoticias.com\/editor\/importante-convenio-internacional-de-la-universidad-surcolombiana\/\",\"name\":\"Importante convenio internacional de la Universidad Surcolombiana -\",\"isPartOf\":{\"@id\":\"https:\/\/luchonoticias.com\/editor\/#website\"},\"primaryImageOfPage\":{\"@id\":\"https:\/\/luchonoticias.com\/editor\/importante-convenio-internacional-de-la-universidad-surcolombiana\/#primaryimage\"},\"image\":{\"@id\":\"https:\/\/luchonoticias.com\/editor\/importante-convenio-internacional-de-la-universidad-surcolombiana\/#primaryimage\"},\"thumbnailUrl\":\"https:\/\/luchonoticias.com\/editor\/wp-content\/uploads\/2024\/06\/convenio.jpg\",\"datePublished\":\"2024-06-01T15:44:52+00:00\",\"breadcrumb\":{\"@id\":\"https:\/\/luchonoticias.com\/editor\/importante-convenio-internacional-de-la-universidad-surcolombiana\/#breadcrumb\"},\"inLanguage\":\"es\",\"potentialAction\":[{\"@type\":\"ReadAction\",\"target\":[\"https:\/\/luchonoticias.com\/editor\/importante-convenio-internacional-de-la-universidad-surcolombiana\/\"]}]},{\"@type\":\"ImageObject\",\"inLanguage\":\"es\",\"@id\":\"https:\/\/luchonoticias.com\/editor\/importante-convenio-internacional-de-la-universidad-surcolombiana\/#primaryimage\",\"url\":\"https:\/\/luchonoticias.com\/editor\/wp-content\/uploads\/2024\/06\/convenio.jpg\",\"contentUrl\":\"https:\/\/luchonoticias.com\/editor\/wp-content\/uploads\/2024\/06\/convenio.jpg\",\"width\":700,\"height\":400},{\"@type\":\"BreadcrumbList\",\"@id\":\"https:\/\/luchonoticias.com\/editor\/importante-convenio-internacional-de-la-universidad-surcolombiana\/#breadcrumb\",\"itemListElement\":[{\"@type\":\"ListItem\",\"position\":1,\"name\":\"Portada\",\"item\":\"https:\/\/luchonoticias.com\/editor\/\"},{\"@type\":\"ListItem\",\"position\":2,\"name\":\"Importante convenio internacional de la Universidad Surcolombiana\"}]},{\"@type\":\"WebSite\",\"@id\":\"https:\/\/luchonoticias.com\/editor\/#website\",\"url\":\"https:\/\/luchonoticias.com\/editor\/\",\"name\":\"\",\"description\":\"\",\"publisher\":{\"@id\":\"https:\/\/luchonoticias.com\/editor\/#\/schema\/person\/7a7fd911f58561fd056dbac7b55af9cd\"},\"potentialAction\":[{\"@type\":\"SearchAction\",\"target\":{\"@type\":\"EntryPoint\",\"urlTemplate\":\"https:\/\/luchonoticias.com\/editor\/?s={search_term_string}\"},\"query-input\":{\"@type\":\"PropertyValueSpecification\",\"valueRequired\":true,\"valueName\":\"search_term_string\"}}],\"inLanguage\":\"es\"},{\"@type\":[\"Person\",\"Organization\"],\"@id\":\"https:\/\/luchonoticias.com\/editor\/#\/schema\/person\/7a7fd911f58561fd056dbac7b55af9cd\",\"name\":\"admin\",\"image\":{\"@type\":\"ImageObject\",\"inLanguage\":\"es\",\"@id\":\"https:\/\/luchonoticias.com\/editor\/#\/schema\/person\/image\/\",\"url\":\"https:\/\/luchonoticias.com\/editor\/wp-content\/uploads\/2024\/02\/cropped-cropped-logolu.webp\",\"contentUrl\":\"https:\/\/luchonoticias.com\/editor\/wp-content\/uploads\/2024\/02\/cropped-cropped-logolu.webp\",\"width\":382,\"height\":170,\"caption\":\"admin\"},\"logo\":{\"@id\":\"https:\/\/luchonoticias.com\/editor\/#\/schema\/person\/image\/\"},\"sameAs\":[\"https:\/\/www.facebook.com\/luchonoticiasneiva\"]},{\"@type\":\"Person\",\"@id\":\"https:\/\/luchonoticias.com\/editor\/#\/schema\/person\/29217990ddf6f14e35912b2866d591fb\",\"name\":\"Editor General\",\"image\":{\"@type\":\"ImageObject\",\"inLanguage\":\"es\",\"@id\":\"https:\/\/luchonoticias.com\/editor\/#\/schema\/person\/image\/\",\"url\":\"https:\/\/luchonoticias.com\/editor\/wp-content\/uploads\/2024\/02\/cropped-cropped-logolu-150x150.webp\",\"contentUrl\":\"https:\/\/luchonoticias.com\/editor\/wp-content\/uploads\/2024\/02\/cropped-cropped-logolu-150x150.webp\",\"caption\":\"Editor General\"},\"sameAs\":[\"https:\/\/luchonoticias.com\/\"],\"url\":\"https:\/\/luchonoticias.com\/editor\/author\/editor-general\/\"}]}<\/script>\n<!-- \/ Yoast SEO plugin. -->","yoast_head_json":{"title":"Importante convenio internacional de la Universidad Surcolombiana -","robots":{"index":"index","follow":"follow","max-snippet":"max-snippet:-1","max-image-preview":"max-image-preview:large","max-video-preview":"max-video-preview:-1"},"canonical":"https:\/\/luchonoticias.com\/editor\/importante-convenio-internacional-de-la-universidad-surcolombiana\/","og_locale":"es_ES","og_type":"article","og_title":"Importante convenio internacional de la Universidad Surcolombiana -","og_url":"https:\/\/luchonoticias.com\/editor\/importante-convenio-internacional-de-la-universidad-surcolombiana\/","article_publisher":"https:\/\/www.facebook.com\/luchonoticiasneiva","article_published_time":"2024-06-01T15:44:52+00:00","og_image":[{"width":700,"height":400,"url":"https:\/\/luchonoticias.com\/editor\/wp-content\/uploads\/2024\/06\/convenio.jpg","type":"image\/jpeg"}],"author":"Editor General","twitter_card":"summary_large_image","twitter_misc":{"Escrito por":"Editor General","Tiempo de lectura":"2 minutos"},"schema":{"@context":"https:\/\/schema.org","@graph":[{"@type":"Article","@id":"https:\/\/luchonoticias.com\/editor\/importante-convenio-internacional-de-la-universidad-surcolombiana\/#article","isPartOf":{"@id":"https:\/\/luchonoticias.com\/editor\/importante-convenio-internacional-de-la-universidad-surcolombiana\/"},"author":{"name":"Editor General","@id":"https:\/\/luchonoticias.com\/editor\/#\/schema\/person\/29217990ddf6f14e35912b2866d591fb"},"headline":"Importante convenio internacional de la Universidad Surcolombiana","datePublished":"2024-06-01T15:44:52+00:00","mainEntityOfPage":{"@id":"https:\/\/luchonoticias.com\/editor\/importante-convenio-internacional-de-la-universidad-surcolombiana\/"},"wordCount":445,"publisher":{"@id":"https:\/\/luchonoticias.com\/editor\/#\/schema\/person\/7a7fd911f58561fd056dbac7b55af9cd"},"image":{"@id":"https:\/\/luchonoticias.com\/editor\/importante-convenio-internacional-de-la-universidad-surcolombiana\/#primaryimage"},"thumbnailUrl":"https:\/\/luchonoticias.com\/editor\/wp-content\/uploads\/2024\/06\/convenio.jpg","articleSection":["Local"],"inLanguage":"es"},{"@type":"WebPage","@id":"https:\/\/luchonoticias.com\/editor\/importante-convenio-internacional-de-la-universidad-surcolombiana\/","url":"https:\/\/luchonoticias.com\/editor\/importante-convenio-internacional-de-la-universidad-surcolombiana\/","name":"Importante convenio internacional de la Universidad Surcolombiana -","isPartOf":{"@id":"https:\/\/luchonoticias.com\/editor\/#website"},"primaryImageOfPage":{"@id":"https:\/\/luchonoticias.com\/editor\/importante-convenio-internacional-de-la-universidad-surcolombiana\/#primaryimage"},"image":{"@id":"https:\/\/luchonoticias.com\/editor\/importante-convenio-internacional-de-la-universidad-surcolombiana\/#primaryimage"},"thumbnailUrl":"https:\/\/luchonoticias.com\/editor\/wp-content\/uploads\/2024\/06\/convenio.jpg","datePublished":"2024-06-01T15:44:52+00:00","breadcrumb":{"@id":"https:\/\/luchonoticias.com\/editor\/importante-convenio-internacional-de-la-universidad-surcolombiana\/#breadcrumb"},"inLanguage":"es","potentialAction":[{"@type":"ReadAction","target":["https:\/\/luchonoticias.com\/editor\/importante-convenio-internacional-de-la-universidad-surcolombiana\/"]}]},{"@type":"ImageObject","inLanguage":"es","@id":"https:\/\/luchonoticias.com\/editor\/importante-convenio-internacional-de-la-universidad-surcolombiana\/#primaryimage","url":"https:\/\/luchonoticias.com\/editor\/wp-content\/uploads\/2024\/06\/convenio.jpg","contentUrl":"https:\/\/luchonoticias.com\/editor\/wp-content\/uploads\/2024\/06\/convenio.jpg","width":700,"height":400},{"@type":"BreadcrumbList","@id":"https:\/\/luchonoticias.com\/editor\/importante-convenio-internacional-de-la-universidad-surcolombiana\/#breadcrumb","itemListElement":[{"@type":"ListItem","position":1,"name":"Portada","item":"https:\/\/luchonoticias.com\/editor\/"},{"@type":"ListItem","position":2,"name":"Importante convenio internacional de la Universidad Surcolombiana"}]},{"@type":"WebSite","@id":"https:\/\/luchonoticias.com\/editor\/#website","url":"https:\/\/luchonoticias.com\/editor\/","name":"","description":"","publisher":{"@id":"https:\/\/luchonoticias.com\/editor\/#\/schema\/person\/7a7fd911f58561fd056dbac7b55af9cd"},"potentialAction":[{"@type":"SearchAction","target":{"@type":"EntryPoint","urlTemplate":"https:\/\/luchonoticias.com\/editor\/?s={search_term_string}"},"query-input":{"@type":"PropertyValueSpecification","valueRequired":true,"valueName":"search_term_string"}}],"inLanguage":"es"},{"@type":["Person","Organization"],"@id":"https:\/\/luchonoticias.com\/editor\/#\/schema\/person\/7a7fd911f58561fd056dbac7b55af9cd","name":"admin","image":{"@type":"ImageObject","inLanguage":"es","@id":"https:\/\/luchonoticias.com\/editor\/#\/schema\/person\/image\/","url":"https:\/\/luchonoticias.com\/editor\/wp-content\/uploads\/2024\/02\/cropped-cropped-logolu.webp","contentUrl":"https:\/\/luchonoticias.com\/editor\/wp-content\/uploads\/2024\/02\/cropped-cropped-logolu.webp","width":382,"height":170,"caption":"admin"},"logo":{"@id":"https:\/\/luchonoticias.com\/editor\/#\/schema\/person\/image\/"},"sameAs":["https:\/\/www.facebook.com\/luchonoticiasneiva"]},{"@type":"Person","@id":"https:\/\/luchonoticias.com\/editor\/#\/schema\/person\/29217990ddf6f14e35912b2866d591fb","name":"Editor General","image":{"@type":"ImageObject","inLanguage":"es","@id":"https:\/\/luchonoticias.com\/editor\/#\/schema\/person\/image\/","url":"https:\/\/luchonoticias.com\/editor\/wp-content\/uploads\/2024\/02\/cropped-cropped-logolu-150x150.webp","contentUrl":"https:\/\/luchonoticias.com\/editor\/wp-content\/uploads\/2024\/02\/cropped-cropped-logolu-150x150.webp","caption":"Editor General"},"sameAs":["https:\/\/luchonoticias.com\/"],"url":"https:\/\/luchonoticias.com\/editor\/author\/editor-general\/"}]}},"_links":{"self":[{"href":"https:\/\/luchonoticias.com\/editor\/wp-json\/wp\/v2\/posts\/73667","targetHints":{"allow":["GET"]}}],"collection":[{"href":"https:\/\/luchonoticias.com\/editor\/wp-json\/wp\/v2\/posts"}],"about":[{"href":"https:\/\/luchonoticias.com\/editor\/wp-json\/wp\/v2\/types\/post"}],"author":[{"embeddable":true,"href":"https:\/\/luchonoticias.com\/editor\/wp-json\/wp\/v2\/users\/2"}],"replies":[{"embeddable":true,"href":"https:\/\/luchonoticias.com\/editor\/wp-json\/wp\/v2\/comments?post=73667"}],"version-history":[{"count":0,"href":"https:\/\/luchonoticias.com\/editor\/wp-json\/wp\/v2\/posts\/73667\/revisions"}],"wp:featuredmedia":[{"embeddable":true,"href":"https:\/\/luchonoticias.com\/editor\/wp-json\/wp\/v2\/media\/73668"}],"wp:attachment":[{"href":"https:\/\/luchonoticias.com\/editor\/wp-json\/wp\/v2\/media?parent=73667"}],"wp:term":[{"taxonomy":"category","embeddable":true,"href":"https:\/\/luchonoticias.com\/editor\/wp-json\/wp\/v2\/categories?post=73667"},{"taxonomy":"post_tag","embeddable":true,"href":"https:\/\/luchonoticias.com\/editor\/wp-json\/wp\/v2\/tags?post=73667"}],"curies":[{"name":"wp","href":"https:\/\/api.w.org\/{rel}","templated":true}]}}