{"id":73670,"date":"2024-06-01T15:46:06","date_gmt":"2024-06-01T20:46:06","guid":{"rendered":"https:\/\/luchonoticias.com\/?p=73670"},"modified":"2024-06-01T15:46:06","modified_gmt":"2024-06-01T20:46:06","slug":"nueva-apuesta-de-la-gobernacion-para-el-sector-cafetero","status":"publish","type":"post","link":"https:\/\/luchonoticias.com\/editor\/nueva-apuesta-de-la-gobernacion-para-el-sector-cafetero\/","title":{"rendered":"Nueva apuesta de la Gobernaci\u00f3n para el sector cafetero"},"content":{"rendered":"<p>El compromiso del gobierno que orienta Rodrigo Villalba Mosquera, con el campo Huilense, se ve reflejado en el impulso de iniciativas para el fortalecimiento del sector agropecuario, y consignadas en plan de desarrollo \u201cPor un Huila Grande\u201d, recientemente aprobado por la Asamblea Departamental.<\/p>\n<p>Es as\u00ed como desde la Secretar\u00eda de Agricultura y Miner\u00eda del departamento, viene ejecutando con \u00e9xito el proyecto denominado \u201cImplementaci\u00f3n de Tecnolog\u00edas para el fortalecimiento de los procesos de producci\u00f3n, cosecha, y poscosecha del grano de caf\u00e9 de peque\u00f1os y medianos productores del departamento del Huila\u201d, con el que ser\u00e1n impactados 1.376 peque\u00f1os y medianos caficultores de 20 municipios.<\/p>\n<p>En el marco de este proyecto financiado con recursos del Sistema General de Regal\u00edas, por el orden de los $3.898.034.291, se adelant\u00f3 el segundo ciclo de entregas de equipos de alta eficiencia, para mejorar el proceso de beneficio y transformaci\u00f3n del caf\u00e9, as\u00ed como reducir el impacto de las aguas mieles en las fuentes h\u00eddricas de las zonas cafeteras.<\/p>\n<p>Durante este importante encuentro con caficultores de los municipios de Acevedo, Colombia, La Argentina, Palestina, Pitalito, y Suaza, el gobernador Rodrigo Villalba Mosquera, resalt\u00f3 los alcances del proyecto y enfatiz\u00f3 en la necesidad de seguir avanzando en la agroindustrializaci\u00f3n para darle valor agregado a los productos.<\/p>\n<p>\u201cEste departamento tiene un potencial enorme en el sector agropecuario al ser uno de los 5 mayores productores de alimentos del pa\u00eds. En Caficultura producimos cerca del 20% de la producci\u00f3n nacional, 35 de los 37 municipios del Huila producen caf\u00e9, hay un esfuerzo grande de los caficultores por tecnificarse, pero el esfuerzo debe ser c\u00f3mo avanzamos en los procesos hacia la agroindustrializaci\u00f3n, pues de acuerdo a las cifras de todo el caf\u00e9 producido solo el 6% tiene valor agregado tiene proceso, lo dem\u00e1s lo exportamos en bruto, en pepa, y el valor agregado queda por fuera\u201d<\/p>\n<p>En ese sentido sostuvo que el gobierno nacional viene trabajando para fortalecer al pa\u00eds en materia de agroindustria, y el departamento sin duda est\u00e1 en sinton\u00eda con esa pol\u00edtica, enmarcada en el plan de desarrollo \u201cPor un Huila Grande\u201d.<\/p>\n<p>\u201cA eso le est\u00e1 caminando el gobierno nacional en una pol\u00edtica p\u00fablica en unos programas espec\u00edficos llamados agroindustrializaci\u00f3n del campo, a eso le vamos a apostar como gobierno departamental y est\u00e1 consignado en el plan de desarrollo que sancionamos este viernes 31 de mayo, que se convierte en la norma en la que nos vamos a mover durante estos 4 a\u00f1os, y vamos a trabajar, pero necesitamos lealtad en todos los procesos, que nadie ma\u00f1ana utilice un proyecto de estos como algo individual, como un requisito para acceder subsidios del estado, eso no vale la pena\u201d.<\/p>\n<p>Finalmente, el mandatario regional sostuvo que desde el gobierno Huila Grande se impulsar\u00e1n iniciativas para apoyar a j\u00f3venes y mujeres rurales, para que siga floreciendo y fortaleci\u00e9ndose los emprendimientos.<\/p>\n<p><strong>Mejorar la producci\u00f3n<\/strong><\/p>\n<p>Durante este importante evento desarrollado en el Recinto Ferial La Vor\u00e1gine, fueron entregados equipos que permiten agilizar procesos, que van desde el despulpado de caf\u00e9, pasando por lavado, trilla, hasta la molienda, haciendo m\u00e1s competitiva y sostenible la actividad productiva, entre los que se encuentran:<\/p>\n<p>&#8211; 68 equipos de lavado para el beneficio ecol\u00f3gico del caf\u00e9, ECOMILL LH 300, con capacidad para 300 kilos de caf\u00e9 en cereza por hora, y su respetivo motor de 1\/2 HP o 1\/3 HP alimentado por electricidad.<br \/>\n&#8211; 1 monitor interactivo de 65 pulgadas compatible con varios sistemas operativos de Windows, MAC, Linux, y Android.<br \/>\n&#8211; 1 molino con capacidad para 60 kilos por hora<br \/>\n&#8211; 1 trilladora CR 2007 con capacidad de producci\u00f3n de 600 kilos por hora, con su respectiva fuente de poder, motor de 5HP y dem\u00e1s accesorios.<br \/>\n&#8211; 3 juegos de 7 tamices cada uno para selecci\u00f3n de grano.<br \/>\nCon esta nueva entrega de equipos por un valor de $440.944.000 que corresponde al 11,33% del valor total del proyecto, fueron beneficiados 435 de productores, 300 de ellos pertenecientes a la organizaci\u00f3n CONDOR SPECIALITY COFFEE, del municipio de Pitalito; 27 de la Asociaci\u00f3n de Productores de Caf\u00e9 Frutos de mi Tierra \u2013 ASOCAFRUT del municipio de Suaza, 40 integrantes de la Asociaci\u00f3n de Productores de Caf\u00e9 Especial Regional de La Argentina, as\u00ed como 68 caficultores independientes de los municipios de Acevedo, Colombia y Palestina.<\/p>\n<p>Sumado a esta millonaria inversi\u00f3n para el sector cafetero, el secretario de agricultura y miner\u00eda del departamento, Carlos Alberto Cu\u00e9llar Medina, viene articulando esfuerzos con el Ministerio de Agricultura, Comit\u00e9 de Cafeteros del Huila, Finagro, y otras entidades, para fortalecer los procesos de renovaci\u00f3n de cafetales, impulsar planes de correcci\u00f3n de suelos y fertilizaci\u00f3n, as\u00ed como dise\u00f1ar l\u00edneas de cr\u00e9ditos con tasas blandas, que respondan a las necesidades del sector cafetero.<\/p>\n<p>Todas estas gestiones est\u00e1n enfocadas en aumentar la producci\u00f3n de caf\u00e9, y lograr una mayor rentabilidad para m\u00e1s de 84.000 familias caficultoras del departamento, que con su esfuerzo y dedicaci\u00f3n permiten que el Huila est\u00e9 a la cabeza a nivel nacional en la producci\u00f3n de caf\u00e9 desde hace 14 a\u00f1os, contribuyendo a la din\u00e1mica econ\u00f3mica de la regi\u00f3n.<\/p>\n","protected":false},"excerpt":{"rendered":"<p>El compromiso del gobierno que orienta Rodrigo Villalba Mosquera, con el campo Huilense, se ve reflejado en el impulso de iniciativas para el fortalecimiento del sector agropecuario, y consignadas en plan de desarrollo \u201cPor un Huila Grande\u201d, recientemente aprobado por la Asamblea Departamental. Es as\u00ed como desde la Secretar\u00eda de Agricultura y Miner\u00eda del departamento, [&hellip;]<\/p>\n","protected":false},"author":2,"featured_media":73671,"comment_status":"closed","ping_status":"open","sticky":false,"template":"","format":"standard","meta":{"footnotes":""},"categories":[33],"tags":[],"class_list":["post-73670","post","type-post","status-publish","format-standard","has-post-thumbnail","hentry","category-huila"],"yoast_head":"<!-- This site is optimized with the Yoast SEO plugin v26.6 - https:\/\/yoast.com\/wordpress\/plugins\/seo\/ -->\n<title>Nueva apuesta de la Gobernaci\u00f3n para el sector cafetero -<\/title>\n<meta name=\"robots\" content=\"index, follow, max-snippet:-1, max-image-preview:large, max-video-preview:-1\" \/>\n<link rel=\"canonical\" href=\"https:\/\/luchonoticias.com\/editor\/nueva-apuesta-de-la-gobernacion-para-el-sector-cafetero\/\" \/>\n<meta property=\"og:locale\" content=\"es_ES\" \/>\n<meta property=\"og:type\" content=\"article\" \/>\n<meta property=\"og:title\" content=\"Nueva apuesta de la Gobernaci\u00f3n para el sector cafetero -\" \/>\n<meta property=\"og:url\" content=\"https:\/\/luchonoticias.com\/editor\/nueva-apuesta-de-la-gobernacion-para-el-sector-cafetero\/\" \/>\n<meta property=\"article:publisher\" content=\"https:\/\/www.facebook.com\/luchonoticiasneiva\" \/>\n<meta property=\"article:published_time\" content=\"2024-06-01T20:46:06+00:00\" \/>\n<meta property=\"og:image\" content=\"https:\/\/luchonoticias.com\/editor\/wp-content\/uploads\/2024\/06\/cafe.jpg\" \/>\n\t<meta property=\"og:image:width\" content=\"700\" \/>\n\t<meta property=\"og:image:height\" content=\"400\" \/>\n\t<meta property=\"og:image:type\" content=\"image\/jpeg\" \/>\n<meta name=\"author\" content=\"Editor General\" \/>\n<meta name=\"twitter:card\" content=\"summary_large_image\" \/>\n<meta name=\"twitter:label1\" content=\"Escrito por\" \/>\n\t<meta name=\"twitter:data1\" content=\"Editor General\" \/>\n\t<meta name=\"twitter:label2\" content=\"Tiempo de lectura\" \/>\n\t<meta name=\"twitter:data2\" content=\"4 minutos\" \/>\n<script type=\"application\/ld+json\" class=\"yoast-schema-graph\">{\"@context\":\"https:\/\/schema.org\",\"@graph\":[{\"@type\":\"Article\",\"@id\":\"https:\/\/luchonoticias.com\/editor\/nueva-apuesta-de-la-gobernacion-para-el-sector-cafetero\/#article\",\"isPartOf\":{\"@id\":\"https:\/\/luchonoticias.com\/editor\/nueva-apuesta-de-la-gobernacion-para-el-sector-cafetero\/\"},\"author\":{\"name\":\"Editor General\",\"@id\":\"https:\/\/luchonoticias.com\/editor\/#\/schema\/person\/29217990ddf6f14e35912b2866d591fb\"},\"headline\":\"Nueva apuesta de la Gobernaci\u00f3n para el sector cafetero\",\"datePublished\":\"2024-06-01T20:46:06+00:00\",\"mainEntityOfPage\":{\"@id\":\"https:\/\/luchonoticias.com\/editor\/nueva-apuesta-de-la-gobernacion-para-el-sector-cafetero\/\"},\"wordCount\":866,\"publisher\":{\"@id\":\"https:\/\/luchonoticias.com\/editor\/#\/schema\/person\/7a7fd911f58561fd056dbac7b55af9cd\"},\"image\":{\"@id\":\"https:\/\/luchonoticias.com\/editor\/nueva-apuesta-de-la-gobernacion-para-el-sector-cafetero\/#primaryimage\"},\"thumbnailUrl\":\"https:\/\/luchonoticias.com\/editor\/wp-content\/uploads\/2024\/06\/cafe.jpg\",\"articleSection\":[\"Huila\"],\"inLanguage\":\"es\"},{\"@type\":\"WebPage\",\"@id\":\"https:\/\/luchonoticias.com\/editor\/nueva-apuesta-de-la-gobernacion-para-el-sector-cafetero\/\",\"url\":\"https:\/\/luchonoticias.com\/editor\/nueva-apuesta-de-la-gobernacion-para-el-sector-cafetero\/\",\"name\":\"Nueva apuesta de la Gobernaci\u00f3n para el sector cafetero -\",\"isPartOf\":{\"@id\":\"https:\/\/luchonoticias.com\/editor\/#website\"},\"primaryImageOfPage\":{\"@id\":\"https:\/\/luchonoticias.com\/editor\/nueva-apuesta-de-la-gobernacion-para-el-sector-cafetero\/#primaryimage\"},\"image\":{\"@id\":\"https:\/\/luchonoticias.com\/editor\/nueva-apuesta-de-la-gobernacion-para-el-sector-cafetero\/#primaryimage\"},\"thumbnailUrl\":\"https:\/\/luchonoticias.com\/editor\/wp-content\/uploads\/2024\/06\/cafe.jpg\",\"datePublished\":\"2024-06-01T20:46:06+00:00\",\"breadcrumb\":{\"@id\":\"https:\/\/luchonoticias.com\/editor\/nueva-apuesta-de-la-gobernacion-para-el-sector-cafetero\/#breadcrumb\"},\"inLanguage\":\"es\",\"potentialAction\":[{\"@type\":\"ReadAction\",\"target\":[\"https:\/\/luchonoticias.com\/editor\/nueva-apuesta-de-la-gobernacion-para-el-sector-cafetero\/\"]}]},{\"@type\":\"ImageObject\",\"inLanguage\":\"es\",\"@id\":\"https:\/\/luchonoticias.com\/editor\/nueva-apuesta-de-la-gobernacion-para-el-sector-cafetero\/#primaryimage\",\"url\":\"https:\/\/luchonoticias.com\/editor\/wp-content\/uploads\/2024\/06\/cafe.jpg\",\"contentUrl\":\"https:\/\/luchonoticias.com\/editor\/wp-content\/uploads\/2024\/06\/cafe.jpg\",\"width\":700,\"height\":400},{\"@type\":\"BreadcrumbList\",\"@id\":\"https:\/\/luchonoticias.com\/editor\/nueva-apuesta-de-la-gobernacion-para-el-sector-cafetero\/#breadcrumb\",\"itemListElement\":[{\"@type\":\"ListItem\",\"position\":1,\"name\":\"Portada\",\"item\":\"https:\/\/luchonoticias.com\/editor\/\"},{\"@type\":\"ListItem\",\"position\":2,\"name\":\"Nueva apuesta de la Gobernaci\u00f3n para el sector cafetero\"}]},{\"@type\":\"WebSite\",\"@id\":\"https:\/\/luchonoticias.com\/editor\/#website\",\"url\":\"https:\/\/luchonoticias.com\/editor\/\",\"name\":\"\",\"description\":\"\",\"publisher\":{\"@id\":\"https:\/\/luchonoticias.com\/editor\/#\/schema\/person\/7a7fd911f58561fd056dbac7b55af9cd\"},\"potentialAction\":[{\"@type\":\"SearchAction\",\"target\":{\"@type\":\"EntryPoint\",\"urlTemplate\":\"https:\/\/luchonoticias.com\/editor\/?s={search_term_string}\"},\"query-input\":{\"@type\":\"PropertyValueSpecification\",\"valueRequired\":true,\"valueName\":\"search_term_string\"}}],\"inLanguage\":\"es\"},{\"@type\":[\"Person\",\"Organization\"],\"@id\":\"https:\/\/luchonoticias.com\/editor\/#\/schema\/person\/7a7fd911f58561fd056dbac7b55af9cd\",\"name\":\"admin\",\"image\":{\"@type\":\"ImageObject\",\"inLanguage\":\"es\",\"@id\":\"https:\/\/luchonoticias.com\/editor\/#\/schema\/person\/image\/\",\"url\":\"https:\/\/luchonoticias.com\/editor\/wp-content\/uploads\/2024\/02\/cropped-cropped-logolu.webp\",\"contentUrl\":\"https:\/\/luchonoticias.com\/editor\/wp-content\/uploads\/2024\/02\/cropped-cropped-logolu.webp\",\"width\":382,\"height\":170,\"caption\":\"admin\"},\"logo\":{\"@id\":\"https:\/\/luchonoticias.com\/editor\/#\/schema\/person\/image\/\"},\"sameAs\":[\"https:\/\/www.facebook.com\/luchonoticiasneiva\"]},{\"@type\":\"Person\",\"@id\":\"https:\/\/luchonoticias.com\/editor\/#\/schema\/person\/29217990ddf6f14e35912b2866d591fb\",\"name\":\"Editor General\",\"image\":{\"@type\":\"ImageObject\",\"inLanguage\":\"es\",\"@id\":\"https:\/\/luchonoticias.com\/editor\/#\/schema\/person\/image\/\",\"url\":\"https:\/\/luchonoticias.com\/editor\/wp-content\/uploads\/2024\/02\/cropped-cropped-logolu-150x150.webp\",\"contentUrl\":\"https:\/\/luchonoticias.com\/editor\/wp-content\/uploads\/2024\/02\/cropped-cropped-logolu-150x150.webp\",\"caption\":\"Editor General\"},\"sameAs\":[\"https:\/\/luchonoticias.com\/\"],\"url\":\"https:\/\/luchonoticias.com\/editor\/author\/editor-general\/\"}]}<\/script>\n<!-- \/ Yoast SEO plugin. -->","yoast_head_json":{"title":"Nueva apuesta de la Gobernaci\u00f3n para el sector cafetero -","robots":{"index":"index","follow":"follow","max-snippet":"max-snippet:-1","max-image-preview":"max-image-preview:large","max-video-preview":"max-video-preview:-1"},"canonical":"https:\/\/luchonoticias.com\/editor\/nueva-apuesta-de-la-gobernacion-para-el-sector-cafetero\/","og_locale":"es_ES","og_type":"article","og_title":"Nueva apuesta de la Gobernaci\u00f3n para el sector cafetero -","og_url":"https:\/\/luchonoticias.com\/editor\/nueva-apuesta-de-la-gobernacion-para-el-sector-cafetero\/","article_publisher":"https:\/\/www.facebook.com\/luchonoticiasneiva","article_published_time":"2024-06-01T20:46:06+00:00","og_image":[{"width":700,"height":400,"url":"https:\/\/luchonoticias.com\/editor\/wp-content\/uploads\/2024\/06\/cafe.jpg","type":"image\/jpeg"}],"author":"Editor General","twitter_card":"summary_large_image","twitter_misc":{"Escrito por":"Editor General","Tiempo de lectura":"4 minutos"},"schema":{"@context":"https:\/\/schema.org","@graph":[{"@type":"Article","@id":"https:\/\/luchonoticias.com\/editor\/nueva-apuesta-de-la-gobernacion-para-el-sector-cafetero\/#article","isPartOf":{"@id":"https:\/\/luchonoticias.com\/editor\/nueva-apuesta-de-la-gobernacion-para-el-sector-cafetero\/"},"author":{"name":"Editor General","@id":"https:\/\/luchonoticias.com\/editor\/#\/schema\/person\/29217990ddf6f14e35912b2866d591fb"},"headline":"Nueva apuesta de la Gobernaci\u00f3n para el sector cafetero","datePublished":"2024-06-01T20:46:06+00:00","mainEntityOfPage":{"@id":"https:\/\/luchonoticias.com\/editor\/nueva-apuesta-de-la-gobernacion-para-el-sector-cafetero\/"},"wordCount":866,"publisher":{"@id":"https:\/\/luchonoticias.com\/editor\/#\/schema\/person\/7a7fd911f58561fd056dbac7b55af9cd"},"image":{"@id":"https:\/\/luchonoticias.com\/editor\/nueva-apuesta-de-la-gobernacion-para-el-sector-cafetero\/#primaryimage"},"thumbnailUrl":"https:\/\/luchonoticias.com\/editor\/wp-content\/uploads\/2024\/06\/cafe.jpg","articleSection":["Huila"],"inLanguage":"es"},{"@type":"WebPage","@id":"https:\/\/luchonoticias.com\/editor\/nueva-apuesta-de-la-gobernacion-para-el-sector-cafetero\/","url":"https:\/\/luchonoticias.com\/editor\/nueva-apuesta-de-la-gobernacion-para-el-sector-cafetero\/","name":"Nueva apuesta de la Gobernaci\u00f3n para el sector cafetero -","isPartOf":{"@id":"https:\/\/luchonoticias.com\/editor\/#website"},"primaryImageOfPage":{"@id":"https:\/\/luchonoticias.com\/editor\/nueva-apuesta-de-la-gobernacion-para-el-sector-cafetero\/#primaryimage"},"image":{"@id":"https:\/\/luchonoticias.com\/editor\/nueva-apuesta-de-la-gobernacion-para-el-sector-cafetero\/#primaryimage"},"thumbnailUrl":"https:\/\/luchonoticias.com\/editor\/wp-content\/uploads\/2024\/06\/cafe.jpg","datePublished":"2024-06-01T20:46:06+00:00","breadcrumb":{"@id":"https:\/\/luchonoticias.com\/editor\/nueva-apuesta-de-la-gobernacion-para-el-sector-cafetero\/#breadcrumb"},"inLanguage":"es","potentialAction":[{"@type":"ReadAction","target":["https:\/\/luchonoticias.com\/editor\/nueva-apuesta-de-la-gobernacion-para-el-sector-cafetero\/"]}]},{"@type":"ImageObject","inLanguage":"es","@id":"https:\/\/luchonoticias.com\/editor\/nueva-apuesta-de-la-gobernacion-para-el-sector-cafetero\/#primaryimage","url":"https:\/\/luchonoticias.com\/editor\/wp-content\/uploads\/2024\/06\/cafe.jpg","contentUrl":"https:\/\/luchonoticias.com\/editor\/wp-content\/uploads\/2024\/06\/cafe.jpg","width":700,"height":400},{"@type":"BreadcrumbList","@id":"https:\/\/luchonoticias.com\/editor\/nueva-apuesta-de-la-gobernacion-para-el-sector-cafetero\/#breadcrumb","itemListElement":[{"@type":"ListItem","position":1,"name":"Portada","item":"https:\/\/luchonoticias.com\/editor\/"},{"@type":"ListItem","position":2,"name":"Nueva apuesta de la Gobernaci\u00f3n para el sector cafetero"}]},{"@type":"WebSite","@id":"https:\/\/luchonoticias.com\/editor\/#website","url":"https:\/\/luchonoticias.com\/editor\/","name":"","description":"","publisher":{"@id":"https:\/\/luchonoticias.com\/editor\/#\/schema\/person\/7a7fd911f58561fd056dbac7b55af9cd"},"potentialAction":[{"@type":"SearchAction","target":{"@type":"EntryPoint","urlTemplate":"https:\/\/luchonoticias.com\/editor\/?s={search_term_string}"},"query-input":{"@type":"PropertyValueSpecification","valueRequired":true,"valueName":"search_term_string"}}],"inLanguage":"es"},{"@type":["Person","Organization"],"@id":"https:\/\/luchonoticias.com\/editor\/#\/schema\/person\/7a7fd911f58561fd056dbac7b55af9cd","name":"admin","image":{"@type":"ImageObject","inLanguage":"es","@id":"https:\/\/luchonoticias.com\/editor\/#\/schema\/person\/image\/","url":"https:\/\/luchonoticias.com\/editor\/wp-content\/uploads\/2024\/02\/cropped-cropped-logolu.webp","contentUrl":"https:\/\/luchonoticias.com\/editor\/wp-content\/uploads\/2024\/02\/cropped-cropped-logolu.webp","width":382,"height":170,"caption":"admin"},"logo":{"@id":"https:\/\/luchonoticias.com\/editor\/#\/schema\/person\/image\/"},"sameAs":["https:\/\/www.facebook.com\/luchonoticiasneiva"]},{"@type":"Person","@id":"https:\/\/luchonoticias.com\/editor\/#\/schema\/person\/29217990ddf6f14e35912b2866d591fb","name":"Editor General","image":{"@type":"ImageObject","inLanguage":"es","@id":"https:\/\/luchonoticias.com\/editor\/#\/schema\/person\/image\/","url":"https:\/\/luchonoticias.com\/editor\/wp-content\/uploads\/2024\/02\/cropped-cropped-logolu-150x150.webp","contentUrl":"https:\/\/luchonoticias.com\/editor\/wp-content\/uploads\/2024\/02\/cropped-cropped-logolu-150x150.webp","caption":"Editor General"},"sameAs":["https:\/\/luchonoticias.com\/"],"url":"https:\/\/luchonoticias.com\/editor\/author\/editor-general\/"}]}},"_links":{"self":[{"href":"https:\/\/luchonoticias.com\/editor\/wp-json\/wp\/v2\/posts\/73670","targetHints":{"allow":["GET"]}}],"collection":[{"href":"https:\/\/luchonoticias.com\/editor\/wp-json\/wp\/v2\/posts"}],"about":[{"href":"https:\/\/luchonoticias.com\/editor\/wp-json\/wp\/v2\/types\/post"}],"author":[{"embeddable":true,"href":"https:\/\/luchonoticias.com\/editor\/wp-json\/wp\/v2\/users\/2"}],"replies":[{"embeddable":true,"href":"https:\/\/luchonoticias.com\/editor\/wp-json\/wp\/v2\/comments?post=73670"}],"version-history":[{"count":0,"href":"https:\/\/luchonoticias.com\/editor\/wp-json\/wp\/v2\/posts\/73670\/revisions"}],"wp:featuredmedia":[{"embeddable":true,"href":"https:\/\/luchonoticias.com\/editor\/wp-json\/wp\/v2\/media\/73671"}],"wp:attachment":[{"href":"https:\/\/luchonoticias.com\/editor\/wp-json\/wp\/v2\/media?parent=73670"}],"wp:term":[{"taxonomy":"category","embeddable":true,"href":"https:\/\/luchonoticias.com\/editor\/wp-json\/wp\/v2\/categories?post=73670"},{"taxonomy":"post_tag","embeddable":true,"href":"https:\/\/luchonoticias.com\/editor\/wp-json\/wp\/v2\/tags?post=73670"}],"curies":[{"name":"wp","href":"https:\/\/api.w.org\/{rel}","templated":true}]}}