{"id":73687,"date":"2024-06-02T07:31:01","date_gmt":"2024-06-02T12:31:01","guid":{"rendered":"https:\/\/luchonoticias.com\/?p=73687"},"modified":"2024-06-02T07:31:01","modified_gmt":"2024-06-02T12:31:01","slug":"ya-no-mas-beneficios-a-condenados-por-feminicidio","status":"publish","type":"post","link":"https:\/\/luchonoticias.com\/editor\/ya-no-mas-beneficios-a-condenados-por-feminicidio\/","title":{"rendered":"Ya no m\u00e1s beneficios a condenados por feminicidio"},"content":{"rendered":"<p>El presidente de la Rep\u00fablica, Gustavo Petro Urrego, al lado de la ministra de Igualdad y Equidad, Francia M\u00e1rquez y el ministro de Justicia, N\u00e9stor Osuna, sancionaron la Ley 2356 que establece, desde este 28 de mayo, la eliminaci\u00f3n de beneficios y subrogados penales para quienes sean condenados o est\u00e9n cumpliendo detenci\u00f3n preventiva por el delito de feminicidio.<\/p>\n<p>Entre los beneficios que excluye la norma se encuentran la suspensi\u00f3n condicional de la ejecuci\u00f3n de la pena y la posibilidad de prisi\u00f3n domiciliaria.<\/p>\n<p>\u201cEstas violencias no se pueden tolerar, estas violencias que ciegan la vida, los sue\u00f1os, las esperanzas, que dejan ni\u00f1os hu\u00e9rfanos, no las podemos aceptar como sociedad. Por eso, junto a nuestro presidente Gustavo Petro y nuestro ministro de Justicia N\u00e9stor Osuna, acabamos de firmar la Ley 2356 de este a\u00f1o\u00bb, sostuvo Francia M\u00e1rquez, en su calidad de ministra de Igualdad y Equidad.<\/p>\n<p><strong>Otras m\u200bedidas<\/strong><\/p>\n<p>El Viceministerio de las Mujeres de MinIgualdad dise\u00f1\u00f3, en este mismo sentido, tres estrategias para atender las violencias que se cometen contra las mujeres.<\/p>\n<p>La primera es Salvia, el Sistema Nacional de Registro, Atenci\u00f3n, Seguimiento y Monitoreo de Violencias Basadas en G\u00e9nero y Contra las Mujeres. La segunda es el Modelo de Seguridad Humana Integral para las Mujeres en todas sus diversidades; y la tercera, una Estrategia encaminada a ir logrando un cambio cultural para derribar el machismo que est\u00e1 silenciando la vida de muchas mujeres en el pa\u00eds.<\/p>\n<p>\u201cDesde el Gobierno Nacional venimos haciendo esfuerzos importantes de articulaci\u00f3n interinstitucional para dar respuestas efectivas a la prevenci\u00f3n, atenci\u00f3n, investigaci\u00f3n y sanci\u00f3n en articulaci\u00f3n con todas las instituciones del Estado que nos permitan, de una vez por todas, erradicar de nuestro pa\u00eds, de nuestra sociedad, las violencias contra las mujeres\u00bb, asegur\u00f3 la ministra M\u00e1rquez.<\/p>\n","protected":false},"excerpt":{"rendered":"<p>El presidente de la Rep\u00fablica, Gustavo Petro Urrego, al lado de la ministra de Igualdad y Equidad, Francia M\u00e1rquez y el ministro de Justicia, N\u00e9stor Osuna, sancionaron la Ley 2356 que establece, desde este 28 de mayo, la eliminaci\u00f3n de beneficios y subrogados penales para quienes sean condenados o est\u00e9n cumpliendo detenci\u00f3n preventiva por el [&hellip;]<\/p>\n","protected":false},"author":2,"featured_media":73688,"comment_status":"closed","ping_status":"open","sticky":false,"template":"","format":"standard","meta":{"footnotes":""},"categories":[28],"tags":[],"class_list":["post-73687","post","type-post","status-publish","format-standard","has-post-thumbnail","hentry","category-actualidad"],"yoast_head":"<!-- This site is optimized with the Yoast SEO plugin v26.6 - https:\/\/yoast.com\/wordpress\/plugins\/seo\/ -->\n<title>Ya no m\u00e1s beneficios a condenados por feminicidio -<\/title>\n<meta name=\"robots\" content=\"index, follow, max-snippet:-1, max-image-preview:large, max-video-preview:-1\" \/>\n<link rel=\"canonical\" href=\"https:\/\/luchonoticias.com\/editor\/ya-no-mas-beneficios-a-condenados-por-feminicidio\/\" \/>\n<meta property=\"og:locale\" content=\"es_ES\" \/>\n<meta property=\"og:type\" content=\"article\" \/>\n<meta property=\"og:title\" content=\"Ya no m\u00e1s beneficios a condenados por feminicidio -\" \/>\n<meta property=\"og:url\" content=\"https:\/\/luchonoticias.com\/editor\/ya-no-mas-beneficios-a-condenados-por-feminicidio\/\" \/>\n<meta property=\"article:publisher\" content=\"https:\/\/www.facebook.com\/luchonoticiasneiva\" \/>\n<meta property=\"article:published_time\" content=\"2024-06-02T12:31:01+00:00\" \/>\n<meta property=\"og:image\" content=\"https:\/\/luchonoticias.com\/editor\/wp-content\/uploads\/2024\/06\/ley-firmado.jpg\" \/>\n\t<meta property=\"og:image:width\" content=\"700\" \/>\n\t<meta property=\"og:image:height\" content=\"400\" \/>\n\t<meta property=\"og:image:type\" content=\"image\/jpeg\" \/>\n<meta name=\"author\" content=\"Editor General\" \/>\n<meta name=\"twitter:card\" content=\"summary_large_image\" \/>\n<meta name=\"twitter:label1\" content=\"Escrito por\" \/>\n\t<meta name=\"twitter:data1\" content=\"Editor General\" \/>\n\t<meta name=\"twitter:label2\" content=\"Tiempo de lectura\" \/>\n\t<meta name=\"twitter:data2\" content=\"2 minutos\" \/>\n<script type=\"application\/ld+json\" class=\"yoast-schema-graph\">{\"@context\":\"https:\/\/schema.org\",\"@graph\":[{\"@type\":\"Article\",\"@id\":\"https:\/\/luchonoticias.com\/editor\/ya-no-mas-beneficios-a-condenados-por-feminicidio\/#article\",\"isPartOf\":{\"@id\":\"https:\/\/luchonoticias.com\/editor\/ya-no-mas-beneficios-a-condenados-por-feminicidio\/\"},\"author\":{\"name\":\"Editor General\",\"@id\":\"https:\/\/luchonoticias.com\/editor\/#\/schema\/person\/29217990ddf6f14e35912b2866d591fb\"},\"headline\":\"Ya no m\u00e1s beneficios a condenados por feminicidio\",\"datePublished\":\"2024-06-02T12:31:01+00:00\",\"mainEntityOfPage\":{\"@id\":\"https:\/\/luchonoticias.com\/editor\/ya-no-mas-beneficios-a-condenados-por-feminicidio\/\"},\"wordCount\":322,\"publisher\":{\"@id\":\"https:\/\/luchonoticias.com\/editor\/#\/schema\/person\/7a7fd911f58561fd056dbac7b55af9cd\"},\"image\":{\"@id\":\"https:\/\/luchonoticias.com\/editor\/ya-no-mas-beneficios-a-condenados-por-feminicidio\/#primaryimage\"},\"thumbnailUrl\":\"https:\/\/luchonoticias.com\/editor\/wp-content\/uploads\/2024\/06\/ley-firmado.jpg\",\"articleSection\":[\"Actualidad\"],\"inLanguage\":\"es\"},{\"@type\":\"WebPage\",\"@id\":\"https:\/\/luchonoticias.com\/editor\/ya-no-mas-beneficios-a-condenados-por-feminicidio\/\",\"url\":\"https:\/\/luchonoticias.com\/editor\/ya-no-mas-beneficios-a-condenados-por-feminicidio\/\",\"name\":\"Ya no m\u00e1s beneficios a condenados por feminicidio -\",\"isPartOf\":{\"@id\":\"https:\/\/luchonoticias.com\/editor\/#website\"},\"primaryImageOfPage\":{\"@id\":\"https:\/\/luchonoticias.com\/editor\/ya-no-mas-beneficios-a-condenados-por-feminicidio\/#primaryimage\"},\"image\":{\"@id\":\"https:\/\/luchonoticias.com\/editor\/ya-no-mas-beneficios-a-condenados-por-feminicidio\/#primaryimage\"},\"thumbnailUrl\":\"https:\/\/luchonoticias.com\/editor\/wp-content\/uploads\/2024\/06\/ley-firmado.jpg\",\"datePublished\":\"2024-06-02T12:31:01+00:00\",\"breadcrumb\":{\"@id\":\"https:\/\/luchonoticias.com\/editor\/ya-no-mas-beneficios-a-condenados-por-feminicidio\/#breadcrumb\"},\"inLanguage\":\"es\",\"potentialAction\":[{\"@type\":\"ReadAction\",\"target\":[\"https:\/\/luchonoticias.com\/editor\/ya-no-mas-beneficios-a-condenados-por-feminicidio\/\"]}]},{\"@type\":\"ImageObject\",\"inLanguage\":\"es\",\"@id\":\"https:\/\/luchonoticias.com\/editor\/ya-no-mas-beneficios-a-condenados-por-feminicidio\/#primaryimage\",\"url\":\"https:\/\/luchonoticias.com\/editor\/wp-content\/uploads\/2024\/06\/ley-firmado.jpg\",\"contentUrl\":\"https:\/\/luchonoticias.com\/editor\/wp-content\/uploads\/2024\/06\/ley-firmado.jpg\",\"width\":700,\"height\":400},{\"@type\":\"BreadcrumbList\",\"@id\":\"https:\/\/luchonoticias.com\/editor\/ya-no-mas-beneficios-a-condenados-por-feminicidio\/#breadcrumb\",\"itemListElement\":[{\"@type\":\"ListItem\",\"position\":1,\"name\":\"Portada\",\"item\":\"https:\/\/luchonoticias.com\/editor\/\"},{\"@type\":\"ListItem\",\"position\":2,\"name\":\"Ya no m\u00e1s beneficios a condenados por feminicidio\"}]},{\"@type\":\"WebSite\",\"@id\":\"https:\/\/luchonoticias.com\/editor\/#website\",\"url\":\"https:\/\/luchonoticias.com\/editor\/\",\"name\":\"\",\"description\":\"\",\"publisher\":{\"@id\":\"https:\/\/luchonoticias.com\/editor\/#\/schema\/person\/7a7fd911f58561fd056dbac7b55af9cd\"},\"potentialAction\":[{\"@type\":\"SearchAction\",\"target\":{\"@type\":\"EntryPoint\",\"urlTemplate\":\"https:\/\/luchonoticias.com\/editor\/?s={search_term_string}\"},\"query-input\":{\"@type\":\"PropertyValueSpecification\",\"valueRequired\":true,\"valueName\":\"search_term_string\"}}],\"inLanguage\":\"es\"},{\"@type\":[\"Person\",\"Organization\"],\"@id\":\"https:\/\/luchonoticias.com\/editor\/#\/schema\/person\/7a7fd911f58561fd056dbac7b55af9cd\",\"name\":\"admin\",\"image\":{\"@type\":\"ImageObject\",\"inLanguage\":\"es\",\"@id\":\"https:\/\/luchonoticias.com\/editor\/#\/schema\/person\/image\/\",\"url\":\"https:\/\/luchonoticias.com\/editor\/wp-content\/uploads\/2024\/02\/cropped-cropped-logolu.webp\",\"contentUrl\":\"https:\/\/luchonoticias.com\/editor\/wp-content\/uploads\/2024\/02\/cropped-cropped-logolu.webp\",\"width\":382,\"height\":170,\"caption\":\"admin\"},\"logo\":{\"@id\":\"https:\/\/luchonoticias.com\/editor\/#\/schema\/person\/image\/\"},\"sameAs\":[\"https:\/\/www.facebook.com\/luchonoticiasneiva\"]},{\"@type\":\"Person\",\"@id\":\"https:\/\/luchonoticias.com\/editor\/#\/schema\/person\/29217990ddf6f14e35912b2866d591fb\",\"name\":\"Editor General\",\"image\":{\"@type\":\"ImageObject\",\"inLanguage\":\"es\",\"@id\":\"https:\/\/luchonoticias.com\/editor\/#\/schema\/person\/image\/\",\"url\":\"https:\/\/luchonoticias.com\/editor\/wp-content\/uploads\/2024\/02\/cropped-cropped-logolu-150x150.webp\",\"contentUrl\":\"https:\/\/luchonoticias.com\/editor\/wp-content\/uploads\/2024\/02\/cropped-cropped-logolu-150x150.webp\",\"caption\":\"Editor General\"},\"sameAs\":[\"https:\/\/luchonoticias.com\/\"],\"url\":\"https:\/\/luchonoticias.com\/editor\/author\/editor-general\/\"}]}<\/script>\n<!-- \/ Yoast SEO plugin. -->","yoast_head_json":{"title":"Ya no m\u00e1s beneficios a condenados por feminicidio -","robots":{"index":"index","follow":"follow","max-snippet":"max-snippet:-1","max-image-preview":"max-image-preview:large","max-video-preview":"max-video-preview:-1"},"canonical":"https:\/\/luchonoticias.com\/editor\/ya-no-mas-beneficios-a-condenados-por-feminicidio\/","og_locale":"es_ES","og_type":"article","og_title":"Ya no m\u00e1s beneficios a condenados por feminicidio -","og_url":"https:\/\/luchonoticias.com\/editor\/ya-no-mas-beneficios-a-condenados-por-feminicidio\/","article_publisher":"https:\/\/www.facebook.com\/luchonoticiasneiva","article_published_time":"2024-06-02T12:31:01+00:00","og_image":[{"width":700,"height":400,"url":"https:\/\/luchonoticias.com\/editor\/wp-content\/uploads\/2024\/06\/ley-firmado.jpg","type":"image\/jpeg"}],"author":"Editor General","twitter_card":"summary_large_image","twitter_misc":{"Escrito por":"Editor General","Tiempo de lectura":"2 minutos"},"schema":{"@context":"https:\/\/schema.org","@graph":[{"@type":"Article","@id":"https:\/\/luchonoticias.com\/editor\/ya-no-mas-beneficios-a-condenados-por-feminicidio\/#article","isPartOf":{"@id":"https:\/\/luchonoticias.com\/editor\/ya-no-mas-beneficios-a-condenados-por-feminicidio\/"},"author":{"name":"Editor General","@id":"https:\/\/luchonoticias.com\/editor\/#\/schema\/person\/29217990ddf6f14e35912b2866d591fb"},"headline":"Ya no m\u00e1s beneficios a condenados por feminicidio","datePublished":"2024-06-02T12:31:01+00:00","mainEntityOfPage":{"@id":"https:\/\/luchonoticias.com\/editor\/ya-no-mas-beneficios-a-condenados-por-feminicidio\/"},"wordCount":322,"publisher":{"@id":"https:\/\/luchonoticias.com\/editor\/#\/schema\/person\/7a7fd911f58561fd056dbac7b55af9cd"},"image":{"@id":"https:\/\/luchonoticias.com\/editor\/ya-no-mas-beneficios-a-condenados-por-feminicidio\/#primaryimage"},"thumbnailUrl":"https:\/\/luchonoticias.com\/editor\/wp-content\/uploads\/2024\/06\/ley-firmado.jpg","articleSection":["Actualidad"],"inLanguage":"es"},{"@type":"WebPage","@id":"https:\/\/luchonoticias.com\/editor\/ya-no-mas-beneficios-a-condenados-por-feminicidio\/","url":"https:\/\/luchonoticias.com\/editor\/ya-no-mas-beneficios-a-condenados-por-feminicidio\/","name":"Ya no m\u00e1s beneficios a condenados por feminicidio -","isPartOf":{"@id":"https:\/\/luchonoticias.com\/editor\/#website"},"primaryImageOfPage":{"@id":"https:\/\/luchonoticias.com\/editor\/ya-no-mas-beneficios-a-condenados-por-feminicidio\/#primaryimage"},"image":{"@id":"https:\/\/luchonoticias.com\/editor\/ya-no-mas-beneficios-a-condenados-por-feminicidio\/#primaryimage"},"thumbnailUrl":"https:\/\/luchonoticias.com\/editor\/wp-content\/uploads\/2024\/06\/ley-firmado.jpg","datePublished":"2024-06-02T12:31:01+00:00","breadcrumb":{"@id":"https:\/\/luchonoticias.com\/editor\/ya-no-mas-beneficios-a-condenados-por-feminicidio\/#breadcrumb"},"inLanguage":"es","potentialAction":[{"@type":"ReadAction","target":["https:\/\/luchonoticias.com\/editor\/ya-no-mas-beneficios-a-condenados-por-feminicidio\/"]}]},{"@type":"ImageObject","inLanguage":"es","@id":"https:\/\/luchonoticias.com\/editor\/ya-no-mas-beneficios-a-condenados-por-feminicidio\/#primaryimage","url":"https:\/\/luchonoticias.com\/editor\/wp-content\/uploads\/2024\/06\/ley-firmado.jpg","contentUrl":"https:\/\/luchonoticias.com\/editor\/wp-content\/uploads\/2024\/06\/ley-firmado.jpg","width":700,"height":400},{"@type":"BreadcrumbList","@id":"https:\/\/luchonoticias.com\/editor\/ya-no-mas-beneficios-a-condenados-por-feminicidio\/#breadcrumb","itemListElement":[{"@type":"ListItem","position":1,"name":"Portada","item":"https:\/\/luchonoticias.com\/editor\/"},{"@type":"ListItem","position":2,"name":"Ya no m\u00e1s beneficios a condenados por feminicidio"}]},{"@type":"WebSite","@id":"https:\/\/luchonoticias.com\/editor\/#website","url":"https:\/\/luchonoticias.com\/editor\/","name":"","description":"","publisher":{"@id":"https:\/\/luchonoticias.com\/editor\/#\/schema\/person\/7a7fd911f58561fd056dbac7b55af9cd"},"potentialAction":[{"@type":"SearchAction","target":{"@type":"EntryPoint","urlTemplate":"https:\/\/luchonoticias.com\/editor\/?s={search_term_string}"},"query-input":{"@type":"PropertyValueSpecification","valueRequired":true,"valueName":"search_term_string"}}],"inLanguage":"es"},{"@type":["Person","Organization"],"@id":"https:\/\/luchonoticias.com\/editor\/#\/schema\/person\/7a7fd911f58561fd056dbac7b55af9cd","name":"admin","image":{"@type":"ImageObject","inLanguage":"es","@id":"https:\/\/luchonoticias.com\/editor\/#\/schema\/person\/image\/","url":"https:\/\/luchonoticias.com\/editor\/wp-content\/uploads\/2024\/02\/cropped-cropped-logolu.webp","contentUrl":"https:\/\/luchonoticias.com\/editor\/wp-content\/uploads\/2024\/02\/cropped-cropped-logolu.webp","width":382,"height":170,"caption":"admin"},"logo":{"@id":"https:\/\/luchonoticias.com\/editor\/#\/schema\/person\/image\/"},"sameAs":["https:\/\/www.facebook.com\/luchonoticiasneiva"]},{"@type":"Person","@id":"https:\/\/luchonoticias.com\/editor\/#\/schema\/person\/29217990ddf6f14e35912b2866d591fb","name":"Editor General","image":{"@type":"ImageObject","inLanguage":"es","@id":"https:\/\/luchonoticias.com\/editor\/#\/schema\/person\/image\/","url":"https:\/\/luchonoticias.com\/editor\/wp-content\/uploads\/2024\/02\/cropped-cropped-logolu-150x150.webp","contentUrl":"https:\/\/luchonoticias.com\/editor\/wp-content\/uploads\/2024\/02\/cropped-cropped-logolu-150x150.webp","caption":"Editor General"},"sameAs":["https:\/\/luchonoticias.com\/"],"url":"https:\/\/luchonoticias.com\/editor\/author\/editor-general\/"}]}},"_links":{"self":[{"href":"https:\/\/luchonoticias.com\/editor\/wp-json\/wp\/v2\/posts\/73687","targetHints":{"allow":["GET"]}}],"collection":[{"href":"https:\/\/luchonoticias.com\/editor\/wp-json\/wp\/v2\/posts"}],"about":[{"href":"https:\/\/luchonoticias.com\/editor\/wp-json\/wp\/v2\/types\/post"}],"author":[{"embeddable":true,"href":"https:\/\/luchonoticias.com\/editor\/wp-json\/wp\/v2\/users\/2"}],"replies":[{"embeddable":true,"href":"https:\/\/luchonoticias.com\/editor\/wp-json\/wp\/v2\/comments?post=73687"}],"version-history":[{"count":0,"href":"https:\/\/luchonoticias.com\/editor\/wp-json\/wp\/v2\/posts\/73687\/revisions"}],"wp:featuredmedia":[{"embeddable":true,"href":"https:\/\/luchonoticias.com\/editor\/wp-json\/wp\/v2\/media\/73688"}],"wp:attachment":[{"href":"https:\/\/luchonoticias.com\/editor\/wp-json\/wp\/v2\/media?parent=73687"}],"wp:term":[{"taxonomy":"category","embeddable":true,"href":"https:\/\/luchonoticias.com\/editor\/wp-json\/wp\/v2\/categories?post=73687"},{"taxonomy":"post_tag","embeddable":true,"href":"https:\/\/luchonoticias.com\/editor\/wp-json\/wp\/v2\/tags?post=73687"}],"curies":[{"name":"wp","href":"https:\/\/api.w.org\/{rel}","templated":true}]}}