{"id":73690,"date":"2024-06-02T07:41:12","date_gmt":"2024-06-02T12:41:12","guid":{"rendered":"https:\/\/luchonoticias.com\/?p=73690"},"modified":"2024-06-02T07:41:12","modified_gmt":"2024-06-02T12:41:12","slug":"utrahuilca-inicia-segunda-fase-de-la-liga-de-futbol-sala","status":"publish","type":"post","link":"https:\/\/luchonoticias.com\/editor\/utrahuilca-inicia-segunda-fase-de-la-liga-de-futbol-sala\/","title":{"rendered":"Utrahuilca inicia segunda fase de la Liga de F\u00fatbol Sala"},"content":{"rendered":"<p>Luego de un periodo de receso por la realizaci\u00f3n de la Copa Libertadores, retorna este fin de semana a territorio nacional, la acci\u00f3n de la Liga de F\u00fatbol Sala con los partidos de la segunda fase y con la presencia del Utrahuilca.<\/p>\n<p>Precisamente el elenco solidario rivalizar\u00e1 hoy en condici\u00f3n de local y a la 1:00 de la tarde ante el Independiente Barranquilla, quien precisamente fue el representante colombiano en la competencia internacional.<\/p>\n<p>Pensando en lo que ser\u00e1 esta competencia el equipo ha estado entrenando en el Coliseo \u00c1lvaro S\u00e1nchez Silva, adem\u00e1s de algunas sesiones en el Coliseo de la Universidad Surcolombia mientras se desarrollaron los nacionales juveniles de lucha.<\/p>\n<p>Recordar que el Utrahuilca finaliz\u00f3 la fase de grupos como cuarto en el grupo A con un total de 12 unidades sumadas.<\/p>\n","protected":false},"excerpt":{"rendered":"<p>Luego de un periodo de receso por la realizaci\u00f3n de la Copa Libertadores, retorna este fin de semana a territorio nacional, la acci\u00f3n de la Liga de F\u00fatbol Sala con los partidos de la segunda fase y con la presencia del Utrahuilca. Precisamente el elenco solidario rivalizar\u00e1 hoy en condici\u00f3n de local y a la [&hellip;]<\/p>\n","protected":false},"author":2,"featured_media":72053,"comment_status":"closed","ping_status":"open","sticky":false,"template":"","format":"standard","meta":{"footnotes":""},"categories":[34],"tags":[],"class_list":["post-73690","post","type-post","status-publish","format-standard","has-post-thumbnail","hentry","category-deportes"],"yoast_head":"<!-- This site is optimized with the Yoast SEO plugin v26.6 - https:\/\/yoast.com\/wordpress\/plugins\/seo\/ -->\n<title>Utrahuilca inicia segunda fase de la Liga de F\u00fatbol Sala -<\/title>\n<meta name=\"robots\" content=\"index, follow, max-snippet:-1, max-image-preview:large, max-video-preview:-1\" \/>\n<link rel=\"canonical\" href=\"https:\/\/luchonoticias.com\/editor\/utrahuilca-inicia-segunda-fase-de-la-liga-de-futbol-sala\/\" \/>\n<meta property=\"og:locale\" content=\"es_ES\" \/>\n<meta property=\"og:type\" content=\"article\" \/>\n<meta property=\"og:title\" content=\"Utrahuilca inicia segunda fase de la Liga de F\u00fatbol Sala -\" \/>\n<meta property=\"og:url\" content=\"https:\/\/luchonoticias.com\/editor\/utrahuilca-inicia-segunda-fase-de-la-liga-de-futbol-sala\/\" \/>\n<meta property=\"article:publisher\" content=\"https:\/\/www.facebook.com\/luchonoticiasneiva\" \/>\n<meta property=\"article:published_time\" content=\"2024-06-02T12:41:12+00:00\" \/>\n<meta property=\"og:image\" content=\"https:\/\/luchonoticias.com\/editor\/wp-content\/uploads\/2024\/04\/utrahuilca-futsal-1.jpg\" \/>\n\t<meta property=\"og:image:width\" content=\"700\" \/>\n\t<meta property=\"og:image:height\" content=\"400\" \/>\n\t<meta property=\"og:image:type\" content=\"image\/jpeg\" \/>\n<meta name=\"author\" content=\"Editor General\" \/>\n<meta name=\"twitter:card\" content=\"summary_large_image\" \/>\n<meta name=\"twitter:label1\" content=\"Escrito por\" \/>\n\t<meta name=\"twitter:data1\" content=\"Editor General\" \/>\n\t<meta name=\"twitter:label2\" content=\"Tiempo de lectura\" \/>\n\t<meta name=\"twitter:data2\" content=\"1 minuto\" \/>\n<script type=\"application\/ld+json\" class=\"yoast-schema-graph\">{\"@context\":\"https:\/\/schema.org\",\"@graph\":[{\"@type\":\"Article\",\"@id\":\"https:\/\/luchonoticias.com\/editor\/utrahuilca-inicia-segunda-fase-de-la-liga-de-futbol-sala\/#article\",\"isPartOf\":{\"@id\":\"https:\/\/luchonoticias.com\/editor\/utrahuilca-inicia-segunda-fase-de-la-liga-de-futbol-sala\/\"},\"author\":{\"name\":\"Editor General\",\"@id\":\"https:\/\/luchonoticias.com\/editor\/#\/schema\/person\/29217990ddf6f14e35912b2866d591fb\"},\"headline\":\"Utrahuilca inicia segunda fase de la Liga de F\u00fatbol Sala\",\"datePublished\":\"2024-06-02T12:41:12+00:00\",\"mainEntityOfPage\":{\"@id\":\"https:\/\/luchonoticias.com\/editor\/utrahuilca-inicia-segunda-fase-de-la-liga-de-futbol-sala\/\"},\"wordCount\":147,\"publisher\":{\"@id\":\"https:\/\/luchonoticias.com\/editor\/#\/schema\/person\/7a7fd911f58561fd056dbac7b55af9cd\"},\"image\":{\"@id\":\"https:\/\/luchonoticias.com\/editor\/utrahuilca-inicia-segunda-fase-de-la-liga-de-futbol-sala\/#primaryimage\"},\"thumbnailUrl\":\"https:\/\/luchonoticias.com\/editor\/wp-content\/uploads\/2024\/04\/utrahuilca-futsal-1.jpg\",\"articleSection\":[\"Deportes\"],\"inLanguage\":\"es\"},{\"@type\":\"WebPage\",\"@id\":\"https:\/\/luchonoticias.com\/editor\/utrahuilca-inicia-segunda-fase-de-la-liga-de-futbol-sala\/\",\"url\":\"https:\/\/luchonoticias.com\/editor\/utrahuilca-inicia-segunda-fase-de-la-liga-de-futbol-sala\/\",\"name\":\"Utrahuilca inicia segunda fase de la Liga de F\u00fatbol Sala -\",\"isPartOf\":{\"@id\":\"https:\/\/luchonoticias.com\/editor\/#website\"},\"primaryImageOfPage\":{\"@id\":\"https:\/\/luchonoticias.com\/editor\/utrahuilca-inicia-segunda-fase-de-la-liga-de-futbol-sala\/#primaryimage\"},\"image\":{\"@id\":\"https:\/\/luchonoticias.com\/editor\/utrahuilca-inicia-segunda-fase-de-la-liga-de-futbol-sala\/#primaryimage\"},\"thumbnailUrl\":\"https:\/\/luchonoticias.com\/editor\/wp-content\/uploads\/2024\/04\/utrahuilca-futsal-1.jpg\",\"datePublished\":\"2024-06-02T12:41:12+00:00\",\"breadcrumb\":{\"@id\":\"https:\/\/luchonoticias.com\/editor\/utrahuilca-inicia-segunda-fase-de-la-liga-de-futbol-sala\/#breadcrumb\"},\"inLanguage\":\"es\",\"potentialAction\":[{\"@type\":\"ReadAction\",\"target\":[\"https:\/\/luchonoticias.com\/editor\/utrahuilca-inicia-segunda-fase-de-la-liga-de-futbol-sala\/\"]}]},{\"@type\":\"ImageObject\",\"inLanguage\":\"es\",\"@id\":\"https:\/\/luchonoticias.com\/editor\/utrahuilca-inicia-segunda-fase-de-la-liga-de-futbol-sala\/#primaryimage\",\"url\":\"https:\/\/luchonoticias.com\/editor\/wp-content\/uploads\/2024\/04\/utrahuilca-futsal-1.jpg\",\"contentUrl\":\"https:\/\/luchonoticias.com\/editor\/wp-content\/uploads\/2024\/04\/utrahuilca-futsal-1.jpg\",\"width\":700,\"height\":400},{\"@type\":\"BreadcrumbList\",\"@id\":\"https:\/\/luchonoticias.com\/editor\/utrahuilca-inicia-segunda-fase-de-la-liga-de-futbol-sala\/#breadcrumb\",\"itemListElement\":[{\"@type\":\"ListItem\",\"position\":1,\"name\":\"Portada\",\"item\":\"https:\/\/luchonoticias.com\/editor\/\"},{\"@type\":\"ListItem\",\"position\":2,\"name\":\"Utrahuilca inicia segunda fase de la Liga de F\u00fatbol Sala\"}]},{\"@type\":\"WebSite\",\"@id\":\"https:\/\/luchonoticias.com\/editor\/#website\",\"url\":\"https:\/\/luchonoticias.com\/editor\/\",\"name\":\"\",\"description\":\"\",\"publisher\":{\"@id\":\"https:\/\/luchonoticias.com\/editor\/#\/schema\/person\/7a7fd911f58561fd056dbac7b55af9cd\"},\"potentialAction\":[{\"@type\":\"SearchAction\",\"target\":{\"@type\":\"EntryPoint\",\"urlTemplate\":\"https:\/\/luchonoticias.com\/editor\/?s={search_term_string}\"},\"query-input\":{\"@type\":\"PropertyValueSpecification\",\"valueRequired\":true,\"valueName\":\"search_term_string\"}}],\"inLanguage\":\"es\"},{\"@type\":[\"Person\",\"Organization\"],\"@id\":\"https:\/\/luchonoticias.com\/editor\/#\/schema\/person\/7a7fd911f58561fd056dbac7b55af9cd\",\"name\":\"admin\",\"image\":{\"@type\":\"ImageObject\",\"inLanguage\":\"es\",\"@id\":\"https:\/\/luchonoticias.com\/editor\/#\/schema\/person\/image\/\",\"url\":\"https:\/\/luchonoticias.com\/editor\/wp-content\/uploads\/2024\/02\/cropped-cropped-logolu.webp\",\"contentUrl\":\"https:\/\/luchonoticias.com\/editor\/wp-content\/uploads\/2024\/02\/cropped-cropped-logolu.webp\",\"width\":382,\"height\":170,\"caption\":\"admin\"},\"logo\":{\"@id\":\"https:\/\/luchonoticias.com\/editor\/#\/schema\/person\/image\/\"},\"sameAs\":[\"https:\/\/www.facebook.com\/luchonoticiasneiva\"]},{\"@type\":\"Person\",\"@id\":\"https:\/\/luchonoticias.com\/editor\/#\/schema\/person\/29217990ddf6f14e35912b2866d591fb\",\"name\":\"Editor General\",\"image\":{\"@type\":\"ImageObject\",\"inLanguage\":\"es\",\"@id\":\"https:\/\/luchonoticias.com\/editor\/#\/schema\/person\/image\/\",\"url\":\"https:\/\/luchonoticias.com\/editor\/wp-content\/uploads\/2024\/02\/cropped-cropped-logolu-150x150.webp\",\"contentUrl\":\"https:\/\/luchonoticias.com\/editor\/wp-content\/uploads\/2024\/02\/cropped-cropped-logolu-150x150.webp\",\"caption\":\"Editor General\"},\"sameAs\":[\"https:\/\/luchonoticias.com\/\"],\"url\":\"https:\/\/luchonoticias.com\/editor\/author\/editor-general\/\"}]}<\/script>\n<!-- \/ Yoast SEO plugin. -->","yoast_head_json":{"title":"Utrahuilca inicia segunda fase de la Liga de F\u00fatbol Sala -","robots":{"index":"index","follow":"follow","max-snippet":"max-snippet:-1","max-image-preview":"max-image-preview:large","max-video-preview":"max-video-preview:-1"},"canonical":"https:\/\/luchonoticias.com\/editor\/utrahuilca-inicia-segunda-fase-de-la-liga-de-futbol-sala\/","og_locale":"es_ES","og_type":"article","og_title":"Utrahuilca inicia segunda fase de la Liga de F\u00fatbol Sala -","og_url":"https:\/\/luchonoticias.com\/editor\/utrahuilca-inicia-segunda-fase-de-la-liga-de-futbol-sala\/","article_publisher":"https:\/\/www.facebook.com\/luchonoticiasneiva","article_published_time":"2024-06-02T12:41:12+00:00","og_image":[{"width":700,"height":400,"url":"https:\/\/luchonoticias.com\/editor\/wp-content\/uploads\/2024\/04\/utrahuilca-futsal-1.jpg","type":"image\/jpeg"}],"author":"Editor General","twitter_card":"summary_large_image","twitter_misc":{"Escrito por":"Editor General","Tiempo de lectura":"1 minuto"},"schema":{"@context":"https:\/\/schema.org","@graph":[{"@type":"Article","@id":"https:\/\/luchonoticias.com\/editor\/utrahuilca-inicia-segunda-fase-de-la-liga-de-futbol-sala\/#article","isPartOf":{"@id":"https:\/\/luchonoticias.com\/editor\/utrahuilca-inicia-segunda-fase-de-la-liga-de-futbol-sala\/"},"author":{"name":"Editor General","@id":"https:\/\/luchonoticias.com\/editor\/#\/schema\/person\/29217990ddf6f14e35912b2866d591fb"},"headline":"Utrahuilca inicia segunda fase de la Liga de F\u00fatbol Sala","datePublished":"2024-06-02T12:41:12+00:00","mainEntityOfPage":{"@id":"https:\/\/luchonoticias.com\/editor\/utrahuilca-inicia-segunda-fase-de-la-liga-de-futbol-sala\/"},"wordCount":147,"publisher":{"@id":"https:\/\/luchonoticias.com\/editor\/#\/schema\/person\/7a7fd911f58561fd056dbac7b55af9cd"},"image":{"@id":"https:\/\/luchonoticias.com\/editor\/utrahuilca-inicia-segunda-fase-de-la-liga-de-futbol-sala\/#primaryimage"},"thumbnailUrl":"https:\/\/luchonoticias.com\/editor\/wp-content\/uploads\/2024\/04\/utrahuilca-futsal-1.jpg","articleSection":["Deportes"],"inLanguage":"es"},{"@type":"WebPage","@id":"https:\/\/luchonoticias.com\/editor\/utrahuilca-inicia-segunda-fase-de-la-liga-de-futbol-sala\/","url":"https:\/\/luchonoticias.com\/editor\/utrahuilca-inicia-segunda-fase-de-la-liga-de-futbol-sala\/","name":"Utrahuilca inicia segunda fase de la Liga de F\u00fatbol Sala -","isPartOf":{"@id":"https:\/\/luchonoticias.com\/editor\/#website"},"primaryImageOfPage":{"@id":"https:\/\/luchonoticias.com\/editor\/utrahuilca-inicia-segunda-fase-de-la-liga-de-futbol-sala\/#primaryimage"},"image":{"@id":"https:\/\/luchonoticias.com\/editor\/utrahuilca-inicia-segunda-fase-de-la-liga-de-futbol-sala\/#primaryimage"},"thumbnailUrl":"https:\/\/luchonoticias.com\/editor\/wp-content\/uploads\/2024\/04\/utrahuilca-futsal-1.jpg","datePublished":"2024-06-02T12:41:12+00:00","breadcrumb":{"@id":"https:\/\/luchonoticias.com\/editor\/utrahuilca-inicia-segunda-fase-de-la-liga-de-futbol-sala\/#breadcrumb"},"inLanguage":"es","potentialAction":[{"@type":"ReadAction","target":["https:\/\/luchonoticias.com\/editor\/utrahuilca-inicia-segunda-fase-de-la-liga-de-futbol-sala\/"]}]},{"@type":"ImageObject","inLanguage":"es","@id":"https:\/\/luchonoticias.com\/editor\/utrahuilca-inicia-segunda-fase-de-la-liga-de-futbol-sala\/#primaryimage","url":"https:\/\/luchonoticias.com\/editor\/wp-content\/uploads\/2024\/04\/utrahuilca-futsal-1.jpg","contentUrl":"https:\/\/luchonoticias.com\/editor\/wp-content\/uploads\/2024\/04\/utrahuilca-futsal-1.jpg","width":700,"height":400},{"@type":"BreadcrumbList","@id":"https:\/\/luchonoticias.com\/editor\/utrahuilca-inicia-segunda-fase-de-la-liga-de-futbol-sala\/#breadcrumb","itemListElement":[{"@type":"ListItem","position":1,"name":"Portada","item":"https:\/\/luchonoticias.com\/editor\/"},{"@type":"ListItem","position":2,"name":"Utrahuilca inicia segunda fase de la Liga de F\u00fatbol Sala"}]},{"@type":"WebSite","@id":"https:\/\/luchonoticias.com\/editor\/#website","url":"https:\/\/luchonoticias.com\/editor\/","name":"","description":"","publisher":{"@id":"https:\/\/luchonoticias.com\/editor\/#\/schema\/person\/7a7fd911f58561fd056dbac7b55af9cd"},"potentialAction":[{"@type":"SearchAction","target":{"@type":"EntryPoint","urlTemplate":"https:\/\/luchonoticias.com\/editor\/?s={search_term_string}"},"query-input":{"@type":"PropertyValueSpecification","valueRequired":true,"valueName":"search_term_string"}}],"inLanguage":"es"},{"@type":["Person","Organization"],"@id":"https:\/\/luchonoticias.com\/editor\/#\/schema\/person\/7a7fd911f58561fd056dbac7b55af9cd","name":"admin","image":{"@type":"ImageObject","inLanguage":"es","@id":"https:\/\/luchonoticias.com\/editor\/#\/schema\/person\/image\/","url":"https:\/\/luchonoticias.com\/editor\/wp-content\/uploads\/2024\/02\/cropped-cropped-logolu.webp","contentUrl":"https:\/\/luchonoticias.com\/editor\/wp-content\/uploads\/2024\/02\/cropped-cropped-logolu.webp","width":382,"height":170,"caption":"admin"},"logo":{"@id":"https:\/\/luchonoticias.com\/editor\/#\/schema\/person\/image\/"},"sameAs":["https:\/\/www.facebook.com\/luchonoticiasneiva"]},{"@type":"Person","@id":"https:\/\/luchonoticias.com\/editor\/#\/schema\/person\/29217990ddf6f14e35912b2866d591fb","name":"Editor General","image":{"@type":"ImageObject","inLanguage":"es","@id":"https:\/\/luchonoticias.com\/editor\/#\/schema\/person\/image\/","url":"https:\/\/luchonoticias.com\/editor\/wp-content\/uploads\/2024\/02\/cropped-cropped-logolu-150x150.webp","contentUrl":"https:\/\/luchonoticias.com\/editor\/wp-content\/uploads\/2024\/02\/cropped-cropped-logolu-150x150.webp","caption":"Editor General"},"sameAs":["https:\/\/luchonoticias.com\/"],"url":"https:\/\/luchonoticias.com\/editor\/author\/editor-general\/"}]}},"_links":{"self":[{"href":"https:\/\/luchonoticias.com\/editor\/wp-json\/wp\/v2\/posts\/73690","targetHints":{"allow":["GET"]}}],"collection":[{"href":"https:\/\/luchonoticias.com\/editor\/wp-json\/wp\/v2\/posts"}],"about":[{"href":"https:\/\/luchonoticias.com\/editor\/wp-json\/wp\/v2\/types\/post"}],"author":[{"embeddable":true,"href":"https:\/\/luchonoticias.com\/editor\/wp-json\/wp\/v2\/users\/2"}],"replies":[{"embeddable":true,"href":"https:\/\/luchonoticias.com\/editor\/wp-json\/wp\/v2\/comments?post=73690"}],"version-history":[{"count":0,"href":"https:\/\/luchonoticias.com\/editor\/wp-json\/wp\/v2\/posts\/73690\/revisions"}],"wp:featuredmedia":[{"embeddable":true,"href":"https:\/\/luchonoticias.com\/editor\/wp-json\/wp\/v2\/media\/72053"}],"wp:attachment":[{"href":"https:\/\/luchonoticias.com\/editor\/wp-json\/wp\/v2\/media?parent=73690"}],"wp:term":[{"taxonomy":"category","embeddable":true,"href":"https:\/\/luchonoticias.com\/editor\/wp-json\/wp\/v2\/categories?post=73690"},{"taxonomy":"post_tag","embeddable":true,"href":"https:\/\/luchonoticias.com\/editor\/wp-json\/wp\/v2\/tags?post=73690"}],"curies":[{"name":"wp","href":"https:\/\/api.w.org\/{rel}","templated":true}]}}