{"id":73692,"date":"2024-06-02T09:45:51","date_gmt":"2024-06-02T14:45:51","guid":{"rendered":"https:\/\/luchonoticias.com\/?p=73692"},"modified":"2024-06-02T09:45:51","modified_gmt":"2024-06-02T14:45:51","slug":"socializacion-de-la-via-fortalecillas-tello","status":"publish","type":"post","link":"https:\/\/luchonoticias.com\/editor\/socializacion-de-la-via-fortalecillas-tello\/","title":{"rendered":"Socializaci\u00f3n de la v\u00eda Fortalecillas &#8211; Tello"},"content":{"rendered":"<p>La actividad se llev\u00f3 a cabo en el Centro de Integraci\u00f3n Ciudadana CIC del municipio de Tello, a donde asistieron el Gobernador del Huila, el secretario de V\u00edas, el alcalde de la localidad, su equipo de gobierno, concejales de ese municipio, diputados del Huila y las comunidades y habitantes de esta localidad del norte del departamento.<\/p>\n<p>El mandatario huilense dijo que su gobierno siempre estar\u00e1 atento a escuchar a las comunidades y m\u00e1s si se trata de temas viales. \u201cEste proyecto que hoy estamos socializando, cuenta con un muy buen contratista. Estamos en buenas manos. Conozco los contratistas, los interventores. Esta es una obra que responde a una necesidad por todos muy sentida\u201d, afirm\u00f3 el Gobernador del Huila, Rodrigo Villalba Mosquera.<\/p>\n<p>\u201cEl gobernador anterior tuvo el mayor inter\u00e9s y por eso adelant\u00f3 el proceso con recursos de regal\u00edas, hizo todo el tr\u00e1mite y tuvo toda la voluntad pol\u00edtica para sacarlo adelante, y lo dej\u00f3 muy adelantado. La parte final de la contrataci\u00f3n se hizo los primeros meses de este a\u00f1o, pero era un proceso que ya ven\u00eda muy avanzado desde el gobierno anterior. Nos corresponde velar porque la ejecuci\u00f3n se haga a cabalidad\u201d, a\u00f1adi\u00f3.<\/p>\n<p>Por su parte, Andr\u00e9s Camilo Cabrera Leiva, secretario de V\u00edas e Infraestructura del Huila, se\u00f1al\u00f3 que este es un proyecto que cuenta con interlocuci\u00f3n constante entre las comunidades de impacto de la obra y el enlace territorial de la Gobernaci\u00f3n-zona norte, as\u00ed como del equipo profesional de la Secretar\u00eda de V\u00edas e Infraestructura del Departamento.<\/p>\n<figure id=\"attachment_73693\" aria-describedby=\"caption-attachment-73693\" style=\"width: 700px\" class=\"wp-caption alignnone\"><img loading=\"lazy\" decoding=\"async\" class=\"wp-image-73693\" src=\"https:\/\/luchonoticias.com\/wp-content\/uploads\/2024\/06\/IMG_9909-300x200.jpg\" alt=\"El gobernador socializ\u00f3 la obra junto a la comunidad tellense. \" width=\"700\" height=\"467\" srcset=\"https:\/\/luchonoticias.com\/editor\/wp-content\/uploads\/2024\/06\/IMG_9909-300x200.jpg 300w, https:\/\/luchonoticias.com\/editor\/wp-content\/uploads\/2024\/06\/IMG_9909-1024x683.jpg 1024w, https:\/\/luchonoticias.com\/editor\/wp-content\/uploads\/2024\/06\/IMG_9909-768x512.jpg 768w, https:\/\/luchonoticias.com\/editor\/wp-content\/uploads\/2024\/06\/IMG_9909-1536x1024.jpg 1536w, https:\/\/luchonoticias.com\/editor\/wp-content\/uploads\/2024\/06\/IMG_9909-2048x1365.jpg 2048w\" sizes=\"auto, (max-width: 700px) 100vw, 700px\" \/><figcaption id=\"caption-attachment-73693\" class=\"wp-caption-text\">El gobernador socializ\u00f3 la obra junto a la comunidad tellense.<\/figcaption><\/figure>\n<p>&nbsp;<\/p>\n<p>\u201cTenemos diputados que han estado pendientes de esta obra porque quieren que esta regi\u00f3n tenga una v\u00eda como se la merecen. Hemos venido con el contratista de obra, el equipo de interventor\u00eda para que se ofrezca toda la descripci\u00f3n al detalle de este proyecto tan importante no s\u00f3lo para Tello y Neiva, sino para toda la zona norte del Huila\u201d, destac\u00f3.<\/p>\n<p>\u201cEl contratista de obra es el Consorcio Infraestructura JPN Tello, y en la interventor\u00eda estar\u00e1 el ingeniero V\u00edctor Guillermo Rodr\u00edguez Ram\u00edrez, consorcio VG. Tambi\u00e9n queremos que la comunidad constituya su veedur\u00eda ciudadana para esta obra, y de la cual sabemos que esta regi\u00f3n del norte del departamento siempre ha sido muy juiciosa para hacerle seguimiento a este tipo de proyectos viales\u201d, complement\u00f3.<\/p>\n<p>Aclar\u00f3 que este proyecto de infraestructura vial, (Rehabilitaci\u00f3n de pavimento flexible desde Fortalecillas hasta Tello sobre la v\u00eda departamental de primer orden c\u00f3digo 45\u00aa01 Neiva \u2013 San Antonio, red vial a cargo del Departamento), al ser de inversi\u00f3n de recursos de regal\u00edas, viene con unas coordenadas establecidas de inicio y de fin de cada tramo, y no es posible ni disminuirle ni aumentarle longitudes.<\/p>\n<p>\u201cEstaremos presente para que el proyecto tenga un 100% de alcance en todas sus dimensiones de tiempo, cantidad y calidad\u201d, concluy\u00f3.<\/p>\n<figure id=\"attachment_73694\" aria-describedby=\"caption-attachment-73694\" style=\"width: 700px\" class=\"wp-caption alignnone\"><img loading=\"lazy\" decoding=\"async\" class=\"wp-image-73694\" src=\"https:\/\/luchonoticias.com\/wp-content\/uploads\/2024\/06\/IMG_9907-300x200.jpg\" alt=\"\" width=\"700\" height=\"466\" srcset=\"https:\/\/luchonoticias.com\/editor\/wp-content\/uploads\/2024\/06\/IMG_9907-300x200.jpg 300w, https:\/\/luchonoticias.com\/editor\/wp-content\/uploads\/2024\/06\/IMG_9907-1024x683.jpg 1024w, https:\/\/luchonoticias.com\/editor\/wp-content\/uploads\/2024\/06\/IMG_9907-768x512.jpg 768w, https:\/\/luchonoticias.com\/editor\/wp-content\/uploads\/2024\/06\/IMG_9907-1536x1024.jpg 1536w, https:\/\/luchonoticias.com\/editor\/wp-content\/uploads\/2024\/06\/IMG_9907-2048x1365.jpg 2048w, https:\/\/luchonoticias.com\/editor\/wp-content\/uploads\/2024\/06\/IMG_9907-331x219.jpg 331w\" sizes=\"auto, (max-width: 700px) 100vw, 700px\" \/><figcaption id=\"caption-attachment-73694\" class=\"wp-caption-text\">La comunidad se encuentra esperanzada con el porvenir del proyecto.<\/figcaption><\/figure>\n<p><strong>Descripci\u00f3n de la obra<\/strong><\/p>\n<p>Entre tanto, Claudio C\u00e9sar Mej\u00eda, representante del contratista de obra, resalt\u00f3 que este es un contrato de $8.258 millones de pesos, que atender\u00e1 25 puntos desde el sector de 2.2 km adelante del cruce del Cucar\u00e1 \u2013 Villavieja, hasta llegar al municipio de Tello, una intervenci\u00f3n de una longitud total de 5.34 kil\u00f3metros.<\/p>\n<p>\u201cSe va a hacer restituci\u00f3n completa de la base y sub base de esos 25 tramos, se levanta esta estructura del pavimento y se colocar\u00e1 la carpeta de 7 cm compacta de asfalto. La ejecuci\u00f3n de esta obra tiene un tiempo estimado de 5 meses. Vamos a requerir personal femenino de paleteras y cuatro ayudantes para que la comunidad de este municipio coordine hojas de vida para estos trabajos\u201d, subray\u00f3.<\/p>\n<p>Destac\u00f3 que esta es una obra muy importante porque va a beneficiar a todos los municipios del norte del Huila, como Colombia, Baraya, Tello.<\/p>\n<p><strong>Por fin comienza una buena movilidad para Tello<\/strong><\/p>\n<p>El mandatario local, Fernando Alipio Solano G\u00f3mez afirm\u00f3 que esta es una obra que todos los tellenses anhelaban que llegara. \u201cDe la rehabilitaci\u00f3n de esta v\u00eda no solo nos beneficiamos los nacidos en Tello, sino el norte del Huila. Esta es la v\u00eda principal que conduce a los dos municipios siguientes que son Baraya y Colombia. Es una gran satisfacci\u00f3n ver la socializaci\u00f3n de esta obra\u201d, expres\u00f3.<\/p>\n<p>\u201cTello es un municipio que requiere de esa mano amiga del Gobernador. Contamos con un Plan de Desarrollo Municipal, \u2018Tello merece m\u00e1s\u2019, y toda la vida hemos apoyado esas causas liberales que siempre ha encargado el gobernador del Huila, atendiendo las necesidades hist\u00f3ricas de nuestras comunidades y que son de diversa \u00edndole\u201d, manifest\u00f3 el alcalde.<\/p>\n<p>Entre tanto, Jos\u00e9 Borrero, concejal de Tello expres\u00f3 su gratitud para con esta socializaci\u00f3n vial. \u201cMe encuentro muy contento porque es una v\u00eda que la necesita todo el norte del Huila donde se beneficiar\u00e1 la gente del campo que necesita sacar sus productos a los municipios\u201d.<\/p>\n<p>As\u00ed mismo, Ra\u00fal Solano Santos, habitante de Tello dijo que por fin se resuelve un problema de 10 a\u00f1os de sufrimientos. \u201cEs una v\u00eda en p\u00e9simo estado. Ahora estamos contentos con estos anuncios de pavimentaci\u00f3n porque son beneficios para los transportadores, campesinos, para la gente, para el turismo\u201d.<\/p>\n<p><strong>Otras obras para Tello y el territorio departamental<\/strong><\/p>\n<p>El mandatario departamental tambi\u00e9n hizo anuncios para los tellenses. \u201cVamos a trabajar como Dios manda. Las obras que vienen en camino, en este municipio, las vamos a terminar. No nos va a quedar nada inconcluso. Vamos a resolver los problemas que haya y terminar obras de otros gobiernos\u201d, anunci\u00f3.<\/p>\n<p>\u201cTemas como obras de acueducto y alcantarillado y seguridad en la v\u00eda. Aqu\u00ed vamos a meterle recursos para aumentar pie de fuerza para todo el Departamento. Los huilenses requieren buenas v\u00edas, pero tambi\u00e9n una movilidad segura. Hemos hecho 15 consejos de gobierno este a\u00f1o, donde se han tocado estos temas\u201d, a\u00f1adi\u00f3 Villalba Mosquera.<\/p>\n<p>\u201cUno de los pilares del desarrollo territorial es la seguridad. Esta semana estamos terminando un plan de seguridad y convivencia ciudadana del departamento que implica movilizar recursos para pie de fuerza en las v\u00edas. Polic\u00eda y Ej\u00e9rcito en los corredores viales\u201d, resalt\u00f3.<\/p>\n<p>De otro lado, dijo que el tema vial es fundamental en su reci\u00e9n sancionado Plan de Desarrollo Departamental \u2018Huila Grande\u2019. \u201cEn este gobierno vamos a invertir fuerte en v\u00edas de competencia directa del Departamento, como son las de segundo orden. Mirar la v\u00eda de Tello &#8211; Baraya, y la v\u00eda de Neiva \u2013 Palermo, as\u00ed como tambi\u00e9n la v\u00eda Neiva \u2013 Yaguar\u00e1 y que terminen el tramo que qued\u00f3 contratado de Yaguar\u00e1 a \u00cdquira, donde faltan 4 km\u201d, describi\u00f3.<\/p>\n<p>\u201cLa v\u00eda a Algeciras vamos a trabajarla. Y en el sur, mandamos a hacer una consultor\u00eda que nos actualice v\u00edas como la de Oporapa, y lo que falta lo vamos a contratar, y otras obras en curso en el sur del Huila que vamos a atenderlas todas. Luego viene un paquete de v\u00edas terciarias que queremos que el Gobierno Nacional nos cofinancie estos proyectos\u201d, finaliz\u00f3 el mandatario huilense.<\/p>\n","protected":false},"excerpt":{"rendered":"<p>La actividad se llev\u00f3 a cabo en el Centro de Integraci\u00f3n Ciudadana CIC del municipio de Tello, a donde asistieron el Gobernador del Huila, el secretario de V\u00edas, el alcalde de la localidad, su equipo de gobierno, concejales de ese municipio, diputados del Huila y las comunidades y habitantes de esta localidad del norte del [&hellip;]<\/p>\n","protected":false},"author":2,"featured_media":73695,"comment_status":"closed","ping_status":"open","sticky":false,"template":"","format":"standard","meta":{"footnotes":""},"categories":[33],"tags":[],"class_list":["post-73692","post","type-post","status-publish","format-standard","has-post-thumbnail","hentry","category-huila"],"yoast_head":"<!-- This site is optimized with the Yoast SEO plugin v26.6 - https:\/\/yoast.com\/wordpress\/plugins\/seo\/ -->\n<title>Socializaci\u00f3n de la v\u00eda Fortalecillas - Tello -<\/title>\n<meta name=\"robots\" content=\"index, follow, max-snippet:-1, max-image-preview:large, max-video-preview:-1\" \/>\n<link rel=\"canonical\" href=\"https:\/\/luchonoticias.com\/editor\/socializacion-de-la-via-fortalecillas-tello\/\" \/>\n<meta property=\"og:locale\" content=\"es_ES\" \/>\n<meta property=\"og:type\" content=\"article\" \/>\n<meta property=\"og:title\" content=\"Socializaci\u00f3n de la v\u00eda Fortalecillas - Tello -\" \/>\n<meta property=\"og:url\" content=\"https:\/\/luchonoticias.com\/editor\/socializacion-de-la-via-fortalecillas-tello\/\" \/>\n<meta property=\"article:publisher\" content=\"https:\/\/www.facebook.com\/luchonoticiasneiva\" \/>\n<meta property=\"article:published_time\" content=\"2024-06-02T14:45:51+00:00\" \/>\n<meta property=\"og:image\" content=\"https:\/\/luchonoticias.com\/editor\/wp-content\/uploads\/2024\/06\/socializacion-tello.jpg\" \/>\n\t<meta property=\"og:image:width\" content=\"700\" \/>\n\t<meta property=\"og:image:height\" content=\"400\" \/>\n\t<meta property=\"og:image:type\" content=\"image\/jpeg\" \/>\n<meta name=\"author\" content=\"Editor General\" \/>\n<meta name=\"twitter:card\" content=\"summary_large_image\" \/>\n<meta name=\"twitter:label1\" content=\"Escrito por\" \/>\n\t<meta name=\"twitter:data1\" content=\"Editor General\" \/>\n\t<meta name=\"twitter:label2\" content=\"Tiempo de lectura\" \/>\n\t<meta name=\"twitter:data2\" content=\"6 minutos\" \/>\n<script type=\"application\/ld+json\" class=\"yoast-schema-graph\">{\"@context\":\"https:\/\/schema.org\",\"@graph\":[{\"@type\":\"Article\",\"@id\":\"https:\/\/luchonoticias.com\/editor\/socializacion-de-la-via-fortalecillas-tello\/#article\",\"isPartOf\":{\"@id\":\"https:\/\/luchonoticias.com\/editor\/socializacion-de-la-via-fortalecillas-tello\/\"},\"author\":{\"name\":\"Editor General\",\"@id\":\"https:\/\/luchonoticias.com\/editor\/#\/schema\/person\/29217990ddf6f14e35912b2866d591fb\"},\"headline\":\"Socializaci\u00f3n de la v\u00eda Fortalecillas &#8211; Tello\",\"datePublished\":\"2024-06-02T14:45:51+00:00\",\"mainEntityOfPage\":{\"@id\":\"https:\/\/luchonoticias.com\/editor\/socializacion-de-la-via-fortalecillas-tello\/\"},\"wordCount\":1236,\"publisher\":{\"@id\":\"https:\/\/luchonoticias.com\/editor\/#\/schema\/person\/7a7fd911f58561fd056dbac7b55af9cd\"},\"image\":{\"@id\":\"https:\/\/luchonoticias.com\/editor\/socializacion-de-la-via-fortalecillas-tello\/#primaryimage\"},\"thumbnailUrl\":\"https:\/\/luchonoticias.com\/editor\/wp-content\/uploads\/2024\/06\/socializacion-tello.jpg\",\"articleSection\":[\"Huila\"],\"inLanguage\":\"es\"},{\"@type\":\"WebPage\",\"@id\":\"https:\/\/luchonoticias.com\/editor\/socializacion-de-la-via-fortalecillas-tello\/\",\"url\":\"https:\/\/luchonoticias.com\/editor\/socializacion-de-la-via-fortalecillas-tello\/\",\"name\":\"Socializaci\u00f3n de la v\u00eda Fortalecillas - Tello -\",\"isPartOf\":{\"@id\":\"https:\/\/luchonoticias.com\/editor\/#website\"},\"primaryImageOfPage\":{\"@id\":\"https:\/\/luchonoticias.com\/editor\/socializacion-de-la-via-fortalecillas-tello\/#primaryimage\"},\"image\":{\"@id\":\"https:\/\/luchonoticias.com\/editor\/socializacion-de-la-via-fortalecillas-tello\/#primaryimage\"},\"thumbnailUrl\":\"https:\/\/luchonoticias.com\/editor\/wp-content\/uploads\/2024\/06\/socializacion-tello.jpg\",\"datePublished\":\"2024-06-02T14:45:51+00:00\",\"breadcrumb\":{\"@id\":\"https:\/\/luchonoticias.com\/editor\/socializacion-de-la-via-fortalecillas-tello\/#breadcrumb\"},\"inLanguage\":\"es\",\"potentialAction\":[{\"@type\":\"ReadAction\",\"target\":[\"https:\/\/luchonoticias.com\/editor\/socializacion-de-la-via-fortalecillas-tello\/\"]}]},{\"@type\":\"ImageObject\",\"inLanguage\":\"es\",\"@id\":\"https:\/\/luchonoticias.com\/editor\/socializacion-de-la-via-fortalecillas-tello\/#primaryimage\",\"url\":\"https:\/\/luchonoticias.com\/editor\/wp-content\/uploads\/2024\/06\/socializacion-tello.jpg\",\"contentUrl\":\"https:\/\/luchonoticias.com\/editor\/wp-content\/uploads\/2024\/06\/socializacion-tello.jpg\",\"width\":700,\"height\":400},{\"@type\":\"BreadcrumbList\",\"@id\":\"https:\/\/luchonoticias.com\/editor\/socializacion-de-la-via-fortalecillas-tello\/#breadcrumb\",\"itemListElement\":[{\"@type\":\"ListItem\",\"position\":1,\"name\":\"Portada\",\"item\":\"https:\/\/luchonoticias.com\/editor\/\"},{\"@type\":\"ListItem\",\"position\":2,\"name\":\"Socializaci\u00f3n de la v\u00eda Fortalecillas &#8211; Tello\"}]},{\"@type\":\"WebSite\",\"@id\":\"https:\/\/luchonoticias.com\/editor\/#website\",\"url\":\"https:\/\/luchonoticias.com\/editor\/\",\"name\":\"\",\"description\":\"\",\"publisher\":{\"@id\":\"https:\/\/luchonoticias.com\/editor\/#\/schema\/person\/7a7fd911f58561fd056dbac7b55af9cd\"},\"potentialAction\":[{\"@type\":\"SearchAction\",\"target\":{\"@type\":\"EntryPoint\",\"urlTemplate\":\"https:\/\/luchonoticias.com\/editor\/?s={search_term_string}\"},\"query-input\":{\"@type\":\"PropertyValueSpecification\",\"valueRequired\":true,\"valueName\":\"search_term_string\"}}],\"inLanguage\":\"es\"},{\"@type\":[\"Person\",\"Organization\"],\"@id\":\"https:\/\/luchonoticias.com\/editor\/#\/schema\/person\/7a7fd911f58561fd056dbac7b55af9cd\",\"name\":\"admin\",\"image\":{\"@type\":\"ImageObject\",\"inLanguage\":\"es\",\"@id\":\"https:\/\/luchonoticias.com\/editor\/#\/schema\/person\/image\/\",\"url\":\"https:\/\/luchonoticias.com\/editor\/wp-content\/uploads\/2024\/02\/cropped-cropped-logolu.webp\",\"contentUrl\":\"https:\/\/luchonoticias.com\/editor\/wp-content\/uploads\/2024\/02\/cropped-cropped-logolu.webp\",\"width\":382,\"height\":170,\"caption\":\"admin\"},\"logo\":{\"@id\":\"https:\/\/luchonoticias.com\/editor\/#\/schema\/person\/image\/\"},\"sameAs\":[\"https:\/\/www.facebook.com\/luchonoticiasneiva\"]},{\"@type\":\"Person\",\"@id\":\"https:\/\/luchonoticias.com\/editor\/#\/schema\/person\/29217990ddf6f14e35912b2866d591fb\",\"name\":\"Editor General\",\"image\":{\"@type\":\"ImageObject\",\"inLanguage\":\"es\",\"@id\":\"https:\/\/luchonoticias.com\/editor\/#\/schema\/person\/image\/\",\"url\":\"https:\/\/luchonoticias.com\/editor\/wp-content\/uploads\/2024\/02\/cropped-cropped-logolu-150x150.webp\",\"contentUrl\":\"https:\/\/luchonoticias.com\/editor\/wp-content\/uploads\/2024\/02\/cropped-cropped-logolu-150x150.webp\",\"caption\":\"Editor General\"},\"sameAs\":[\"https:\/\/luchonoticias.com\/\"],\"url\":\"https:\/\/luchonoticias.com\/editor\/author\/editor-general\/\"}]}<\/script>\n<!-- \/ Yoast SEO plugin. -->","yoast_head_json":{"title":"Socializaci\u00f3n de la v\u00eda Fortalecillas - Tello -","robots":{"index":"index","follow":"follow","max-snippet":"max-snippet:-1","max-image-preview":"max-image-preview:large","max-video-preview":"max-video-preview:-1"},"canonical":"https:\/\/luchonoticias.com\/editor\/socializacion-de-la-via-fortalecillas-tello\/","og_locale":"es_ES","og_type":"article","og_title":"Socializaci\u00f3n de la v\u00eda Fortalecillas - Tello -","og_url":"https:\/\/luchonoticias.com\/editor\/socializacion-de-la-via-fortalecillas-tello\/","article_publisher":"https:\/\/www.facebook.com\/luchonoticiasneiva","article_published_time":"2024-06-02T14:45:51+00:00","og_image":[{"width":700,"height":400,"url":"https:\/\/luchonoticias.com\/editor\/wp-content\/uploads\/2024\/06\/socializacion-tello.jpg","type":"image\/jpeg"}],"author":"Editor General","twitter_card":"summary_large_image","twitter_misc":{"Escrito por":"Editor General","Tiempo de lectura":"6 minutos"},"schema":{"@context":"https:\/\/schema.org","@graph":[{"@type":"Article","@id":"https:\/\/luchonoticias.com\/editor\/socializacion-de-la-via-fortalecillas-tello\/#article","isPartOf":{"@id":"https:\/\/luchonoticias.com\/editor\/socializacion-de-la-via-fortalecillas-tello\/"},"author":{"name":"Editor General","@id":"https:\/\/luchonoticias.com\/editor\/#\/schema\/person\/29217990ddf6f14e35912b2866d591fb"},"headline":"Socializaci\u00f3n de la v\u00eda Fortalecillas &#8211; Tello","datePublished":"2024-06-02T14:45:51+00:00","mainEntityOfPage":{"@id":"https:\/\/luchonoticias.com\/editor\/socializacion-de-la-via-fortalecillas-tello\/"},"wordCount":1236,"publisher":{"@id":"https:\/\/luchonoticias.com\/editor\/#\/schema\/person\/7a7fd911f58561fd056dbac7b55af9cd"},"image":{"@id":"https:\/\/luchonoticias.com\/editor\/socializacion-de-la-via-fortalecillas-tello\/#primaryimage"},"thumbnailUrl":"https:\/\/luchonoticias.com\/editor\/wp-content\/uploads\/2024\/06\/socializacion-tello.jpg","articleSection":["Huila"],"inLanguage":"es"},{"@type":"WebPage","@id":"https:\/\/luchonoticias.com\/editor\/socializacion-de-la-via-fortalecillas-tello\/","url":"https:\/\/luchonoticias.com\/editor\/socializacion-de-la-via-fortalecillas-tello\/","name":"Socializaci\u00f3n de la v\u00eda Fortalecillas - Tello -","isPartOf":{"@id":"https:\/\/luchonoticias.com\/editor\/#website"},"primaryImageOfPage":{"@id":"https:\/\/luchonoticias.com\/editor\/socializacion-de-la-via-fortalecillas-tello\/#primaryimage"},"image":{"@id":"https:\/\/luchonoticias.com\/editor\/socializacion-de-la-via-fortalecillas-tello\/#primaryimage"},"thumbnailUrl":"https:\/\/luchonoticias.com\/editor\/wp-content\/uploads\/2024\/06\/socializacion-tello.jpg","datePublished":"2024-06-02T14:45:51+00:00","breadcrumb":{"@id":"https:\/\/luchonoticias.com\/editor\/socializacion-de-la-via-fortalecillas-tello\/#breadcrumb"},"inLanguage":"es","potentialAction":[{"@type":"ReadAction","target":["https:\/\/luchonoticias.com\/editor\/socializacion-de-la-via-fortalecillas-tello\/"]}]},{"@type":"ImageObject","inLanguage":"es","@id":"https:\/\/luchonoticias.com\/editor\/socializacion-de-la-via-fortalecillas-tello\/#primaryimage","url":"https:\/\/luchonoticias.com\/editor\/wp-content\/uploads\/2024\/06\/socializacion-tello.jpg","contentUrl":"https:\/\/luchonoticias.com\/editor\/wp-content\/uploads\/2024\/06\/socializacion-tello.jpg","width":700,"height":400},{"@type":"BreadcrumbList","@id":"https:\/\/luchonoticias.com\/editor\/socializacion-de-la-via-fortalecillas-tello\/#breadcrumb","itemListElement":[{"@type":"ListItem","position":1,"name":"Portada","item":"https:\/\/luchonoticias.com\/editor\/"},{"@type":"ListItem","position":2,"name":"Socializaci\u00f3n de la v\u00eda Fortalecillas &#8211; Tello"}]},{"@type":"WebSite","@id":"https:\/\/luchonoticias.com\/editor\/#website","url":"https:\/\/luchonoticias.com\/editor\/","name":"","description":"","publisher":{"@id":"https:\/\/luchonoticias.com\/editor\/#\/schema\/person\/7a7fd911f58561fd056dbac7b55af9cd"},"potentialAction":[{"@type":"SearchAction","target":{"@type":"EntryPoint","urlTemplate":"https:\/\/luchonoticias.com\/editor\/?s={search_term_string}"},"query-input":{"@type":"PropertyValueSpecification","valueRequired":true,"valueName":"search_term_string"}}],"inLanguage":"es"},{"@type":["Person","Organization"],"@id":"https:\/\/luchonoticias.com\/editor\/#\/schema\/person\/7a7fd911f58561fd056dbac7b55af9cd","name":"admin","image":{"@type":"ImageObject","inLanguage":"es","@id":"https:\/\/luchonoticias.com\/editor\/#\/schema\/person\/image\/","url":"https:\/\/luchonoticias.com\/editor\/wp-content\/uploads\/2024\/02\/cropped-cropped-logolu.webp","contentUrl":"https:\/\/luchonoticias.com\/editor\/wp-content\/uploads\/2024\/02\/cropped-cropped-logolu.webp","width":382,"height":170,"caption":"admin"},"logo":{"@id":"https:\/\/luchonoticias.com\/editor\/#\/schema\/person\/image\/"},"sameAs":["https:\/\/www.facebook.com\/luchonoticiasneiva"]},{"@type":"Person","@id":"https:\/\/luchonoticias.com\/editor\/#\/schema\/person\/29217990ddf6f14e35912b2866d591fb","name":"Editor General","image":{"@type":"ImageObject","inLanguage":"es","@id":"https:\/\/luchonoticias.com\/editor\/#\/schema\/person\/image\/","url":"https:\/\/luchonoticias.com\/editor\/wp-content\/uploads\/2024\/02\/cropped-cropped-logolu-150x150.webp","contentUrl":"https:\/\/luchonoticias.com\/editor\/wp-content\/uploads\/2024\/02\/cropped-cropped-logolu-150x150.webp","caption":"Editor General"},"sameAs":["https:\/\/luchonoticias.com\/"],"url":"https:\/\/luchonoticias.com\/editor\/author\/editor-general\/"}]}},"_links":{"self":[{"href":"https:\/\/luchonoticias.com\/editor\/wp-json\/wp\/v2\/posts\/73692","targetHints":{"allow":["GET"]}}],"collection":[{"href":"https:\/\/luchonoticias.com\/editor\/wp-json\/wp\/v2\/posts"}],"about":[{"href":"https:\/\/luchonoticias.com\/editor\/wp-json\/wp\/v2\/types\/post"}],"author":[{"embeddable":true,"href":"https:\/\/luchonoticias.com\/editor\/wp-json\/wp\/v2\/users\/2"}],"replies":[{"embeddable":true,"href":"https:\/\/luchonoticias.com\/editor\/wp-json\/wp\/v2\/comments?post=73692"}],"version-history":[{"count":0,"href":"https:\/\/luchonoticias.com\/editor\/wp-json\/wp\/v2\/posts\/73692\/revisions"}],"wp:featuredmedia":[{"embeddable":true,"href":"https:\/\/luchonoticias.com\/editor\/wp-json\/wp\/v2\/media\/73695"}],"wp:attachment":[{"href":"https:\/\/luchonoticias.com\/editor\/wp-json\/wp\/v2\/media?parent=73692"}],"wp:term":[{"taxonomy":"category","embeddable":true,"href":"https:\/\/luchonoticias.com\/editor\/wp-json\/wp\/v2\/categories?post=73692"},{"taxonomy":"post_tag","embeddable":true,"href":"https:\/\/luchonoticias.com\/editor\/wp-json\/wp\/v2\/tags?post=73692"}],"curies":[{"name":"wp","href":"https:\/\/api.w.org\/{rel}","templated":true}]}}