{"id":73701,"date":"2024-06-03T08:12:41","date_gmt":"2024-06-03T13:12:41","guid":{"rendered":"https:\/\/luchonoticias.com\/?p=73701"},"modified":"2024-06-03T08:12:41","modified_gmt":"2024-06-03T13:12:41","slug":"colegios-de-neiva-planifican-participacion-en-juegos-intercolegiados-2024","status":"publish","type":"post","link":"https:\/\/luchonoticias.com\/editor\/colegios-de-neiva-planifican-participacion-en-juegos-intercolegiados-2024\/","title":{"rendered":"Colegios de Neiva planifican participaci\u00f3n en Juegos Intercolegiados 2024"},"content":{"rendered":"<p>En el parque Metropolitano, en el oriente de la ciudad, se realiz\u00f3 la capacitaci\u00f3n a los profesores de diferentes instituciones educativas para el proceso de inscripci\u00f3n a los Juegos Intercolegiados. Este espacio cont\u00f3 con los profesionales de la Secretar\u00eda de Deporte y Recreaci\u00f3n, quienes se encargaron de explicar el paso a paso para la inscripci\u00f3n de los alumnos y profesores para la participaci\u00f3n del evento m\u00e1s importante a nivel deportivo de los colegios en la ciudad.<\/p>\n<p>Hasta el momento, 17 instituciones est\u00e1n inscritas, y es de resaltar que dicho proceso dio inicio el 1 de mayo y se cerrar\u00e1 el pr\u00f3ximo 30 de junio; la inauguraci\u00f3n de este gran evento se llevar\u00e1 a cabo el 10 de julio y finalizar\u00e1 el 15 agosto del presente a\u00f1o.<\/p>\n<p>\u201cEl proceso ha sido muy organizado por parte de la Alcald\u00eda, han sido espec\u00edficos y claros en cuanto a lo que tiene que ver con la inscripci\u00f3n y las futuras pruebas\u201d, manifest\u00f3 Carlos Alberto Su\u00e1rez Gasca, docente de la I.E Jairo Mosquera Moreno del corregimiento de Guacirco.<\/p>\n<p>Por su parte, la coordinadora de los Juegos Intercolegiados, Yasmith Lozano D\u00edaz, sostuvo, \u201cclaro, esta capacitaci\u00f3n es supremamente importante, porque as\u00ed nosotros podemos masificar el deporte y as\u00ed explicarle a cada uno de los docentes c\u00f3mo ingresar a la plataforma, c\u00f3mo inscribir a cada uno de los ni\u00f1os deportistas y c\u00f3mo inscribirse como entrenadores y poder hacer el acompa\u00f1amiento adecuado en los Juegos Intercolegios Neiva 2024\u201d.<\/p>\n<p>\u201cEsta actividad que se realiz\u00f3 hoy por parte del InderNeiva, y el apoyo de la Alcald\u00eda de Neiva, se realiz\u00f3 para ultimar detalles y para ampliar conceptos de una reuni\u00f3n previa que ya hab\u00edamos tenido y en donde ya se normalizaban algunos datos que el Ministerio del Deporte no hab\u00eda concretado, pero que ya llegando esa informaci\u00f3n a nivel nacional entonces el InderNeiva y la Alcald\u00eda ya ten\u00edan conceptos precisos de la directrices que se tom\u00f3 para los juegos de la versi\u00f3n 2024\u201c, manifest\u00f3 Benjam\u00edn Llanos, docente de la I.E Santa Teresa.<\/p>\n","protected":false},"excerpt":{"rendered":"<p>En el parque Metropolitano, en el oriente de la ciudad, se realiz\u00f3 la capacitaci\u00f3n a los profesores de diferentes instituciones educativas para el proceso de inscripci\u00f3n a los Juegos Intercolegiados. Este espacio cont\u00f3 con los profesionales de la Secretar\u00eda de Deporte y Recreaci\u00f3n, quienes se encargaron de explicar el paso a paso para la inscripci\u00f3n [&hellip;]<\/p>\n","protected":false},"author":2,"featured_media":73702,"comment_status":"closed","ping_status":"open","sticky":false,"template":"","format":"standard","meta":{"footnotes":""},"categories":[31],"tags":[],"class_list":["post-73701","post","type-post","status-publish","format-standard","has-post-thumbnail","hentry","category-local"],"yoast_head":"<!-- This site is optimized with the Yoast SEO plugin v26.6 - https:\/\/yoast.com\/wordpress\/plugins\/seo\/ -->\n<title>Colegios de Neiva planifican participaci\u00f3n en Juegos Intercolegiados 2024 -<\/title>\n<meta name=\"robots\" content=\"index, follow, max-snippet:-1, max-image-preview:large, max-video-preview:-1\" \/>\n<link rel=\"canonical\" href=\"https:\/\/luchonoticias.com\/editor\/colegios-de-neiva-planifican-participacion-en-juegos-intercolegiados-2024\/\" \/>\n<meta property=\"og:locale\" content=\"es_ES\" \/>\n<meta property=\"og:type\" content=\"article\" \/>\n<meta property=\"og:title\" content=\"Colegios de Neiva planifican participaci\u00f3n en Juegos Intercolegiados 2024 -\" \/>\n<meta property=\"og:url\" content=\"https:\/\/luchonoticias.com\/editor\/colegios-de-neiva-planifican-participacion-en-juegos-intercolegiados-2024\/\" \/>\n<meta property=\"article:publisher\" content=\"https:\/\/www.facebook.com\/luchonoticiasneiva\" \/>\n<meta property=\"article:published_time\" content=\"2024-06-03T13:12:41+00:00\" \/>\n<meta property=\"og:image\" content=\"https:\/\/luchonoticias.com\/editor\/wp-content\/uploads\/2024\/06\/inscripcion-intercolegiados.jpg\" \/>\n\t<meta property=\"og:image:width\" content=\"700\" \/>\n\t<meta property=\"og:image:height\" content=\"400\" \/>\n\t<meta property=\"og:image:type\" content=\"image\/jpeg\" \/>\n<meta name=\"author\" content=\"Editor General\" \/>\n<meta name=\"twitter:card\" content=\"summary_large_image\" \/>\n<meta name=\"twitter:label1\" content=\"Escrito por\" \/>\n\t<meta name=\"twitter:data1\" content=\"Editor General\" \/>\n\t<meta name=\"twitter:label2\" content=\"Tiempo de lectura\" \/>\n\t<meta name=\"twitter:data2\" content=\"2 minutos\" \/>\n<script type=\"application\/ld+json\" class=\"yoast-schema-graph\">{\"@context\":\"https:\/\/schema.org\",\"@graph\":[{\"@type\":\"Article\",\"@id\":\"https:\/\/luchonoticias.com\/editor\/colegios-de-neiva-planifican-participacion-en-juegos-intercolegiados-2024\/#article\",\"isPartOf\":{\"@id\":\"https:\/\/luchonoticias.com\/editor\/colegios-de-neiva-planifican-participacion-en-juegos-intercolegiados-2024\/\"},\"author\":{\"name\":\"Editor General\",\"@id\":\"https:\/\/luchonoticias.com\/editor\/#\/schema\/person\/29217990ddf6f14e35912b2866d591fb\"},\"headline\":\"Colegios de Neiva planifican participaci\u00f3n en Juegos Intercolegiados 2024\",\"datePublished\":\"2024-06-03T13:12:41+00:00\",\"mainEntityOfPage\":{\"@id\":\"https:\/\/luchonoticias.com\/editor\/colegios-de-neiva-planifican-participacion-en-juegos-intercolegiados-2024\/\"},\"wordCount\":366,\"publisher\":{\"@id\":\"https:\/\/luchonoticias.com\/editor\/#\/schema\/person\/7a7fd911f58561fd056dbac7b55af9cd\"},\"image\":{\"@id\":\"https:\/\/luchonoticias.com\/editor\/colegios-de-neiva-planifican-participacion-en-juegos-intercolegiados-2024\/#primaryimage\"},\"thumbnailUrl\":\"https:\/\/luchonoticias.com\/editor\/wp-content\/uploads\/2024\/06\/inscripcion-intercolegiados.jpg\",\"articleSection\":[\"Local\"],\"inLanguage\":\"es\"},{\"@type\":\"WebPage\",\"@id\":\"https:\/\/luchonoticias.com\/editor\/colegios-de-neiva-planifican-participacion-en-juegos-intercolegiados-2024\/\",\"url\":\"https:\/\/luchonoticias.com\/editor\/colegios-de-neiva-planifican-participacion-en-juegos-intercolegiados-2024\/\",\"name\":\"Colegios de Neiva planifican participaci\u00f3n en Juegos Intercolegiados 2024 -\",\"isPartOf\":{\"@id\":\"https:\/\/luchonoticias.com\/editor\/#website\"},\"primaryImageOfPage\":{\"@id\":\"https:\/\/luchonoticias.com\/editor\/colegios-de-neiva-planifican-participacion-en-juegos-intercolegiados-2024\/#primaryimage\"},\"image\":{\"@id\":\"https:\/\/luchonoticias.com\/editor\/colegios-de-neiva-planifican-participacion-en-juegos-intercolegiados-2024\/#primaryimage\"},\"thumbnailUrl\":\"https:\/\/luchonoticias.com\/editor\/wp-content\/uploads\/2024\/06\/inscripcion-intercolegiados.jpg\",\"datePublished\":\"2024-06-03T13:12:41+00:00\",\"breadcrumb\":{\"@id\":\"https:\/\/luchonoticias.com\/editor\/colegios-de-neiva-planifican-participacion-en-juegos-intercolegiados-2024\/#breadcrumb\"},\"inLanguage\":\"es\",\"potentialAction\":[{\"@type\":\"ReadAction\",\"target\":[\"https:\/\/luchonoticias.com\/editor\/colegios-de-neiva-planifican-participacion-en-juegos-intercolegiados-2024\/\"]}]},{\"@type\":\"ImageObject\",\"inLanguage\":\"es\",\"@id\":\"https:\/\/luchonoticias.com\/editor\/colegios-de-neiva-planifican-participacion-en-juegos-intercolegiados-2024\/#primaryimage\",\"url\":\"https:\/\/luchonoticias.com\/editor\/wp-content\/uploads\/2024\/06\/inscripcion-intercolegiados.jpg\",\"contentUrl\":\"https:\/\/luchonoticias.com\/editor\/wp-content\/uploads\/2024\/06\/inscripcion-intercolegiados.jpg\",\"width\":700,\"height\":400},{\"@type\":\"BreadcrumbList\",\"@id\":\"https:\/\/luchonoticias.com\/editor\/colegios-de-neiva-planifican-participacion-en-juegos-intercolegiados-2024\/#breadcrumb\",\"itemListElement\":[{\"@type\":\"ListItem\",\"position\":1,\"name\":\"Portada\",\"item\":\"https:\/\/luchonoticias.com\/editor\/\"},{\"@type\":\"ListItem\",\"position\":2,\"name\":\"Colegios de Neiva planifican participaci\u00f3n en Juegos Intercolegiados 2024\"}]},{\"@type\":\"WebSite\",\"@id\":\"https:\/\/luchonoticias.com\/editor\/#website\",\"url\":\"https:\/\/luchonoticias.com\/editor\/\",\"name\":\"\",\"description\":\"\",\"publisher\":{\"@id\":\"https:\/\/luchonoticias.com\/editor\/#\/schema\/person\/7a7fd911f58561fd056dbac7b55af9cd\"},\"potentialAction\":[{\"@type\":\"SearchAction\",\"target\":{\"@type\":\"EntryPoint\",\"urlTemplate\":\"https:\/\/luchonoticias.com\/editor\/?s={search_term_string}\"},\"query-input\":{\"@type\":\"PropertyValueSpecification\",\"valueRequired\":true,\"valueName\":\"search_term_string\"}}],\"inLanguage\":\"es\"},{\"@type\":[\"Person\",\"Organization\"],\"@id\":\"https:\/\/luchonoticias.com\/editor\/#\/schema\/person\/7a7fd911f58561fd056dbac7b55af9cd\",\"name\":\"admin\",\"image\":{\"@type\":\"ImageObject\",\"inLanguage\":\"es\",\"@id\":\"https:\/\/luchonoticias.com\/editor\/#\/schema\/person\/image\/\",\"url\":\"https:\/\/luchonoticias.com\/editor\/wp-content\/uploads\/2024\/02\/cropped-cropped-logolu.webp\",\"contentUrl\":\"https:\/\/luchonoticias.com\/editor\/wp-content\/uploads\/2024\/02\/cropped-cropped-logolu.webp\",\"width\":382,\"height\":170,\"caption\":\"admin\"},\"logo\":{\"@id\":\"https:\/\/luchonoticias.com\/editor\/#\/schema\/person\/image\/\"},\"sameAs\":[\"https:\/\/www.facebook.com\/luchonoticiasneiva\"]},{\"@type\":\"Person\",\"@id\":\"https:\/\/luchonoticias.com\/editor\/#\/schema\/person\/29217990ddf6f14e35912b2866d591fb\",\"name\":\"Editor General\",\"image\":{\"@type\":\"ImageObject\",\"inLanguage\":\"es\",\"@id\":\"https:\/\/luchonoticias.com\/editor\/#\/schema\/person\/image\/\",\"url\":\"https:\/\/luchonoticias.com\/editor\/wp-content\/uploads\/2024\/02\/cropped-cropped-logolu-150x150.webp\",\"contentUrl\":\"https:\/\/luchonoticias.com\/editor\/wp-content\/uploads\/2024\/02\/cropped-cropped-logolu-150x150.webp\",\"caption\":\"Editor General\"},\"sameAs\":[\"https:\/\/luchonoticias.com\/\"],\"url\":\"https:\/\/luchonoticias.com\/editor\/author\/editor-general\/\"}]}<\/script>\n<!-- \/ Yoast SEO plugin. -->","yoast_head_json":{"title":"Colegios de Neiva planifican participaci\u00f3n en Juegos Intercolegiados 2024 -","robots":{"index":"index","follow":"follow","max-snippet":"max-snippet:-1","max-image-preview":"max-image-preview:large","max-video-preview":"max-video-preview:-1"},"canonical":"https:\/\/luchonoticias.com\/editor\/colegios-de-neiva-planifican-participacion-en-juegos-intercolegiados-2024\/","og_locale":"es_ES","og_type":"article","og_title":"Colegios de Neiva planifican participaci\u00f3n en Juegos Intercolegiados 2024 -","og_url":"https:\/\/luchonoticias.com\/editor\/colegios-de-neiva-planifican-participacion-en-juegos-intercolegiados-2024\/","article_publisher":"https:\/\/www.facebook.com\/luchonoticiasneiva","article_published_time":"2024-06-03T13:12:41+00:00","og_image":[{"width":700,"height":400,"url":"https:\/\/luchonoticias.com\/editor\/wp-content\/uploads\/2024\/06\/inscripcion-intercolegiados.jpg","type":"image\/jpeg"}],"author":"Editor General","twitter_card":"summary_large_image","twitter_misc":{"Escrito por":"Editor General","Tiempo de lectura":"2 minutos"},"schema":{"@context":"https:\/\/schema.org","@graph":[{"@type":"Article","@id":"https:\/\/luchonoticias.com\/editor\/colegios-de-neiva-planifican-participacion-en-juegos-intercolegiados-2024\/#article","isPartOf":{"@id":"https:\/\/luchonoticias.com\/editor\/colegios-de-neiva-planifican-participacion-en-juegos-intercolegiados-2024\/"},"author":{"name":"Editor General","@id":"https:\/\/luchonoticias.com\/editor\/#\/schema\/person\/29217990ddf6f14e35912b2866d591fb"},"headline":"Colegios de Neiva planifican participaci\u00f3n en Juegos Intercolegiados 2024","datePublished":"2024-06-03T13:12:41+00:00","mainEntityOfPage":{"@id":"https:\/\/luchonoticias.com\/editor\/colegios-de-neiva-planifican-participacion-en-juegos-intercolegiados-2024\/"},"wordCount":366,"publisher":{"@id":"https:\/\/luchonoticias.com\/editor\/#\/schema\/person\/7a7fd911f58561fd056dbac7b55af9cd"},"image":{"@id":"https:\/\/luchonoticias.com\/editor\/colegios-de-neiva-planifican-participacion-en-juegos-intercolegiados-2024\/#primaryimage"},"thumbnailUrl":"https:\/\/luchonoticias.com\/editor\/wp-content\/uploads\/2024\/06\/inscripcion-intercolegiados.jpg","articleSection":["Local"],"inLanguage":"es"},{"@type":"WebPage","@id":"https:\/\/luchonoticias.com\/editor\/colegios-de-neiva-planifican-participacion-en-juegos-intercolegiados-2024\/","url":"https:\/\/luchonoticias.com\/editor\/colegios-de-neiva-planifican-participacion-en-juegos-intercolegiados-2024\/","name":"Colegios de Neiva planifican participaci\u00f3n en Juegos Intercolegiados 2024 -","isPartOf":{"@id":"https:\/\/luchonoticias.com\/editor\/#website"},"primaryImageOfPage":{"@id":"https:\/\/luchonoticias.com\/editor\/colegios-de-neiva-planifican-participacion-en-juegos-intercolegiados-2024\/#primaryimage"},"image":{"@id":"https:\/\/luchonoticias.com\/editor\/colegios-de-neiva-planifican-participacion-en-juegos-intercolegiados-2024\/#primaryimage"},"thumbnailUrl":"https:\/\/luchonoticias.com\/editor\/wp-content\/uploads\/2024\/06\/inscripcion-intercolegiados.jpg","datePublished":"2024-06-03T13:12:41+00:00","breadcrumb":{"@id":"https:\/\/luchonoticias.com\/editor\/colegios-de-neiva-planifican-participacion-en-juegos-intercolegiados-2024\/#breadcrumb"},"inLanguage":"es","potentialAction":[{"@type":"ReadAction","target":["https:\/\/luchonoticias.com\/editor\/colegios-de-neiva-planifican-participacion-en-juegos-intercolegiados-2024\/"]}]},{"@type":"ImageObject","inLanguage":"es","@id":"https:\/\/luchonoticias.com\/editor\/colegios-de-neiva-planifican-participacion-en-juegos-intercolegiados-2024\/#primaryimage","url":"https:\/\/luchonoticias.com\/editor\/wp-content\/uploads\/2024\/06\/inscripcion-intercolegiados.jpg","contentUrl":"https:\/\/luchonoticias.com\/editor\/wp-content\/uploads\/2024\/06\/inscripcion-intercolegiados.jpg","width":700,"height":400},{"@type":"BreadcrumbList","@id":"https:\/\/luchonoticias.com\/editor\/colegios-de-neiva-planifican-participacion-en-juegos-intercolegiados-2024\/#breadcrumb","itemListElement":[{"@type":"ListItem","position":1,"name":"Portada","item":"https:\/\/luchonoticias.com\/editor\/"},{"@type":"ListItem","position":2,"name":"Colegios de Neiva planifican participaci\u00f3n en Juegos Intercolegiados 2024"}]},{"@type":"WebSite","@id":"https:\/\/luchonoticias.com\/editor\/#website","url":"https:\/\/luchonoticias.com\/editor\/","name":"","description":"","publisher":{"@id":"https:\/\/luchonoticias.com\/editor\/#\/schema\/person\/7a7fd911f58561fd056dbac7b55af9cd"},"potentialAction":[{"@type":"SearchAction","target":{"@type":"EntryPoint","urlTemplate":"https:\/\/luchonoticias.com\/editor\/?s={search_term_string}"},"query-input":{"@type":"PropertyValueSpecification","valueRequired":true,"valueName":"search_term_string"}}],"inLanguage":"es"},{"@type":["Person","Organization"],"@id":"https:\/\/luchonoticias.com\/editor\/#\/schema\/person\/7a7fd911f58561fd056dbac7b55af9cd","name":"admin","image":{"@type":"ImageObject","inLanguage":"es","@id":"https:\/\/luchonoticias.com\/editor\/#\/schema\/person\/image\/","url":"https:\/\/luchonoticias.com\/editor\/wp-content\/uploads\/2024\/02\/cropped-cropped-logolu.webp","contentUrl":"https:\/\/luchonoticias.com\/editor\/wp-content\/uploads\/2024\/02\/cropped-cropped-logolu.webp","width":382,"height":170,"caption":"admin"},"logo":{"@id":"https:\/\/luchonoticias.com\/editor\/#\/schema\/person\/image\/"},"sameAs":["https:\/\/www.facebook.com\/luchonoticiasneiva"]},{"@type":"Person","@id":"https:\/\/luchonoticias.com\/editor\/#\/schema\/person\/29217990ddf6f14e35912b2866d591fb","name":"Editor General","image":{"@type":"ImageObject","inLanguage":"es","@id":"https:\/\/luchonoticias.com\/editor\/#\/schema\/person\/image\/","url":"https:\/\/luchonoticias.com\/editor\/wp-content\/uploads\/2024\/02\/cropped-cropped-logolu-150x150.webp","contentUrl":"https:\/\/luchonoticias.com\/editor\/wp-content\/uploads\/2024\/02\/cropped-cropped-logolu-150x150.webp","caption":"Editor General"},"sameAs":["https:\/\/luchonoticias.com\/"],"url":"https:\/\/luchonoticias.com\/editor\/author\/editor-general\/"}]}},"_links":{"self":[{"href":"https:\/\/luchonoticias.com\/editor\/wp-json\/wp\/v2\/posts\/73701","targetHints":{"allow":["GET"]}}],"collection":[{"href":"https:\/\/luchonoticias.com\/editor\/wp-json\/wp\/v2\/posts"}],"about":[{"href":"https:\/\/luchonoticias.com\/editor\/wp-json\/wp\/v2\/types\/post"}],"author":[{"embeddable":true,"href":"https:\/\/luchonoticias.com\/editor\/wp-json\/wp\/v2\/users\/2"}],"replies":[{"embeddable":true,"href":"https:\/\/luchonoticias.com\/editor\/wp-json\/wp\/v2\/comments?post=73701"}],"version-history":[{"count":0,"href":"https:\/\/luchonoticias.com\/editor\/wp-json\/wp\/v2\/posts\/73701\/revisions"}],"wp:featuredmedia":[{"embeddable":true,"href":"https:\/\/luchonoticias.com\/editor\/wp-json\/wp\/v2\/media\/73702"}],"wp:attachment":[{"href":"https:\/\/luchonoticias.com\/editor\/wp-json\/wp\/v2\/media?parent=73701"}],"wp:term":[{"taxonomy":"category","embeddable":true,"href":"https:\/\/luchonoticias.com\/editor\/wp-json\/wp\/v2\/categories?post=73701"},{"taxonomy":"post_tag","embeddable":true,"href":"https:\/\/luchonoticias.com\/editor\/wp-json\/wp\/v2\/tags?post=73701"}],"curies":[{"name":"wp","href":"https:\/\/api.w.org\/{rel}","templated":true}]}}