{"id":73706,"date":"2024-06-03T08:23:11","date_gmt":"2024-06-03T13:23:11","guid":{"rendered":"https:\/\/luchonoticias.com\/?p=73706"},"modified":"2024-06-03T08:23:11","modified_gmt":"2024-06-03T13:23:11","slug":"la-apuesta-del-gobierno-con-los-productores-de-maiz","status":"publish","type":"post","link":"https:\/\/luchonoticias.com\/editor\/la-apuesta-del-gobierno-con-los-productores-de-maiz\/","title":{"rendered":"La apuesta del Gobierno con los productores de ma\u00edz"},"content":{"rendered":"<div>\u00a0El Gobierno del Cambio ha entregado recursos a los productores de ma\u00edz por un valor de $639.280 millones a trav\u00e9s de cr\u00e9dito de fomento, de los cuales el 39% se ha dirigido hacia peque\u00f1os y medianos productores.<\/div>\n<div><\/div>\n<div>Dentro de las medidas desarrolladas por el Ministerio de Agricultura y Desarrollo Rural para el subsector del ma\u00edz se incluye el mejoramiento de la competitividad, el mejoramiento de la de la infraestructura, la gesti\u00f3n del riesgo y la articulaci\u00f3n comercial.<\/div>\n<div><\/div>\n<div>Esta cartera impulsa como estrategia para el desarrollo del sector agropecuario la inclusi\u00f3n y democratizaci\u00f3n del cr\u00e9dito agropecuario, para lo cual ha asignado recursos de subsidio a la tasa de inter\u00e9s, a trav\u00e9s de las L\u00edneas Especiales de Cr\u00e9dito (LEC), con el fin de financiar las actividades de sostenimiento de los cultivos y capital de trabajo de los productores de ma\u00edz por un valor de 1.355 millones de pesos, dirigidos en un 55% a peque\u00f1os productores y en un 45% a medianos productores.<\/div>\n<div><\/div>\n<div>Al respecto, la ministra de Agricultura, Jhenifer Mojica, resalt\u00f3: \u201cTenemos la voluntad irrevocable de hacer que el agro colombiano se potencie como la principal actividad que puede sustituir la dependencia que tenemos del petr\u00f3leo y del carb\u00f3n\u201d.<\/div>\n<div><\/div>\n<div>La ministra agreg\u00f3 que \u201ccon el Plan de Ordenamiento Productivo de la cadena del ma\u00edz aumentamos la competitividad para doblar la capacidad de producci\u00f3n, seg\u00fan lo que est\u00e1 en la cadena, incorporando distintos elementos no solamente financieros y de inversi\u00f3n p\u00fablica, tambi\u00e9n con mayor asistencia t\u00e9cnica, con el fortalecimiento de capacidades de los productores, de acceso a la informaci\u00f3n, buenas pr\u00e1cticas de mejora en sus semillas, tecnolog\u00eda, mejoras productivas, gesti\u00f3n integral del riesgo, para que la pol\u00edtica sectorial concurra\u201d.<\/div>\n<div><\/div>\n","protected":false},"excerpt":{"rendered":"<p>\u00a0El Gobierno del Cambio ha entregado recursos a los productores de ma\u00edz por un valor de $639.280 millones a trav\u00e9s de cr\u00e9dito de fomento, de los cuales el 39% se ha dirigido hacia peque\u00f1os y medianos productores. Dentro de las medidas desarrolladas por el Ministerio de Agricultura y Desarrollo Rural para el subsector del ma\u00edz [&hellip;]<\/p>\n","protected":false},"author":2,"featured_media":73707,"comment_status":"closed","ping_status":"open","sticky":false,"template":"","format":"standard","meta":{"footnotes":""},"categories":[28],"tags":[],"class_list":["post-73706","post","type-post","status-publish","format-standard","has-post-thumbnail","hentry","category-actualidad"],"yoast_head":"<!-- This site is optimized with the Yoast SEO plugin v26.6 - https:\/\/yoast.com\/wordpress\/plugins\/seo\/ -->\n<title>La apuesta del Gobierno con los productores de ma\u00edz -<\/title>\n<meta name=\"robots\" content=\"index, follow, max-snippet:-1, max-image-preview:large, max-video-preview:-1\" \/>\n<link rel=\"canonical\" href=\"https:\/\/luchonoticias.com\/editor\/la-apuesta-del-gobierno-con-los-productores-de-maiz\/\" \/>\n<meta property=\"og:locale\" content=\"es_ES\" \/>\n<meta property=\"og:type\" content=\"article\" \/>\n<meta property=\"og:title\" content=\"La apuesta del Gobierno con los productores de ma\u00edz -\" \/>\n<meta property=\"og:url\" content=\"https:\/\/luchonoticias.com\/editor\/la-apuesta-del-gobierno-con-los-productores-de-maiz\/\" \/>\n<meta property=\"article:publisher\" content=\"https:\/\/www.facebook.com\/luchonoticiasneiva\" \/>\n<meta property=\"article:published_time\" content=\"2024-06-03T13:23:11+00:00\" \/>\n<meta property=\"og:image\" content=\"https:\/\/luchonoticias.com\/editor\/wp-content\/uploads\/2024\/06\/maiz-produccion.jpg\" \/>\n\t<meta property=\"og:image:width\" content=\"700\" \/>\n\t<meta property=\"og:image:height\" content=\"400\" \/>\n\t<meta property=\"og:image:type\" content=\"image\/jpeg\" \/>\n<meta name=\"author\" content=\"Editor General\" \/>\n<meta name=\"twitter:card\" content=\"summary_large_image\" \/>\n<meta name=\"twitter:label1\" content=\"Escrito por\" \/>\n\t<meta name=\"twitter:data1\" content=\"Editor General\" \/>\n\t<meta name=\"twitter:label2\" content=\"Tiempo de lectura\" \/>\n\t<meta name=\"twitter:data2\" content=\"2 minutos\" \/>\n<script type=\"application\/ld+json\" class=\"yoast-schema-graph\">{\"@context\":\"https:\/\/schema.org\",\"@graph\":[{\"@type\":\"Article\",\"@id\":\"https:\/\/luchonoticias.com\/editor\/la-apuesta-del-gobierno-con-los-productores-de-maiz\/#article\",\"isPartOf\":{\"@id\":\"https:\/\/luchonoticias.com\/editor\/la-apuesta-del-gobierno-con-los-productores-de-maiz\/\"},\"author\":{\"name\":\"Editor General\",\"@id\":\"https:\/\/luchonoticias.com\/editor\/#\/schema\/person\/29217990ddf6f14e35912b2866d591fb\"},\"headline\":\"La apuesta del Gobierno con los productores de ma\u00edz\",\"datePublished\":\"2024-06-03T13:23:11+00:00\",\"mainEntityOfPage\":{\"@id\":\"https:\/\/luchonoticias.com\/editor\/la-apuesta-del-gobierno-con-los-productores-de-maiz\/\"},\"wordCount\":311,\"publisher\":{\"@id\":\"https:\/\/luchonoticias.com\/editor\/#\/schema\/person\/7a7fd911f58561fd056dbac7b55af9cd\"},\"image\":{\"@id\":\"https:\/\/luchonoticias.com\/editor\/la-apuesta-del-gobierno-con-los-productores-de-maiz\/#primaryimage\"},\"thumbnailUrl\":\"https:\/\/luchonoticias.com\/editor\/wp-content\/uploads\/2024\/06\/maiz-produccion.jpg\",\"articleSection\":[\"Actualidad\"],\"inLanguage\":\"es\"},{\"@type\":\"WebPage\",\"@id\":\"https:\/\/luchonoticias.com\/editor\/la-apuesta-del-gobierno-con-los-productores-de-maiz\/\",\"url\":\"https:\/\/luchonoticias.com\/editor\/la-apuesta-del-gobierno-con-los-productores-de-maiz\/\",\"name\":\"La apuesta del Gobierno con los productores de ma\u00edz -\",\"isPartOf\":{\"@id\":\"https:\/\/luchonoticias.com\/editor\/#website\"},\"primaryImageOfPage\":{\"@id\":\"https:\/\/luchonoticias.com\/editor\/la-apuesta-del-gobierno-con-los-productores-de-maiz\/#primaryimage\"},\"image\":{\"@id\":\"https:\/\/luchonoticias.com\/editor\/la-apuesta-del-gobierno-con-los-productores-de-maiz\/#primaryimage\"},\"thumbnailUrl\":\"https:\/\/luchonoticias.com\/editor\/wp-content\/uploads\/2024\/06\/maiz-produccion.jpg\",\"datePublished\":\"2024-06-03T13:23:11+00:00\",\"breadcrumb\":{\"@id\":\"https:\/\/luchonoticias.com\/editor\/la-apuesta-del-gobierno-con-los-productores-de-maiz\/#breadcrumb\"},\"inLanguage\":\"es\",\"potentialAction\":[{\"@type\":\"ReadAction\",\"target\":[\"https:\/\/luchonoticias.com\/editor\/la-apuesta-del-gobierno-con-los-productores-de-maiz\/\"]}]},{\"@type\":\"ImageObject\",\"inLanguage\":\"es\",\"@id\":\"https:\/\/luchonoticias.com\/editor\/la-apuesta-del-gobierno-con-los-productores-de-maiz\/#primaryimage\",\"url\":\"https:\/\/luchonoticias.com\/editor\/wp-content\/uploads\/2024\/06\/maiz-produccion.jpg\",\"contentUrl\":\"https:\/\/luchonoticias.com\/editor\/wp-content\/uploads\/2024\/06\/maiz-produccion.jpg\",\"width\":700,\"height\":400},{\"@type\":\"BreadcrumbList\",\"@id\":\"https:\/\/luchonoticias.com\/editor\/la-apuesta-del-gobierno-con-los-productores-de-maiz\/#breadcrumb\",\"itemListElement\":[{\"@type\":\"ListItem\",\"position\":1,\"name\":\"Portada\",\"item\":\"https:\/\/luchonoticias.com\/editor\/\"},{\"@type\":\"ListItem\",\"position\":2,\"name\":\"La apuesta del Gobierno con los productores de ma\u00edz\"}]},{\"@type\":\"WebSite\",\"@id\":\"https:\/\/luchonoticias.com\/editor\/#website\",\"url\":\"https:\/\/luchonoticias.com\/editor\/\",\"name\":\"\",\"description\":\"\",\"publisher\":{\"@id\":\"https:\/\/luchonoticias.com\/editor\/#\/schema\/person\/7a7fd911f58561fd056dbac7b55af9cd\"},\"potentialAction\":[{\"@type\":\"SearchAction\",\"target\":{\"@type\":\"EntryPoint\",\"urlTemplate\":\"https:\/\/luchonoticias.com\/editor\/?s={search_term_string}\"},\"query-input\":{\"@type\":\"PropertyValueSpecification\",\"valueRequired\":true,\"valueName\":\"search_term_string\"}}],\"inLanguage\":\"es\"},{\"@type\":[\"Person\",\"Organization\"],\"@id\":\"https:\/\/luchonoticias.com\/editor\/#\/schema\/person\/7a7fd911f58561fd056dbac7b55af9cd\",\"name\":\"admin\",\"image\":{\"@type\":\"ImageObject\",\"inLanguage\":\"es\",\"@id\":\"https:\/\/luchonoticias.com\/editor\/#\/schema\/person\/image\/\",\"url\":\"https:\/\/luchonoticias.com\/editor\/wp-content\/uploads\/2024\/02\/cropped-cropped-logolu.webp\",\"contentUrl\":\"https:\/\/luchonoticias.com\/editor\/wp-content\/uploads\/2024\/02\/cropped-cropped-logolu.webp\",\"width\":382,\"height\":170,\"caption\":\"admin\"},\"logo\":{\"@id\":\"https:\/\/luchonoticias.com\/editor\/#\/schema\/person\/image\/\"},\"sameAs\":[\"https:\/\/www.facebook.com\/luchonoticiasneiva\"]},{\"@type\":\"Person\",\"@id\":\"https:\/\/luchonoticias.com\/editor\/#\/schema\/person\/29217990ddf6f14e35912b2866d591fb\",\"name\":\"Editor General\",\"image\":{\"@type\":\"ImageObject\",\"inLanguage\":\"es\",\"@id\":\"https:\/\/luchonoticias.com\/editor\/#\/schema\/person\/image\/\",\"url\":\"https:\/\/luchonoticias.com\/editor\/wp-content\/uploads\/2024\/02\/cropped-cropped-logolu-150x150.webp\",\"contentUrl\":\"https:\/\/luchonoticias.com\/editor\/wp-content\/uploads\/2024\/02\/cropped-cropped-logolu-150x150.webp\",\"caption\":\"Editor General\"},\"sameAs\":[\"https:\/\/luchonoticias.com\/\"],\"url\":\"https:\/\/luchonoticias.com\/editor\/author\/editor-general\/\"}]}<\/script>\n<!-- \/ Yoast SEO plugin. -->","yoast_head_json":{"title":"La apuesta del Gobierno con los productores de ma\u00edz -","robots":{"index":"index","follow":"follow","max-snippet":"max-snippet:-1","max-image-preview":"max-image-preview:large","max-video-preview":"max-video-preview:-1"},"canonical":"https:\/\/luchonoticias.com\/editor\/la-apuesta-del-gobierno-con-los-productores-de-maiz\/","og_locale":"es_ES","og_type":"article","og_title":"La apuesta del Gobierno con los productores de ma\u00edz -","og_url":"https:\/\/luchonoticias.com\/editor\/la-apuesta-del-gobierno-con-los-productores-de-maiz\/","article_publisher":"https:\/\/www.facebook.com\/luchonoticiasneiva","article_published_time":"2024-06-03T13:23:11+00:00","og_image":[{"width":700,"height":400,"url":"https:\/\/luchonoticias.com\/editor\/wp-content\/uploads\/2024\/06\/maiz-produccion.jpg","type":"image\/jpeg"}],"author":"Editor General","twitter_card":"summary_large_image","twitter_misc":{"Escrito por":"Editor General","Tiempo de lectura":"2 minutos"},"schema":{"@context":"https:\/\/schema.org","@graph":[{"@type":"Article","@id":"https:\/\/luchonoticias.com\/editor\/la-apuesta-del-gobierno-con-los-productores-de-maiz\/#article","isPartOf":{"@id":"https:\/\/luchonoticias.com\/editor\/la-apuesta-del-gobierno-con-los-productores-de-maiz\/"},"author":{"name":"Editor General","@id":"https:\/\/luchonoticias.com\/editor\/#\/schema\/person\/29217990ddf6f14e35912b2866d591fb"},"headline":"La apuesta del Gobierno con los productores de ma\u00edz","datePublished":"2024-06-03T13:23:11+00:00","mainEntityOfPage":{"@id":"https:\/\/luchonoticias.com\/editor\/la-apuesta-del-gobierno-con-los-productores-de-maiz\/"},"wordCount":311,"publisher":{"@id":"https:\/\/luchonoticias.com\/editor\/#\/schema\/person\/7a7fd911f58561fd056dbac7b55af9cd"},"image":{"@id":"https:\/\/luchonoticias.com\/editor\/la-apuesta-del-gobierno-con-los-productores-de-maiz\/#primaryimage"},"thumbnailUrl":"https:\/\/luchonoticias.com\/editor\/wp-content\/uploads\/2024\/06\/maiz-produccion.jpg","articleSection":["Actualidad"],"inLanguage":"es"},{"@type":"WebPage","@id":"https:\/\/luchonoticias.com\/editor\/la-apuesta-del-gobierno-con-los-productores-de-maiz\/","url":"https:\/\/luchonoticias.com\/editor\/la-apuesta-del-gobierno-con-los-productores-de-maiz\/","name":"La apuesta del Gobierno con los productores de ma\u00edz -","isPartOf":{"@id":"https:\/\/luchonoticias.com\/editor\/#website"},"primaryImageOfPage":{"@id":"https:\/\/luchonoticias.com\/editor\/la-apuesta-del-gobierno-con-los-productores-de-maiz\/#primaryimage"},"image":{"@id":"https:\/\/luchonoticias.com\/editor\/la-apuesta-del-gobierno-con-los-productores-de-maiz\/#primaryimage"},"thumbnailUrl":"https:\/\/luchonoticias.com\/editor\/wp-content\/uploads\/2024\/06\/maiz-produccion.jpg","datePublished":"2024-06-03T13:23:11+00:00","breadcrumb":{"@id":"https:\/\/luchonoticias.com\/editor\/la-apuesta-del-gobierno-con-los-productores-de-maiz\/#breadcrumb"},"inLanguage":"es","potentialAction":[{"@type":"ReadAction","target":["https:\/\/luchonoticias.com\/editor\/la-apuesta-del-gobierno-con-los-productores-de-maiz\/"]}]},{"@type":"ImageObject","inLanguage":"es","@id":"https:\/\/luchonoticias.com\/editor\/la-apuesta-del-gobierno-con-los-productores-de-maiz\/#primaryimage","url":"https:\/\/luchonoticias.com\/editor\/wp-content\/uploads\/2024\/06\/maiz-produccion.jpg","contentUrl":"https:\/\/luchonoticias.com\/editor\/wp-content\/uploads\/2024\/06\/maiz-produccion.jpg","width":700,"height":400},{"@type":"BreadcrumbList","@id":"https:\/\/luchonoticias.com\/editor\/la-apuesta-del-gobierno-con-los-productores-de-maiz\/#breadcrumb","itemListElement":[{"@type":"ListItem","position":1,"name":"Portada","item":"https:\/\/luchonoticias.com\/editor\/"},{"@type":"ListItem","position":2,"name":"La apuesta del Gobierno con los productores de ma\u00edz"}]},{"@type":"WebSite","@id":"https:\/\/luchonoticias.com\/editor\/#website","url":"https:\/\/luchonoticias.com\/editor\/","name":"","description":"","publisher":{"@id":"https:\/\/luchonoticias.com\/editor\/#\/schema\/person\/7a7fd911f58561fd056dbac7b55af9cd"},"potentialAction":[{"@type":"SearchAction","target":{"@type":"EntryPoint","urlTemplate":"https:\/\/luchonoticias.com\/editor\/?s={search_term_string}"},"query-input":{"@type":"PropertyValueSpecification","valueRequired":true,"valueName":"search_term_string"}}],"inLanguage":"es"},{"@type":["Person","Organization"],"@id":"https:\/\/luchonoticias.com\/editor\/#\/schema\/person\/7a7fd911f58561fd056dbac7b55af9cd","name":"admin","image":{"@type":"ImageObject","inLanguage":"es","@id":"https:\/\/luchonoticias.com\/editor\/#\/schema\/person\/image\/","url":"https:\/\/luchonoticias.com\/editor\/wp-content\/uploads\/2024\/02\/cropped-cropped-logolu.webp","contentUrl":"https:\/\/luchonoticias.com\/editor\/wp-content\/uploads\/2024\/02\/cropped-cropped-logolu.webp","width":382,"height":170,"caption":"admin"},"logo":{"@id":"https:\/\/luchonoticias.com\/editor\/#\/schema\/person\/image\/"},"sameAs":["https:\/\/www.facebook.com\/luchonoticiasneiva"]},{"@type":"Person","@id":"https:\/\/luchonoticias.com\/editor\/#\/schema\/person\/29217990ddf6f14e35912b2866d591fb","name":"Editor General","image":{"@type":"ImageObject","inLanguage":"es","@id":"https:\/\/luchonoticias.com\/editor\/#\/schema\/person\/image\/","url":"https:\/\/luchonoticias.com\/editor\/wp-content\/uploads\/2024\/02\/cropped-cropped-logolu-150x150.webp","contentUrl":"https:\/\/luchonoticias.com\/editor\/wp-content\/uploads\/2024\/02\/cropped-cropped-logolu-150x150.webp","caption":"Editor General"},"sameAs":["https:\/\/luchonoticias.com\/"],"url":"https:\/\/luchonoticias.com\/editor\/author\/editor-general\/"}]}},"_links":{"self":[{"href":"https:\/\/luchonoticias.com\/editor\/wp-json\/wp\/v2\/posts\/73706","targetHints":{"allow":["GET"]}}],"collection":[{"href":"https:\/\/luchonoticias.com\/editor\/wp-json\/wp\/v2\/posts"}],"about":[{"href":"https:\/\/luchonoticias.com\/editor\/wp-json\/wp\/v2\/types\/post"}],"author":[{"embeddable":true,"href":"https:\/\/luchonoticias.com\/editor\/wp-json\/wp\/v2\/users\/2"}],"replies":[{"embeddable":true,"href":"https:\/\/luchonoticias.com\/editor\/wp-json\/wp\/v2\/comments?post=73706"}],"version-history":[{"count":0,"href":"https:\/\/luchonoticias.com\/editor\/wp-json\/wp\/v2\/posts\/73706\/revisions"}],"wp:featuredmedia":[{"embeddable":true,"href":"https:\/\/luchonoticias.com\/editor\/wp-json\/wp\/v2\/media\/73707"}],"wp:attachment":[{"href":"https:\/\/luchonoticias.com\/editor\/wp-json\/wp\/v2\/media?parent=73706"}],"wp:term":[{"taxonomy":"category","embeddable":true,"href":"https:\/\/luchonoticias.com\/editor\/wp-json\/wp\/v2\/categories?post=73706"},{"taxonomy":"post_tag","embeddable":true,"href":"https:\/\/luchonoticias.com\/editor\/wp-json\/wp\/v2\/tags?post=73706"}],"curies":[{"name":"wp","href":"https:\/\/api.w.org\/{rel}","templated":true}]}}