{"id":73716,"date":"2024-06-03T10:15:57","date_gmt":"2024-06-03T15:15:57","guid":{"rendered":"https:\/\/luchonoticias.com\/?p=73716"},"modified":"2024-06-03T10:15:57","modified_gmt":"2024-06-03T15:15:57","slug":"como-le-fue-a-harold-tejada-en-la-etapa-de-hoy-del-criterium-du-dauphine","status":"publish","type":"post","link":"https:\/\/luchonoticias.com\/editor\/como-le-fue-a-harold-tejada-en-la-etapa-de-hoy-del-criterium-du-dauphine\/","title":{"rendered":"\u00bfC\u00f3mo le fue a Harold Tejada en la etapa de hoy del Criterium du Dauphin\u00e9?"},"content":{"rendered":"<p>El Criterium du Dauphin\u00e9 en Franciua lleg\u00f3 a su segunda etapa, jornada en donde la gran noticia para los huilenses fue el gran ascenso de Harold Tejada en la clasificaci\u00f3n general.<\/p>\n<p>Tejada finaliz\u00f3 la fracci\u00f3n en el puesto 22, con el mismo tiempo del ganador de etapa y nuevo l\u00edder, el dan\u00e9s Magnus Cort.<\/p>\n<p>Frente a la general el nativo de Pitalito ascendi\u00f3 65 posiciones (siendo el que m\u00e1s ascendi\u00f3 dentro del grupo de colombianos) y ahora se encuentra de 31 a 10 segundos del primer lugar.<\/p>\n<p>Ma\u00f1ana jornada con final de monta\u00f1a: 181 kil\u00f3metros entre Celles-sur-Durolle y Les Estables<\/p>\n","protected":false},"excerpt":{"rendered":"<p>El Criterium du Dauphin\u00e9 en Franciua lleg\u00f3 a su segunda etapa, jornada en donde la gran noticia para los huilenses fue el gran ascenso de Harold Tejada en la clasificaci\u00f3n general. Tejada finaliz\u00f3 la fracci\u00f3n en el puesto 22, con el mismo tiempo del ganador de etapa y nuevo l\u00edder, el dan\u00e9s Magnus Cort. Frente [&hellip;]<\/p>\n","protected":false},"author":2,"featured_media":73717,"comment_status":"closed","ping_status":"open","sticky":false,"template":"","format":"standard","meta":{"footnotes":""},"categories":[34],"tags":[],"class_list":["post-73716","post","type-post","status-publish","format-standard","has-post-thumbnail","hentry","category-deportes"],"yoast_head":"<!-- This site is optimized with the Yoast SEO plugin v26.6 - https:\/\/yoast.com\/wordpress\/plugins\/seo\/ -->\n<title>\u00bfC\u00f3mo le fue a Harold Tejada en la etapa de hoy del Criterium du Dauphin\u00e9? -<\/title>\n<meta name=\"robots\" content=\"index, follow, max-snippet:-1, max-image-preview:large, max-video-preview:-1\" \/>\n<link rel=\"canonical\" href=\"https:\/\/luchonoticias.com\/editor\/como-le-fue-a-harold-tejada-en-la-etapa-de-hoy-del-criterium-du-dauphine\/\" \/>\n<meta property=\"og:locale\" content=\"es_ES\" \/>\n<meta property=\"og:type\" content=\"article\" \/>\n<meta property=\"og:title\" content=\"\u00bfC\u00f3mo le fue a Harold Tejada en la etapa de hoy del Criterium du Dauphin\u00e9? -\" \/>\n<meta property=\"og:url\" content=\"https:\/\/luchonoticias.com\/editor\/como-le-fue-a-harold-tejada-en-la-etapa-de-hoy-del-criterium-du-dauphine\/\" \/>\n<meta property=\"article:publisher\" content=\"https:\/\/www.facebook.com\/luchonoticiasneiva\" \/>\n<meta property=\"article:published_time\" content=\"2024-06-03T15:15:57+00:00\" \/>\n<meta property=\"og:image\" content=\"https:\/\/luchonoticias.com\/editor\/wp-content\/uploads\/2024\/06\/harold-tejada-1.jpg\" \/>\n\t<meta property=\"og:image:width\" content=\"700\" \/>\n\t<meta property=\"og:image:height\" content=\"400\" \/>\n\t<meta property=\"og:image:type\" content=\"image\/jpeg\" \/>\n<meta name=\"author\" content=\"Editor General\" \/>\n<meta name=\"twitter:card\" content=\"summary_large_image\" \/>\n<meta name=\"twitter:label1\" content=\"Escrito por\" \/>\n\t<meta name=\"twitter:data1\" content=\"Editor General\" \/>\n\t<meta name=\"twitter:label2\" content=\"Tiempo de lectura\" \/>\n\t<meta name=\"twitter:data2\" content=\"1 minuto\" \/>\n<script type=\"application\/ld+json\" class=\"yoast-schema-graph\">{\"@context\":\"https:\/\/schema.org\",\"@graph\":[{\"@type\":\"Article\",\"@id\":\"https:\/\/luchonoticias.com\/editor\/como-le-fue-a-harold-tejada-en-la-etapa-de-hoy-del-criterium-du-dauphine\/#article\",\"isPartOf\":{\"@id\":\"https:\/\/luchonoticias.com\/editor\/como-le-fue-a-harold-tejada-en-la-etapa-de-hoy-del-criterium-du-dauphine\/\"},\"author\":{\"name\":\"Editor General\",\"@id\":\"https:\/\/luchonoticias.com\/editor\/#\/schema\/person\/29217990ddf6f14e35912b2866d591fb\"},\"headline\":\"\u00bfC\u00f3mo le fue a Harold Tejada en la etapa de hoy del Criterium du Dauphin\u00e9?\",\"datePublished\":\"2024-06-03T15:15:57+00:00\",\"mainEntityOfPage\":{\"@id\":\"https:\/\/luchonoticias.com\/editor\/como-le-fue-a-harold-tejada-en-la-etapa-de-hoy-del-criterium-du-dauphine\/\"},\"wordCount\":119,\"publisher\":{\"@id\":\"https:\/\/luchonoticias.com\/editor\/#\/schema\/person\/7a7fd911f58561fd056dbac7b55af9cd\"},\"image\":{\"@id\":\"https:\/\/luchonoticias.com\/editor\/como-le-fue-a-harold-tejada-en-la-etapa-de-hoy-del-criterium-du-dauphine\/#primaryimage\"},\"thumbnailUrl\":\"https:\/\/luchonoticias.com\/editor\/wp-content\/uploads\/2024\/06\/harold-tejada-1.jpg\",\"articleSection\":[\"Deportes\"],\"inLanguage\":\"es\"},{\"@type\":\"WebPage\",\"@id\":\"https:\/\/luchonoticias.com\/editor\/como-le-fue-a-harold-tejada-en-la-etapa-de-hoy-del-criterium-du-dauphine\/\",\"url\":\"https:\/\/luchonoticias.com\/editor\/como-le-fue-a-harold-tejada-en-la-etapa-de-hoy-del-criterium-du-dauphine\/\",\"name\":\"\u00bfC\u00f3mo le fue a Harold Tejada en la etapa de hoy del Criterium du Dauphin\u00e9? -\",\"isPartOf\":{\"@id\":\"https:\/\/luchonoticias.com\/editor\/#website\"},\"primaryImageOfPage\":{\"@id\":\"https:\/\/luchonoticias.com\/editor\/como-le-fue-a-harold-tejada-en-la-etapa-de-hoy-del-criterium-du-dauphine\/#primaryimage\"},\"image\":{\"@id\":\"https:\/\/luchonoticias.com\/editor\/como-le-fue-a-harold-tejada-en-la-etapa-de-hoy-del-criterium-du-dauphine\/#primaryimage\"},\"thumbnailUrl\":\"https:\/\/luchonoticias.com\/editor\/wp-content\/uploads\/2024\/06\/harold-tejada-1.jpg\",\"datePublished\":\"2024-06-03T15:15:57+00:00\",\"breadcrumb\":{\"@id\":\"https:\/\/luchonoticias.com\/editor\/como-le-fue-a-harold-tejada-en-la-etapa-de-hoy-del-criterium-du-dauphine\/#breadcrumb\"},\"inLanguage\":\"es\",\"potentialAction\":[{\"@type\":\"ReadAction\",\"target\":[\"https:\/\/luchonoticias.com\/editor\/como-le-fue-a-harold-tejada-en-la-etapa-de-hoy-del-criterium-du-dauphine\/\"]}]},{\"@type\":\"ImageObject\",\"inLanguage\":\"es\",\"@id\":\"https:\/\/luchonoticias.com\/editor\/como-le-fue-a-harold-tejada-en-la-etapa-de-hoy-del-criterium-du-dauphine\/#primaryimage\",\"url\":\"https:\/\/luchonoticias.com\/editor\/wp-content\/uploads\/2024\/06\/harold-tejada-1.jpg\",\"contentUrl\":\"https:\/\/luchonoticias.com\/editor\/wp-content\/uploads\/2024\/06\/harold-tejada-1.jpg\",\"width\":700,\"height\":400},{\"@type\":\"BreadcrumbList\",\"@id\":\"https:\/\/luchonoticias.com\/editor\/como-le-fue-a-harold-tejada-en-la-etapa-de-hoy-del-criterium-du-dauphine\/#breadcrumb\",\"itemListElement\":[{\"@type\":\"ListItem\",\"position\":1,\"name\":\"Portada\",\"item\":\"https:\/\/luchonoticias.com\/editor\/\"},{\"@type\":\"ListItem\",\"position\":2,\"name\":\"\u00bfC\u00f3mo le fue a Harold Tejada en la etapa de hoy del Criterium du Dauphin\u00e9?\"}]},{\"@type\":\"WebSite\",\"@id\":\"https:\/\/luchonoticias.com\/editor\/#website\",\"url\":\"https:\/\/luchonoticias.com\/editor\/\",\"name\":\"\",\"description\":\"\",\"publisher\":{\"@id\":\"https:\/\/luchonoticias.com\/editor\/#\/schema\/person\/7a7fd911f58561fd056dbac7b55af9cd\"},\"potentialAction\":[{\"@type\":\"SearchAction\",\"target\":{\"@type\":\"EntryPoint\",\"urlTemplate\":\"https:\/\/luchonoticias.com\/editor\/?s={search_term_string}\"},\"query-input\":{\"@type\":\"PropertyValueSpecification\",\"valueRequired\":true,\"valueName\":\"search_term_string\"}}],\"inLanguage\":\"es\"},{\"@type\":[\"Person\",\"Organization\"],\"@id\":\"https:\/\/luchonoticias.com\/editor\/#\/schema\/person\/7a7fd911f58561fd056dbac7b55af9cd\",\"name\":\"admin\",\"image\":{\"@type\":\"ImageObject\",\"inLanguage\":\"es\",\"@id\":\"https:\/\/luchonoticias.com\/editor\/#\/schema\/person\/image\/\",\"url\":\"https:\/\/luchonoticias.com\/editor\/wp-content\/uploads\/2024\/02\/cropped-cropped-logolu.webp\",\"contentUrl\":\"https:\/\/luchonoticias.com\/editor\/wp-content\/uploads\/2024\/02\/cropped-cropped-logolu.webp\",\"width\":382,\"height\":170,\"caption\":\"admin\"},\"logo\":{\"@id\":\"https:\/\/luchonoticias.com\/editor\/#\/schema\/person\/image\/\"},\"sameAs\":[\"https:\/\/www.facebook.com\/luchonoticiasneiva\"]},{\"@type\":\"Person\",\"@id\":\"https:\/\/luchonoticias.com\/editor\/#\/schema\/person\/29217990ddf6f14e35912b2866d591fb\",\"name\":\"Editor General\",\"image\":{\"@type\":\"ImageObject\",\"inLanguage\":\"es\",\"@id\":\"https:\/\/luchonoticias.com\/editor\/#\/schema\/person\/image\/\",\"url\":\"https:\/\/luchonoticias.com\/editor\/wp-content\/uploads\/2024\/02\/cropped-cropped-logolu-150x150.webp\",\"contentUrl\":\"https:\/\/luchonoticias.com\/editor\/wp-content\/uploads\/2024\/02\/cropped-cropped-logolu-150x150.webp\",\"caption\":\"Editor General\"},\"sameAs\":[\"https:\/\/luchonoticias.com\/\"],\"url\":\"https:\/\/luchonoticias.com\/editor\/author\/editor-general\/\"}]}<\/script>\n<!-- \/ Yoast SEO plugin. -->","yoast_head_json":{"title":"\u00bfC\u00f3mo le fue a Harold Tejada en la etapa de hoy del Criterium du Dauphin\u00e9? -","robots":{"index":"index","follow":"follow","max-snippet":"max-snippet:-1","max-image-preview":"max-image-preview:large","max-video-preview":"max-video-preview:-1"},"canonical":"https:\/\/luchonoticias.com\/editor\/como-le-fue-a-harold-tejada-en-la-etapa-de-hoy-del-criterium-du-dauphine\/","og_locale":"es_ES","og_type":"article","og_title":"\u00bfC\u00f3mo le fue a Harold Tejada en la etapa de hoy del Criterium du Dauphin\u00e9? -","og_url":"https:\/\/luchonoticias.com\/editor\/como-le-fue-a-harold-tejada-en-la-etapa-de-hoy-del-criterium-du-dauphine\/","article_publisher":"https:\/\/www.facebook.com\/luchonoticiasneiva","article_published_time":"2024-06-03T15:15:57+00:00","og_image":[{"width":700,"height":400,"url":"https:\/\/luchonoticias.com\/editor\/wp-content\/uploads\/2024\/06\/harold-tejada-1.jpg","type":"image\/jpeg"}],"author":"Editor General","twitter_card":"summary_large_image","twitter_misc":{"Escrito por":"Editor General","Tiempo de lectura":"1 minuto"},"schema":{"@context":"https:\/\/schema.org","@graph":[{"@type":"Article","@id":"https:\/\/luchonoticias.com\/editor\/como-le-fue-a-harold-tejada-en-la-etapa-de-hoy-del-criterium-du-dauphine\/#article","isPartOf":{"@id":"https:\/\/luchonoticias.com\/editor\/como-le-fue-a-harold-tejada-en-la-etapa-de-hoy-del-criterium-du-dauphine\/"},"author":{"name":"Editor General","@id":"https:\/\/luchonoticias.com\/editor\/#\/schema\/person\/29217990ddf6f14e35912b2866d591fb"},"headline":"\u00bfC\u00f3mo le fue a Harold Tejada en la etapa de hoy del Criterium du Dauphin\u00e9?","datePublished":"2024-06-03T15:15:57+00:00","mainEntityOfPage":{"@id":"https:\/\/luchonoticias.com\/editor\/como-le-fue-a-harold-tejada-en-la-etapa-de-hoy-del-criterium-du-dauphine\/"},"wordCount":119,"publisher":{"@id":"https:\/\/luchonoticias.com\/editor\/#\/schema\/person\/7a7fd911f58561fd056dbac7b55af9cd"},"image":{"@id":"https:\/\/luchonoticias.com\/editor\/como-le-fue-a-harold-tejada-en-la-etapa-de-hoy-del-criterium-du-dauphine\/#primaryimage"},"thumbnailUrl":"https:\/\/luchonoticias.com\/editor\/wp-content\/uploads\/2024\/06\/harold-tejada-1.jpg","articleSection":["Deportes"],"inLanguage":"es"},{"@type":"WebPage","@id":"https:\/\/luchonoticias.com\/editor\/como-le-fue-a-harold-tejada-en-la-etapa-de-hoy-del-criterium-du-dauphine\/","url":"https:\/\/luchonoticias.com\/editor\/como-le-fue-a-harold-tejada-en-la-etapa-de-hoy-del-criterium-du-dauphine\/","name":"\u00bfC\u00f3mo le fue a Harold Tejada en la etapa de hoy del Criterium du Dauphin\u00e9? -","isPartOf":{"@id":"https:\/\/luchonoticias.com\/editor\/#website"},"primaryImageOfPage":{"@id":"https:\/\/luchonoticias.com\/editor\/como-le-fue-a-harold-tejada-en-la-etapa-de-hoy-del-criterium-du-dauphine\/#primaryimage"},"image":{"@id":"https:\/\/luchonoticias.com\/editor\/como-le-fue-a-harold-tejada-en-la-etapa-de-hoy-del-criterium-du-dauphine\/#primaryimage"},"thumbnailUrl":"https:\/\/luchonoticias.com\/editor\/wp-content\/uploads\/2024\/06\/harold-tejada-1.jpg","datePublished":"2024-06-03T15:15:57+00:00","breadcrumb":{"@id":"https:\/\/luchonoticias.com\/editor\/como-le-fue-a-harold-tejada-en-la-etapa-de-hoy-del-criterium-du-dauphine\/#breadcrumb"},"inLanguage":"es","potentialAction":[{"@type":"ReadAction","target":["https:\/\/luchonoticias.com\/editor\/como-le-fue-a-harold-tejada-en-la-etapa-de-hoy-del-criterium-du-dauphine\/"]}]},{"@type":"ImageObject","inLanguage":"es","@id":"https:\/\/luchonoticias.com\/editor\/como-le-fue-a-harold-tejada-en-la-etapa-de-hoy-del-criterium-du-dauphine\/#primaryimage","url":"https:\/\/luchonoticias.com\/editor\/wp-content\/uploads\/2024\/06\/harold-tejada-1.jpg","contentUrl":"https:\/\/luchonoticias.com\/editor\/wp-content\/uploads\/2024\/06\/harold-tejada-1.jpg","width":700,"height":400},{"@type":"BreadcrumbList","@id":"https:\/\/luchonoticias.com\/editor\/como-le-fue-a-harold-tejada-en-la-etapa-de-hoy-del-criterium-du-dauphine\/#breadcrumb","itemListElement":[{"@type":"ListItem","position":1,"name":"Portada","item":"https:\/\/luchonoticias.com\/editor\/"},{"@type":"ListItem","position":2,"name":"\u00bfC\u00f3mo le fue a Harold Tejada en la etapa de hoy del Criterium du Dauphin\u00e9?"}]},{"@type":"WebSite","@id":"https:\/\/luchonoticias.com\/editor\/#website","url":"https:\/\/luchonoticias.com\/editor\/","name":"","description":"","publisher":{"@id":"https:\/\/luchonoticias.com\/editor\/#\/schema\/person\/7a7fd911f58561fd056dbac7b55af9cd"},"potentialAction":[{"@type":"SearchAction","target":{"@type":"EntryPoint","urlTemplate":"https:\/\/luchonoticias.com\/editor\/?s={search_term_string}"},"query-input":{"@type":"PropertyValueSpecification","valueRequired":true,"valueName":"search_term_string"}}],"inLanguage":"es"},{"@type":["Person","Organization"],"@id":"https:\/\/luchonoticias.com\/editor\/#\/schema\/person\/7a7fd911f58561fd056dbac7b55af9cd","name":"admin","image":{"@type":"ImageObject","inLanguage":"es","@id":"https:\/\/luchonoticias.com\/editor\/#\/schema\/person\/image\/","url":"https:\/\/luchonoticias.com\/editor\/wp-content\/uploads\/2024\/02\/cropped-cropped-logolu.webp","contentUrl":"https:\/\/luchonoticias.com\/editor\/wp-content\/uploads\/2024\/02\/cropped-cropped-logolu.webp","width":382,"height":170,"caption":"admin"},"logo":{"@id":"https:\/\/luchonoticias.com\/editor\/#\/schema\/person\/image\/"},"sameAs":["https:\/\/www.facebook.com\/luchonoticiasneiva"]},{"@type":"Person","@id":"https:\/\/luchonoticias.com\/editor\/#\/schema\/person\/29217990ddf6f14e35912b2866d591fb","name":"Editor General","image":{"@type":"ImageObject","inLanguage":"es","@id":"https:\/\/luchonoticias.com\/editor\/#\/schema\/person\/image\/","url":"https:\/\/luchonoticias.com\/editor\/wp-content\/uploads\/2024\/02\/cropped-cropped-logolu-150x150.webp","contentUrl":"https:\/\/luchonoticias.com\/editor\/wp-content\/uploads\/2024\/02\/cropped-cropped-logolu-150x150.webp","caption":"Editor General"},"sameAs":["https:\/\/luchonoticias.com\/"],"url":"https:\/\/luchonoticias.com\/editor\/author\/editor-general\/"}]}},"_links":{"self":[{"href":"https:\/\/luchonoticias.com\/editor\/wp-json\/wp\/v2\/posts\/73716","targetHints":{"allow":["GET"]}}],"collection":[{"href":"https:\/\/luchonoticias.com\/editor\/wp-json\/wp\/v2\/posts"}],"about":[{"href":"https:\/\/luchonoticias.com\/editor\/wp-json\/wp\/v2\/types\/post"}],"author":[{"embeddable":true,"href":"https:\/\/luchonoticias.com\/editor\/wp-json\/wp\/v2\/users\/2"}],"replies":[{"embeddable":true,"href":"https:\/\/luchonoticias.com\/editor\/wp-json\/wp\/v2\/comments?post=73716"}],"version-history":[{"count":0,"href":"https:\/\/luchonoticias.com\/editor\/wp-json\/wp\/v2\/posts\/73716\/revisions"}],"wp:featuredmedia":[{"embeddable":true,"href":"https:\/\/luchonoticias.com\/editor\/wp-json\/wp\/v2\/media\/73717"}],"wp:attachment":[{"href":"https:\/\/luchonoticias.com\/editor\/wp-json\/wp\/v2\/media?parent=73716"}],"wp:term":[{"taxonomy":"category","embeddable":true,"href":"https:\/\/luchonoticias.com\/editor\/wp-json\/wp\/v2\/categories?post=73716"},{"taxonomy":"post_tag","embeddable":true,"href":"https:\/\/luchonoticias.com\/editor\/wp-json\/wp\/v2\/tags?post=73716"}],"curies":[{"name":"wp","href":"https:\/\/api.w.org\/{rel}","templated":true}]}}