{"id":73730,"date":"2024-06-04T07:12:41","date_gmt":"2024-06-04T12:12:41","guid":{"rendered":"https:\/\/luchonoticias.com\/?p=73730"},"modified":"2024-06-04T07:12:41","modified_gmt":"2024-06-04T12:12:41","slug":"el-cacao-y-su-apuesta-inclusiva-en-el-huila","status":"publish","type":"post","link":"https:\/\/luchonoticias.com\/editor\/el-cacao-y-su-apuesta-inclusiva-en-el-huila\/","title":{"rendered":"El cacao y su apuesta inclusiva en el Huila"},"content":{"rendered":"<p>El Huila es uno de los 5 departamentos estrat\u00e9gicos en el abastecimiento de alimentos para la capital del pa\u00eds, y gracias al trabajo dedicado y comprometido de las familias campesinas, hoy sobresale a nivel nacional en la producci\u00f3n de caf\u00e9, piscicultura, frijol, arroz, y su cacao es reconocido como de fino sabor y aroma.<\/p>\n<p>Por eso se vienen articulando esfuerzos desde el gobierno departamental para seguir fortaleciendo el sector agropecuario, no solo en mejorar la producci\u00f3n sino la transformaci\u00f3n de las materias primas que contribuyan a la agregaci\u00f3n de valor, mejorando a su vez los ingresos para todos los eslabones de la cadena, especialmente el productor primario.<\/p>\n<p>Con ese prop\u00f3sito se viene desarrollando un proyecto para la producci\u00f3n y entrega de 2.000.000 de pl\u00e1ntulas de cacao a familias cacaocultoras, y asociaciones de productores de 23 municipios del Huila, con el objetivo de mejorar la producci\u00f3n de almendra de cacao, mediante labores de resiembra, y nuevas siembras.<\/p>\n<p>Gracias a este proyecto impulsado desde la Secretar\u00eda de Agricultura y Miner\u00eda del Huila, y financiado con recursos del Sistema General de Regal\u00edas por el orden de los $4.743.300.000, se han entregado a la fecha m\u00e1s de 700.000 pl\u00e1ntulas de cacao, con clones de alta producci\u00f3n, adaptabilidad, y buenas caracter\u00edsticas organol\u00e9pticas, impactando a j\u00f3venes, mujeres, y poblaciones ind\u00edgenas.<\/p>\n<figure id=\"attachment_73732\" aria-describedby=\"caption-attachment-73732\" style=\"width: 700px\" class=\"wp-caption alignnone\"><img loading=\"lazy\" decoding=\"async\" class=\"wp-image-73732\" src=\"https:\/\/luchonoticias.com\/wp-content\/uploads\/2024\/06\/bed0c180-e69d-488a-b22d-6de35bdd394b-300x167.jpg\" alt=\"\" width=\"700\" height=\"389\" srcset=\"https:\/\/luchonoticias.com\/editor\/wp-content\/uploads\/2024\/06\/bed0c180-e69d-488a-b22d-6de35bdd394b-300x167.jpg 300w, https:\/\/luchonoticias.com\/editor\/wp-content\/uploads\/2024\/06\/bed0c180-e69d-488a-b22d-6de35bdd394b-1024x569.jpg 1024w, https:\/\/luchonoticias.com\/editor\/wp-content\/uploads\/2024\/06\/bed0c180-e69d-488a-b22d-6de35bdd394b-768x427.jpg 768w, https:\/\/luchonoticias.com\/editor\/wp-content\/uploads\/2024\/06\/bed0c180-e69d-488a-b22d-6de35bdd394b.jpg 1280w\" sizes=\"auto, (max-width: 700px) 100vw, 700px\" \/><figcaption id=\"caption-attachment-73732\" class=\"wp-caption-text\">El proyecto busca adem\u00e1s ayudar a varias familias productoras.<\/figcaption><\/figure>\n<p><strong>Iniciativas de inclusi\u00f3n social<\/strong><\/p>\n<p>Estos procesos de inclusi\u00f3n, permiten que exista una gran apropiaci\u00f3n por parte de los beneficiarios del proyecto, contribuyendo a su vez al empalme generacional tan necesario para este rengl\u00f3n productivo en el departamento del Huila, y ocupando las zonas marginales bajas dejadas por la caficultura y otros terrenos improductivos, con un cultivo que se reconoce como un sistema agroforestal productivo.<\/p>\n<p>Gracias a este impulso, sobresalen iniciativas como las de la organizaci\u00f3n Cocoagro del municipio de Palermo, constituida en su mayor\u00eda (90%) por mujeres, quienes le apuestan a mejorar la calidad del cacao mediante el establecimiento de una granja con clones de alto rendimiento, la apertura de una compraventa de cacao, y la puesta en operaci\u00f3n de una planta de proceso, donde se pueda estandarizar la calidad del producto.<\/p>\n<p>Otra de las iniciativas sobresalientes, es la liderada por los pueblos ind\u00edgenas, como el resguardo Paniquita del municipio de Neiva, y el resguardo P\u00e1ez Bach\u00e9 del municipio de Palermo, quienes buscan en el cultivo de cacao un aporte al proceso de seguridad alimentaria<br \/>\nde sus comunidades, una alternativa de ingresos econ\u00f3micos, y una actividad productiva que ayude a estrechar los lazos de convivencia dentro de las organizaciones.<\/p>\n<p>El proyecto permite adem\u00e1s ampliar las \u00e1reas de cultivo en municipios que hist\u00f3ricamente no han sido reconocidos como principales productores, pero que sus condiciones agroclim\u00e1ticas son aptas para el desarrollo exitoso de la cacaocultura, lo que a futuro se ver\u00e1 reflejado en los niveles de producci\u00f3n y calidad de almendra de cacao, como es el caso de Santa Mar\u00eda, donde adem\u00e1s del caf\u00e9, el frijol tecnificado, y la ca\u00f1a, hoy se le quiere apostar al cultivo del cacao.<\/p>\n","protected":false},"excerpt":{"rendered":"<p>El Huila es uno de los 5 departamentos estrat\u00e9gicos en el abastecimiento de alimentos para la capital del pa\u00eds, y gracias al trabajo dedicado y comprometido de las familias campesinas, hoy sobresale a nivel nacional en la producci\u00f3n de caf\u00e9, piscicultura, frijol, arroz, y su cacao es reconocido como de fino sabor y aroma. Por [&hellip;]<\/p>\n","protected":false},"author":2,"featured_media":73731,"comment_status":"closed","ping_status":"open","sticky":false,"template":"","format":"standard","meta":{"footnotes":""},"categories":[34],"tags":[],"class_list":["post-73730","post","type-post","status-publish","format-standard","has-post-thumbnail","hentry","category-deportes"],"yoast_head":"<!-- This site is optimized with the Yoast SEO plugin v26.6 - https:\/\/yoast.com\/wordpress\/plugins\/seo\/ -->\n<title>El cacao y su apuesta inclusiva en el Huila -<\/title>\n<meta name=\"robots\" content=\"index, follow, max-snippet:-1, max-image-preview:large, max-video-preview:-1\" \/>\n<link rel=\"canonical\" href=\"https:\/\/luchonoticias.com\/editor\/el-cacao-y-su-apuesta-inclusiva-en-el-huila\/\" \/>\n<meta property=\"og:locale\" content=\"es_ES\" \/>\n<meta property=\"og:type\" content=\"article\" \/>\n<meta property=\"og:title\" content=\"El cacao y su apuesta inclusiva en el Huila -\" \/>\n<meta property=\"og:url\" content=\"https:\/\/luchonoticias.com\/editor\/el-cacao-y-su-apuesta-inclusiva-en-el-huila\/\" \/>\n<meta property=\"article:publisher\" content=\"https:\/\/www.facebook.com\/luchonoticiasneiva\" \/>\n<meta property=\"article:published_time\" content=\"2024-06-04T12:12:41+00:00\" \/>\n<meta property=\"og:image\" content=\"https:\/\/luchonoticias.com\/editor\/wp-content\/uploads\/2024\/06\/cacao-huila.jpg\" \/>\n\t<meta property=\"og:image:width\" content=\"700\" \/>\n\t<meta property=\"og:image:height\" content=\"400\" \/>\n\t<meta property=\"og:image:type\" content=\"image\/jpeg\" \/>\n<meta name=\"author\" content=\"Editor General\" \/>\n<meta name=\"twitter:card\" content=\"summary_large_image\" \/>\n<meta name=\"twitter:label1\" content=\"Escrito por\" \/>\n\t<meta name=\"twitter:data1\" content=\"Editor General\" \/>\n\t<meta name=\"twitter:label2\" content=\"Tiempo de lectura\" \/>\n\t<meta name=\"twitter:data2\" content=\"3 minutos\" \/>\n<script type=\"application\/ld+json\" class=\"yoast-schema-graph\">{\"@context\":\"https:\/\/schema.org\",\"@graph\":[{\"@type\":\"Article\",\"@id\":\"https:\/\/luchonoticias.com\/editor\/el-cacao-y-su-apuesta-inclusiva-en-el-huila\/#article\",\"isPartOf\":{\"@id\":\"https:\/\/luchonoticias.com\/editor\/el-cacao-y-su-apuesta-inclusiva-en-el-huila\/\"},\"author\":{\"name\":\"Editor General\",\"@id\":\"https:\/\/luchonoticias.com\/editor\/#\/schema\/person\/29217990ddf6f14e35912b2866d591fb\"},\"headline\":\"El cacao y su apuesta inclusiva en el Huila\",\"datePublished\":\"2024-06-04T12:12:41+00:00\",\"mainEntityOfPage\":{\"@id\":\"https:\/\/luchonoticias.com\/editor\/el-cacao-y-su-apuesta-inclusiva-en-el-huila\/\"},\"wordCount\":548,\"publisher\":{\"@id\":\"https:\/\/luchonoticias.com\/editor\/#\/schema\/person\/7a7fd911f58561fd056dbac7b55af9cd\"},\"image\":{\"@id\":\"https:\/\/luchonoticias.com\/editor\/el-cacao-y-su-apuesta-inclusiva-en-el-huila\/#primaryimage\"},\"thumbnailUrl\":\"https:\/\/luchonoticias.com\/editor\/wp-content\/uploads\/2024\/06\/cacao-huila.jpg\",\"articleSection\":[\"Deportes\"],\"inLanguage\":\"es\"},{\"@type\":\"WebPage\",\"@id\":\"https:\/\/luchonoticias.com\/editor\/el-cacao-y-su-apuesta-inclusiva-en-el-huila\/\",\"url\":\"https:\/\/luchonoticias.com\/editor\/el-cacao-y-su-apuesta-inclusiva-en-el-huila\/\",\"name\":\"El cacao y su apuesta inclusiva en el Huila -\",\"isPartOf\":{\"@id\":\"https:\/\/luchonoticias.com\/editor\/#website\"},\"primaryImageOfPage\":{\"@id\":\"https:\/\/luchonoticias.com\/editor\/el-cacao-y-su-apuesta-inclusiva-en-el-huila\/#primaryimage\"},\"image\":{\"@id\":\"https:\/\/luchonoticias.com\/editor\/el-cacao-y-su-apuesta-inclusiva-en-el-huila\/#primaryimage\"},\"thumbnailUrl\":\"https:\/\/luchonoticias.com\/editor\/wp-content\/uploads\/2024\/06\/cacao-huila.jpg\",\"datePublished\":\"2024-06-04T12:12:41+00:00\",\"breadcrumb\":{\"@id\":\"https:\/\/luchonoticias.com\/editor\/el-cacao-y-su-apuesta-inclusiva-en-el-huila\/#breadcrumb\"},\"inLanguage\":\"es\",\"potentialAction\":[{\"@type\":\"ReadAction\",\"target\":[\"https:\/\/luchonoticias.com\/editor\/el-cacao-y-su-apuesta-inclusiva-en-el-huila\/\"]}]},{\"@type\":\"ImageObject\",\"inLanguage\":\"es\",\"@id\":\"https:\/\/luchonoticias.com\/editor\/el-cacao-y-su-apuesta-inclusiva-en-el-huila\/#primaryimage\",\"url\":\"https:\/\/luchonoticias.com\/editor\/wp-content\/uploads\/2024\/06\/cacao-huila.jpg\",\"contentUrl\":\"https:\/\/luchonoticias.com\/editor\/wp-content\/uploads\/2024\/06\/cacao-huila.jpg\",\"width\":700,\"height\":400},{\"@type\":\"BreadcrumbList\",\"@id\":\"https:\/\/luchonoticias.com\/editor\/el-cacao-y-su-apuesta-inclusiva-en-el-huila\/#breadcrumb\",\"itemListElement\":[{\"@type\":\"ListItem\",\"position\":1,\"name\":\"Portada\",\"item\":\"https:\/\/luchonoticias.com\/editor\/\"},{\"@type\":\"ListItem\",\"position\":2,\"name\":\"El cacao y su apuesta inclusiva en el Huila\"}]},{\"@type\":\"WebSite\",\"@id\":\"https:\/\/luchonoticias.com\/editor\/#website\",\"url\":\"https:\/\/luchonoticias.com\/editor\/\",\"name\":\"\",\"description\":\"\",\"publisher\":{\"@id\":\"https:\/\/luchonoticias.com\/editor\/#\/schema\/person\/7a7fd911f58561fd056dbac7b55af9cd\"},\"potentialAction\":[{\"@type\":\"SearchAction\",\"target\":{\"@type\":\"EntryPoint\",\"urlTemplate\":\"https:\/\/luchonoticias.com\/editor\/?s={search_term_string}\"},\"query-input\":{\"@type\":\"PropertyValueSpecification\",\"valueRequired\":true,\"valueName\":\"search_term_string\"}}],\"inLanguage\":\"es\"},{\"@type\":[\"Person\",\"Organization\"],\"@id\":\"https:\/\/luchonoticias.com\/editor\/#\/schema\/person\/7a7fd911f58561fd056dbac7b55af9cd\",\"name\":\"admin\",\"image\":{\"@type\":\"ImageObject\",\"inLanguage\":\"es\",\"@id\":\"https:\/\/luchonoticias.com\/editor\/#\/schema\/person\/image\/\",\"url\":\"https:\/\/luchonoticias.com\/editor\/wp-content\/uploads\/2024\/02\/cropped-cropped-logolu.webp\",\"contentUrl\":\"https:\/\/luchonoticias.com\/editor\/wp-content\/uploads\/2024\/02\/cropped-cropped-logolu.webp\",\"width\":382,\"height\":170,\"caption\":\"admin\"},\"logo\":{\"@id\":\"https:\/\/luchonoticias.com\/editor\/#\/schema\/person\/image\/\"},\"sameAs\":[\"https:\/\/www.facebook.com\/luchonoticiasneiva\"]},{\"@type\":\"Person\",\"@id\":\"https:\/\/luchonoticias.com\/editor\/#\/schema\/person\/29217990ddf6f14e35912b2866d591fb\",\"name\":\"Editor General\",\"image\":{\"@type\":\"ImageObject\",\"inLanguage\":\"es\",\"@id\":\"https:\/\/luchonoticias.com\/editor\/#\/schema\/person\/image\/\",\"url\":\"https:\/\/luchonoticias.com\/editor\/wp-content\/uploads\/2024\/02\/cropped-cropped-logolu-150x150.webp\",\"contentUrl\":\"https:\/\/luchonoticias.com\/editor\/wp-content\/uploads\/2024\/02\/cropped-cropped-logolu-150x150.webp\",\"caption\":\"Editor General\"},\"sameAs\":[\"https:\/\/luchonoticias.com\/\"],\"url\":\"https:\/\/luchonoticias.com\/editor\/author\/editor-general\/\"}]}<\/script>\n<!-- \/ Yoast SEO plugin. -->","yoast_head_json":{"title":"El cacao y su apuesta inclusiva en el Huila -","robots":{"index":"index","follow":"follow","max-snippet":"max-snippet:-1","max-image-preview":"max-image-preview:large","max-video-preview":"max-video-preview:-1"},"canonical":"https:\/\/luchonoticias.com\/editor\/el-cacao-y-su-apuesta-inclusiva-en-el-huila\/","og_locale":"es_ES","og_type":"article","og_title":"El cacao y su apuesta inclusiva en el Huila -","og_url":"https:\/\/luchonoticias.com\/editor\/el-cacao-y-su-apuesta-inclusiva-en-el-huila\/","article_publisher":"https:\/\/www.facebook.com\/luchonoticiasneiva","article_published_time":"2024-06-04T12:12:41+00:00","og_image":[{"width":700,"height":400,"url":"https:\/\/luchonoticias.com\/editor\/wp-content\/uploads\/2024\/06\/cacao-huila.jpg","type":"image\/jpeg"}],"author":"Editor General","twitter_card":"summary_large_image","twitter_misc":{"Escrito por":"Editor General","Tiempo de lectura":"3 minutos"},"schema":{"@context":"https:\/\/schema.org","@graph":[{"@type":"Article","@id":"https:\/\/luchonoticias.com\/editor\/el-cacao-y-su-apuesta-inclusiva-en-el-huila\/#article","isPartOf":{"@id":"https:\/\/luchonoticias.com\/editor\/el-cacao-y-su-apuesta-inclusiva-en-el-huila\/"},"author":{"name":"Editor General","@id":"https:\/\/luchonoticias.com\/editor\/#\/schema\/person\/29217990ddf6f14e35912b2866d591fb"},"headline":"El cacao y su apuesta inclusiva en el Huila","datePublished":"2024-06-04T12:12:41+00:00","mainEntityOfPage":{"@id":"https:\/\/luchonoticias.com\/editor\/el-cacao-y-su-apuesta-inclusiva-en-el-huila\/"},"wordCount":548,"publisher":{"@id":"https:\/\/luchonoticias.com\/editor\/#\/schema\/person\/7a7fd911f58561fd056dbac7b55af9cd"},"image":{"@id":"https:\/\/luchonoticias.com\/editor\/el-cacao-y-su-apuesta-inclusiva-en-el-huila\/#primaryimage"},"thumbnailUrl":"https:\/\/luchonoticias.com\/editor\/wp-content\/uploads\/2024\/06\/cacao-huila.jpg","articleSection":["Deportes"],"inLanguage":"es"},{"@type":"WebPage","@id":"https:\/\/luchonoticias.com\/editor\/el-cacao-y-su-apuesta-inclusiva-en-el-huila\/","url":"https:\/\/luchonoticias.com\/editor\/el-cacao-y-su-apuesta-inclusiva-en-el-huila\/","name":"El cacao y su apuesta inclusiva en el Huila -","isPartOf":{"@id":"https:\/\/luchonoticias.com\/editor\/#website"},"primaryImageOfPage":{"@id":"https:\/\/luchonoticias.com\/editor\/el-cacao-y-su-apuesta-inclusiva-en-el-huila\/#primaryimage"},"image":{"@id":"https:\/\/luchonoticias.com\/editor\/el-cacao-y-su-apuesta-inclusiva-en-el-huila\/#primaryimage"},"thumbnailUrl":"https:\/\/luchonoticias.com\/editor\/wp-content\/uploads\/2024\/06\/cacao-huila.jpg","datePublished":"2024-06-04T12:12:41+00:00","breadcrumb":{"@id":"https:\/\/luchonoticias.com\/editor\/el-cacao-y-su-apuesta-inclusiva-en-el-huila\/#breadcrumb"},"inLanguage":"es","potentialAction":[{"@type":"ReadAction","target":["https:\/\/luchonoticias.com\/editor\/el-cacao-y-su-apuesta-inclusiva-en-el-huila\/"]}]},{"@type":"ImageObject","inLanguage":"es","@id":"https:\/\/luchonoticias.com\/editor\/el-cacao-y-su-apuesta-inclusiva-en-el-huila\/#primaryimage","url":"https:\/\/luchonoticias.com\/editor\/wp-content\/uploads\/2024\/06\/cacao-huila.jpg","contentUrl":"https:\/\/luchonoticias.com\/editor\/wp-content\/uploads\/2024\/06\/cacao-huila.jpg","width":700,"height":400},{"@type":"BreadcrumbList","@id":"https:\/\/luchonoticias.com\/editor\/el-cacao-y-su-apuesta-inclusiva-en-el-huila\/#breadcrumb","itemListElement":[{"@type":"ListItem","position":1,"name":"Portada","item":"https:\/\/luchonoticias.com\/editor\/"},{"@type":"ListItem","position":2,"name":"El cacao y su apuesta inclusiva en el Huila"}]},{"@type":"WebSite","@id":"https:\/\/luchonoticias.com\/editor\/#website","url":"https:\/\/luchonoticias.com\/editor\/","name":"","description":"","publisher":{"@id":"https:\/\/luchonoticias.com\/editor\/#\/schema\/person\/7a7fd911f58561fd056dbac7b55af9cd"},"potentialAction":[{"@type":"SearchAction","target":{"@type":"EntryPoint","urlTemplate":"https:\/\/luchonoticias.com\/editor\/?s={search_term_string}"},"query-input":{"@type":"PropertyValueSpecification","valueRequired":true,"valueName":"search_term_string"}}],"inLanguage":"es"},{"@type":["Person","Organization"],"@id":"https:\/\/luchonoticias.com\/editor\/#\/schema\/person\/7a7fd911f58561fd056dbac7b55af9cd","name":"admin","image":{"@type":"ImageObject","inLanguage":"es","@id":"https:\/\/luchonoticias.com\/editor\/#\/schema\/person\/image\/","url":"https:\/\/luchonoticias.com\/editor\/wp-content\/uploads\/2024\/02\/cropped-cropped-logolu.webp","contentUrl":"https:\/\/luchonoticias.com\/editor\/wp-content\/uploads\/2024\/02\/cropped-cropped-logolu.webp","width":382,"height":170,"caption":"admin"},"logo":{"@id":"https:\/\/luchonoticias.com\/editor\/#\/schema\/person\/image\/"},"sameAs":["https:\/\/www.facebook.com\/luchonoticiasneiva"]},{"@type":"Person","@id":"https:\/\/luchonoticias.com\/editor\/#\/schema\/person\/29217990ddf6f14e35912b2866d591fb","name":"Editor General","image":{"@type":"ImageObject","inLanguage":"es","@id":"https:\/\/luchonoticias.com\/editor\/#\/schema\/person\/image\/","url":"https:\/\/luchonoticias.com\/editor\/wp-content\/uploads\/2024\/02\/cropped-cropped-logolu-150x150.webp","contentUrl":"https:\/\/luchonoticias.com\/editor\/wp-content\/uploads\/2024\/02\/cropped-cropped-logolu-150x150.webp","caption":"Editor General"},"sameAs":["https:\/\/luchonoticias.com\/"],"url":"https:\/\/luchonoticias.com\/editor\/author\/editor-general\/"}]}},"_links":{"self":[{"href":"https:\/\/luchonoticias.com\/editor\/wp-json\/wp\/v2\/posts\/73730","targetHints":{"allow":["GET"]}}],"collection":[{"href":"https:\/\/luchonoticias.com\/editor\/wp-json\/wp\/v2\/posts"}],"about":[{"href":"https:\/\/luchonoticias.com\/editor\/wp-json\/wp\/v2\/types\/post"}],"author":[{"embeddable":true,"href":"https:\/\/luchonoticias.com\/editor\/wp-json\/wp\/v2\/users\/2"}],"replies":[{"embeddable":true,"href":"https:\/\/luchonoticias.com\/editor\/wp-json\/wp\/v2\/comments?post=73730"}],"version-history":[{"count":0,"href":"https:\/\/luchonoticias.com\/editor\/wp-json\/wp\/v2\/posts\/73730\/revisions"}],"wp:featuredmedia":[{"embeddable":true,"href":"https:\/\/luchonoticias.com\/editor\/wp-json\/wp\/v2\/media\/73731"}],"wp:attachment":[{"href":"https:\/\/luchonoticias.com\/editor\/wp-json\/wp\/v2\/media?parent=73730"}],"wp:term":[{"taxonomy":"category","embeddable":true,"href":"https:\/\/luchonoticias.com\/editor\/wp-json\/wp\/v2\/categories?post=73730"},{"taxonomy":"post_tag","embeddable":true,"href":"https:\/\/luchonoticias.com\/editor\/wp-json\/wp\/v2\/tags?post=73730"}],"curies":[{"name":"wp","href":"https:\/\/api.w.org\/{rel}","templated":true}]}}