{"id":73735,"date":"2024-06-04T07:19:33","date_gmt":"2024-06-04T12:19:33","guid":{"rendered":"https:\/\/luchonoticias.com\/?p=73735"},"modified":"2024-06-04T07:19:33","modified_gmt":"2024-06-04T12:19:33","slug":"recursos-para-campesinos-afectados-por-el-fenomeno-de-la-nina","status":"publish","type":"post","link":"https:\/\/luchonoticias.com\/editor\/recursos-para-campesinos-afectados-por-el-fenomeno-de-la-nina\/","title":{"rendered":"Recursos para campesinos afectados por el fen\u00f3meno de la Ni\u00f1a"},"content":{"rendered":"<div>En medio de la emergencia clim\u00e1tica que vive el pa\u00eds con la llegada del fen\u00f3meno de La Ni\u00f1a, la disponibilidad para el sector Agricultura es de m\u00e1s de $66 mil millones para subsidiar p\u00f3lizas de seguros agropecuarios que mitiguen los impactos adversos en las actividades productivas del campo colombiano.<\/div>\n<div><\/div>\n<div>El fen\u00f3meno de La Ni\u00f1a, caracterizado por un aumento de las lluvias y, por lo tanto, inundaciones y deslizamientos, representa una amenaza significativa para la producci\u00f3n agropecuaria y la seguridad alimentaria. Conscientes de esa realidad, el Ministerio de Agricultura y Desarrollo Rural, a trav\u00e9s de Finagro, subsidia hasta el 95% del costo de la p\u00f3liza de un seguro agropecuario para que los campesinos y campesinas tengan un respaldo en caso de p\u00e9rdidas de sus cultivos.<\/div>\n<div><\/div>\n<div>\u201cSiempre la agricultura es riesgosa, la diferencia es que hoy tenemos informaci\u00f3n precisa para anticiparnos en gesti\u00f3n del riesgo, extensi\u00f3n agropecuaria, temas fitosanitarios. Este a\u00f1o tenemos pron\u00f3sticos de inundaciones muy duras, por eso es clave anticiparnos con seguros financieros. El Incentivo al Seguro Agropecuario (ISA) entrega un subsidio a la prima de hasta 95% para los peque\u00f1os productores de ingresos bajos; de hasta 90% para un peque\u00f1o productor y hasta un 40% para un mediano productor\u201d,\u00a0 precis\u00f3 la jefa de la cartera, Jhenifer Mojica Fl\u00f3rez.<\/div>\n<div><\/div>\n<div>Esto quiere decir que si un peque\u00f1o productor compra una p\u00f3liza de seguro agropecuario con un costo de $1.000.000, el Gobierno Nacional, a trav\u00e9s de Finagro, asume hasta $950.000, por lo que solo tendr\u00eda que pagar $50.000 m\u00e1s IVA.<\/div>\n<div>\u201cGracias al seguro agropecuario y el subsidio que otorga el Gobierno Nacional, los afectados por eventos naturales podr\u00e1n hacer frente a sus obligaciones financieras y recuperar parte de su inversi\u00f3n. En Finagro les reconocemos hasta el 95% del costo del seguro, por lo que un productor agropecuario solo tendr\u00eda que pagar un 5%\u201d, explic\u00f3 Alexandra Restrepo, presidenta de Finagro.<\/div>\n<div><\/div>\n<div>En 2023, se otorgaron $114.600 millones en subsidio a la prima, lo que permiti\u00f3 apoyar a 76.700 productores, de los cuales 99% fueron peque\u00f1os productores. En total, se aseguraron 156.500 hect\u00e1reas, y los departamentos donde m\u00e1s se accedieron a estos beneficios fueron Santander (13%), Caldas (11%) y Antioquia (10%).<\/div>\n<div>Gracias a la buena acogida del Incentivo al Seguro Agropecuario (ISA) y los subsidios que otorga el Gobierno Nacional, entre 2023 y lo va de 2024, con corte a abril, la industria aseguradora ha pagado m\u00e1s de $101.000 millones en indemnizaciones a productores agropecuarios afectados por eventos clim\u00e1ticos adversos.<\/div>\n<div><\/div>\n<div>A trav\u00e9s del ISA, los productores pueden asegurar actividades agr\u00edcolas como el caf\u00e9, cacao, papa, ma\u00edz, pl\u00e1tano, arroz, aguacate, ca\u00f1a, entre otros. Asimismo, actividades acu\u00edcolas, porc\u00edcolas, ap\u00edcolas, av\u00edcolas y ganader\u00eda bovina y bufalina, entre otros.<\/div>\n<div><\/div>\n<div><strong>\u00bfC\u00f3mo acceder al ISA?<\/strong><\/div>\n<div><\/div>\n<div>1.\u00a0 \u00a0 \u00a0 \u00a0El productor o la productora agropecuaria se debe acercar a una compa\u00f1\u00eda aseguradora o entidad financiera.<\/div>\n<div>2.\u00a0 \u00a0 \u00a0 \u00a0La aseguradora valida los datos del campesino y la actividad que se pretende asegurar.<\/div>\n<div>3.\u00a0 \u00a0 \u00a0 \u00a0Si es viable, la aseguradora expide una p\u00f3liza, y cobra al campesino la parte de la prima no subsidiada y el IVA del 5%.<\/div>\n<div>4.\u00a0 \u00a0 \u00a0 \u00a0La aseguradora hace la solicitud del incentivo.<\/div>\n<div>5.\u00a0 \u00a0 \u00a0 \u00a0Finagro valida la solicitud y otorga el incentivo al productor asegurado.<\/div>\n<div><\/div>\n","protected":false},"excerpt":{"rendered":"<p>En medio de la emergencia clim\u00e1tica que vive el pa\u00eds con la llegada del fen\u00f3meno de La Ni\u00f1a, la disponibilidad para el sector Agricultura es de m\u00e1s de $66 mil millones para subsidiar p\u00f3lizas de seguros agropecuarios que mitiguen los impactos adversos en las actividades productivas del campo colombiano. El fen\u00f3meno de La Ni\u00f1a, caracterizado [&hellip;]<\/p>\n","protected":false},"author":2,"featured_media":73736,"comment_status":"closed","ping_status":"open","sticky":false,"template":"","format":"standard","meta":{"footnotes":""},"categories":[28],"tags":[],"class_list":["post-73735","post","type-post","status-publish","format-standard","has-post-thumbnail","hentry","category-actualidad"],"yoast_head":"<!-- This site is optimized with the Yoast SEO plugin v26.6 - https:\/\/yoast.com\/wordpress\/plugins\/seo\/ -->\n<title>Recursos para campesinos afectados por el fen\u00f3meno de la Ni\u00f1a -<\/title>\n<meta name=\"robots\" content=\"index, follow, max-snippet:-1, max-image-preview:large, max-video-preview:-1\" \/>\n<link rel=\"canonical\" href=\"https:\/\/luchonoticias.com\/editor\/recursos-para-campesinos-afectados-por-el-fenomeno-de-la-nina\/\" \/>\n<meta property=\"og:locale\" content=\"es_ES\" \/>\n<meta property=\"og:type\" content=\"article\" \/>\n<meta property=\"og:title\" content=\"Recursos para campesinos afectados por el fen\u00f3meno de la Ni\u00f1a -\" \/>\n<meta property=\"og:url\" content=\"https:\/\/luchonoticias.com\/editor\/recursos-para-campesinos-afectados-por-el-fenomeno-de-la-nina\/\" \/>\n<meta property=\"article:publisher\" content=\"https:\/\/www.facebook.com\/luchonoticiasneiva\" \/>\n<meta property=\"article:published_time\" content=\"2024-06-04T12:19:33+00:00\" \/>\n<meta property=\"og:image\" content=\"https:\/\/luchonoticias.com\/editor\/wp-content\/uploads\/2024\/06\/finagro-2.jpg\" \/>\n\t<meta property=\"og:image:width\" content=\"700\" \/>\n\t<meta property=\"og:image:height\" content=\"400\" \/>\n\t<meta property=\"og:image:type\" content=\"image\/jpeg\" \/>\n<meta name=\"author\" content=\"Editor General\" \/>\n<meta name=\"twitter:card\" content=\"summary_large_image\" \/>\n<meta name=\"twitter:label1\" content=\"Escrito por\" \/>\n\t<meta name=\"twitter:data1\" content=\"Editor General\" \/>\n\t<meta name=\"twitter:label2\" content=\"Tiempo de lectura\" \/>\n\t<meta name=\"twitter:data2\" content=\"3 minutos\" \/>\n<script type=\"application\/ld+json\" class=\"yoast-schema-graph\">{\"@context\":\"https:\/\/schema.org\",\"@graph\":[{\"@type\":\"Article\",\"@id\":\"https:\/\/luchonoticias.com\/editor\/recursos-para-campesinos-afectados-por-el-fenomeno-de-la-nina\/#article\",\"isPartOf\":{\"@id\":\"https:\/\/luchonoticias.com\/editor\/recursos-para-campesinos-afectados-por-el-fenomeno-de-la-nina\/\"},\"author\":{\"name\":\"Editor General\",\"@id\":\"https:\/\/luchonoticias.com\/editor\/#\/schema\/person\/29217990ddf6f14e35912b2866d591fb\"},\"headline\":\"Recursos para campesinos afectados por el fen\u00f3meno de la Ni\u00f1a\",\"datePublished\":\"2024-06-04T12:19:33+00:00\",\"mainEntityOfPage\":{\"@id\":\"https:\/\/luchonoticias.com\/editor\/recursos-para-campesinos-afectados-por-el-fenomeno-de-la-nina\/\"},\"wordCount\":552,\"publisher\":{\"@id\":\"https:\/\/luchonoticias.com\/editor\/#\/schema\/person\/7a7fd911f58561fd056dbac7b55af9cd\"},\"image\":{\"@id\":\"https:\/\/luchonoticias.com\/editor\/recursos-para-campesinos-afectados-por-el-fenomeno-de-la-nina\/#primaryimage\"},\"thumbnailUrl\":\"https:\/\/luchonoticias.com\/editor\/wp-content\/uploads\/2024\/06\/finagro-2.jpg\",\"articleSection\":[\"Actualidad\"],\"inLanguage\":\"es\"},{\"@type\":\"WebPage\",\"@id\":\"https:\/\/luchonoticias.com\/editor\/recursos-para-campesinos-afectados-por-el-fenomeno-de-la-nina\/\",\"url\":\"https:\/\/luchonoticias.com\/editor\/recursos-para-campesinos-afectados-por-el-fenomeno-de-la-nina\/\",\"name\":\"Recursos para campesinos afectados por el fen\u00f3meno de la Ni\u00f1a -\",\"isPartOf\":{\"@id\":\"https:\/\/luchonoticias.com\/editor\/#website\"},\"primaryImageOfPage\":{\"@id\":\"https:\/\/luchonoticias.com\/editor\/recursos-para-campesinos-afectados-por-el-fenomeno-de-la-nina\/#primaryimage\"},\"image\":{\"@id\":\"https:\/\/luchonoticias.com\/editor\/recursos-para-campesinos-afectados-por-el-fenomeno-de-la-nina\/#primaryimage\"},\"thumbnailUrl\":\"https:\/\/luchonoticias.com\/editor\/wp-content\/uploads\/2024\/06\/finagro-2.jpg\",\"datePublished\":\"2024-06-04T12:19:33+00:00\",\"breadcrumb\":{\"@id\":\"https:\/\/luchonoticias.com\/editor\/recursos-para-campesinos-afectados-por-el-fenomeno-de-la-nina\/#breadcrumb\"},\"inLanguage\":\"es\",\"potentialAction\":[{\"@type\":\"ReadAction\",\"target\":[\"https:\/\/luchonoticias.com\/editor\/recursos-para-campesinos-afectados-por-el-fenomeno-de-la-nina\/\"]}]},{\"@type\":\"ImageObject\",\"inLanguage\":\"es\",\"@id\":\"https:\/\/luchonoticias.com\/editor\/recursos-para-campesinos-afectados-por-el-fenomeno-de-la-nina\/#primaryimage\",\"url\":\"https:\/\/luchonoticias.com\/editor\/wp-content\/uploads\/2024\/06\/finagro-2.jpg\",\"contentUrl\":\"https:\/\/luchonoticias.com\/editor\/wp-content\/uploads\/2024\/06\/finagro-2.jpg\",\"width\":700,\"height\":400},{\"@type\":\"BreadcrumbList\",\"@id\":\"https:\/\/luchonoticias.com\/editor\/recursos-para-campesinos-afectados-por-el-fenomeno-de-la-nina\/#breadcrumb\",\"itemListElement\":[{\"@type\":\"ListItem\",\"position\":1,\"name\":\"Portada\",\"item\":\"https:\/\/luchonoticias.com\/editor\/\"},{\"@type\":\"ListItem\",\"position\":2,\"name\":\"Recursos para campesinos afectados por el fen\u00f3meno de la Ni\u00f1a\"}]},{\"@type\":\"WebSite\",\"@id\":\"https:\/\/luchonoticias.com\/editor\/#website\",\"url\":\"https:\/\/luchonoticias.com\/editor\/\",\"name\":\"\",\"description\":\"\",\"publisher\":{\"@id\":\"https:\/\/luchonoticias.com\/editor\/#\/schema\/person\/7a7fd911f58561fd056dbac7b55af9cd\"},\"potentialAction\":[{\"@type\":\"SearchAction\",\"target\":{\"@type\":\"EntryPoint\",\"urlTemplate\":\"https:\/\/luchonoticias.com\/editor\/?s={search_term_string}\"},\"query-input\":{\"@type\":\"PropertyValueSpecification\",\"valueRequired\":true,\"valueName\":\"search_term_string\"}}],\"inLanguage\":\"es\"},{\"@type\":[\"Person\",\"Organization\"],\"@id\":\"https:\/\/luchonoticias.com\/editor\/#\/schema\/person\/7a7fd911f58561fd056dbac7b55af9cd\",\"name\":\"admin\",\"image\":{\"@type\":\"ImageObject\",\"inLanguage\":\"es\",\"@id\":\"https:\/\/luchonoticias.com\/editor\/#\/schema\/person\/image\/\",\"url\":\"https:\/\/luchonoticias.com\/editor\/wp-content\/uploads\/2024\/02\/cropped-cropped-logolu.webp\",\"contentUrl\":\"https:\/\/luchonoticias.com\/editor\/wp-content\/uploads\/2024\/02\/cropped-cropped-logolu.webp\",\"width\":382,\"height\":170,\"caption\":\"admin\"},\"logo\":{\"@id\":\"https:\/\/luchonoticias.com\/editor\/#\/schema\/person\/image\/\"},\"sameAs\":[\"https:\/\/www.facebook.com\/luchonoticiasneiva\"]},{\"@type\":\"Person\",\"@id\":\"https:\/\/luchonoticias.com\/editor\/#\/schema\/person\/29217990ddf6f14e35912b2866d591fb\",\"name\":\"Editor General\",\"image\":{\"@type\":\"ImageObject\",\"inLanguage\":\"es\",\"@id\":\"https:\/\/luchonoticias.com\/editor\/#\/schema\/person\/image\/\",\"url\":\"https:\/\/luchonoticias.com\/editor\/wp-content\/uploads\/2024\/02\/cropped-cropped-logolu-150x150.webp\",\"contentUrl\":\"https:\/\/luchonoticias.com\/editor\/wp-content\/uploads\/2024\/02\/cropped-cropped-logolu-150x150.webp\",\"caption\":\"Editor General\"},\"sameAs\":[\"https:\/\/luchonoticias.com\/\"],\"url\":\"https:\/\/luchonoticias.com\/editor\/author\/editor-general\/\"}]}<\/script>\n<!-- \/ Yoast SEO plugin. -->","yoast_head_json":{"title":"Recursos para campesinos afectados por el fen\u00f3meno de la Ni\u00f1a -","robots":{"index":"index","follow":"follow","max-snippet":"max-snippet:-1","max-image-preview":"max-image-preview:large","max-video-preview":"max-video-preview:-1"},"canonical":"https:\/\/luchonoticias.com\/editor\/recursos-para-campesinos-afectados-por-el-fenomeno-de-la-nina\/","og_locale":"es_ES","og_type":"article","og_title":"Recursos para campesinos afectados por el fen\u00f3meno de la Ni\u00f1a -","og_url":"https:\/\/luchonoticias.com\/editor\/recursos-para-campesinos-afectados-por-el-fenomeno-de-la-nina\/","article_publisher":"https:\/\/www.facebook.com\/luchonoticiasneiva","article_published_time":"2024-06-04T12:19:33+00:00","og_image":[{"width":700,"height":400,"url":"https:\/\/luchonoticias.com\/editor\/wp-content\/uploads\/2024\/06\/finagro-2.jpg","type":"image\/jpeg"}],"author":"Editor General","twitter_card":"summary_large_image","twitter_misc":{"Escrito por":"Editor General","Tiempo de lectura":"3 minutos"},"schema":{"@context":"https:\/\/schema.org","@graph":[{"@type":"Article","@id":"https:\/\/luchonoticias.com\/editor\/recursos-para-campesinos-afectados-por-el-fenomeno-de-la-nina\/#article","isPartOf":{"@id":"https:\/\/luchonoticias.com\/editor\/recursos-para-campesinos-afectados-por-el-fenomeno-de-la-nina\/"},"author":{"name":"Editor General","@id":"https:\/\/luchonoticias.com\/editor\/#\/schema\/person\/29217990ddf6f14e35912b2866d591fb"},"headline":"Recursos para campesinos afectados por el fen\u00f3meno de la Ni\u00f1a","datePublished":"2024-06-04T12:19:33+00:00","mainEntityOfPage":{"@id":"https:\/\/luchonoticias.com\/editor\/recursos-para-campesinos-afectados-por-el-fenomeno-de-la-nina\/"},"wordCount":552,"publisher":{"@id":"https:\/\/luchonoticias.com\/editor\/#\/schema\/person\/7a7fd911f58561fd056dbac7b55af9cd"},"image":{"@id":"https:\/\/luchonoticias.com\/editor\/recursos-para-campesinos-afectados-por-el-fenomeno-de-la-nina\/#primaryimage"},"thumbnailUrl":"https:\/\/luchonoticias.com\/editor\/wp-content\/uploads\/2024\/06\/finagro-2.jpg","articleSection":["Actualidad"],"inLanguage":"es"},{"@type":"WebPage","@id":"https:\/\/luchonoticias.com\/editor\/recursos-para-campesinos-afectados-por-el-fenomeno-de-la-nina\/","url":"https:\/\/luchonoticias.com\/editor\/recursos-para-campesinos-afectados-por-el-fenomeno-de-la-nina\/","name":"Recursos para campesinos afectados por el fen\u00f3meno de la Ni\u00f1a -","isPartOf":{"@id":"https:\/\/luchonoticias.com\/editor\/#website"},"primaryImageOfPage":{"@id":"https:\/\/luchonoticias.com\/editor\/recursos-para-campesinos-afectados-por-el-fenomeno-de-la-nina\/#primaryimage"},"image":{"@id":"https:\/\/luchonoticias.com\/editor\/recursos-para-campesinos-afectados-por-el-fenomeno-de-la-nina\/#primaryimage"},"thumbnailUrl":"https:\/\/luchonoticias.com\/editor\/wp-content\/uploads\/2024\/06\/finagro-2.jpg","datePublished":"2024-06-04T12:19:33+00:00","breadcrumb":{"@id":"https:\/\/luchonoticias.com\/editor\/recursos-para-campesinos-afectados-por-el-fenomeno-de-la-nina\/#breadcrumb"},"inLanguage":"es","potentialAction":[{"@type":"ReadAction","target":["https:\/\/luchonoticias.com\/editor\/recursos-para-campesinos-afectados-por-el-fenomeno-de-la-nina\/"]}]},{"@type":"ImageObject","inLanguage":"es","@id":"https:\/\/luchonoticias.com\/editor\/recursos-para-campesinos-afectados-por-el-fenomeno-de-la-nina\/#primaryimage","url":"https:\/\/luchonoticias.com\/editor\/wp-content\/uploads\/2024\/06\/finagro-2.jpg","contentUrl":"https:\/\/luchonoticias.com\/editor\/wp-content\/uploads\/2024\/06\/finagro-2.jpg","width":700,"height":400},{"@type":"BreadcrumbList","@id":"https:\/\/luchonoticias.com\/editor\/recursos-para-campesinos-afectados-por-el-fenomeno-de-la-nina\/#breadcrumb","itemListElement":[{"@type":"ListItem","position":1,"name":"Portada","item":"https:\/\/luchonoticias.com\/editor\/"},{"@type":"ListItem","position":2,"name":"Recursos para campesinos afectados por el fen\u00f3meno de la Ni\u00f1a"}]},{"@type":"WebSite","@id":"https:\/\/luchonoticias.com\/editor\/#website","url":"https:\/\/luchonoticias.com\/editor\/","name":"","description":"","publisher":{"@id":"https:\/\/luchonoticias.com\/editor\/#\/schema\/person\/7a7fd911f58561fd056dbac7b55af9cd"},"potentialAction":[{"@type":"SearchAction","target":{"@type":"EntryPoint","urlTemplate":"https:\/\/luchonoticias.com\/editor\/?s={search_term_string}"},"query-input":{"@type":"PropertyValueSpecification","valueRequired":true,"valueName":"search_term_string"}}],"inLanguage":"es"},{"@type":["Person","Organization"],"@id":"https:\/\/luchonoticias.com\/editor\/#\/schema\/person\/7a7fd911f58561fd056dbac7b55af9cd","name":"admin","image":{"@type":"ImageObject","inLanguage":"es","@id":"https:\/\/luchonoticias.com\/editor\/#\/schema\/person\/image\/","url":"https:\/\/luchonoticias.com\/editor\/wp-content\/uploads\/2024\/02\/cropped-cropped-logolu.webp","contentUrl":"https:\/\/luchonoticias.com\/editor\/wp-content\/uploads\/2024\/02\/cropped-cropped-logolu.webp","width":382,"height":170,"caption":"admin"},"logo":{"@id":"https:\/\/luchonoticias.com\/editor\/#\/schema\/person\/image\/"},"sameAs":["https:\/\/www.facebook.com\/luchonoticiasneiva"]},{"@type":"Person","@id":"https:\/\/luchonoticias.com\/editor\/#\/schema\/person\/29217990ddf6f14e35912b2866d591fb","name":"Editor General","image":{"@type":"ImageObject","inLanguage":"es","@id":"https:\/\/luchonoticias.com\/editor\/#\/schema\/person\/image\/","url":"https:\/\/luchonoticias.com\/editor\/wp-content\/uploads\/2024\/02\/cropped-cropped-logolu-150x150.webp","contentUrl":"https:\/\/luchonoticias.com\/editor\/wp-content\/uploads\/2024\/02\/cropped-cropped-logolu-150x150.webp","caption":"Editor General"},"sameAs":["https:\/\/luchonoticias.com\/"],"url":"https:\/\/luchonoticias.com\/editor\/author\/editor-general\/"}]}},"_links":{"self":[{"href":"https:\/\/luchonoticias.com\/editor\/wp-json\/wp\/v2\/posts\/73735","targetHints":{"allow":["GET"]}}],"collection":[{"href":"https:\/\/luchonoticias.com\/editor\/wp-json\/wp\/v2\/posts"}],"about":[{"href":"https:\/\/luchonoticias.com\/editor\/wp-json\/wp\/v2\/types\/post"}],"author":[{"embeddable":true,"href":"https:\/\/luchonoticias.com\/editor\/wp-json\/wp\/v2\/users\/2"}],"replies":[{"embeddable":true,"href":"https:\/\/luchonoticias.com\/editor\/wp-json\/wp\/v2\/comments?post=73735"}],"version-history":[{"count":0,"href":"https:\/\/luchonoticias.com\/editor\/wp-json\/wp\/v2\/posts\/73735\/revisions"}],"wp:featuredmedia":[{"embeddable":true,"href":"https:\/\/luchonoticias.com\/editor\/wp-json\/wp\/v2\/media\/73736"}],"wp:attachment":[{"href":"https:\/\/luchonoticias.com\/editor\/wp-json\/wp\/v2\/media?parent=73735"}],"wp:term":[{"taxonomy":"category","embeddable":true,"href":"https:\/\/luchonoticias.com\/editor\/wp-json\/wp\/v2\/categories?post=73735"},{"taxonomy":"post_tag","embeddable":true,"href":"https:\/\/luchonoticias.com\/editor\/wp-json\/wp\/v2\/tags?post=73735"}],"curies":[{"name":"wp","href":"https:\/\/api.w.org\/{rel}","templated":true}]}}