{"id":73743,"date":"2024-06-04T11:14:51","date_gmt":"2024-06-04T16:14:51","guid":{"rendered":"https:\/\/luchonoticias.com\/?p=73743"},"modified":"2024-06-04T11:14:51","modified_gmt":"2024-06-04T16:14:51","slug":"continua-campana-vial-en-los-colegios-de-neiva","status":"publish","type":"post","link":"https:\/\/luchonoticias.com\/editor\/continua-campana-vial-en-los-colegios-de-neiva\/","title":{"rendered":"Contin\u00faa campa\u00f1a vial en los colegios de Neiva"},"content":{"rendered":"<p>La demarcaci\u00f3n en v\u00eda con los cruces peatonales, la sensibilizaci\u00f3n en materia de seguridad vial a estudiantes, docentes y padres de familia, junto al acompa\u00f1amiento por parte de las Secretar\u00edas de Movilidad y Educaci\u00f3n, han sido los elementos claves para la campa\u00f1a que busca disminuir los riesgos para los ni\u00f1os y las ni\u00f1as del Municipio.<\/p>\n<p>La estrategia \u2018Tacho\u2019 D\u00e9jame cruzar, tras un an\u00e1lisis de mapa de calor frente a los riesgos en v\u00eda, durante el primer semestre del 2024, lleg\u00f3 a los colegios:<\/p>\n<p>\u2705 I.E. Oliverio Lara en la comuna Seis.<\/p>\n<p>\u2705 I.E. Gabriel Garc\u00eda M\u00e1rquez en la comuna Nueve.<\/p>\n<p>\u2705 I.E. Rodrigo Lara Bonilla en la comuna Seis.<\/p>\n<figure id=\"attachment_73745\" aria-describedby=\"caption-attachment-73745\" style=\"width: 700px\" class=\"wp-caption alignnone\"><img loading=\"lazy\" decoding=\"async\" class=\"wp-image-73745\" src=\"https:\/\/luchonoticias.com\/wp-content\/uploads\/2024\/06\/WhatsApp-Image-2024-06-04-at-10.47.43-1-300x225.jpeg\" alt=\"\" width=\"700\" height=\"525\" srcset=\"https:\/\/luchonoticias.com\/editor\/wp-content\/uploads\/2024\/06\/WhatsApp-Image-2024-06-04-at-10.47.43-1-300x225.jpeg 300w, https:\/\/luchonoticias.com\/editor\/wp-content\/uploads\/2024\/06\/WhatsApp-Image-2024-06-04-at-10.47.43-1-1024x768.jpeg 1024w, https:\/\/luchonoticias.com\/editor\/wp-content\/uploads\/2024\/06\/WhatsApp-Image-2024-06-04-at-10.47.43-1-768x576.jpeg 768w, https:\/\/luchonoticias.com\/editor\/wp-content\/uploads\/2024\/06\/WhatsApp-Image-2024-06-04-at-10.47.43-1-1536x1152.jpeg 1536w, https:\/\/luchonoticias.com\/editor\/wp-content\/uploads\/2024\/06\/WhatsApp-Image-2024-06-04-at-10.47.43-1-2048x1536.jpeg 2048w, https:\/\/luchonoticias.com\/editor\/wp-content\/uploads\/2024\/06\/WhatsApp-Image-2024-06-04-at-10.47.43-1-90x68.jpeg 90w\" sizes=\"auto, (max-width: 700px) 100vw, 700px\" \/><figcaption id=\"caption-attachment-73745\" class=\"wp-caption-text\">Tres colegios han sido por esta campa\u00f1a.<\/figcaption><\/figure>\n<p>&nbsp;<\/p>\n<p>\u201cHoy la Secretar\u00eda de Educaci\u00f3n y la Secretar\u00eda de Movilidad finalizan la campa\u00f1a en primer semestre de nuestra estrategia \u2018Tacho\u2019 D\u00e9jame cruzar. Desde estas dos secretar\u00edas y por disposici\u00f3n de nuestro alcalde, el ingeniero Germ\u00e1n Casagua, hemos venido haciendo una intervenci\u00f3n integral en los colegios p\u00fablicos que nos permitan hacer sensibilizaci\u00f3n sobre el respeto a las normas de tr\u00e1nsito y la importancia de la seguridad vial\u201d, se\u00f1al\u00f3 la Secretaria de Movilidad Edna Johanna Cruz.<\/p>\n<p>Debido a que los colegios salen a vacaciones de mitad de a\u00f1o, la estrategia finaliza en este primer semestre, pero se seguir\u00e1 con procesos de sensibilizaci\u00f3n por parte del equipo de seguridad vial, con el objetivo de que todos los actores viales conozcan la importancia del respeto por las normas de tr\u00e1nsito.<\/p>\n<p>\u201cHemos llegado con esta estrategia sensibilizando a todos los ni\u00f1os de las instituciones educativas y adem\u00e1s de eso, protegiendo su integridad. Le pedimos a la ciudadan\u00eda que cada vez que un ni\u00f1o, un estudiante, vaya a pasar por favor d\u00e9jalo cruzar\u201d, coment\u00f3 Natalia Andrea Rodr\u00edguez, secretaria de Educaci\u00f3n de Neiva.<\/p>\n","protected":false},"excerpt":{"rendered":"<p>La demarcaci\u00f3n en v\u00eda con los cruces peatonales, la sensibilizaci\u00f3n en materia de seguridad vial a estudiantes, docentes y padres de familia, junto al acompa\u00f1amiento por parte de las Secretar\u00edas de Movilidad y Educaci\u00f3n, han sido los elementos claves para la campa\u00f1a que busca disminuir los riesgos para los ni\u00f1os y las ni\u00f1as del Municipio. [&hellip;]<\/p>\n","protected":false},"author":2,"featured_media":73744,"comment_status":"closed","ping_status":"open","sticky":false,"template":"","format":"standard","meta":{"footnotes":""},"categories":[31],"tags":[],"class_list":["post-73743","post","type-post","status-publish","format-standard","has-post-thumbnail","hentry","category-local"],"yoast_head":"<!-- This site is optimized with the Yoast SEO plugin v26.6 - https:\/\/yoast.com\/wordpress\/plugins\/seo\/ -->\n<title>Contin\u00faa campa\u00f1a vial en los colegios de Neiva -<\/title>\n<meta name=\"robots\" content=\"index, follow, max-snippet:-1, max-image-preview:large, max-video-preview:-1\" \/>\n<link rel=\"canonical\" href=\"https:\/\/luchonoticias.com\/editor\/continua-campana-vial-en-los-colegios-de-neiva\/\" \/>\n<meta property=\"og:locale\" content=\"es_ES\" \/>\n<meta property=\"og:type\" content=\"article\" \/>\n<meta property=\"og:title\" content=\"Contin\u00faa campa\u00f1a vial en los colegios de Neiva -\" \/>\n<meta property=\"og:url\" content=\"https:\/\/luchonoticias.com\/editor\/continua-campana-vial-en-los-colegios-de-neiva\/\" \/>\n<meta property=\"article:publisher\" content=\"https:\/\/www.facebook.com\/luchonoticiasneiva\" \/>\n<meta property=\"article:published_time\" content=\"2024-06-04T16:14:51+00:00\" \/>\n<meta property=\"og:image\" content=\"https:\/\/luchonoticias.com\/editor\/wp-content\/uploads\/2024\/06\/campana-vial.jpg\" \/>\n\t<meta property=\"og:image:width\" content=\"700\" \/>\n\t<meta property=\"og:image:height\" content=\"400\" \/>\n\t<meta property=\"og:image:type\" content=\"image\/jpeg\" \/>\n<meta name=\"author\" content=\"Editor General\" \/>\n<meta name=\"twitter:card\" content=\"summary_large_image\" \/>\n<meta name=\"twitter:label1\" content=\"Escrito por\" \/>\n\t<meta name=\"twitter:data1\" content=\"Editor General\" \/>\n\t<meta name=\"twitter:label2\" content=\"Tiempo de lectura\" \/>\n\t<meta name=\"twitter:data2\" content=\"2 minutos\" \/>\n<script type=\"application\/ld+json\" class=\"yoast-schema-graph\">{\"@context\":\"https:\/\/schema.org\",\"@graph\":[{\"@type\":\"Article\",\"@id\":\"https:\/\/luchonoticias.com\/editor\/continua-campana-vial-en-los-colegios-de-neiva\/#article\",\"isPartOf\":{\"@id\":\"https:\/\/luchonoticias.com\/editor\/continua-campana-vial-en-los-colegios-de-neiva\/\"},\"author\":{\"name\":\"Editor General\",\"@id\":\"https:\/\/luchonoticias.com\/editor\/#\/schema\/person\/29217990ddf6f14e35912b2866d591fb\"},\"headline\":\"Contin\u00faa campa\u00f1a vial en los colegios de Neiva\",\"datePublished\":\"2024-06-04T16:14:51+00:00\",\"mainEntityOfPage\":{\"@id\":\"https:\/\/luchonoticias.com\/editor\/continua-campana-vial-en-los-colegios-de-neiva\/\"},\"wordCount\":347,\"publisher\":{\"@id\":\"https:\/\/luchonoticias.com\/editor\/#\/schema\/person\/7a7fd911f58561fd056dbac7b55af9cd\"},\"image\":{\"@id\":\"https:\/\/luchonoticias.com\/editor\/continua-campana-vial-en-los-colegios-de-neiva\/#primaryimage\"},\"thumbnailUrl\":\"https:\/\/luchonoticias.com\/editor\/wp-content\/uploads\/2024\/06\/campana-vial.jpg\",\"articleSection\":[\"Local\"],\"inLanguage\":\"es\"},{\"@type\":\"WebPage\",\"@id\":\"https:\/\/luchonoticias.com\/editor\/continua-campana-vial-en-los-colegios-de-neiva\/\",\"url\":\"https:\/\/luchonoticias.com\/editor\/continua-campana-vial-en-los-colegios-de-neiva\/\",\"name\":\"Contin\u00faa campa\u00f1a vial en los colegios de Neiva -\",\"isPartOf\":{\"@id\":\"https:\/\/luchonoticias.com\/editor\/#website\"},\"primaryImageOfPage\":{\"@id\":\"https:\/\/luchonoticias.com\/editor\/continua-campana-vial-en-los-colegios-de-neiva\/#primaryimage\"},\"image\":{\"@id\":\"https:\/\/luchonoticias.com\/editor\/continua-campana-vial-en-los-colegios-de-neiva\/#primaryimage\"},\"thumbnailUrl\":\"https:\/\/luchonoticias.com\/editor\/wp-content\/uploads\/2024\/06\/campana-vial.jpg\",\"datePublished\":\"2024-06-04T16:14:51+00:00\",\"breadcrumb\":{\"@id\":\"https:\/\/luchonoticias.com\/editor\/continua-campana-vial-en-los-colegios-de-neiva\/#breadcrumb\"},\"inLanguage\":\"es\",\"potentialAction\":[{\"@type\":\"ReadAction\",\"target\":[\"https:\/\/luchonoticias.com\/editor\/continua-campana-vial-en-los-colegios-de-neiva\/\"]}]},{\"@type\":\"ImageObject\",\"inLanguage\":\"es\",\"@id\":\"https:\/\/luchonoticias.com\/editor\/continua-campana-vial-en-los-colegios-de-neiva\/#primaryimage\",\"url\":\"https:\/\/luchonoticias.com\/editor\/wp-content\/uploads\/2024\/06\/campana-vial.jpg\",\"contentUrl\":\"https:\/\/luchonoticias.com\/editor\/wp-content\/uploads\/2024\/06\/campana-vial.jpg\",\"width\":700,\"height\":400},{\"@type\":\"BreadcrumbList\",\"@id\":\"https:\/\/luchonoticias.com\/editor\/continua-campana-vial-en-los-colegios-de-neiva\/#breadcrumb\",\"itemListElement\":[{\"@type\":\"ListItem\",\"position\":1,\"name\":\"Portada\",\"item\":\"https:\/\/luchonoticias.com\/editor\/\"},{\"@type\":\"ListItem\",\"position\":2,\"name\":\"Contin\u00faa campa\u00f1a vial en los colegios de Neiva\"}]},{\"@type\":\"WebSite\",\"@id\":\"https:\/\/luchonoticias.com\/editor\/#website\",\"url\":\"https:\/\/luchonoticias.com\/editor\/\",\"name\":\"\",\"description\":\"\",\"publisher\":{\"@id\":\"https:\/\/luchonoticias.com\/editor\/#\/schema\/person\/7a7fd911f58561fd056dbac7b55af9cd\"},\"potentialAction\":[{\"@type\":\"SearchAction\",\"target\":{\"@type\":\"EntryPoint\",\"urlTemplate\":\"https:\/\/luchonoticias.com\/editor\/?s={search_term_string}\"},\"query-input\":{\"@type\":\"PropertyValueSpecification\",\"valueRequired\":true,\"valueName\":\"search_term_string\"}}],\"inLanguage\":\"es\"},{\"@type\":[\"Person\",\"Organization\"],\"@id\":\"https:\/\/luchonoticias.com\/editor\/#\/schema\/person\/7a7fd911f58561fd056dbac7b55af9cd\",\"name\":\"admin\",\"image\":{\"@type\":\"ImageObject\",\"inLanguage\":\"es\",\"@id\":\"https:\/\/luchonoticias.com\/editor\/#\/schema\/person\/image\/\",\"url\":\"https:\/\/luchonoticias.com\/editor\/wp-content\/uploads\/2024\/02\/cropped-cropped-logolu.webp\",\"contentUrl\":\"https:\/\/luchonoticias.com\/editor\/wp-content\/uploads\/2024\/02\/cropped-cropped-logolu.webp\",\"width\":382,\"height\":170,\"caption\":\"admin\"},\"logo\":{\"@id\":\"https:\/\/luchonoticias.com\/editor\/#\/schema\/person\/image\/\"},\"sameAs\":[\"https:\/\/www.facebook.com\/luchonoticiasneiva\"]},{\"@type\":\"Person\",\"@id\":\"https:\/\/luchonoticias.com\/editor\/#\/schema\/person\/29217990ddf6f14e35912b2866d591fb\",\"name\":\"Editor General\",\"image\":{\"@type\":\"ImageObject\",\"inLanguage\":\"es\",\"@id\":\"https:\/\/luchonoticias.com\/editor\/#\/schema\/person\/image\/\",\"url\":\"https:\/\/luchonoticias.com\/editor\/wp-content\/uploads\/2024\/02\/cropped-cropped-logolu-150x150.webp\",\"contentUrl\":\"https:\/\/luchonoticias.com\/editor\/wp-content\/uploads\/2024\/02\/cropped-cropped-logolu-150x150.webp\",\"caption\":\"Editor General\"},\"sameAs\":[\"https:\/\/luchonoticias.com\/\"],\"url\":\"https:\/\/luchonoticias.com\/editor\/author\/editor-general\/\"}]}<\/script>\n<!-- \/ Yoast SEO plugin. -->","yoast_head_json":{"title":"Contin\u00faa campa\u00f1a vial en los colegios de Neiva -","robots":{"index":"index","follow":"follow","max-snippet":"max-snippet:-1","max-image-preview":"max-image-preview:large","max-video-preview":"max-video-preview:-1"},"canonical":"https:\/\/luchonoticias.com\/editor\/continua-campana-vial-en-los-colegios-de-neiva\/","og_locale":"es_ES","og_type":"article","og_title":"Contin\u00faa campa\u00f1a vial en los colegios de Neiva -","og_url":"https:\/\/luchonoticias.com\/editor\/continua-campana-vial-en-los-colegios-de-neiva\/","article_publisher":"https:\/\/www.facebook.com\/luchonoticiasneiva","article_published_time":"2024-06-04T16:14:51+00:00","og_image":[{"width":700,"height":400,"url":"https:\/\/luchonoticias.com\/editor\/wp-content\/uploads\/2024\/06\/campana-vial.jpg","type":"image\/jpeg"}],"author":"Editor General","twitter_card":"summary_large_image","twitter_misc":{"Escrito por":"Editor General","Tiempo de lectura":"2 minutos"},"schema":{"@context":"https:\/\/schema.org","@graph":[{"@type":"Article","@id":"https:\/\/luchonoticias.com\/editor\/continua-campana-vial-en-los-colegios-de-neiva\/#article","isPartOf":{"@id":"https:\/\/luchonoticias.com\/editor\/continua-campana-vial-en-los-colegios-de-neiva\/"},"author":{"name":"Editor General","@id":"https:\/\/luchonoticias.com\/editor\/#\/schema\/person\/29217990ddf6f14e35912b2866d591fb"},"headline":"Contin\u00faa campa\u00f1a vial en los colegios de Neiva","datePublished":"2024-06-04T16:14:51+00:00","mainEntityOfPage":{"@id":"https:\/\/luchonoticias.com\/editor\/continua-campana-vial-en-los-colegios-de-neiva\/"},"wordCount":347,"publisher":{"@id":"https:\/\/luchonoticias.com\/editor\/#\/schema\/person\/7a7fd911f58561fd056dbac7b55af9cd"},"image":{"@id":"https:\/\/luchonoticias.com\/editor\/continua-campana-vial-en-los-colegios-de-neiva\/#primaryimage"},"thumbnailUrl":"https:\/\/luchonoticias.com\/editor\/wp-content\/uploads\/2024\/06\/campana-vial.jpg","articleSection":["Local"],"inLanguage":"es"},{"@type":"WebPage","@id":"https:\/\/luchonoticias.com\/editor\/continua-campana-vial-en-los-colegios-de-neiva\/","url":"https:\/\/luchonoticias.com\/editor\/continua-campana-vial-en-los-colegios-de-neiva\/","name":"Contin\u00faa campa\u00f1a vial en los colegios de Neiva -","isPartOf":{"@id":"https:\/\/luchonoticias.com\/editor\/#website"},"primaryImageOfPage":{"@id":"https:\/\/luchonoticias.com\/editor\/continua-campana-vial-en-los-colegios-de-neiva\/#primaryimage"},"image":{"@id":"https:\/\/luchonoticias.com\/editor\/continua-campana-vial-en-los-colegios-de-neiva\/#primaryimage"},"thumbnailUrl":"https:\/\/luchonoticias.com\/editor\/wp-content\/uploads\/2024\/06\/campana-vial.jpg","datePublished":"2024-06-04T16:14:51+00:00","breadcrumb":{"@id":"https:\/\/luchonoticias.com\/editor\/continua-campana-vial-en-los-colegios-de-neiva\/#breadcrumb"},"inLanguage":"es","potentialAction":[{"@type":"ReadAction","target":["https:\/\/luchonoticias.com\/editor\/continua-campana-vial-en-los-colegios-de-neiva\/"]}]},{"@type":"ImageObject","inLanguage":"es","@id":"https:\/\/luchonoticias.com\/editor\/continua-campana-vial-en-los-colegios-de-neiva\/#primaryimage","url":"https:\/\/luchonoticias.com\/editor\/wp-content\/uploads\/2024\/06\/campana-vial.jpg","contentUrl":"https:\/\/luchonoticias.com\/editor\/wp-content\/uploads\/2024\/06\/campana-vial.jpg","width":700,"height":400},{"@type":"BreadcrumbList","@id":"https:\/\/luchonoticias.com\/editor\/continua-campana-vial-en-los-colegios-de-neiva\/#breadcrumb","itemListElement":[{"@type":"ListItem","position":1,"name":"Portada","item":"https:\/\/luchonoticias.com\/editor\/"},{"@type":"ListItem","position":2,"name":"Contin\u00faa campa\u00f1a vial en los colegios de Neiva"}]},{"@type":"WebSite","@id":"https:\/\/luchonoticias.com\/editor\/#website","url":"https:\/\/luchonoticias.com\/editor\/","name":"","description":"","publisher":{"@id":"https:\/\/luchonoticias.com\/editor\/#\/schema\/person\/7a7fd911f58561fd056dbac7b55af9cd"},"potentialAction":[{"@type":"SearchAction","target":{"@type":"EntryPoint","urlTemplate":"https:\/\/luchonoticias.com\/editor\/?s={search_term_string}"},"query-input":{"@type":"PropertyValueSpecification","valueRequired":true,"valueName":"search_term_string"}}],"inLanguage":"es"},{"@type":["Person","Organization"],"@id":"https:\/\/luchonoticias.com\/editor\/#\/schema\/person\/7a7fd911f58561fd056dbac7b55af9cd","name":"admin","image":{"@type":"ImageObject","inLanguage":"es","@id":"https:\/\/luchonoticias.com\/editor\/#\/schema\/person\/image\/","url":"https:\/\/luchonoticias.com\/editor\/wp-content\/uploads\/2024\/02\/cropped-cropped-logolu.webp","contentUrl":"https:\/\/luchonoticias.com\/editor\/wp-content\/uploads\/2024\/02\/cropped-cropped-logolu.webp","width":382,"height":170,"caption":"admin"},"logo":{"@id":"https:\/\/luchonoticias.com\/editor\/#\/schema\/person\/image\/"},"sameAs":["https:\/\/www.facebook.com\/luchonoticiasneiva"]},{"@type":"Person","@id":"https:\/\/luchonoticias.com\/editor\/#\/schema\/person\/29217990ddf6f14e35912b2866d591fb","name":"Editor General","image":{"@type":"ImageObject","inLanguage":"es","@id":"https:\/\/luchonoticias.com\/editor\/#\/schema\/person\/image\/","url":"https:\/\/luchonoticias.com\/editor\/wp-content\/uploads\/2024\/02\/cropped-cropped-logolu-150x150.webp","contentUrl":"https:\/\/luchonoticias.com\/editor\/wp-content\/uploads\/2024\/02\/cropped-cropped-logolu-150x150.webp","caption":"Editor General"},"sameAs":["https:\/\/luchonoticias.com\/"],"url":"https:\/\/luchonoticias.com\/editor\/author\/editor-general\/"}]}},"_links":{"self":[{"href":"https:\/\/luchonoticias.com\/editor\/wp-json\/wp\/v2\/posts\/73743","targetHints":{"allow":["GET"]}}],"collection":[{"href":"https:\/\/luchonoticias.com\/editor\/wp-json\/wp\/v2\/posts"}],"about":[{"href":"https:\/\/luchonoticias.com\/editor\/wp-json\/wp\/v2\/types\/post"}],"author":[{"embeddable":true,"href":"https:\/\/luchonoticias.com\/editor\/wp-json\/wp\/v2\/users\/2"}],"replies":[{"embeddable":true,"href":"https:\/\/luchonoticias.com\/editor\/wp-json\/wp\/v2\/comments?post=73743"}],"version-history":[{"count":0,"href":"https:\/\/luchonoticias.com\/editor\/wp-json\/wp\/v2\/posts\/73743\/revisions"}],"wp:featuredmedia":[{"embeddable":true,"href":"https:\/\/luchonoticias.com\/editor\/wp-json\/wp\/v2\/media\/73744"}],"wp:attachment":[{"href":"https:\/\/luchonoticias.com\/editor\/wp-json\/wp\/v2\/media?parent=73743"}],"wp:term":[{"taxonomy":"category","embeddable":true,"href":"https:\/\/luchonoticias.com\/editor\/wp-json\/wp\/v2\/categories?post=73743"},{"taxonomy":"post_tag","embeddable":true,"href":"https:\/\/luchonoticias.com\/editor\/wp-json\/wp\/v2\/tags?post=73743"}],"curies":[{"name":"wp","href":"https:\/\/api.w.org\/{rel}","templated":true}]}}