{"id":73749,"date":"2024-06-04T13:50:03","date_gmt":"2024-06-04T18:50:03","guid":{"rendered":"https:\/\/luchonoticias.com\/?p=73749"},"modified":"2024-06-04T13:50:03","modified_gmt":"2024-06-04T18:50:03","slug":"asi-esta-el-panorama-de-emergencias-en-el-huila","status":"publish","type":"post","link":"https:\/\/luchonoticias.com\/editor\/asi-esta-el-panorama-de-emergencias-en-el-huila\/","title":{"rendered":"As\u00ed est\u00e1 el panorama de emergencias en el Huila"},"content":{"rendered":"<p>A ra\u00edz de los incidentes provocados por las distintas precipitaciones en todo el departamento, se han reportado emergencias en varios de los municipios del Huila.<\/p>\n<p>Ante esta situaci\u00f3n, el jefe de la cartera de v\u00edas del Huila, Andr\u00e9s Camilo Cabrera Leiva, ofreci\u00f3 un reporte de la ubicaci\u00f3n de los 6 kits de maquinaria con los que cuenta la Gobernaci\u00f3n del Huila para este tipo se situaciones.<\/p>\n<p>\u00abAntes que nada, pedirles a nuestros campesinos que nos tengan un poco de paciencia teniendo en cuenta que la maquinaria de la Gobernaci\u00f3n del Huila es un poco limitada y porque las m\u00e1s afectadas son las v\u00edas veredales o de tercer orden\u00bb, afirm\u00f3 el funcionario.<\/p>\n<p>\u00abReportar que el d\u00eda de hoy contamos con kits de maquinaria en los municipios de San Agust\u00edn, Rivera, N\u00e1taga, La Plata, Gigante y Colombia, en este \u00faltimo municipio donde m\u00e1s tenemos concentrados los equipos por las graves emergencias viales por todos conocidas; all\u00ed tenemos dos retroexcavadoras de Oruga y 7 volquetas, con las que estamos atendiendo las diferentes situaciones que nos dejaron hace unas semanas sin v\u00eda de ingreso a este municipio\u00bb, a\u00f1adi\u00f3.<\/p>\n<p>Asegur\u00f3 que en los dem\u00e1s municipios nombrados se est\u00e1n atendiendo varios incidentes junto con el recurso humano de Aguas del Huila.<\/p>\n<p>\u00abEstamos estructurando un esquema de atenci\u00f3n en emergencias viales ahora con el inicio de esta ola invernal\u00bb, complement\u00f3.<\/p>\n<p>Por \u00faltimo, Andr\u00e9s Camilo Cabrera indic\u00f3 que cuando se presenten emergencias viales, es acertado notificarlas formalmente y que se env\u00eden las evidencias por medio de las diferentes administraciones municipales, con los organismos de emergencias de los municipios, con la Oficina de Gesti\u00f3n del Riesgo de Desastres del Departamento, con la Secretar\u00eda de V\u00edas del Huila o con la gerencia de Aguas del Huila.<\/p>\n<p>\u00abPara que nos hagan llegar esa informaci\u00f3n de primera mano y no quedarnos solamente en publicaciones en las redes sociales y haciendo las llamadas a las emisoras o por los medios de comunicaci\u00f3n. Formalicemos estas denuncias ante las entidades correspondientes y ante la oficina de Atenci\u00f3n al Ciudadano en la Gobernaci\u00f3n del Huila\u00bb, finaliz\u00f3 el funcionario.<\/p>\n","protected":false},"excerpt":{"rendered":"<p>A ra\u00edz de los incidentes provocados por las distintas precipitaciones en todo el departamento, se han reportado emergencias en varios de los municipios del Huila. Ante esta situaci\u00f3n, el jefe de la cartera de v\u00edas del Huila, Andr\u00e9s Camilo Cabrera Leiva, ofreci\u00f3 un reporte de la ubicaci\u00f3n de los 6 kits de maquinaria con los [&hellip;]<\/p>\n","protected":false},"author":2,"featured_media":73750,"comment_status":"closed","ping_status":"open","sticky":false,"template":"","format":"standard","meta":{"footnotes":""},"categories":[33],"tags":[],"class_list":["post-73749","post","type-post","status-publish","format-standard","has-post-thumbnail","hentry","category-huila"],"yoast_head":"<!-- This site is optimized with the Yoast SEO plugin v26.6 - https:\/\/yoast.com\/wordpress\/plugins\/seo\/ -->\n<title>As\u00ed est\u00e1 el panorama de emergencias en el Huila -<\/title>\n<meta name=\"robots\" content=\"index, follow, max-snippet:-1, max-image-preview:large, max-video-preview:-1\" \/>\n<link rel=\"canonical\" href=\"https:\/\/luchonoticias.com\/editor\/asi-esta-el-panorama-de-emergencias-en-el-huila\/\" \/>\n<meta property=\"og:locale\" content=\"es_ES\" \/>\n<meta property=\"og:type\" content=\"article\" \/>\n<meta property=\"og:title\" content=\"As\u00ed est\u00e1 el panorama de emergencias en el Huila -\" \/>\n<meta property=\"og:url\" content=\"https:\/\/luchonoticias.com\/editor\/asi-esta-el-panorama-de-emergencias-en-el-huila\/\" \/>\n<meta property=\"article:publisher\" content=\"https:\/\/www.facebook.com\/luchonoticiasneiva\" \/>\n<meta property=\"article:published_time\" content=\"2024-06-04T18:50:03+00:00\" \/>\n<meta property=\"og:image\" content=\"https:\/\/luchonoticias.com\/editor\/wp-content\/uploads\/2024\/06\/desastres-huila.jpg\" \/>\n\t<meta property=\"og:image:width\" content=\"700\" \/>\n\t<meta property=\"og:image:height\" content=\"400\" \/>\n\t<meta property=\"og:image:type\" content=\"image\/jpeg\" \/>\n<meta name=\"author\" content=\"Editor General\" \/>\n<meta name=\"twitter:card\" content=\"summary_large_image\" \/>\n<meta name=\"twitter:label1\" content=\"Escrito por\" \/>\n\t<meta name=\"twitter:data1\" content=\"Editor General\" \/>\n\t<meta name=\"twitter:label2\" content=\"Tiempo de lectura\" \/>\n\t<meta name=\"twitter:data2\" content=\"2 minutos\" \/>\n<script type=\"application\/ld+json\" class=\"yoast-schema-graph\">{\"@context\":\"https:\/\/schema.org\",\"@graph\":[{\"@type\":\"Article\",\"@id\":\"https:\/\/luchonoticias.com\/editor\/asi-esta-el-panorama-de-emergencias-en-el-huila\/#article\",\"isPartOf\":{\"@id\":\"https:\/\/luchonoticias.com\/editor\/asi-esta-el-panorama-de-emergencias-en-el-huila\/\"},\"author\":{\"name\":\"Editor General\",\"@id\":\"https:\/\/luchonoticias.com\/editor\/#\/schema\/person\/29217990ddf6f14e35912b2866d591fb\"},\"headline\":\"As\u00ed est\u00e1 el panorama de emergencias en el Huila\",\"datePublished\":\"2024-06-04T18:50:03+00:00\",\"mainEntityOfPage\":{\"@id\":\"https:\/\/luchonoticias.com\/editor\/asi-esta-el-panorama-de-emergencias-en-el-huila\/\"},\"wordCount\":376,\"publisher\":{\"@id\":\"https:\/\/luchonoticias.com\/editor\/#\/schema\/person\/7a7fd911f58561fd056dbac7b55af9cd\"},\"image\":{\"@id\":\"https:\/\/luchonoticias.com\/editor\/asi-esta-el-panorama-de-emergencias-en-el-huila\/#primaryimage\"},\"thumbnailUrl\":\"https:\/\/luchonoticias.com\/editor\/wp-content\/uploads\/2024\/06\/desastres-huila.jpg\",\"articleSection\":[\"Huila\"],\"inLanguage\":\"es\"},{\"@type\":\"WebPage\",\"@id\":\"https:\/\/luchonoticias.com\/editor\/asi-esta-el-panorama-de-emergencias-en-el-huila\/\",\"url\":\"https:\/\/luchonoticias.com\/editor\/asi-esta-el-panorama-de-emergencias-en-el-huila\/\",\"name\":\"As\u00ed est\u00e1 el panorama de emergencias en el Huila -\",\"isPartOf\":{\"@id\":\"https:\/\/luchonoticias.com\/editor\/#website\"},\"primaryImageOfPage\":{\"@id\":\"https:\/\/luchonoticias.com\/editor\/asi-esta-el-panorama-de-emergencias-en-el-huila\/#primaryimage\"},\"image\":{\"@id\":\"https:\/\/luchonoticias.com\/editor\/asi-esta-el-panorama-de-emergencias-en-el-huila\/#primaryimage\"},\"thumbnailUrl\":\"https:\/\/luchonoticias.com\/editor\/wp-content\/uploads\/2024\/06\/desastres-huila.jpg\",\"datePublished\":\"2024-06-04T18:50:03+00:00\",\"breadcrumb\":{\"@id\":\"https:\/\/luchonoticias.com\/editor\/asi-esta-el-panorama-de-emergencias-en-el-huila\/#breadcrumb\"},\"inLanguage\":\"es\",\"potentialAction\":[{\"@type\":\"ReadAction\",\"target\":[\"https:\/\/luchonoticias.com\/editor\/asi-esta-el-panorama-de-emergencias-en-el-huila\/\"]}]},{\"@type\":\"ImageObject\",\"inLanguage\":\"es\",\"@id\":\"https:\/\/luchonoticias.com\/editor\/asi-esta-el-panorama-de-emergencias-en-el-huila\/#primaryimage\",\"url\":\"https:\/\/luchonoticias.com\/editor\/wp-content\/uploads\/2024\/06\/desastres-huila.jpg\",\"contentUrl\":\"https:\/\/luchonoticias.com\/editor\/wp-content\/uploads\/2024\/06\/desastres-huila.jpg\",\"width\":700,\"height\":400},{\"@type\":\"BreadcrumbList\",\"@id\":\"https:\/\/luchonoticias.com\/editor\/asi-esta-el-panorama-de-emergencias-en-el-huila\/#breadcrumb\",\"itemListElement\":[{\"@type\":\"ListItem\",\"position\":1,\"name\":\"Portada\",\"item\":\"https:\/\/luchonoticias.com\/editor\/\"},{\"@type\":\"ListItem\",\"position\":2,\"name\":\"As\u00ed est\u00e1 el panorama de emergencias en el Huila\"}]},{\"@type\":\"WebSite\",\"@id\":\"https:\/\/luchonoticias.com\/editor\/#website\",\"url\":\"https:\/\/luchonoticias.com\/editor\/\",\"name\":\"\",\"description\":\"\",\"publisher\":{\"@id\":\"https:\/\/luchonoticias.com\/editor\/#\/schema\/person\/7a7fd911f58561fd056dbac7b55af9cd\"},\"potentialAction\":[{\"@type\":\"SearchAction\",\"target\":{\"@type\":\"EntryPoint\",\"urlTemplate\":\"https:\/\/luchonoticias.com\/editor\/?s={search_term_string}\"},\"query-input\":{\"@type\":\"PropertyValueSpecification\",\"valueRequired\":true,\"valueName\":\"search_term_string\"}}],\"inLanguage\":\"es\"},{\"@type\":[\"Person\",\"Organization\"],\"@id\":\"https:\/\/luchonoticias.com\/editor\/#\/schema\/person\/7a7fd911f58561fd056dbac7b55af9cd\",\"name\":\"admin\",\"image\":{\"@type\":\"ImageObject\",\"inLanguage\":\"es\",\"@id\":\"https:\/\/luchonoticias.com\/editor\/#\/schema\/person\/image\/\",\"url\":\"https:\/\/luchonoticias.com\/editor\/wp-content\/uploads\/2024\/02\/cropped-cropped-logolu.webp\",\"contentUrl\":\"https:\/\/luchonoticias.com\/editor\/wp-content\/uploads\/2024\/02\/cropped-cropped-logolu.webp\",\"width\":382,\"height\":170,\"caption\":\"admin\"},\"logo\":{\"@id\":\"https:\/\/luchonoticias.com\/editor\/#\/schema\/person\/image\/\"},\"sameAs\":[\"https:\/\/www.facebook.com\/luchonoticiasneiva\"]},{\"@type\":\"Person\",\"@id\":\"https:\/\/luchonoticias.com\/editor\/#\/schema\/person\/29217990ddf6f14e35912b2866d591fb\",\"name\":\"Editor General\",\"image\":{\"@type\":\"ImageObject\",\"inLanguage\":\"es\",\"@id\":\"https:\/\/luchonoticias.com\/editor\/#\/schema\/person\/image\/\",\"url\":\"https:\/\/luchonoticias.com\/editor\/wp-content\/uploads\/2024\/02\/cropped-cropped-logolu-150x150.webp\",\"contentUrl\":\"https:\/\/luchonoticias.com\/editor\/wp-content\/uploads\/2024\/02\/cropped-cropped-logolu-150x150.webp\",\"caption\":\"Editor General\"},\"sameAs\":[\"https:\/\/luchonoticias.com\/\"],\"url\":\"https:\/\/luchonoticias.com\/editor\/author\/editor-general\/\"}]}<\/script>\n<!-- \/ Yoast SEO plugin. -->","yoast_head_json":{"title":"As\u00ed est\u00e1 el panorama de emergencias en el Huila -","robots":{"index":"index","follow":"follow","max-snippet":"max-snippet:-1","max-image-preview":"max-image-preview:large","max-video-preview":"max-video-preview:-1"},"canonical":"https:\/\/luchonoticias.com\/editor\/asi-esta-el-panorama-de-emergencias-en-el-huila\/","og_locale":"es_ES","og_type":"article","og_title":"As\u00ed est\u00e1 el panorama de emergencias en el Huila -","og_url":"https:\/\/luchonoticias.com\/editor\/asi-esta-el-panorama-de-emergencias-en-el-huila\/","article_publisher":"https:\/\/www.facebook.com\/luchonoticiasneiva","article_published_time":"2024-06-04T18:50:03+00:00","og_image":[{"width":700,"height":400,"url":"https:\/\/luchonoticias.com\/editor\/wp-content\/uploads\/2024\/06\/desastres-huila.jpg","type":"image\/jpeg"}],"author":"Editor General","twitter_card":"summary_large_image","twitter_misc":{"Escrito por":"Editor General","Tiempo de lectura":"2 minutos"},"schema":{"@context":"https:\/\/schema.org","@graph":[{"@type":"Article","@id":"https:\/\/luchonoticias.com\/editor\/asi-esta-el-panorama-de-emergencias-en-el-huila\/#article","isPartOf":{"@id":"https:\/\/luchonoticias.com\/editor\/asi-esta-el-panorama-de-emergencias-en-el-huila\/"},"author":{"name":"Editor General","@id":"https:\/\/luchonoticias.com\/editor\/#\/schema\/person\/29217990ddf6f14e35912b2866d591fb"},"headline":"As\u00ed est\u00e1 el panorama de emergencias en el Huila","datePublished":"2024-06-04T18:50:03+00:00","mainEntityOfPage":{"@id":"https:\/\/luchonoticias.com\/editor\/asi-esta-el-panorama-de-emergencias-en-el-huila\/"},"wordCount":376,"publisher":{"@id":"https:\/\/luchonoticias.com\/editor\/#\/schema\/person\/7a7fd911f58561fd056dbac7b55af9cd"},"image":{"@id":"https:\/\/luchonoticias.com\/editor\/asi-esta-el-panorama-de-emergencias-en-el-huila\/#primaryimage"},"thumbnailUrl":"https:\/\/luchonoticias.com\/editor\/wp-content\/uploads\/2024\/06\/desastres-huila.jpg","articleSection":["Huila"],"inLanguage":"es"},{"@type":"WebPage","@id":"https:\/\/luchonoticias.com\/editor\/asi-esta-el-panorama-de-emergencias-en-el-huila\/","url":"https:\/\/luchonoticias.com\/editor\/asi-esta-el-panorama-de-emergencias-en-el-huila\/","name":"As\u00ed est\u00e1 el panorama de emergencias en el Huila -","isPartOf":{"@id":"https:\/\/luchonoticias.com\/editor\/#website"},"primaryImageOfPage":{"@id":"https:\/\/luchonoticias.com\/editor\/asi-esta-el-panorama-de-emergencias-en-el-huila\/#primaryimage"},"image":{"@id":"https:\/\/luchonoticias.com\/editor\/asi-esta-el-panorama-de-emergencias-en-el-huila\/#primaryimage"},"thumbnailUrl":"https:\/\/luchonoticias.com\/editor\/wp-content\/uploads\/2024\/06\/desastres-huila.jpg","datePublished":"2024-06-04T18:50:03+00:00","breadcrumb":{"@id":"https:\/\/luchonoticias.com\/editor\/asi-esta-el-panorama-de-emergencias-en-el-huila\/#breadcrumb"},"inLanguage":"es","potentialAction":[{"@type":"ReadAction","target":["https:\/\/luchonoticias.com\/editor\/asi-esta-el-panorama-de-emergencias-en-el-huila\/"]}]},{"@type":"ImageObject","inLanguage":"es","@id":"https:\/\/luchonoticias.com\/editor\/asi-esta-el-panorama-de-emergencias-en-el-huila\/#primaryimage","url":"https:\/\/luchonoticias.com\/editor\/wp-content\/uploads\/2024\/06\/desastres-huila.jpg","contentUrl":"https:\/\/luchonoticias.com\/editor\/wp-content\/uploads\/2024\/06\/desastres-huila.jpg","width":700,"height":400},{"@type":"BreadcrumbList","@id":"https:\/\/luchonoticias.com\/editor\/asi-esta-el-panorama-de-emergencias-en-el-huila\/#breadcrumb","itemListElement":[{"@type":"ListItem","position":1,"name":"Portada","item":"https:\/\/luchonoticias.com\/editor\/"},{"@type":"ListItem","position":2,"name":"As\u00ed est\u00e1 el panorama de emergencias en el Huila"}]},{"@type":"WebSite","@id":"https:\/\/luchonoticias.com\/editor\/#website","url":"https:\/\/luchonoticias.com\/editor\/","name":"","description":"","publisher":{"@id":"https:\/\/luchonoticias.com\/editor\/#\/schema\/person\/7a7fd911f58561fd056dbac7b55af9cd"},"potentialAction":[{"@type":"SearchAction","target":{"@type":"EntryPoint","urlTemplate":"https:\/\/luchonoticias.com\/editor\/?s={search_term_string}"},"query-input":{"@type":"PropertyValueSpecification","valueRequired":true,"valueName":"search_term_string"}}],"inLanguage":"es"},{"@type":["Person","Organization"],"@id":"https:\/\/luchonoticias.com\/editor\/#\/schema\/person\/7a7fd911f58561fd056dbac7b55af9cd","name":"admin","image":{"@type":"ImageObject","inLanguage":"es","@id":"https:\/\/luchonoticias.com\/editor\/#\/schema\/person\/image\/","url":"https:\/\/luchonoticias.com\/editor\/wp-content\/uploads\/2024\/02\/cropped-cropped-logolu.webp","contentUrl":"https:\/\/luchonoticias.com\/editor\/wp-content\/uploads\/2024\/02\/cropped-cropped-logolu.webp","width":382,"height":170,"caption":"admin"},"logo":{"@id":"https:\/\/luchonoticias.com\/editor\/#\/schema\/person\/image\/"},"sameAs":["https:\/\/www.facebook.com\/luchonoticiasneiva"]},{"@type":"Person","@id":"https:\/\/luchonoticias.com\/editor\/#\/schema\/person\/29217990ddf6f14e35912b2866d591fb","name":"Editor General","image":{"@type":"ImageObject","inLanguage":"es","@id":"https:\/\/luchonoticias.com\/editor\/#\/schema\/person\/image\/","url":"https:\/\/luchonoticias.com\/editor\/wp-content\/uploads\/2024\/02\/cropped-cropped-logolu-150x150.webp","contentUrl":"https:\/\/luchonoticias.com\/editor\/wp-content\/uploads\/2024\/02\/cropped-cropped-logolu-150x150.webp","caption":"Editor General"},"sameAs":["https:\/\/luchonoticias.com\/"],"url":"https:\/\/luchonoticias.com\/editor\/author\/editor-general\/"}]}},"_links":{"self":[{"href":"https:\/\/luchonoticias.com\/editor\/wp-json\/wp\/v2\/posts\/73749","targetHints":{"allow":["GET"]}}],"collection":[{"href":"https:\/\/luchonoticias.com\/editor\/wp-json\/wp\/v2\/posts"}],"about":[{"href":"https:\/\/luchonoticias.com\/editor\/wp-json\/wp\/v2\/types\/post"}],"author":[{"embeddable":true,"href":"https:\/\/luchonoticias.com\/editor\/wp-json\/wp\/v2\/users\/2"}],"replies":[{"embeddable":true,"href":"https:\/\/luchonoticias.com\/editor\/wp-json\/wp\/v2\/comments?post=73749"}],"version-history":[{"count":0,"href":"https:\/\/luchonoticias.com\/editor\/wp-json\/wp\/v2\/posts\/73749\/revisions"}],"wp:featuredmedia":[{"embeddable":true,"href":"https:\/\/luchonoticias.com\/editor\/wp-json\/wp\/v2\/media\/73750"}],"wp:attachment":[{"href":"https:\/\/luchonoticias.com\/editor\/wp-json\/wp\/v2\/media?parent=73749"}],"wp:term":[{"taxonomy":"category","embeddable":true,"href":"https:\/\/luchonoticias.com\/editor\/wp-json\/wp\/v2\/categories?post=73749"},{"taxonomy":"post_tag","embeddable":true,"href":"https:\/\/luchonoticias.com\/editor\/wp-json\/wp\/v2\/tags?post=73749"}],"curies":[{"name":"wp","href":"https:\/\/api.w.org\/{rel}","templated":true}]}}