{"id":73757,"date":"2024-06-04T18:05:24","date_gmt":"2024-06-04T23:05:24","guid":{"rendered":"https:\/\/luchonoticias.com\/?p=73757"},"modified":"2024-06-04T18:05:24","modified_gmt":"2024-06-04T23:05:24","slug":"inversion-en-educacion-para-el-sur-del-huila","status":"publish","type":"post","link":"https:\/\/luchonoticias.com\/editor\/inversion-en-educacion-para-el-sur-del-huila\/","title":{"rendered":"Inversi\u00f3n en educaci\u00f3n para el sur del Huila"},"content":{"rendered":"<p>Una reciente visita al sur del Huila llev\u00f3 a cabo el jefe de la cartera de educaci\u00f3n de la Gobernaci\u00f3n del Huila, Orlando Parga Rivas, quien llev\u00f3 el mensaje del gobernador del Huila Rodrigo Villalba Mosquera de avanzar y culminar las obras de gobiernos anteriores y que apuntan al mejoramiento de las condiciones de calidad educativa en el territorio departamental.<\/p>\n<p>\u201cEn el Gobierno de Rodrigo Villalba Mosquera estamos concentrados en ejecutar las inversiones en infraestructura educativa que estaban pendientes y vienen de otros gobiernos. Por eso le metimos el acelerador a estas obras y visitamos al municipio de Pitalito, donde dimos inicio de obra a la construcci\u00f3n de la primera fase de la Instituci\u00f3n Educativa Winnipeg\u201d afirm\u00f3 el secretario.<\/p>\n<p>\u201cEste es un ambicioso proyecto de infraestructura educativa que alcanza una inversi\u00f3n de m\u00e1s de $9.500 millones, donde la Gobernaci\u00f3n del Huila aporta $8.000 millones, y el Municipio $1.514 millones\u201d, complement\u00f3.<\/p>\n<p>A\u00f1adi\u00f3 que el proyecto consta de un \u00e1rea de 4.202 metros cuadrados donde funcionar\u00e1 el \u00e1rea de b\u00e1sica secundaria y educaci\u00f3n media, lo que se conoce como sexto a grado once. Esta construcci\u00f3n comprender\u00e1 12 aulas con capacidad de 40 estudiantes para cada uno.<\/p>\n<p><strong>Restaurante escolar en Acevedo<\/strong><\/p>\n<p>En zona rural de este municipio del sur del departamento, la comitiva del secretario de Educaci\u00f3n visit\u00f3 la vereda Marticas, donde pusieron la primera piedra para la construcci\u00f3n de un restaurante escolar en la instituci\u00f3n educativa del mismo nombre.<\/p>\n<p>\u201cSe trata de una construcci\u00f3n de 577 M2, para atender a cerca de 341 estudiantes de la zona rural, provenientes de familias campesinas, de los grados b\u00e1sica primara y secundaria. Aqu\u00ed la inversi\u00f3n es de $735 millones del Gobierno Departamental\u201d, a\u00f1adi\u00f3.<\/p>\n<p>De acuerdo al funcionario, el tiempo de ejecuci\u00f3n de esta obra de infraestructura educativa, es de 3 meses y ser\u00e1 una construcci\u00f3n que permitir\u00e1 un mejor servicio del programa de alimentaci\u00f3n escolar, que, por ser del \u00e1rea rural, comprende raci\u00f3n tipo almuerzo.<\/p>\n<p>En esta localidad cafetera, el secretario visit\u00f3 tambi\u00e9n la Instituci\u00f3n Educativa San Isidro, ubicada en zona sural, donde anunci\u00f3 la posibilidad de construir una cubierta deportiva que necesitan los estudiantes. \u201cSon obras que requiere hace bastante tiempo esta comunidad educativa de la vereda San Isidro y que han sido afectados por olas invernales en a\u00f1os anteriores\u201d, confirm\u00f3.<\/p>\n<p>\u201cTambi\u00e9n en Acevedo, en la vereda El Carmen, llegamos a la Instituci\u00f3n Educativa que lleva el mismo nombre, donde se proyecta la construcci\u00f3n de un restaurante escolar para beneficiar a cerca de 273 ni\u00f1os y ni\u00f1as\u201d, anunci\u00f3 Parga Rivas.<\/p>\n<p><strong>En Saladoblanco se construir\u00e1 una nueva Instituci\u00f3n Educativa<\/strong><\/p>\n<p>El recorrido tambi\u00e9n incluy\u00f3 una visita al municipio de Saladoblanco, donde el Gobierno Huila Grande, pretende construir una instituci\u00f3n educativa nueva. El objetivo de acuerdo a Orlando Parga, fue verificar el estado del lote donde quedar\u00eda ubicado el nuevo plantel, en zona rural, vereda La Caba\u00f1a.<\/p>\n<p>\u201cEl proyecto ya fue revisado por el \u00e1rea de infraestructura educativa de la Secretar\u00eda de Educaci\u00f3n Departamental, y fue devuelto al Municipio para que le hagan los ajustes correspondientes. Aqu\u00ed se atender\u00e1n estudiantes de b\u00e1sica secundaria con un entorno ecol\u00f3gico apropiado para dignificar no s\u00f3lo la calidad educativa sino a toda la comunidad rural de este sector\u201d, puntualiz\u00f3 el secretario.<\/p>\n","protected":false},"excerpt":{"rendered":"<p>Una reciente visita al sur del Huila llev\u00f3 a cabo el jefe de la cartera de educaci\u00f3n de la Gobernaci\u00f3n del Huila, Orlando Parga Rivas, quien llev\u00f3 el mensaje del gobernador del Huila Rodrigo Villalba Mosquera de avanzar y culminar las obras de gobiernos anteriores y que apuntan al mejoramiento de las condiciones de calidad [&hellip;]<\/p>\n","protected":false},"author":2,"featured_media":73758,"comment_status":"closed","ping_status":"open","sticky":false,"template":"","format":"standard","meta":{"footnotes":""},"categories":[33],"tags":[],"class_list":["post-73757","post","type-post","status-publish","format-standard","has-post-thumbnail","hentry","category-huila"],"yoast_head":"<!-- This site is optimized with the Yoast SEO plugin v26.6 - https:\/\/yoast.com\/wordpress\/plugins\/seo\/ -->\n<title>Inversi\u00f3n en educaci\u00f3n para el sur del Huila -<\/title>\n<meta name=\"robots\" content=\"index, follow, max-snippet:-1, max-image-preview:large, max-video-preview:-1\" \/>\n<link rel=\"canonical\" href=\"https:\/\/luchonoticias.com\/editor\/inversion-en-educacion-para-el-sur-del-huila\/\" \/>\n<meta property=\"og:locale\" content=\"es_ES\" \/>\n<meta property=\"og:type\" content=\"article\" \/>\n<meta property=\"og:title\" content=\"Inversi\u00f3n en educaci\u00f3n para el sur del Huila -\" \/>\n<meta property=\"og:url\" content=\"https:\/\/luchonoticias.com\/editor\/inversion-en-educacion-para-el-sur-del-huila\/\" \/>\n<meta property=\"article:publisher\" content=\"https:\/\/www.facebook.com\/luchonoticiasneiva\" \/>\n<meta property=\"article:published_time\" content=\"2024-06-04T23:05:24+00:00\" \/>\n<meta property=\"og:image\" content=\"https:\/\/luchonoticias.com\/editor\/wp-content\/uploads\/2024\/06\/colegios.jpg\" \/>\n\t<meta property=\"og:image:width\" content=\"700\" \/>\n\t<meta property=\"og:image:height\" content=\"400\" \/>\n\t<meta property=\"og:image:type\" content=\"image\/jpeg\" \/>\n<meta name=\"author\" content=\"Editor General\" \/>\n<meta name=\"twitter:card\" content=\"summary_large_image\" \/>\n<meta name=\"twitter:label1\" content=\"Escrito por\" \/>\n\t<meta name=\"twitter:data1\" content=\"Editor General\" \/>\n\t<meta name=\"twitter:label2\" content=\"Tiempo de lectura\" \/>\n\t<meta name=\"twitter:data2\" content=\"3 minutos\" \/>\n<script type=\"application\/ld+json\" class=\"yoast-schema-graph\">{\"@context\":\"https:\/\/schema.org\",\"@graph\":[{\"@type\":\"Article\",\"@id\":\"https:\/\/luchonoticias.com\/editor\/inversion-en-educacion-para-el-sur-del-huila\/#article\",\"isPartOf\":{\"@id\":\"https:\/\/luchonoticias.com\/editor\/inversion-en-educacion-para-el-sur-del-huila\/\"},\"author\":{\"name\":\"Editor General\",\"@id\":\"https:\/\/luchonoticias.com\/editor\/#\/schema\/person\/29217990ddf6f14e35912b2866d591fb\"},\"headline\":\"Inversi\u00f3n en educaci\u00f3n para el sur del Huila\",\"datePublished\":\"2024-06-04T23:05:24+00:00\",\"mainEntityOfPage\":{\"@id\":\"https:\/\/luchonoticias.com\/editor\/inversion-en-educacion-para-el-sur-del-huila\/\"},\"wordCount\":570,\"publisher\":{\"@id\":\"https:\/\/luchonoticias.com\/editor\/#\/schema\/person\/7a7fd911f58561fd056dbac7b55af9cd\"},\"image\":{\"@id\":\"https:\/\/luchonoticias.com\/editor\/inversion-en-educacion-para-el-sur-del-huila\/#primaryimage\"},\"thumbnailUrl\":\"https:\/\/luchonoticias.com\/editor\/wp-content\/uploads\/2024\/06\/colegios.jpg\",\"articleSection\":[\"Huila\"],\"inLanguage\":\"es\"},{\"@type\":\"WebPage\",\"@id\":\"https:\/\/luchonoticias.com\/editor\/inversion-en-educacion-para-el-sur-del-huila\/\",\"url\":\"https:\/\/luchonoticias.com\/editor\/inversion-en-educacion-para-el-sur-del-huila\/\",\"name\":\"Inversi\u00f3n en educaci\u00f3n para el sur del Huila -\",\"isPartOf\":{\"@id\":\"https:\/\/luchonoticias.com\/editor\/#website\"},\"primaryImageOfPage\":{\"@id\":\"https:\/\/luchonoticias.com\/editor\/inversion-en-educacion-para-el-sur-del-huila\/#primaryimage\"},\"image\":{\"@id\":\"https:\/\/luchonoticias.com\/editor\/inversion-en-educacion-para-el-sur-del-huila\/#primaryimage\"},\"thumbnailUrl\":\"https:\/\/luchonoticias.com\/editor\/wp-content\/uploads\/2024\/06\/colegios.jpg\",\"datePublished\":\"2024-06-04T23:05:24+00:00\",\"breadcrumb\":{\"@id\":\"https:\/\/luchonoticias.com\/editor\/inversion-en-educacion-para-el-sur-del-huila\/#breadcrumb\"},\"inLanguage\":\"es\",\"potentialAction\":[{\"@type\":\"ReadAction\",\"target\":[\"https:\/\/luchonoticias.com\/editor\/inversion-en-educacion-para-el-sur-del-huila\/\"]}]},{\"@type\":\"ImageObject\",\"inLanguage\":\"es\",\"@id\":\"https:\/\/luchonoticias.com\/editor\/inversion-en-educacion-para-el-sur-del-huila\/#primaryimage\",\"url\":\"https:\/\/luchonoticias.com\/editor\/wp-content\/uploads\/2024\/06\/colegios.jpg\",\"contentUrl\":\"https:\/\/luchonoticias.com\/editor\/wp-content\/uploads\/2024\/06\/colegios.jpg\",\"width\":700,\"height\":400},{\"@type\":\"BreadcrumbList\",\"@id\":\"https:\/\/luchonoticias.com\/editor\/inversion-en-educacion-para-el-sur-del-huila\/#breadcrumb\",\"itemListElement\":[{\"@type\":\"ListItem\",\"position\":1,\"name\":\"Portada\",\"item\":\"https:\/\/luchonoticias.com\/editor\/\"},{\"@type\":\"ListItem\",\"position\":2,\"name\":\"Inversi\u00f3n en educaci\u00f3n para el sur del Huila\"}]},{\"@type\":\"WebSite\",\"@id\":\"https:\/\/luchonoticias.com\/editor\/#website\",\"url\":\"https:\/\/luchonoticias.com\/editor\/\",\"name\":\"\",\"description\":\"\",\"publisher\":{\"@id\":\"https:\/\/luchonoticias.com\/editor\/#\/schema\/person\/7a7fd911f58561fd056dbac7b55af9cd\"},\"potentialAction\":[{\"@type\":\"SearchAction\",\"target\":{\"@type\":\"EntryPoint\",\"urlTemplate\":\"https:\/\/luchonoticias.com\/editor\/?s={search_term_string}\"},\"query-input\":{\"@type\":\"PropertyValueSpecification\",\"valueRequired\":true,\"valueName\":\"search_term_string\"}}],\"inLanguage\":\"es\"},{\"@type\":[\"Person\",\"Organization\"],\"@id\":\"https:\/\/luchonoticias.com\/editor\/#\/schema\/person\/7a7fd911f58561fd056dbac7b55af9cd\",\"name\":\"admin\",\"image\":{\"@type\":\"ImageObject\",\"inLanguage\":\"es\",\"@id\":\"https:\/\/luchonoticias.com\/editor\/#\/schema\/person\/image\/\",\"url\":\"https:\/\/luchonoticias.com\/editor\/wp-content\/uploads\/2024\/02\/cropped-cropped-logolu.webp\",\"contentUrl\":\"https:\/\/luchonoticias.com\/editor\/wp-content\/uploads\/2024\/02\/cropped-cropped-logolu.webp\",\"width\":382,\"height\":170,\"caption\":\"admin\"},\"logo\":{\"@id\":\"https:\/\/luchonoticias.com\/editor\/#\/schema\/person\/image\/\"},\"sameAs\":[\"https:\/\/www.facebook.com\/luchonoticiasneiva\"]},{\"@type\":\"Person\",\"@id\":\"https:\/\/luchonoticias.com\/editor\/#\/schema\/person\/29217990ddf6f14e35912b2866d591fb\",\"name\":\"Editor General\",\"image\":{\"@type\":\"ImageObject\",\"inLanguage\":\"es\",\"@id\":\"https:\/\/luchonoticias.com\/editor\/#\/schema\/person\/image\/\",\"url\":\"https:\/\/luchonoticias.com\/editor\/wp-content\/uploads\/2024\/02\/cropped-cropped-logolu-150x150.webp\",\"contentUrl\":\"https:\/\/luchonoticias.com\/editor\/wp-content\/uploads\/2024\/02\/cropped-cropped-logolu-150x150.webp\",\"caption\":\"Editor General\"},\"sameAs\":[\"https:\/\/luchonoticias.com\/\"],\"url\":\"https:\/\/luchonoticias.com\/editor\/author\/editor-general\/\"}]}<\/script>\n<!-- \/ Yoast SEO plugin. -->","yoast_head_json":{"title":"Inversi\u00f3n en educaci\u00f3n para el sur del Huila -","robots":{"index":"index","follow":"follow","max-snippet":"max-snippet:-1","max-image-preview":"max-image-preview:large","max-video-preview":"max-video-preview:-1"},"canonical":"https:\/\/luchonoticias.com\/editor\/inversion-en-educacion-para-el-sur-del-huila\/","og_locale":"es_ES","og_type":"article","og_title":"Inversi\u00f3n en educaci\u00f3n para el sur del Huila -","og_url":"https:\/\/luchonoticias.com\/editor\/inversion-en-educacion-para-el-sur-del-huila\/","article_publisher":"https:\/\/www.facebook.com\/luchonoticiasneiva","article_published_time":"2024-06-04T23:05:24+00:00","og_image":[{"width":700,"height":400,"url":"https:\/\/luchonoticias.com\/editor\/wp-content\/uploads\/2024\/06\/colegios.jpg","type":"image\/jpeg"}],"author":"Editor General","twitter_card":"summary_large_image","twitter_misc":{"Escrito por":"Editor General","Tiempo de lectura":"3 minutos"},"schema":{"@context":"https:\/\/schema.org","@graph":[{"@type":"Article","@id":"https:\/\/luchonoticias.com\/editor\/inversion-en-educacion-para-el-sur-del-huila\/#article","isPartOf":{"@id":"https:\/\/luchonoticias.com\/editor\/inversion-en-educacion-para-el-sur-del-huila\/"},"author":{"name":"Editor General","@id":"https:\/\/luchonoticias.com\/editor\/#\/schema\/person\/29217990ddf6f14e35912b2866d591fb"},"headline":"Inversi\u00f3n en educaci\u00f3n para el sur del Huila","datePublished":"2024-06-04T23:05:24+00:00","mainEntityOfPage":{"@id":"https:\/\/luchonoticias.com\/editor\/inversion-en-educacion-para-el-sur-del-huila\/"},"wordCount":570,"publisher":{"@id":"https:\/\/luchonoticias.com\/editor\/#\/schema\/person\/7a7fd911f58561fd056dbac7b55af9cd"},"image":{"@id":"https:\/\/luchonoticias.com\/editor\/inversion-en-educacion-para-el-sur-del-huila\/#primaryimage"},"thumbnailUrl":"https:\/\/luchonoticias.com\/editor\/wp-content\/uploads\/2024\/06\/colegios.jpg","articleSection":["Huila"],"inLanguage":"es"},{"@type":"WebPage","@id":"https:\/\/luchonoticias.com\/editor\/inversion-en-educacion-para-el-sur-del-huila\/","url":"https:\/\/luchonoticias.com\/editor\/inversion-en-educacion-para-el-sur-del-huila\/","name":"Inversi\u00f3n en educaci\u00f3n para el sur del Huila -","isPartOf":{"@id":"https:\/\/luchonoticias.com\/editor\/#website"},"primaryImageOfPage":{"@id":"https:\/\/luchonoticias.com\/editor\/inversion-en-educacion-para-el-sur-del-huila\/#primaryimage"},"image":{"@id":"https:\/\/luchonoticias.com\/editor\/inversion-en-educacion-para-el-sur-del-huila\/#primaryimage"},"thumbnailUrl":"https:\/\/luchonoticias.com\/editor\/wp-content\/uploads\/2024\/06\/colegios.jpg","datePublished":"2024-06-04T23:05:24+00:00","breadcrumb":{"@id":"https:\/\/luchonoticias.com\/editor\/inversion-en-educacion-para-el-sur-del-huila\/#breadcrumb"},"inLanguage":"es","potentialAction":[{"@type":"ReadAction","target":["https:\/\/luchonoticias.com\/editor\/inversion-en-educacion-para-el-sur-del-huila\/"]}]},{"@type":"ImageObject","inLanguage":"es","@id":"https:\/\/luchonoticias.com\/editor\/inversion-en-educacion-para-el-sur-del-huila\/#primaryimage","url":"https:\/\/luchonoticias.com\/editor\/wp-content\/uploads\/2024\/06\/colegios.jpg","contentUrl":"https:\/\/luchonoticias.com\/editor\/wp-content\/uploads\/2024\/06\/colegios.jpg","width":700,"height":400},{"@type":"BreadcrumbList","@id":"https:\/\/luchonoticias.com\/editor\/inversion-en-educacion-para-el-sur-del-huila\/#breadcrumb","itemListElement":[{"@type":"ListItem","position":1,"name":"Portada","item":"https:\/\/luchonoticias.com\/editor\/"},{"@type":"ListItem","position":2,"name":"Inversi\u00f3n en educaci\u00f3n para el sur del Huila"}]},{"@type":"WebSite","@id":"https:\/\/luchonoticias.com\/editor\/#website","url":"https:\/\/luchonoticias.com\/editor\/","name":"","description":"","publisher":{"@id":"https:\/\/luchonoticias.com\/editor\/#\/schema\/person\/7a7fd911f58561fd056dbac7b55af9cd"},"potentialAction":[{"@type":"SearchAction","target":{"@type":"EntryPoint","urlTemplate":"https:\/\/luchonoticias.com\/editor\/?s={search_term_string}"},"query-input":{"@type":"PropertyValueSpecification","valueRequired":true,"valueName":"search_term_string"}}],"inLanguage":"es"},{"@type":["Person","Organization"],"@id":"https:\/\/luchonoticias.com\/editor\/#\/schema\/person\/7a7fd911f58561fd056dbac7b55af9cd","name":"admin","image":{"@type":"ImageObject","inLanguage":"es","@id":"https:\/\/luchonoticias.com\/editor\/#\/schema\/person\/image\/","url":"https:\/\/luchonoticias.com\/editor\/wp-content\/uploads\/2024\/02\/cropped-cropped-logolu.webp","contentUrl":"https:\/\/luchonoticias.com\/editor\/wp-content\/uploads\/2024\/02\/cropped-cropped-logolu.webp","width":382,"height":170,"caption":"admin"},"logo":{"@id":"https:\/\/luchonoticias.com\/editor\/#\/schema\/person\/image\/"},"sameAs":["https:\/\/www.facebook.com\/luchonoticiasneiva"]},{"@type":"Person","@id":"https:\/\/luchonoticias.com\/editor\/#\/schema\/person\/29217990ddf6f14e35912b2866d591fb","name":"Editor General","image":{"@type":"ImageObject","inLanguage":"es","@id":"https:\/\/luchonoticias.com\/editor\/#\/schema\/person\/image\/","url":"https:\/\/luchonoticias.com\/editor\/wp-content\/uploads\/2024\/02\/cropped-cropped-logolu-150x150.webp","contentUrl":"https:\/\/luchonoticias.com\/editor\/wp-content\/uploads\/2024\/02\/cropped-cropped-logolu-150x150.webp","caption":"Editor General"},"sameAs":["https:\/\/luchonoticias.com\/"],"url":"https:\/\/luchonoticias.com\/editor\/author\/editor-general\/"}]}},"_links":{"self":[{"href":"https:\/\/luchonoticias.com\/editor\/wp-json\/wp\/v2\/posts\/73757","targetHints":{"allow":["GET"]}}],"collection":[{"href":"https:\/\/luchonoticias.com\/editor\/wp-json\/wp\/v2\/posts"}],"about":[{"href":"https:\/\/luchonoticias.com\/editor\/wp-json\/wp\/v2\/types\/post"}],"author":[{"embeddable":true,"href":"https:\/\/luchonoticias.com\/editor\/wp-json\/wp\/v2\/users\/2"}],"replies":[{"embeddable":true,"href":"https:\/\/luchonoticias.com\/editor\/wp-json\/wp\/v2\/comments?post=73757"}],"version-history":[{"count":0,"href":"https:\/\/luchonoticias.com\/editor\/wp-json\/wp\/v2\/posts\/73757\/revisions"}],"wp:featuredmedia":[{"embeddable":true,"href":"https:\/\/luchonoticias.com\/editor\/wp-json\/wp\/v2\/media\/73758"}],"wp:attachment":[{"href":"https:\/\/luchonoticias.com\/editor\/wp-json\/wp\/v2\/media?parent=73757"}],"wp:term":[{"taxonomy":"category","embeddable":true,"href":"https:\/\/luchonoticias.com\/editor\/wp-json\/wp\/v2\/categories?post=73757"},{"taxonomy":"post_tag","embeddable":true,"href":"https:\/\/luchonoticias.com\/editor\/wp-json\/wp\/v2\/tags?post=73757"}],"curies":[{"name":"wp","href":"https:\/\/api.w.org\/{rel}","templated":true}]}}