{"id":73760,"date":"2024-06-04T18:19:26","date_gmt":"2024-06-04T23:19:26","guid":{"rendered":"https:\/\/luchonoticias.com\/?p=73760"},"modified":"2024-06-04T18:19:26","modified_gmt":"2024-06-04T23:19:26","slug":"huilenses-a-disponer-de-sus-residuos-electronicos","status":"publish","type":"post","link":"https:\/\/luchonoticias.com\/editor\/huilenses-a-disponer-de-sus-residuos-electronicos\/","title":{"rendered":"Huilenses, a disponer de sus residuos electr\u00f3nicos"},"content":{"rendered":"<p>En el municipio de La Plata y la ciudad de Neiva se desarrollar\u00e1 la Gran Campa\u00f1a de Recolecci\u00f3n de Residuos Posconsumo y de Aparatos El\u00e9ctricos y Electr\u00f3nicos Opitat\u00f3n 2024, jornada que busca descontaminar las viviendas y oficinas de este tipo de residuos.<\/p>\n<p>En La Plata la jornada se realizar\u00e1 este mi\u00e9rcoles 5 de junio y en la capital huilense el 5 y 6 de junio.<\/p>\n<p>Es por eso que la Corporaci\u00f3n Aut\u00f3noma Regional del Alto Magdalena &#8211; CAM, extendi\u00f3 la invitaci\u00f3n a la ciudadan\u00eda para que participen activamente de esta jornada, a la cual ya se han vinculado diferentes entidades e instituciones p\u00fablicas y privadas del departamento.<\/p>\n<p>\u201cLlega nuevamente la jornada Opitat\u00f3n y este 5 de junio vamos a estar en la Plaza de Ferias del municipio de La Plata y los d\u00edas 6 y 7 en Neiva en la sede de la CAM en Neiva, donde recolectaremos los diferentes aparatos y residuos el\u00e9ctricos y electr\u00f3nicos\u201d indic\u00f3 Jessica Falla Celis, profesional de la CAM.<\/p>\n<p>Lo que se busca con esta estrategia es promover el reciclaje y la disposici\u00f3n adecuada e inteligente de este tipo de residuos el\u00e9ctricos y electr\u00f3nicos.<\/p>\n<figure id=\"attachment_73762\" aria-describedby=\"caption-attachment-73762\" style=\"width: 700px\" class=\"wp-caption alignnone\"><img loading=\"lazy\" decoding=\"async\" class=\"wp-image-73762\" src=\"https:\/\/luchonoticias.com\/wp-content\/uploads\/2024\/06\/WhatsApp-Image-2024-06-04-at-16.46.00-2-300x160.jpeg\" alt=\"\" width=\"700\" height=\"372\" srcset=\"https:\/\/luchonoticias.com\/editor\/wp-content\/uploads\/2024\/06\/WhatsApp-Image-2024-06-04-at-16.46.00-2-300x160.jpeg 300w, https:\/\/luchonoticias.com\/editor\/wp-content\/uploads\/2024\/06\/WhatsApp-Image-2024-06-04-at-16.46.00-2-1024x545.jpeg 1024w, https:\/\/luchonoticias.com\/editor\/wp-content\/uploads\/2024\/06\/WhatsApp-Image-2024-06-04-at-16.46.00-2-768x408.jpeg 768w, https:\/\/luchonoticias.com\/editor\/wp-content\/uploads\/2024\/06\/WhatsApp-Image-2024-06-04-at-16.46.00-2-1536x817.jpeg 1536w, https:\/\/luchonoticias.com\/editor\/wp-content\/uploads\/2024\/06\/WhatsApp-Image-2024-06-04-at-16.46.00-2-310x165.jpeg 310w, https:\/\/luchonoticias.com\/editor\/wp-content\/uploads\/2024\/06\/WhatsApp-Image-2024-06-04-at-16.46.00-2.jpeg 1600w\" sizes=\"auto, (max-width: 700px) 100vw, 700px\" \/><figcaption id=\"caption-attachment-73762\" class=\"wp-caption-text\">La jornada se cumplir\u00e1 en La Plata y Neiva.<\/figcaption><\/figure>\n<p><strong>Residuos a recibir<\/strong><\/p>\n<p>Llantas, pilas, luminarias, bater\u00edas, motores, envases pl\u00e1sticos de aspersi\u00f3n y aerosol, entre otros, son los residuos posconsumo que se recibir\u00e1n, los cuales luego de cumplir su vida \u00fatil son desechados y representan un alto nivel de contaminaci\u00f3n.<\/p>\n<p>Durante esta jornada tambi\u00e9n se est\u00e1n recolectando bater\u00edas de celulares, medicamentos vencidos y residuos de aparatos el\u00e9ctricos y electr\u00f3nicos (RAEE&#8217;s), computadores, electrodom\u00e9sticos, impresoras, perif\u00e9ricos, entre otros.<\/p>\n<figure id=\"attachment_73763\" aria-describedby=\"caption-attachment-73763\" style=\"width: 700px\" class=\"wp-caption alignnone\"><img loading=\"lazy\" decoding=\"async\" class=\"wp-image-73763\" src=\"https:\/\/luchonoticias.com\/wp-content\/uploads\/2024\/06\/WhatsApp-Image-2024-06-04-at-16.46.01-300x194.jpeg\" alt=\"\" width=\"700\" height=\"453\" srcset=\"https:\/\/luchonoticias.com\/editor\/wp-content\/uploads\/2024\/06\/WhatsApp-Image-2024-06-04-at-16.46.01-300x194.jpeg 300w, https:\/\/luchonoticias.com\/editor\/wp-content\/uploads\/2024\/06\/WhatsApp-Image-2024-06-04-at-16.46.01-1024x663.jpeg 1024w, https:\/\/luchonoticias.com\/editor\/wp-content\/uploads\/2024\/06\/WhatsApp-Image-2024-06-04-at-16.46.01-768x497.jpeg 768w, https:\/\/luchonoticias.com\/editor\/wp-content\/uploads\/2024\/06\/WhatsApp-Image-2024-06-04-at-16.46.01.jpeg 1513w\" sizes=\"auto, (max-width: 700px) 100vw, 700px\" \/><figcaption id=\"caption-attachment-73763\" class=\"wp-caption-text\">Secumpli9r\u00e1 entre ma\u00f1ana y el jueves.<\/figcaption><\/figure>\n<p><strong>Aliados estrat\u00e9gicos<\/strong><\/p>\n<p>Los tres d\u00edas de entrega de residuos contar\u00e1n con la participaci\u00f3n del Grupo Retorna y los programas de posconsumo Lumina, Rueda Verde, Ecogestiones, Punto Azul, Campo Limpio, entidades especializadas en realizar la destrucci\u00f3n, aprovechamiento y tratamiento final. Estos aliados estrat\u00e9gicos de la m\u00e1xima autoridad ambiental certificar\u00e1n a las empresas en la entrega de estos residuos.<\/p>\n<p>Falla Celis inform\u00f3 que estas jornadas son totalmente gratuitas y se espera que toda la comunidad de estos dos municipios participe activamente.<\/p>\n<p>La jornada de recolecci\u00f3n se llevar\u00e1 a cabo los d\u00edas 5, 6 y 7 de junio desde las 8:00 a.m. hasta las 5:00 de la tarde.<\/p>\n<p>\u201cLo que buscamos es que a estos residuos se les haga un correcto aprovechamiento y disposici\u00f3n final, para que no se generen impactos ambientales de car\u00e1cter negativo afectando nuestros suelos, recurso h\u00eddrico ni llegar al relleno sanitario\u201d, finaliz\u00f3 diciendo la profesional de la CAM.<\/p>\n","protected":false},"excerpt":{"rendered":"<p>En el municipio de La Plata y la ciudad de Neiva se desarrollar\u00e1 la Gran Campa\u00f1a de Recolecci\u00f3n de Residuos Posconsumo y de Aparatos El\u00e9ctricos y Electr\u00f3nicos Opitat\u00f3n 2024, jornada que busca descontaminar las viviendas y oficinas de este tipo de residuos. En La Plata la jornada se realizar\u00e1 este mi\u00e9rcoles 5 de junio y [&hellip;]<\/p>\n","protected":false},"author":2,"featured_media":73761,"comment_status":"closed","ping_status":"open","sticky":false,"template":"","format":"standard","meta":{"footnotes":""},"categories":[33],"tags":[],"class_list":["post-73760","post","type-post","status-publish","format-standard","has-post-thumbnail","hentry","category-huila"],"yoast_head":"<!-- This site is optimized with the Yoast SEO plugin v26.6 - https:\/\/yoast.com\/wordpress\/plugins\/seo\/ -->\n<title>Huilenses, a disponer de sus residuos electr\u00f3nicos -<\/title>\n<meta name=\"robots\" content=\"index, follow, max-snippet:-1, max-image-preview:large, max-video-preview:-1\" \/>\n<link rel=\"canonical\" href=\"https:\/\/luchonoticias.com\/editor\/huilenses-a-disponer-de-sus-residuos-electronicos\/\" \/>\n<meta property=\"og:locale\" content=\"es_ES\" \/>\n<meta property=\"og:type\" content=\"article\" \/>\n<meta property=\"og:title\" content=\"Huilenses, a disponer de sus residuos electr\u00f3nicos -\" \/>\n<meta property=\"og:url\" content=\"https:\/\/luchonoticias.com\/editor\/huilenses-a-disponer-de-sus-residuos-electronicos\/\" \/>\n<meta property=\"article:publisher\" content=\"https:\/\/www.facebook.com\/luchonoticiasneiva\" \/>\n<meta property=\"article:published_time\" content=\"2024-06-04T23:19:26+00:00\" \/>\n<meta property=\"og:image\" content=\"https:\/\/luchonoticias.com\/editor\/wp-content\/uploads\/2024\/06\/WhatsApp-Image-2024-06-04-at-16.46.00-1.jpeg\" \/>\n\t<meta property=\"og:image:width\" content=\"1600\" \/>\n\t<meta property=\"og:image:height\" content=\"1066\" \/>\n\t<meta property=\"og:image:type\" content=\"image\/jpeg\" \/>\n<meta name=\"author\" content=\"Editor General\" \/>\n<meta name=\"twitter:card\" content=\"summary_large_image\" \/>\n<meta name=\"twitter:label1\" content=\"Escrito por\" \/>\n\t<meta name=\"twitter:data1\" content=\"Editor General\" \/>\n\t<meta name=\"twitter:label2\" content=\"Tiempo de lectura\" \/>\n\t<meta name=\"twitter:data2\" content=\"2 minutos\" \/>\n<script type=\"application\/ld+json\" class=\"yoast-schema-graph\">{\"@context\":\"https:\/\/schema.org\",\"@graph\":[{\"@type\":\"Article\",\"@id\":\"https:\/\/luchonoticias.com\/editor\/huilenses-a-disponer-de-sus-residuos-electronicos\/#article\",\"isPartOf\":{\"@id\":\"https:\/\/luchonoticias.com\/editor\/huilenses-a-disponer-de-sus-residuos-electronicos\/\"},\"author\":{\"name\":\"Editor General\",\"@id\":\"https:\/\/luchonoticias.com\/editor\/#\/schema\/person\/29217990ddf6f14e35912b2866d591fb\"},\"headline\":\"Huilenses, a disponer de sus residuos electr\u00f3nicos\",\"datePublished\":\"2024-06-04T23:19:26+00:00\",\"mainEntityOfPage\":{\"@id\":\"https:\/\/luchonoticias.com\/editor\/huilenses-a-disponer-de-sus-residuos-electronicos\/\"},\"wordCount\":476,\"publisher\":{\"@id\":\"https:\/\/luchonoticias.com\/editor\/#\/schema\/person\/7a7fd911f58561fd056dbac7b55af9cd\"},\"image\":{\"@id\":\"https:\/\/luchonoticias.com\/editor\/huilenses-a-disponer-de-sus-residuos-electronicos\/#primaryimage\"},\"thumbnailUrl\":\"https:\/\/luchonoticias.com\/editor\/wp-content\/uploads\/2024\/06\/WhatsApp-Image-2024-06-04-at-16.46.00-1.jpeg\",\"articleSection\":[\"Huila\"],\"inLanguage\":\"es\"},{\"@type\":\"WebPage\",\"@id\":\"https:\/\/luchonoticias.com\/editor\/huilenses-a-disponer-de-sus-residuos-electronicos\/\",\"url\":\"https:\/\/luchonoticias.com\/editor\/huilenses-a-disponer-de-sus-residuos-electronicos\/\",\"name\":\"Huilenses, a disponer de sus residuos electr\u00f3nicos -\",\"isPartOf\":{\"@id\":\"https:\/\/luchonoticias.com\/editor\/#website\"},\"primaryImageOfPage\":{\"@id\":\"https:\/\/luchonoticias.com\/editor\/huilenses-a-disponer-de-sus-residuos-electronicos\/#primaryimage\"},\"image\":{\"@id\":\"https:\/\/luchonoticias.com\/editor\/huilenses-a-disponer-de-sus-residuos-electronicos\/#primaryimage\"},\"thumbnailUrl\":\"https:\/\/luchonoticias.com\/editor\/wp-content\/uploads\/2024\/06\/WhatsApp-Image-2024-06-04-at-16.46.00-1.jpeg\",\"datePublished\":\"2024-06-04T23:19:26+00:00\",\"breadcrumb\":{\"@id\":\"https:\/\/luchonoticias.com\/editor\/huilenses-a-disponer-de-sus-residuos-electronicos\/#breadcrumb\"},\"inLanguage\":\"es\",\"potentialAction\":[{\"@type\":\"ReadAction\",\"target\":[\"https:\/\/luchonoticias.com\/editor\/huilenses-a-disponer-de-sus-residuos-electronicos\/\"]}]},{\"@type\":\"ImageObject\",\"inLanguage\":\"es\",\"@id\":\"https:\/\/luchonoticias.com\/editor\/huilenses-a-disponer-de-sus-residuos-electronicos\/#primaryimage\",\"url\":\"https:\/\/luchonoticias.com\/editor\/wp-content\/uploads\/2024\/06\/WhatsApp-Image-2024-06-04-at-16.46.00-1.jpeg\",\"contentUrl\":\"https:\/\/luchonoticias.com\/editor\/wp-content\/uploads\/2024\/06\/WhatsApp-Image-2024-06-04-at-16.46.00-1.jpeg\",\"width\":1600,\"height\":1066},{\"@type\":\"BreadcrumbList\",\"@id\":\"https:\/\/luchonoticias.com\/editor\/huilenses-a-disponer-de-sus-residuos-electronicos\/#breadcrumb\",\"itemListElement\":[{\"@type\":\"ListItem\",\"position\":1,\"name\":\"Portada\",\"item\":\"https:\/\/luchonoticias.com\/editor\/\"},{\"@type\":\"ListItem\",\"position\":2,\"name\":\"Huilenses, a disponer de sus residuos electr\u00f3nicos\"}]},{\"@type\":\"WebSite\",\"@id\":\"https:\/\/luchonoticias.com\/editor\/#website\",\"url\":\"https:\/\/luchonoticias.com\/editor\/\",\"name\":\"\",\"description\":\"\",\"publisher\":{\"@id\":\"https:\/\/luchonoticias.com\/editor\/#\/schema\/person\/7a7fd911f58561fd056dbac7b55af9cd\"},\"potentialAction\":[{\"@type\":\"SearchAction\",\"target\":{\"@type\":\"EntryPoint\",\"urlTemplate\":\"https:\/\/luchonoticias.com\/editor\/?s={search_term_string}\"},\"query-input\":{\"@type\":\"PropertyValueSpecification\",\"valueRequired\":true,\"valueName\":\"search_term_string\"}}],\"inLanguage\":\"es\"},{\"@type\":[\"Person\",\"Organization\"],\"@id\":\"https:\/\/luchonoticias.com\/editor\/#\/schema\/person\/7a7fd911f58561fd056dbac7b55af9cd\",\"name\":\"admin\",\"image\":{\"@type\":\"ImageObject\",\"inLanguage\":\"es\",\"@id\":\"https:\/\/luchonoticias.com\/editor\/#\/schema\/person\/image\/\",\"url\":\"https:\/\/luchonoticias.com\/editor\/wp-content\/uploads\/2024\/02\/cropped-cropped-logolu.webp\",\"contentUrl\":\"https:\/\/luchonoticias.com\/editor\/wp-content\/uploads\/2024\/02\/cropped-cropped-logolu.webp\",\"width\":382,\"height\":170,\"caption\":\"admin\"},\"logo\":{\"@id\":\"https:\/\/luchonoticias.com\/editor\/#\/schema\/person\/image\/\"},\"sameAs\":[\"https:\/\/www.facebook.com\/luchonoticiasneiva\"]},{\"@type\":\"Person\",\"@id\":\"https:\/\/luchonoticias.com\/editor\/#\/schema\/person\/29217990ddf6f14e35912b2866d591fb\",\"name\":\"Editor General\",\"image\":{\"@type\":\"ImageObject\",\"inLanguage\":\"es\",\"@id\":\"https:\/\/luchonoticias.com\/editor\/#\/schema\/person\/image\/\",\"url\":\"https:\/\/luchonoticias.com\/editor\/wp-content\/uploads\/2024\/02\/cropped-cropped-logolu-150x150.webp\",\"contentUrl\":\"https:\/\/luchonoticias.com\/editor\/wp-content\/uploads\/2024\/02\/cropped-cropped-logolu-150x150.webp\",\"caption\":\"Editor General\"},\"sameAs\":[\"https:\/\/luchonoticias.com\/\"],\"url\":\"https:\/\/luchonoticias.com\/editor\/author\/editor-general\/\"}]}<\/script>\n<!-- \/ Yoast SEO plugin. -->","yoast_head_json":{"title":"Huilenses, a disponer de sus residuos electr\u00f3nicos -","robots":{"index":"index","follow":"follow","max-snippet":"max-snippet:-1","max-image-preview":"max-image-preview:large","max-video-preview":"max-video-preview:-1"},"canonical":"https:\/\/luchonoticias.com\/editor\/huilenses-a-disponer-de-sus-residuos-electronicos\/","og_locale":"es_ES","og_type":"article","og_title":"Huilenses, a disponer de sus residuos electr\u00f3nicos -","og_url":"https:\/\/luchonoticias.com\/editor\/huilenses-a-disponer-de-sus-residuos-electronicos\/","article_publisher":"https:\/\/www.facebook.com\/luchonoticiasneiva","article_published_time":"2024-06-04T23:19:26+00:00","og_image":[{"width":1600,"height":1066,"url":"https:\/\/luchonoticias.com\/editor\/wp-content\/uploads\/2024\/06\/WhatsApp-Image-2024-06-04-at-16.46.00-1.jpeg","type":"image\/jpeg"}],"author":"Editor General","twitter_card":"summary_large_image","twitter_misc":{"Escrito por":"Editor General","Tiempo de lectura":"2 minutos"},"schema":{"@context":"https:\/\/schema.org","@graph":[{"@type":"Article","@id":"https:\/\/luchonoticias.com\/editor\/huilenses-a-disponer-de-sus-residuos-electronicos\/#article","isPartOf":{"@id":"https:\/\/luchonoticias.com\/editor\/huilenses-a-disponer-de-sus-residuos-electronicos\/"},"author":{"name":"Editor General","@id":"https:\/\/luchonoticias.com\/editor\/#\/schema\/person\/29217990ddf6f14e35912b2866d591fb"},"headline":"Huilenses, a disponer de sus residuos electr\u00f3nicos","datePublished":"2024-06-04T23:19:26+00:00","mainEntityOfPage":{"@id":"https:\/\/luchonoticias.com\/editor\/huilenses-a-disponer-de-sus-residuos-electronicos\/"},"wordCount":476,"publisher":{"@id":"https:\/\/luchonoticias.com\/editor\/#\/schema\/person\/7a7fd911f58561fd056dbac7b55af9cd"},"image":{"@id":"https:\/\/luchonoticias.com\/editor\/huilenses-a-disponer-de-sus-residuos-electronicos\/#primaryimage"},"thumbnailUrl":"https:\/\/luchonoticias.com\/editor\/wp-content\/uploads\/2024\/06\/WhatsApp-Image-2024-06-04-at-16.46.00-1.jpeg","articleSection":["Huila"],"inLanguage":"es"},{"@type":"WebPage","@id":"https:\/\/luchonoticias.com\/editor\/huilenses-a-disponer-de-sus-residuos-electronicos\/","url":"https:\/\/luchonoticias.com\/editor\/huilenses-a-disponer-de-sus-residuos-electronicos\/","name":"Huilenses, a disponer de sus residuos electr\u00f3nicos -","isPartOf":{"@id":"https:\/\/luchonoticias.com\/editor\/#website"},"primaryImageOfPage":{"@id":"https:\/\/luchonoticias.com\/editor\/huilenses-a-disponer-de-sus-residuos-electronicos\/#primaryimage"},"image":{"@id":"https:\/\/luchonoticias.com\/editor\/huilenses-a-disponer-de-sus-residuos-electronicos\/#primaryimage"},"thumbnailUrl":"https:\/\/luchonoticias.com\/editor\/wp-content\/uploads\/2024\/06\/WhatsApp-Image-2024-06-04-at-16.46.00-1.jpeg","datePublished":"2024-06-04T23:19:26+00:00","breadcrumb":{"@id":"https:\/\/luchonoticias.com\/editor\/huilenses-a-disponer-de-sus-residuos-electronicos\/#breadcrumb"},"inLanguage":"es","potentialAction":[{"@type":"ReadAction","target":["https:\/\/luchonoticias.com\/editor\/huilenses-a-disponer-de-sus-residuos-electronicos\/"]}]},{"@type":"ImageObject","inLanguage":"es","@id":"https:\/\/luchonoticias.com\/editor\/huilenses-a-disponer-de-sus-residuos-electronicos\/#primaryimage","url":"https:\/\/luchonoticias.com\/editor\/wp-content\/uploads\/2024\/06\/WhatsApp-Image-2024-06-04-at-16.46.00-1.jpeg","contentUrl":"https:\/\/luchonoticias.com\/editor\/wp-content\/uploads\/2024\/06\/WhatsApp-Image-2024-06-04-at-16.46.00-1.jpeg","width":1600,"height":1066},{"@type":"BreadcrumbList","@id":"https:\/\/luchonoticias.com\/editor\/huilenses-a-disponer-de-sus-residuos-electronicos\/#breadcrumb","itemListElement":[{"@type":"ListItem","position":1,"name":"Portada","item":"https:\/\/luchonoticias.com\/editor\/"},{"@type":"ListItem","position":2,"name":"Huilenses, a disponer de sus residuos electr\u00f3nicos"}]},{"@type":"WebSite","@id":"https:\/\/luchonoticias.com\/editor\/#website","url":"https:\/\/luchonoticias.com\/editor\/","name":"","description":"","publisher":{"@id":"https:\/\/luchonoticias.com\/editor\/#\/schema\/person\/7a7fd911f58561fd056dbac7b55af9cd"},"potentialAction":[{"@type":"SearchAction","target":{"@type":"EntryPoint","urlTemplate":"https:\/\/luchonoticias.com\/editor\/?s={search_term_string}"},"query-input":{"@type":"PropertyValueSpecification","valueRequired":true,"valueName":"search_term_string"}}],"inLanguage":"es"},{"@type":["Person","Organization"],"@id":"https:\/\/luchonoticias.com\/editor\/#\/schema\/person\/7a7fd911f58561fd056dbac7b55af9cd","name":"admin","image":{"@type":"ImageObject","inLanguage":"es","@id":"https:\/\/luchonoticias.com\/editor\/#\/schema\/person\/image\/","url":"https:\/\/luchonoticias.com\/editor\/wp-content\/uploads\/2024\/02\/cropped-cropped-logolu.webp","contentUrl":"https:\/\/luchonoticias.com\/editor\/wp-content\/uploads\/2024\/02\/cropped-cropped-logolu.webp","width":382,"height":170,"caption":"admin"},"logo":{"@id":"https:\/\/luchonoticias.com\/editor\/#\/schema\/person\/image\/"},"sameAs":["https:\/\/www.facebook.com\/luchonoticiasneiva"]},{"@type":"Person","@id":"https:\/\/luchonoticias.com\/editor\/#\/schema\/person\/29217990ddf6f14e35912b2866d591fb","name":"Editor General","image":{"@type":"ImageObject","inLanguage":"es","@id":"https:\/\/luchonoticias.com\/editor\/#\/schema\/person\/image\/","url":"https:\/\/luchonoticias.com\/editor\/wp-content\/uploads\/2024\/02\/cropped-cropped-logolu-150x150.webp","contentUrl":"https:\/\/luchonoticias.com\/editor\/wp-content\/uploads\/2024\/02\/cropped-cropped-logolu-150x150.webp","caption":"Editor General"},"sameAs":["https:\/\/luchonoticias.com\/"],"url":"https:\/\/luchonoticias.com\/editor\/author\/editor-general\/"}]}},"_links":{"self":[{"href":"https:\/\/luchonoticias.com\/editor\/wp-json\/wp\/v2\/posts\/73760","targetHints":{"allow":["GET"]}}],"collection":[{"href":"https:\/\/luchonoticias.com\/editor\/wp-json\/wp\/v2\/posts"}],"about":[{"href":"https:\/\/luchonoticias.com\/editor\/wp-json\/wp\/v2\/types\/post"}],"author":[{"embeddable":true,"href":"https:\/\/luchonoticias.com\/editor\/wp-json\/wp\/v2\/users\/2"}],"replies":[{"embeddable":true,"href":"https:\/\/luchonoticias.com\/editor\/wp-json\/wp\/v2\/comments?post=73760"}],"version-history":[{"count":0,"href":"https:\/\/luchonoticias.com\/editor\/wp-json\/wp\/v2\/posts\/73760\/revisions"}],"wp:featuredmedia":[{"embeddable":true,"href":"https:\/\/luchonoticias.com\/editor\/wp-json\/wp\/v2\/media\/73761"}],"wp:attachment":[{"href":"https:\/\/luchonoticias.com\/editor\/wp-json\/wp\/v2\/media?parent=73760"}],"wp:term":[{"taxonomy":"category","embeddable":true,"href":"https:\/\/luchonoticias.com\/editor\/wp-json\/wp\/v2\/categories?post=73760"},{"taxonomy":"post_tag","embeddable":true,"href":"https:\/\/luchonoticias.com\/editor\/wp-json\/wp\/v2\/tags?post=73760"}],"curies":[{"name":"wp","href":"https:\/\/api.w.org\/{rel}","templated":true}]}}