{"id":73766,"date":"2024-06-04T20:20:41","date_gmt":"2024-06-05T01:20:41","guid":{"rendered":"https:\/\/luchonoticias.com\/?p=73766"},"modified":"2024-06-04T20:20:41","modified_gmt":"2024-06-05T01:20:41","slug":"vias-del-norte-de-neiva-de-reparcheo","status":"publish","type":"post","link":"https:\/\/luchonoticias.com\/editor\/vias-del-norte-de-neiva-de-reparcheo\/","title":{"rendered":"V\u00edas del norte de Neiva, de reparcheo"},"content":{"rendered":"<p>La Alcald\u00eda de Neiva, a trav\u00e9s de la Secretar\u00eda de V\u00edas e Infraestructura, ha intensificado los trabajos de parcheo en la carrera Segunda, en inmediaciones del aeropuerto Benito Salas, as\u00ed como en la carrera S\u00e9ptima, en el sentido norte-sur de la comuna Nueve.<\/p>\n<p>En la carrera Segunda, cerca al aeropuerto Benito Salas, los trabajos de reparcheo se realizaron para mejorar la transitabilidad y la seguridad de esta importante v\u00eda para los neivanos. Esta intervenci\u00f3n busca asegurar que tanto los habitantes como los visitantes de la ciudad, cuenten con una v\u00eda en \u00f3ptimas condiciones.<\/p>\n<p>De igual manera, en la carrera S\u00e9ptima, sentido norte-sur en la comuna Nueve de la ciudad, se ha desarrollado una significativa labor de reparcheo. Esta zona, que soporta un alto flujo vehicular diario, se beneficiar\u00e1 enormemente de estas mejoras, reduciendo el riesgo de accidentes y mejorando la calidad de vida de los residentes.<\/p>\n<figure id=\"attachment_73768\" aria-describedby=\"caption-attachment-73768\" style=\"width: 500px\" class=\"wp-caption alignnone\"><img loading=\"lazy\" decoding=\"async\" class=\"wp-image-73768\" src=\"https:\/\/luchonoticias.com\/wp-content\/uploads\/2024\/06\/WhatsApp-Image-2024-06-04-at-19.57.11-1-300x225.jpeg\" alt=\"\" width=\"500\" height=\"375\" srcset=\"https:\/\/luchonoticias.com\/editor\/wp-content\/uploads\/2024\/06\/WhatsApp-Image-2024-06-04-at-19.57.11-1-300x225.jpeg 300w, https:\/\/luchonoticias.com\/editor\/wp-content\/uploads\/2024\/06\/WhatsApp-Image-2024-06-04-at-19.57.11-1-1024x768.jpeg 1024w, https:\/\/luchonoticias.com\/editor\/wp-content\/uploads\/2024\/06\/WhatsApp-Image-2024-06-04-at-19.57.11-1-768x576.jpeg 768w, https:\/\/luchonoticias.com\/editor\/wp-content\/uploads\/2024\/06\/WhatsApp-Image-2024-06-04-at-19.57.11-1-1536x1152.jpeg 1536w, https:\/\/luchonoticias.com\/editor\/wp-content\/uploads\/2024\/06\/WhatsApp-Image-2024-06-04-at-19.57.11-1-2048x1536.jpeg 2048w, https:\/\/luchonoticias.com\/editor\/wp-content\/uploads\/2024\/06\/WhatsApp-Image-2024-06-04-at-19.57.11-1-90x68.jpeg 90w\" sizes=\"auto, (max-width: 500px) 100vw, 500px\" \/><figcaption id=\"caption-attachment-73768\" class=\"wp-caption-text\">Ya se evidencian los cambios en el sector<\/figcaption><\/figure>\n<figure id=\"attachment_73769\" aria-describedby=\"caption-attachment-73769\" style=\"width: 500px\" class=\"wp-caption alignnone\"><img loading=\"lazy\" decoding=\"async\" class=\"wp-image-73769\" src=\"https:\/\/luchonoticias.com\/wp-content\/uploads\/2024\/06\/WhatsApp-Image-2024-06-04-at-19.57.10-300x225.jpeg\" alt=\"\" width=\"500\" height=\"375\" srcset=\"https:\/\/luchonoticias.com\/editor\/wp-content\/uploads\/2024\/06\/WhatsApp-Image-2024-06-04-at-19.57.10-300x225.jpeg 300w, https:\/\/luchonoticias.com\/editor\/wp-content\/uploads\/2024\/06\/WhatsApp-Image-2024-06-04-at-19.57.10-1024x768.jpeg 1024w, https:\/\/luchonoticias.com\/editor\/wp-content\/uploads\/2024\/06\/WhatsApp-Image-2024-06-04-at-19.57.10-768x576.jpeg 768w, https:\/\/luchonoticias.com\/editor\/wp-content\/uploads\/2024\/06\/WhatsApp-Image-2024-06-04-at-19.57.10-1536x1152.jpeg 1536w, https:\/\/luchonoticias.com\/editor\/wp-content\/uploads\/2024\/06\/WhatsApp-Image-2024-06-04-at-19.57.10-2048x1536.jpeg 2048w, https:\/\/luchonoticias.com\/editor\/wp-content\/uploads\/2024\/06\/WhatsApp-Image-2024-06-04-at-19.57.10-90x68.jpeg 90w\" sizes=\"auto, (max-width: 500px) 100vw, 500px\" \/><figcaption id=\"caption-attachment-73769\" class=\"wp-caption-text\">Las v\u00edas se encuentran entre las m\u00e1s transitadas de la ciudad.<\/figcaption><\/figure>\n","protected":false},"excerpt":{"rendered":"<p>La Alcald\u00eda de Neiva, a trav\u00e9s de la Secretar\u00eda de V\u00edas e Infraestructura, ha intensificado los trabajos de parcheo en la carrera Segunda, en inmediaciones del aeropuerto Benito Salas, as\u00ed como en la carrera S\u00e9ptima, en el sentido norte-sur de la comuna Nueve. En la carrera Segunda, cerca al aeropuerto Benito Salas, los trabajos de [&hellip;]<\/p>\n","protected":false},"author":2,"featured_media":73767,"comment_status":"closed","ping_status":"open","sticky":false,"template":"","format":"standard","meta":{"footnotes":""},"categories":[31],"tags":[],"class_list":["post-73766","post","type-post","status-publish","format-standard","has-post-thumbnail","hentry","category-local"],"yoast_head":"<!-- This site is optimized with the Yoast SEO plugin v26.6 - https:\/\/yoast.com\/wordpress\/plugins\/seo\/ -->\n<title>V\u00edas del norte de Neiva, de reparcheo -<\/title>\n<meta name=\"robots\" content=\"index, follow, max-snippet:-1, max-image-preview:large, max-video-preview:-1\" \/>\n<link rel=\"canonical\" href=\"https:\/\/luchonoticias.com\/editor\/vias-del-norte-de-neiva-de-reparcheo\/\" \/>\n<meta property=\"og:locale\" content=\"es_ES\" \/>\n<meta property=\"og:type\" content=\"article\" \/>\n<meta property=\"og:title\" content=\"V\u00edas del norte de Neiva, de reparcheo -\" \/>\n<meta property=\"og:url\" content=\"https:\/\/luchonoticias.com\/editor\/vias-del-norte-de-neiva-de-reparcheo\/\" \/>\n<meta property=\"article:publisher\" content=\"https:\/\/www.facebook.com\/luchonoticiasneiva\" \/>\n<meta property=\"article:published_time\" content=\"2024-06-05T01:20:41+00:00\" \/>\n<meta property=\"og:image\" content=\"https:\/\/luchonoticias.com\/editor\/wp-content\/uploads\/2024\/06\/WhatsApp-Image-2024-06-04-at-19.57.09-1024x768.jpeg\" \/>\n\t<meta property=\"og:image:width\" content=\"1024\" \/>\n\t<meta property=\"og:image:height\" content=\"768\" \/>\n\t<meta property=\"og:image:type\" content=\"image\/jpeg\" \/>\n<meta name=\"author\" content=\"Editor General\" \/>\n<meta name=\"twitter:card\" content=\"summary_large_image\" \/>\n<meta name=\"twitter:label1\" content=\"Escrito por\" \/>\n\t<meta name=\"twitter:data1\" content=\"Editor General\" \/>\n\t<meta name=\"twitter:label2\" content=\"Tiempo de lectura\" \/>\n\t<meta name=\"twitter:data2\" content=\"1 minuto\" \/>\n<script type=\"application\/ld+json\" class=\"yoast-schema-graph\">{\"@context\":\"https:\/\/schema.org\",\"@graph\":[{\"@type\":\"Article\",\"@id\":\"https:\/\/luchonoticias.com\/editor\/vias-del-norte-de-neiva-de-reparcheo\/#article\",\"isPartOf\":{\"@id\":\"https:\/\/luchonoticias.com\/editor\/vias-del-norte-de-neiva-de-reparcheo\/\"},\"author\":{\"name\":\"Editor General\",\"@id\":\"https:\/\/luchonoticias.com\/editor\/#\/schema\/person\/29217990ddf6f14e35912b2866d591fb\"},\"headline\":\"V\u00edas del norte de Neiva, de reparcheo\",\"datePublished\":\"2024-06-05T01:20:41+00:00\",\"mainEntityOfPage\":{\"@id\":\"https:\/\/luchonoticias.com\/editor\/vias-del-norte-de-neiva-de-reparcheo\/\"},\"wordCount\":198,\"publisher\":{\"@id\":\"https:\/\/luchonoticias.com\/editor\/#\/schema\/person\/7a7fd911f58561fd056dbac7b55af9cd\"},\"image\":{\"@id\":\"https:\/\/luchonoticias.com\/editor\/vias-del-norte-de-neiva-de-reparcheo\/#primaryimage\"},\"thumbnailUrl\":\"https:\/\/luchonoticias.com\/editor\/wp-content\/uploads\/2024\/06\/WhatsApp-Image-2024-06-04-at-19.57.09-scaled.jpeg\",\"articleSection\":[\"Local\"],\"inLanguage\":\"es\"},{\"@type\":\"WebPage\",\"@id\":\"https:\/\/luchonoticias.com\/editor\/vias-del-norte-de-neiva-de-reparcheo\/\",\"url\":\"https:\/\/luchonoticias.com\/editor\/vias-del-norte-de-neiva-de-reparcheo\/\",\"name\":\"V\u00edas del norte de Neiva, de reparcheo -\",\"isPartOf\":{\"@id\":\"https:\/\/luchonoticias.com\/editor\/#website\"},\"primaryImageOfPage\":{\"@id\":\"https:\/\/luchonoticias.com\/editor\/vias-del-norte-de-neiva-de-reparcheo\/#primaryimage\"},\"image\":{\"@id\":\"https:\/\/luchonoticias.com\/editor\/vias-del-norte-de-neiva-de-reparcheo\/#primaryimage\"},\"thumbnailUrl\":\"https:\/\/luchonoticias.com\/editor\/wp-content\/uploads\/2024\/06\/WhatsApp-Image-2024-06-04-at-19.57.09-scaled.jpeg\",\"datePublished\":\"2024-06-05T01:20:41+00:00\",\"breadcrumb\":{\"@id\":\"https:\/\/luchonoticias.com\/editor\/vias-del-norte-de-neiva-de-reparcheo\/#breadcrumb\"},\"inLanguage\":\"es\",\"potentialAction\":[{\"@type\":\"ReadAction\",\"target\":[\"https:\/\/luchonoticias.com\/editor\/vias-del-norte-de-neiva-de-reparcheo\/\"]}]},{\"@type\":\"ImageObject\",\"inLanguage\":\"es\",\"@id\":\"https:\/\/luchonoticias.com\/editor\/vias-del-norte-de-neiva-de-reparcheo\/#primaryimage\",\"url\":\"https:\/\/luchonoticias.com\/editor\/wp-content\/uploads\/2024\/06\/WhatsApp-Image-2024-06-04-at-19.57.09-scaled.jpeg\",\"contentUrl\":\"https:\/\/luchonoticias.com\/editor\/wp-content\/uploads\/2024\/06\/WhatsApp-Image-2024-06-04-at-19.57.09-scaled.jpeg\",\"width\":2560,\"height\":1920},{\"@type\":\"BreadcrumbList\",\"@id\":\"https:\/\/luchonoticias.com\/editor\/vias-del-norte-de-neiva-de-reparcheo\/#breadcrumb\",\"itemListElement\":[{\"@type\":\"ListItem\",\"position\":1,\"name\":\"Portada\",\"item\":\"https:\/\/luchonoticias.com\/editor\/\"},{\"@type\":\"ListItem\",\"position\":2,\"name\":\"V\u00edas del norte de Neiva, de reparcheo\"}]},{\"@type\":\"WebSite\",\"@id\":\"https:\/\/luchonoticias.com\/editor\/#website\",\"url\":\"https:\/\/luchonoticias.com\/editor\/\",\"name\":\"\",\"description\":\"\",\"publisher\":{\"@id\":\"https:\/\/luchonoticias.com\/editor\/#\/schema\/person\/7a7fd911f58561fd056dbac7b55af9cd\"},\"potentialAction\":[{\"@type\":\"SearchAction\",\"target\":{\"@type\":\"EntryPoint\",\"urlTemplate\":\"https:\/\/luchonoticias.com\/editor\/?s={search_term_string}\"},\"query-input\":{\"@type\":\"PropertyValueSpecification\",\"valueRequired\":true,\"valueName\":\"search_term_string\"}}],\"inLanguage\":\"es\"},{\"@type\":[\"Person\",\"Organization\"],\"@id\":\"https:\/\/luchonoticias.com\/editor\/#\/schema\/person\/7a7fd911f58561fd056dbac7b55af9cd\",\"name\":\"admin\",\"image\":{\"@type\":\"ImageObject\",\"inLanguage\":\"es\",\"@id\":\"https:\/\/luchonoticias.com\/editor\/#\/schema\/person\/image\/\",\"url\":\"https:\/\/luchonoticias.com\/editor\/wp-content\/uploads\/2024\/02\/cropped-cropped-logolu.webp\",\"contentUrl\":\"https:\/\/luchonoticias.com\/editor\/wp-content\/uploads\/2024\/02\/cropped-cropped-logolu.webp\",\"width\":382,\"height\":170,\"caption\":\"admin\"},\"logo\":{\"@id\":\"https:\/\/luchonoticias.com\/editor\/#\/schema\/person\/image\/\"},\"sameAs\":[\"https:\/\/www.facebook.com\/luchonoticiasneiva\"]},{\"@type\":\"Person\",\"@id\":\"https:\/\/luchonoticias.com\/editor\/#\/schema\/person\/29217990ddf6f14e35912b2866d591fb\",\"name\":\"Editor General\",\"image\":{\"@type\":\"ImageObject\",\"inLanguage\":\"es\",\"@id\":\"https:\/\/luchonoticias.com\/editor\/#\/schema\/person\/image\/\",\"url\":\"https:\/\/luchonoticias.com\/editor\/wp-content\/uploads\/2024\/02\/cropped-cropped-logolu-150x150.webp\",\"contentUrl\":\"https:\/\/luchonoticias.com\/editor\/wp-content\/uploads\/2024\/02\/cropped-cropped-logolu-150x150.webp\",\"caption\":\"Editor General\"},\"sameAs\":[\"https:\/\/luchonoticias.com\/\"],\"url\":\"https:\/\/luchonoticias.com\/editor\/author\/editor-general\/\"}]}<\/script>\n<!-- \/ Yoast SEO plugin. -->","yoast_head_json":{"title":"V\u00edas del norte de Neiva, de reparcheo -","robots":{"index":"index","follow":"follow","max-snippet":"max-snippet:-1","max-image-preview":"max-image-preview:large","max-video-preview":"max-video-preview:-1"},"canonical":"https:\/\/luchonoticias.com\/editor\/vias-del-norte-de-neiva-de-reparcheo\/","og_locale":"es_ES","og_type":"article","og_title":"V\u00edas del norte de Neiva, de reparcheo -","og_url":"https:\/\/luchonoticias.com\/editor\/vias-del-norte-de-neiva-de-reparcheo\/","article_publisher":"https:\/\/www.facebook.com\/luchonoticiasneiva","article_published_time":"2024-06-05T01:20:41+00:00","og_image":[{"width":1024,"height":768,"url":"https:\/\/luchonoticias.com\/editor\/wp-content\/uploads\/2024\/06\/WhatsApp-Image-2024-06-04-at-19.57.09-1024x768.jpeg","type":"image\/jpeg"}],"author":"Editor General","twitter_card":"summary_large_image","twitter_misc":{"Escrito por":"Editor General","Tiempo de lectura":"1 minuto"},"schema":{"@context":"https:\/\/schema.org","@graph":[{"@type":"Article","@id":"https:\/\/luchonoticias.com\/editor\/vias-del-norte-de-neiva-de-reparcheo\/#article","isPartOf":{"@id":"https:\/\/luchonoticias.com\/editor\/vias-del-norte-de-neiva-de-reparcheo\/"},"author":{"name":"Editor General","@id":"https:\/\/luchonoticias.com\/editor\/#\/schema\/person\/29217990ddf6f14e35912b2866d591fb"},"headline":"V\u00edas del norte de Neiva, de reparcheo","datePublished":"2024-06-05T01:20:41+00:00","mainEntityOfPage":{"@id":"https:\/\/luchonoticias.com\/editor\/vias-del-norte-de-neiva-de-reparcheo\/"},"wordCount":198,"publisher":{"@id":"https:\/\/luchonoticias.com\/editor\/#\/schema\/person\/7a7fd911f58561fd056dbac7b55af9cd"},"image":{"@id":"https:\/\/luchonoticias.com\/editor\/vias-del-norte-de-neiva-de-reparcheo\/#primaryimage"},"thumbnailUrl":"https:\/\/luchonoticias.com\/editor\/wp-content\/uploads\/2024\/06\/WhatsApp-Image-2024-06-04-at-19.57.09-scaled.jpeg","articleSection":["Local"],"inLanguage":"es"},{"@type":"WebPage","@id":"https:\/\/luchonoticias.com\/editor\/vias-del-norte-de-neiva-de-reparcheo\/","url":"https:\/\/luchonoticias.com\/editor\/vias-del-norte-de-neiva-de-reparcheo\/","name":"V\u00edas del norte de Neiva, de reparcheo -","isPartOf":{"@id":"https:\/\/luchonoticias.com\/editor\/#website"},"primaryImageOfPage":{"@id":"https:\/\/luchonoticias.com\/editor\/vias-del-norte-de-neiva-de-reparcheo\/#primaryimage"},"image":{"@id":"https:\/\/luchonoticias.com\/editor\/vias-del-norte-de-neiva-de-reparcheo\/#primaryimage"},"thumbnailUrl":"https:\/\/luchonoticias.com\/editor\/wp-content\/uploads\/2024\/06\/WhatsApp-Image-2024-06-04-at-19.57.09-scaled.jpeg","datePublished":"2024-06-05T01:20:41+00:00","breadcrumb":{"@id":"https:\/\/luchonoticias.com\/editor\/vias-del-norte-de-neiva-de-reparcheo\/#breadcrumb"},"inLanguage":"es","potentialAction":[{"@type":"ReadAction","target":["https:\/\/luchonoticias.com\/editor\/vias-del-norte-de-neiva-de-reparcheo\/"]}]},{"@type":"ImageObject","inLanguage":"es","@id":"https:\/\/luchonoticias.com\/editor\/vias-del-norte-de-neiva-de-reparcheo\/#primaryimage","url":"https:\/\/luchonoticias.com\/editor\/wp-content\/uploads\/2024\/06\/WhatsApp-Image-2024-06-04-at-19.57.09-scaled.jpeg","contentUrl":"https:\/\/luchonoticias.com\/editor\/wp-content\/uploads\/2024\/06\/WhatsApp-Image-2024-06-04-at-19.57.09-scaled.jpeg","width":2560,"height":1920},{"@type":"BreadcrumbList","@id":"https:\/\/luchonoticias.com\/editor\/vias-del-norte-de-neiva-de-reparcheo\/#breadcrumb","itemListElement":[{"@type":"ListItem","position":1,"name":"Portada","item":"https:\/\/luchonoticias.com\/editor\/"},{"@type":"ListItem","position":2,"name":"V\u00edas del norte de Neiva, de reparcheo"}]},{"@type":"WebSite","@id":"https:\/\/luchonoticias.com\/editor\/#website","url":"https:\/\/luchonoticias.com\/editor\/","name":"","description":"","publisher":{"@id":"https:\/\/luchonoticias.com\/editor\/#\/schema\/person\/7a7fd911f58561fd056dbac7b55af9cd"},"potentialAction":[{"@type":"SearchAction","target":{"@type":"EntryPoint","urlTemplate":"https:\/\/luchonoticias.com\/editor\/?s={search_term_string}"},"query-input":{"@type":"PropertyValueSpecification","valueRequired":true,"valueName":"search_term_string"}}],"inLanguage":"es"},{"@type":["Person","Organization"],"@id":"https:\/\/luchonoticias.com\/editor\/#\/schema\/person\/7a7fd911f58561fd056dbac7b55af9cd","name":"admin","image":{"@type":"ImageObject","inLanguage":"es","@id":"https:\/\/luchonoticias.com\/editor\/#\/schema\/person\/image\/","url":"https:\/\/luchonoticias.com\/editor\/wp-content\/uploads\/2024\/02\/cropped-cropped-logolu.webp","contentUrl":"https:\/\/luchonoticias.com\/editor\/wp-content\/uploads\/2024\/02\/cropped-cropped-logolu.webp","width":382,"height":170,"caption":"admin"},"logo":{"@id":"https:\/\/luchonoticias.com\/editor\/#\/schema\/person\/image\/"},"sameAs":["https:\/\/www.facebook.com\/luchonoticiasneiva"]},{"@type":"Person","@id":"https:\/\/luchonoticias.com\/editor\/#\/schema\/person\/29217990ddf6f14e35912b2866d591fb","name":"Editor General","image":{"@type":"ImageObject","inLanguage":"es","@id":"https:\/\/luchonoticias.com\/editor\/#\/schema\/person\/image\/","url":"https:\/\/luchonoticias.com\/editor\/wp-content\/uploads\/2024\/02\/cropped-cropped-logolu-150x150.webp","contentUrl":"https:\/\/luchonoticias.com\/editor\/wp-content\/uploads\/2024\/02\/cropped-cropped-logolu-150x150.webp","caption":"Editor General"},"sameAs":["https:\/\/luchonoticias.com\/"],"url":"https:\/\/luchonoticias.com\/editor\/author\/editor-general\/"}]}},"_links":{"self":[{"href":"https:\/\/luchonoticias.com\/editor\/wp-json\/wp\/v2\/posts\/73766","targetHints":{"allow":["GET"]}}],"collection":[{"href":"https:\/\/luchonoticias.com\/editor\/wp-json\/wp\/v2\/posts"}],"about":[{"href":"https:\/\/luchonoticias.com\/editor\/wp-json\/wp\/v2\/types\/post"}],"author":[{"embeddable":true,"href":"https:\/\/luchonoticias.com\/editor\/wp-json\/wp\/v2\/users\/2"}],"replies":[{"embeddable":true,"href":"https:\/\/luchonoticias.com\/editor\/wp-json\/wp\/v2\/comments?post=73766"}],"version-history":[{"count":0,"href":"https:\/\/luchonoticias.com\/editor\/wp-json\/wp\/v2\/posts\/73766\/revisions"}],"wp:featuredmedia":[{"embeddable":true,"href":"https:\/\/luchonoticias.com\/editor\/wp-json\/wp\/v2\/media\/73767"}],"wp:attachment":[{"href":"https:\/\/luchonoticias.com\/editor\/wp-json\/wp\/v2\/media?parent=73766"}],"wp:term":[{"taxonomy":"category","embeddable":true,"href":"https:\/\/luchonoticias.com\/editor\/wp-json\/wp\/v2\/categories?post=73766"},{"taxonomy":"post_tag","embeddable":true,"href":"https:\/\/luchonoticias.com\/editor\/wp-json\/wp\/v2\/tags?post=73766"}],"curies":[{"name":"wp","href":"https:\/\/api.w.org\/{rel}","templated":true}]}}