{"id":73772,"date":"2024-06-05T07:03:47","date_gmt":"2024-06-05T12:03:47","guid":{"rendered":"https:\/\/luchonoticias.com\/?p=73772"},"modified":"2024-06-05T07:03:47","modified_gmt":"2024-06-05T12:03:47","slug":"crecieron-las-exportaciones-colombianas-en-abril","status":"publish","type":"post","link":"https:\/\/luchonoticias.com\/editor\/crecieron-las-exportaciones-colombianas-en-abril\/","title":{"rendered":"Crecieron las exportaciones colombianas en abril"},"content":{"rendered":"<div>Las exportaciones colombianas crecieron 17,9% durante abril de 2024 en comparaci\u00f3n con el mismo mes del a\u00f1o pasado, y alcanzaron ventas por US$4.408.8 millones, revel\u00f3 el Departamento Administrativo Nacional de Estad\u00edstica (DANE), de acuerdo con informaci\u00f3n de exportaciones procesadas por la Direcci\u00f3n de Impuestos y Aduanas Nacionales (DIAN).<\/div>\n<div><\/div>\n<div>El estudio se\u00f1ala que este resultado obedece, principalmente, al aumento de 12,3% en ventas externas del grupo Combustibles y productos de las industrias extractivas, que llegaron a US$2.138,3 millones FOB (Free On Board, por sus siglas en ingl\u00e9s), especialmente en productos como Hulla, coque y briquetas (18,7%) y el subgrupo Petr\u00f3leo, productos derivados del petr\u00f3leo y productos conexos (6,3%).<\/div>\n<div><\/div>\n<div>Sin embargo, en el cuarto mes de este a\u00f1o se exportaron 15 millones de barriles de petr\u00f3leo crudo, que represent\u00f3 una ca\u00edda de 2,4% frente a abril de 2023.<\/div>\n<div>\n<div>Estas ventas al exterior est\u00e1n expresadas en FOB que corresponde al precio de venta de los bienes embarcados a otros pa\u00edses, puestos en el medio de transporte, sin incluir valor de seguro y fletes.<\/div>\n<div><\/div>\n<div>Seg\u00fan el DANE, las exportaciones del grupo Combustibles y productos de las industrias extractivas participaron con 48,5% del valor FOB total de las exportaciones; mientras que el grupo Agropecuarios, alimentos y bebidas particip\u00f3 con 21,5%. El grupo Manufacturas con 21,4%, y Otros sectores con 8,6%.<\/div>\n<div><\/div>\n<div>El grupo de Manufacturas export\u00f3 en abril pasado US$943,7 millones FOB, con un crecimiento de 15,3% frente a abril de 2023. Mientras en el grupo Agropecuarios, alimentos y bebidas, las ventas al exterior fueron US$947,4 millones FOB, con un incremento de 22,8%, comparado con abril de 2023.<\/div>\n<div><\/div>\n<div>El grupo Otros sectores mostr\u00f3 un crecimiento de 55,4%, principalmente por las mayores exportaciones de Oro no monetario.<\/div>\n<\/div>\n","protected":false},"excerpt":{"rendered":"<p>Las exportaciones colombianas crecieron 17,9% durante abril de 2024 en comparaci\u00f3n con el mismo mes del a\u00f1o pasado, y alcanzaron ventas por US$4.408.8 millones, revel\u00f3 el Departamento Administrativo Nacional de Estad\u00edstica (DANE), de acuerdo con informaci\u00f3n de exportaciones procesadas por la Direcci\u00f3n de Impuestos y Aduanas Nacionales (DIAN). El estudio se\u00f1ala que este resultado obedece, [&hellip;]<\/p>\n","protected":false},"author":2,"featured_media":73773,"comment_status":"closed","ping_status":"open","sticky":false,"template":"","format":"standard","meta":{"footnotes":""},"categories":[28],"tags":[],"class_list":["post-73772","post","type-post","status-publish","format-standard","has-post-thumbnail","hentry","category-actualidad"],"yoast_head":"<!-- This site is optimized with the Yoast SEO plugin v26.6 - https:\/\/yoast.com\/wordpress\/plugins\/seo\/ -->\n<title>Crecieron las exportaciones colombianas en abril -<\/title>\n<meta name=\"robots\" content=\"index, follow, max-snippet:-1, max-image-preview:large, max-video-preview:-1\" \/>\n<link rel=\"canonical\" href=\"https:\/\/luchonoticias.com\/editor\/crecieron-las-exportaciones-colombianas-en-abril\/\" \/>\n<meta property=\"og:locale\" content=\"es_ES\" \/>\n<meta property=\"og:type\" content=\"article\" \/>\n<meta property=\"og:title\" content=\"Crecieron las exportaciones colombianas en abril -\" \/>\n<meta property=\"og:url\" content=\"https:\/\/luchonoticias.com\/editor\/crecieron-las-exportaciones-colombianas-en-abril\/\" \/>\n<meta property=\"article:publisher\" content=\"https:\/\/www.facebook.com\/luchonoticiasneiva\" \/>\n<meta property=\"article:published_time\" content=\"2024-06-05T12:03:47+00:00\" \/>\n<meta property=\"og:image\" content=\"https:\/\/luchonoticias.com\/editor\/wp-content\/uploads\/2024\/06\/exportaciones.jpg\" \/>\n\t<meta property=\"og:image:width\" content=\"700\" \/>\n\t<meta property=\"og:image:height\" content=\"400\" \/>\n\t<meta property=\"og:image:type\" content=\"image\/jpeg\" \/>\n<meta name=\"author\" content=\"Editor General\" \/>\n<meta name=\"twitter:card\" content=\"summary_large_image\" \/>\n<meta name=\"twitter:label1\" content=\"Escrito por\" \/>\n\t<meta name=\"twitter:data1\" content=\"Editor General\" \/>\n\t<meta name=\"twitter:label2\" content=\"Tiempo de lectura\" \/>\n\t<meta name=\"twitter:data2\" content=\"1 minuto\" \/>\n<script type=\"application\/ld+json\" class=\"yoast-schema-graph\">{\"@context\":\"https:\/\/schema.org\",\"@graph\":[{\"@type\":\"Article\",\"@id\":\"https:\/\/luchonoticias.com\/editor\/crecieron-las-exportaciones-colombianas-en-abril\/#article\",\"isPartOf\":{\"@id\":\"https:\/\/luchonoticias.com\/editor\/crecieron-las-exportaciones-colombianas-en-abril\/\"},\"author\":{\"name\":\"Editor General\",\"@id\":\"https:\/\/luchonoticias.com\/editor\/#\/schema\/person\/29217990ddf6f14e35912b2866d591fb\"},\"headline\":\"Crecieron las exportaciones colombianas en abril\",\"datePublished\":\"2024-06-05T12:03:47+00:00\",\"mainEntityOfPage\":{\"@id\":\"https:\/\/luchonoticias.com\/editor\/crecieron-las-exportaciones-colombianas-en-abril\/\"},\"wordCount\":284,\"publisher\":{\"@id\":\"https:\/\/luchonoticias.com\/editor\/#\/schema\/person\/7a7fd911f58561fd056dbac7b55af9cd\"},\"image\":{\"@id\":\"https:\/\/luchonoticias.com\/editor\/crecieron-las-exportaciones-colombianas-en-abril\/#primaryimage\"},\"thumbnailUrl\":\"https:\/\/luchonoticias.com\/editor\/wp-content\/uploads\/2024\/06\/exportaciones.jpg\",\"articleSection\":[\"Actualidad\"],\"inLanguage\":\"es\"},{\"@type\":\"WebPage\",\"@id\":\"https:\/\/luchonoticias.com\/editor\/crecieron-las-exportaciones-colombianas-en-abril\/\",\"url\":\"https:\/\/luchonoticias.com\/editor\/crecieron-las-exportaciones-colombianas-en-abril\/\",\"name\":\"Crecieron las exportaciones colombianas en abril -\",\"isPartOf\":{\"@id\":\"https:\/\/luchonoticias.com\/editor\/#website\"},\"primaryImageOfPage\":{\"@id\":\"https:\/\/luchonoticias.com\/editor\/crecieron-las-exportaciones-colombianas-en-abril\/#primaryimage\"},\"image\":{\"@id\":\"https:\/\/luchonoticias.com\/editor\/crecieron-las-exportaciones-colombianas-en-abril\/#primaryimage\"},\"thumbnailUrl\":\"https:\/\/luchonoticias.com\/editor\/wp-content\/uploads\/2024\/06\/exportaciones.jpg\",\"datePublished\":\"2024-06-05T12:03:47+00:00\",\"breadcrumb\":{\"@id\":\"https:\/\/luchonoticias.com\/editor\/crecieron-las-exportaciones-colombianas-en-abril\/#breadcrumb\"},\"inLanguage\":\"es\",\"potentialAction\":[{\"@type\":\"ReadAction\",\"target\":[\"https:\/\/luchonoticias.com\/editor\/crecieron-las-exportaciones-colombianas-en-abril\/\"]}]},{\"@type\":\"ImageObject\",\"inLanguage\":\"es\",\"@id\":\"https:\/\/luchonoticias.com\/editor\/crecieron-las-exportaciones-colombianas-en-abril\/#primaryimage\",\"url\":\"https:\/\/luchonoticias.com\/editor\/wp-content\/uploads\/2024\/06\/exportaciones.jpg\",\"contentUrl\":\"https:\/\/luchonoticias.com\/editor\/wp-content\/uploads\/2024\/06\/exportaciones.jpg\",\"width\":700,\"height\":400},{\"@type\":\"BreadcrumbList\",\"@id\":\"https:\/\/luchonoticias.com\/editor\/crecieron-las-exportaciones-colombianas-en-abril\/#breadcrumb\",\"itemListElement\":[{\"@type\":\"ListItem\",\"position\":1,\"name\":\"Portada\",\"item\":\"https:\/\/luchonoticias.com\/editor\/\"},{\"@type\":\"ListItem\",\"position\":2,\"name\":\"Crecieron las exportaciones colombianas en abril\"}]},{\"@type\":\"WebSite\",\"@id\":\"https:\/\/luchonoticias.com\/editor\/#website\",\"url\":\"https:\/\/luchonoticias.com\/editor\/\",\"name\":\"\",\"description\":\"\",\"publisher\":{\"@id\":\"https:\/\/luchonoticias.com\/editor\/#\/schema\/person\/7a7fd911f58561fd056dbac7b55af9cd\"},\"potentialAction\":[{\"@type\":\"SearchAction\",\"target\":{\"@type\":\"EntryPoint\",\"urlTemplate\":\"https:\/\/luchonoticias.com\/editor\/?s={search_term_string}\"},\"query-input\":{\"@type\":\"PropertyValueSpecification\",\"valueRequired\":true,\"valueName\":\"search_term_string\"}}],\"inLanguage\":\"es\"},{\"@type\":[\"Person\",\"Organization\"],\"@id\":\"https:\/\/luchonoticias.com\/editor\/#\/schema\/person\/7a7fd911f58561fd056dbac7b55af9cd\",\"name\":\"admin\",\"image\":{\"@type\":\"ImageObject\",\"inLanguage\":\"es\",\"@id\":\"https:\/\/luchonoticias.com\/editor\/#\/schema\/person\/image\/\",\"url\":\"https:\/\/luchonoticias.com\/editor\/wp-content\/uploads\/2024\/02\/cropped-cropped-logolu.webp\",\"contentUrl\":\"https:\/\/luchonoticias.com\/editor\/wp-content\/uploads\/2024\/02\/cropped-cropped-logolu.webp\",\"width\":382,\"height\":170,\"caption\":\"admin\"},\"logo\":{\"@id\":\"https:\/\/luchonoticias.com\/editor\/#\/schema\/person\/image\/\"},\"sameAs\":[\"https:\/\/www.facebook.com\/luchonoticiasneiva\"]},{\"@type\":\"Person\",\"@id\":\"https:\/\/luchonoticias.com\/editor\/#\/schema\/person\/29217990ddf6f14e35912b2866d591fb\",\"name\":\"Editor General\",\"image\":{\"@type\":\"ImageObject\",\"inLanguage\":\"es\",\"@id\":\"https:\/\/luchonoticias.com\/editor\/#\/schema\/person\/image\/\",\"url\":\"https:\/\/luchonoticias.com\/editor\/wp-content\/uploads\/2024\/02\/cropped-cropped-logolu-150x150.webp\",\"contentUrl\":\"https:\/\/luchonoticias.com\/editor\/wp-content\/uploads\/2024\/02\/cropped-cropped-logolu-150x150.webp\",\"caption\":\"Editor General\"},\"sameAs\":[\"https:\/\/luchonoticias.com\/\"],\"url\":\"https:\/\/luchonoticias.com\/editor\/author\/editor-general\/\"}]}<\/script>\n<!-- \/ Yoast SEO plugin. -->","yoast_head_json":{"title":"Crecieron las exportaciones colombianas en abril -","robots":{"index":"index","follow":"follow","max-snippet":"max-snippet:-1","max-image-preview":"max-image-preview:large","max-video-preview":"max-video-preview:-1"},"canonical":"https:\/\/luchonoticias.com\/editor\/crecieron-las-exportaciones-colombianas-en-abril\/","og_locale":"es_ES","og_type":"article","og_title":"Crecieron las exportaciones colombianas en abril -","og_url":"https:\/\/luchonoticias.com\/editor\/crecieron-las-exportaciones-colombianas-en-abril\/","article_publisher":"https:\/\/www.facebook.com\/luchonoticiasneiva","article_published_time":"2024-06-05T12:03:47+00:00","og_image":[{"width":700,"height":400,"url":"https:\/\/luchonoticias.com\/editor\/wp-content\/uploads\/2024\/06\/exportaciones.jpg","type":"image\/jpeg"}],"author":"Editor General","twitter_card":"summary_large_image","twitter_misc":{"Escrito por":"Editor General","Tiempo de lectura":"1 minuto"},"schema":{"@context":"https:\/\/schema.org","@graph":[{"@type":"Article","@id":"https:\/\/luchonoticias.com\/editor\/crecieron-las-exportaciones-colombianas-en-abril\/#article","isPartOf":{"@id":"https:\/\/luchonoticias.com\/editor\/crecieron-las-exportaciones-colombianas-en-abril\/"},"author":{"name":"Editor General","@id":"https:\/\/luchonoticias.com\/editor\/#\/schema\/person\/29217990ddf6f14e35912b2866d591fb"},"headline":"Crecieron las exportaciones colombianas en abril","datePublished":"2024-06-05T12:03:47+00:00","mainEntityOfPage":{"@id":"https:\/\/luchonoticias.com\/editor\/crecieron-las-exportaciones-colombianas-en-abril\/"},"wordCount":284,"publisher":{"@id":"https:\/\/luchonoticias.com\/editor\/#\/schema\/person\/7a7fd911f58561fd056dbac7b55af9cd"},"image":{"@id":"https:\/\/luchonoticias.com\/editor\/crecieron-las-exportaciones-colombianas-en-abril\/#primaryimage"},"thumbnailUrl":"https:\/\/luchonoticias.com\/editor\/wp-content\/uploads\/2024\/06\/exportaciones.jpg","articleSection":["Actualidad"],"inLanguage":"es"},{"@type":"WebPage","@id":"https:\/\/luchonoticias.com\/editor\/crecieron-las-exportaciones-colombianas-en-abril\/","url":"https:\/\/luchonoticias.com\/editor\/crecieron-las-exportaciones-colombianas-en-abril\/","name":"Crecieron las exportaciones colombianas en abril -","isPartOf":{"@id":"https:\/\/luchonoticias.com\/editor\/#website"},"primaryImageOfPage":{"@id":"https:\/\/luchonoticias.com\/editor\/crecieron-las-exportaciones-colombianas-en-abril\/#primaryimage"},"image":{"@id":"https:\/\/luchonoticias.com\/editor\/crecieron-las-exportaciones-colombianas-en-abril\/#primaryimage"},"thumbnailUrl":"https:\/\/luchonoticias.com\/editor\/wp-content\/uploads\/2024\/06\/exportaciones.jpg","datePublished":"2024-06-05T12:03:47+00:00","breadcrumb":{"@id":"https:\/\/luchonoticias.com\/editor\/crecieron-las-exportaciones-colombianas-en-abril\/#breadcrumb"},"inLanguage":"es","potentialAction":[{"@type":"ReadAction","target":["https:\/\/luchonoticias.com\/editor\/crecieron-las-exportaciones-colombianas-en-abril\/"]}]},{"@type":"ImageObject","inLanguage":"es","@id":"https:\/\/luchonoticias.com\/editor\/crecieron-las-exportaciones-colombianas-en-abril\/#primaryimage","url":"https:\/\/luchonoticias.com\/editor\/wp-content\/uploads\/2024\/06\/exportaciones.jpg","contentUrl":"https:\/\/luchonoticias.com\/editor\/wp-content\/uploads\/2024\/06\/exportaciones.jpg","width":700,"height":400},{"@type":"BreadcrumbList","@id":"https:\/\/luchonoticias.com\/editor\/crecieron-las-exportaciones-colombianas-en-abril\/#breadcrumb","itemListElement":[{"@type":"ListItem","position":1,"name":"Portada","item":"https:\/\/luchonoticias.com\/editor\/"},{"@type":"ListItem","position":2,"name":"Crecieron las exportaciones colombianas en abril"}]},{"@type":"WebSite","@id":"https:\/\/luchonoticias.com\/editor\/#website","url":"https:\/\/luchonoticias.com\/editor\/","name":"","description":"","publisher":{"@id":"https:\/\/luchonoticias.com\/editor\/#\/schema\/person\/7a7fd911f58561fd056dbac7b55af9cd"},"potentialAction":[{"@type":"SearchAction","target":{"@type":"EntryPoint","urlTemplate":"https:\/\/luchonoticias.com\/editor\/?s={search_term_string}"},"query-input":{"@type":"PropertyValueSpecification","valueRequired":true,"valueName":"search_term_string"}}],"inLanguage":"es"},{"@type":["Person","Organization"],"@id":"https:\/\/luchonoticias.com\/editor\/#\/schema\/person\/7a7fd911f58561fd056dbac7b55af9cd","name":"admin","image":{"@type":"ImageObject","inLanguage":"es","@id":"https:\/\/luchonoticias.com\/editor\/#\/schema\/person\/image\/","url":"https:\/\/luchonoticias.com\/editor\/wp-content\/uploads\/2024\/02\/cropped-cropped-logolu.webp","contentUrl":"https:\/\/luchonoticias.com\/editor\/wp-content\/uploads\/2024\/02\/cropped-cropped-logolu.webp","width":382,"height":170,"caption":"admin"},"logo":{"@id":"https:\/\/luchonoticias.com\/editor\/#\/schema\/person\/image\/"},"sameAs":["https:\/\/www.facebook.com\/luchonoticiasneiva"]},{"@type":"Person","@id":"https:\/\/luchonoticias.com\/editor\/#\/schema\/person\/29217990ddf6f14e35912b2866d591fb","name":"Editor General","image":{"@type":"ImageObject","inLanguage":"es","@id":"https:\/\/luchonoticias.com\/editor\/#\/schema\/person\/image\/","url":"https:\/\/luchonoticias.com\/editor\/wp-content\/uploads\/2024\/02\/cropped-cropped-logolu-150x150.webp","contentUrl":"https:\/\/luchonoticias.com\/editor\/wp-content\/uploads\/2024\/02\/cropped-cropped-logolu-150x150.webp","caption":"Editor General"},"sameAs":["https:\/\/luchonoticias.com\/"],"url":"https:\/\/luchonoticias.com\/editor\/author\/editor-general\/"}]}},"_links":{"self":[{"href":"https:\/\/luchonoticias.com\/editor\/wp-json\/wp\/v2\/posts\/73772","targetHints":{"allow":["GET"]}}],"collection":[{"href":"https:\/\/luchonoticias.com\/editor\/wp-json\/wp\/v2\/posts"}],"about":[{"href":"https:\/\/luchonoticias.com\/editor\/wp-json\/wp\/v2\/types\/post"}],"author":[{"embeddable":true,"href":"https:\/\/luchonoticias.com\/editor\/wp-json\/wp\/v2\/users\/2"}],"replies":[{"embeddable":true,"href":"https:\/\/luchonoticias.com\/editor\/wp-json\/wp\/v2\/comments?post=73772"}],"version-history":[{"count":0,"href":"https:\/\/luchonoticias.com\/editor\/wp-json\/wp\/v2\/posts\/73772\/revisions"}],"wp:featuredmedia":[{"embeddable":true,"href":"https:\/\/luchonoticias.com\/editor\/wp-json\/wp\/v2\/media\/73773"}],"wp:attachment":[{"href":"https:\/\/luchonoticias.com\/editor\/wp-json\/wp\/v2\/media?parent=73772"}],"wp:term":[{"taxonomy":"category","embeddable":true,"href":"https:\/\/luchonoticias.com\/editor\/wp-json\/wp\/v2\/categories?post=73772"},{"taxonomy":"post_tag","embeddable":true,"href":"https:\/\/luchonoticias.com\/editor\/wp-json\/wp\/v2\/tags?post=73772"}],"curies":[{"name":"wp","href":"https:\/\/api.w.org\/{rel}","templated":true}]}}