{"id":73775,"date":"2024-06-05T07:07:00","date_gmt":"2024-06-05T12:07:00","guid":{"rendered":"https:\/\/luchonoticias.com\/?p=73775"},"modified":"2024-06-05T07:07:00","modified_gmt":"2024-06-05T12:07:00","slug":"censo-nacional-economico-urbano-en-marcha","status":"publish","type":"post","link":"https:\/\/luchonoticias.com\/editor\/censo-nacional-economico-urbano-en-marcha\/","title":{"rendered":"Censo Nacional Econ\u00f3mico Urbano, en marcha"},"content":{"rendered":"<div>Despu\u00e9s de 34 a\u00f1os que no se realizaba, arranca oficialmente el Censo Econ\u00f3mico Nacional Urbano (CENU) 2024, la m\u00e1s grande operaci\u00f3n estad\u00edstica del Departamento Administrativo Nacional de Estad\u00edstica (DANE) que busca conocer en detalle c\u00f3mo es el tejido empresarial y econ\u00f3mico de Colombia.<\/div>\n<div><\/div>\n<div>Ser\u00e1n cinco los principales sectores de la producci\u00f3n que se van a censar: transporte, que es el primero en comenzar a ofrecer su informaci\u00f3n; le siguen industria manufacturera, construcci\u00f3n, comercio y servicios.<\/div>\n<div><\/div>\n<div>Las empresas del sector transporte recibir\u00e1n a partir de hoy y durante el transcurso del mes, de manera progresiva, un correo electr\u00f3nico para que diligencien el formulario correspondiente y lo entreguen a m\u00e1s tardar el 30 de septiembre de 2024.<\/div>\n<div><\/div>\n<div>La entidad hizo un llamado a todas las empresas del sector transporte para que se vinculen activamente en esta fase inicial de diligenciamiento del formulario digital. La colaboraci\u00f3n es esencial para el \u00e9xito de esta operaci\u00f3n hist\u00f3rica que beneficiar\u00e1 a todo el pa\u00eds.<\/div>\n<div><\/div>\n<div>De esta manera, el DANE reiter\u00f3 que se marca un hito tecnol\u00f3gico, pues todo el proceso de recolecci\u00f3n de datos se har\u00e1 de manera virtual, aprovechando el uso de la tecnolog\u00eda para la recopilaci\u00f3n de datos estad\u00edsticos en las operaciones censales.<\/div>\n<div><\/div>\n<div>\u201cLos resultados del CENU 2024 se obtendr\u00e1n por dos v\u00edas: la primera a trav\u00e9s de visitas presenciales y la segunda de manera digital, a comercios y hogares donde se desarrollan actividades econ\u00f3micas\u201d, explic\u00f3 la directora del DANE, Piedad Urdinola.<\/div>\n<div><\/div>\n<div>La entidad inform\u00f3 que para garantizar que cada sector reciba la atenci\u00f3n adecuada y se cumplan los est\u00e1ndares de calidad establecidos por el DANE, iniciar\u00e1 de manera escalonada la recolecci\u00f3n de informaci\u00f3n para los otros sectores econ\u00f3micos: industria manufacturera, construcci\u00f3n, comercio y servicios.<\/div>\n","protected":false},"excerpt":{"rendered":"<p>Despu\u00e9s de 34 a\u00f1os que no se realizaba, arranca oficialmente el Censo Econ\u00f3mico Nacional Urbano (CENU) 2024, la m\u00e1s grande operaci\u00f3n estad\u00edstica del Departamento Administrativo Nacional de Estad\u00edstica (DANE) que busca conocer en detalle c\u00f3mo es el tejido empresarial y econ\u00f3mico de Colombia. Ser\u00e1n cinco los principales sectores de la producci\u00f3n que se van a [&hellip;]<\/p>\n","protected":false},"author":2,"featured_media":73776,"comment_status":"closed","ping_status":"open","sticky":false,"template":"","format":"standard","meta":{"footnotes":""},"categories":[28],"tags":[],"class_list":["post-73775","post","type-post","status-publish","format-standard","has-post-thumbnail","hentry","category-actualidad"],"yoast_head":"<!-- This site is optimized with the Yoast SEO plugin v26.6 - https:\/\/yoast.com\/wordpress\/plugins\/seo\/ -->\n<title>Censo Nacional Econ\u00f3mico Urbano, en marcha -<\/title>\n<meta name=\"robots\" content=\"index, follow, max-snippet:-1, max-image-preview:large, max-video-preview:-1\" \/>\n<link rel=\"canonical\" href=\"https:\/\/luchonoticias.com\/editor\/censo-nacional-economico-urbano-en-marcha\/\" \/>\n<meta property=\"og:locale\" content=\"es_ES\" \/>\n<meta property=\"og:type\" content=\"article\" \/>\n<meta property=\"og:title\" content=\"Censo Nacional Econ\u00f3mico Urbano, en marcha -\" \/>\n<meta property=\"og:url\" content=\"https:\/\/luchonoticias.com\/editor\/censo-nacional-economico-urbano-en-marcha\/\" \/>\n<meta property=\"article:publisher\" content=\"https:\/\/www.facebook.com\/luchonoticiasneiva\" \/>\n<meta property=\"article:published_time\" content=\"2024-06-05T12:07:00+00:00\" \/>\n<meta property=\"og:image\" content=\"https:\/\/luchonoticias.com\/editor\/wp-content\/uploads\/2024\/06\/censo-colombia.jpg\" \/>\n\t<meta property=\"og:image:width\" content=\"700\" \/>\n\t<meta property=\"og:image:height\" content=\"400\" \/>\n\t<meta property=\"og:image:type\" content=\"image\/jpeg\" \/>\n<meta name=\"author\" content=\"Editor General\" \/>\n<meta name=\"twitter:card\" content=\"summary_large_image\" \/>\n<meta name=\"twitter:label1\" content=\"Escrito por\" \/>\n\t<meta name=\"twitter:data1\" content=\"Editor General\" \/>\n\t<meta name=\"twitter:label2\" content=\"Tiempo de lectura\" \/>\n\t<meta name=\"twitter:data2\" content=\"2 minutos\" \/>\n<script type=\"application\/ld+json\" class=\"yoast-schema-graph\">{\"@context\":\"https:\/\/schema.org\",\"@graph\":[{\"@type\":\"Article\",\"@id\":\"https:\/\/luchonoticias.com\/editor\/censo-nacional-economico-urbano-en-marcha\/#article\",\"isPartOf\":{\"@id\":\"https:\/\/luchonoticias.com\/editor\/censo-nacional-economico-urbano-en-marcha\/\"},\"author\":{\"name\":\"Editor General\",\"@id\":\"https:\/\/luchonoticias.com\/editor\/#\/schema\/person\/29217990ddf6f14e35912b2866d591fb\"},\"headline\":\"Censo Nacional Econ\u00f3mico Urbano, en marcha\",\"datePublished\":\"2024-06-05T12:07:00+00:00\",\"mainEntityOfPage\":{\"@id\":\"https:\/\/luchonoticias.com\/editor\/censo-nacional-economico-urbano-en-marcha\/\"},\"wordCount\":318,\"publisher\":{\"@id\":\"https:\/\/luchonoticias.com\/editor\/#\/schema\/person\/7a7fd911f58561fd056dbac7b55af9cd\"},\"image\":{\"@id\":\"https:\/\/luchonoticias.com\/editor\/censo-nacional-economico-urbano-en-marcha\/#primaryimage\"},\"thumbnailUrl\":\"https:\/\/luchonoticias.com\/editor\/wp-content\/uploads\/2024\/06\/censo-colombia.jpg\",\"articleSection\":[\"Actualidad\"],\"inLanguage\":\"es\"},{\"@type\":\"WebPage\",\"@id\":\"https:\/\/luchonoticias.com\/editor\/censo-nacional-economico-urbano-en-marcha\/\",\"url\":\"https:\/\/luchonoticias.com\/editor\/censo-nacional-economico-urbano-en-marcha\/\",\"name\":\"Censo Nacional Econ\u00f3mico Urbano, en marcha -\",\"isPartOf\":{\"@id\":\"https:\/\/luchonoticias.com\/editor\/#website\"},\"primaryImageOfPage\":{\"@id\":\"https:\/\/luchonoticias.com\/editor\/censo-nacional-economico-urbano-en-marcha\/#primaryimage\"},\"image\":{\"@id\":\"https:\/\/luchonoticias.com\/editor\/censo-nacional-economico-urbano-en-marcha\/#primaryimage\"},\"thumbnailUrl\":\"https:\/\/luchonoticias.com\/editor\/wp-content\/uploads\/2024\/06\/censo-colombia.jpg\",\"datePublished\":\"2024-06-05T12:07:00+00:00\",\"breadcrumb\":{\"@id\":\"https:\/\/luchonoticias.com\/editor\/censo-nacional-economico-urbano-en-marcha\/#breadcrumb\"},\"inLanguage\":\"es\",\"potentialAction\":[{\"@type\":\"ReadAction\",\"target\":[\"https:\/\/luchonoticias.com\/editor\/censo-nacional-economico-urbano-en-marcha\/\"]}]},{\"@type\":\"ImageObject\",\"inLanguage\":\"es\",\"@id\":\"https:\/\/luchonoticias.com\/editor\/censo-nacional-economico-urbano-en-marcha\/#primaryimage\",\"url\":\"https:\/\/luchonoticias.com\/editor\/wp-content\/uploads\/2024\/06\/censo-colombia.jpg\",\"contentUrl\":\"https:\/\/luchonoticias.com\/editor\/wp-content\/uploads\/2024\/06\/censo-colombia.jpg\",\"width\":700,\"height\":400},{\"@type\":\"BreadcrumbList\",\"@id\":\"https:\/\/luchonoticias.com\/editor\/censo-nacional-economico-urbano-en-marcha\/#breadcrumb\",\"itemListElement\":[{\"@type\":\"ListItem\",\"position\":1,\"name\":\"Portada\",\"item\":\"https:\/\/luchonoticias.com\/editor\/\"},{\"@type\":\"ListItem\",\"position\":2,\"name\":\"Censo Nacional Econ\u00f3mico Urbano, en marcha\"}]},{\"@type\":\"WebSite\",\"@id\":\"https:\/\/luchonoticias.com\/editor\/#website\",\"url\":\"https:\/\/luchonoticias.com\/editor\/\",\"name\":\"\",\"description\":\"\",\"publisher\":{\"@id\":\"https:\/\/luchonoticias.com\/editor\/#\/schema\/person\/7a7fd911f58561fd056dbac7b55af9cd\"},\"potentialAction\":[{\"@type\":\"SearchAction\",\"target\":{\"@type\":\"EntryPoint\",\"urlTemplate\":\"https:\/\/luchonoticias.com\/editor\/?s={search_term_string}\"},\"query-input\":{\"@type\":\"PropertyValueSpecification\",\"valueRequired\":true,\"valueName\":\"search_term_string\"}}],\"inLanguage\":\"es\"},{\"@type\":[\"Person\",\"Organization\"],\"@id\":\"https:\/\/luchonoticias.com\/editor\/#\/schema\/person\/7a7fd911f58561fd056dbac7b55af9cd\",\"name\":\"admin\",\"image\":{\"@type\":\"ImageObject\",\"inLanguage\":\"es\",\"@id\":\"https:\/\/luchonoticias.com\/editor\/#\/schema\/person\/image\/\",\"url\":\"https:\/\/luchonoticias.com\/editor\/wp-content\/uploads\/2024\/02\/cropped-cropped-logolu.webp\",\"contentUrl\":\"https:\/\/luchonoticias.com\/editor\/wp-content\/uploads\/2024\/02\/cropped-cropped-logolu.webp\",\"width\":382,\"height\":170,\"caption\":\"admin\"},\"logo\":{\"@id\":\"https:\/\/luchonoticias.com\/editor\/#\/schema\/person\/image\/\"},\"sameAs\":[\"https:\/\/www.facebook.com\/luchonoticiasneiva\"]},{\"@type\":\"Person\",\"@id\":\"https:\/\/luchonoticias.com\/editor\/#\/schema\/person\/29217990ddf6f14e35912b2866d591fb\",\"name\":\"Editor General\",\"image\":{\"@type\":\"ImageObject\",\"inLanguage\":\"es\",\"@id\":\"https:\/\/luchonoticias.com\/editor\/#\/schema\/person\/image\/\",\"url\":\"https:\/\/luchonoticias.com\/editor\/wp-content\/uploads\/2024\/02\/cropped-cropped-logolu-150x150.webp\",\"contentUrl\":\"https:\/\/luchonoticias.com\/editor\/wp-content\/uploads\/2024\/02\/cropped-cropped-logolu-150x150.webp\",\"caption\":\"Editor General\"},\"sameAs\":[\"https:\/\/luchonoticias.com\/\"],\"url\":\"https:\/\/luchonoticias.com\/editor\/author\/editor-general\/\"}]}<\/script>\n<!-- \/ Yoast SEO plugin. -->","yoast_head_json":{"title":"Censo Nacional Econ\u00f3mico Urbano, en marcha -","robots":{"index":"index","follow":"follow","max-snippet":"max-snippet:-1","max-image-preview":"max-image-preview:large","max-video-preview":"max-video-preview:-1"},"canonical":"https:\/\/luchonoticias.com\/editor\/censo-nacional-economico-urbano-en-marcha\/","og_locale":"es_ES","og_type":"article","og_title":"Censo Nacional Econ\u00f3mico Urbano, en marcha -","og_url":"https:\/\/luchonoticias.com\/editor\/censo-nacional-economico-urbano-en-marcha\/","article_publisher":"https:\/\/www.facebook.com\/luchonoticiasneiva","article_published_time":"2024-06-05T12:07:00+00:00","og_image":[{"width":700,"height":400,"url":"https:\/\/luchonoticias.com\/editor\/wp-content\/uploads\/2024\/06\/censo-colombia.jpg","type":"image\/jpeg"}],"author":"Editor General","twitter_card":"summary_large_image","twitter_misc":{"Escrito por":"Editor General","Tiempo de lectura":"2 minutos"},"schema":{"@context":"https:\/\/schema.org","@graph":[{"@type":"Article","@id":"https:\/\/luchonoticias.com\/editor\/censo-nacional-economico-urbano-en-marcha\/#article","isPartOf":{"@id":"https:\/\/luchonoticias.com\/editor\/censo-nacional-economico-urbano-en-marcha\/"},"author":{"name":"Editor General","@id":"https:\/\/luchonoticias.com\/editor\/#\/schema\/person\/29217990ddf6f14e35912b2866d591fb"},"headline":"Censo Nacional Econ\u00f3mico Urbano, en marcha","datePublished":"2024-06-05T12:07:00+00:00","mainEntityOfPage":{"@id":"https:\/\/luchonoticias.com\/editor\/censo-nacional-economico-urbano-en-marcha\/"},"wordCount":318,"publisher":{"@id":"https:\/\/luchonoticias.com\/editor\/#\/schema\/person\/7a7fd911f58561fd056dbac7b55af9cd"},"image":{"@id":"https:\/\/luchonoticias.com\/editor\/censo-nacional-economico-urbano-en-marcha\/#primaryimage"},"thumbnailUrl":"https:\/\/luchonoticias.com\/editor\/wp-content\/uploads\/2024\/06\/censo-colombia.jpg","articleSection":["Actualidad"],"inLanguage":"es"},{"@type":"WebPage","@id":"https:\/\/luchonoticias.com\/editor\/censo-nacional-economico-urbano-en-marcha\/","url":"https:\/\/luchonoticias.com\/editor\/censo-nacional-economico-urbano-en-marcha\/","name":"Censo Nacional Econ\u00f3mico Urbano, en marcha -","isPartOf":{"@id":"https:\/\/luchonoticias.com\/editor\/#website"},"primaryImageOfPage":{"@id":"https:\/\/luchonoticias.com\/editor\/censo-nacional-economico-urbano-en-marcha\/#primaryimage"},"image":{"@id":"https:\/\/luchonoticias.com\/editor\/censo-nacional-economico-urbano-en-marcha\/#primaryimage"},"thumbnailUrl":"https:\/\/luchonoticias.com\/editor\/wp-content\/uploads\/2024\/06\/censo-colombia.jpg","datePublished":"2024-06-05T12:07:00+00:00","breadcrumb":{"@id":"https:\/\/luchonoticias.com\/editor\/censo-nacional-economico-urbano-en-marcha\/#breadcrumb"},"inLanguage":"es","potentialAction":[{"@type":"ReadAction","target":["https:\/\/luchonoticias.com\/editor\/censo-nacional-economico-urbano-en-marcha\/"]}]},{"@type":"ImageObject","inLanguage":"es","@id":"https:\/\/luchonoticias.com\/editor\/censo-nacional-economico-urbano-en-marcha\/#primaryimage","url":"https:\/\/luchonoticias.com\/editor\/wp-content\/uploads\/2024\/06\/censo-colombia.jpg","contentUrl":"https:\/\/luchonoticias.com\/editor\/wp-content\/uploads\/2024\/06\/censo-colombia.jpg","width":700,"height":400},{"@type":"BreadcrumbList","@id":"https:\/\/luchonoticias.com\/editor\/censo-nacional-economico-urbano-en-marcha\/#breadcrumb","itemListElement":[{"@type":"ListItem","position":1,"name":"Portada","item":"https:\/\/luchonoticias.com\/editor\/"},{"@type":"ListItem","position":2,"name":"Censo Nacional Econ\u00f3mico Urbano, en marcha"}]},{"@type":"WebSite","@id":"https:\/\/luchonoticias.com\/editor\/#website","url":"https:\/\/luchonoticias.com\/editor\/","name":"","description":"","publisher":{"@id":"https:\/\/luchonoticias.com\/editor\/#\/schema\/person\/7a7fd911f58561fd056dbac7b55af9cd"},"potentialAction":[{"@type":"SearchAction","target":{"@type":"EntryPoint","urlTemplate":"https:\/\/luchonoticias.com\/editor\/?s={search_term_string}"},"query-input":{"@type":"PropertyValueSpecification","valueRequired":true,"valueName":"search_term_string"}}],"inLanguage":"es"},{"@type":["Person","Organization"],"@id":"https:\/\/luchonoticias.com\/editor\/#\/schema\/person\/7a7fd911f58561fd056dbac7b55af9cd","name":"admin","image":{"@type":"ImageObject","inLanguage":"es","@id":"https:\/\/luchonoticias.com\/editor\/#\/schema\/person\/image\/","url":"https:\/\/luchonoticias.com\/editor\/wp-content\/uploads\/2024\/02\/cropped-cropped-logolu.webp","contentUrl":"https:\/\/luchonoticias.com\/editor\/wp-content\/uploads\/2024\/02\/cropped-cropped-logolu.webp","width":382,"height":170,"caption":"admin"},"logo":{"@id":"https:\/\/luchonoticias.com\/editor\/#\/schema\/person\/image\/"},"sameAs":["https:\/\/www.facebook.com\/luchonoticiasneiva"]},{"@type":"Person","@id":"https:\/\/luchonoticias.com\/editor\/#\/schema\/person\/29217990ddf6f14e35912b2866d591fb","name":"Editor General","image":{"@type":"ImageObject","inLanguage":"es","@id":"https:\/\/luchonoticias.com\/editor\/#\/schema\/person\/image\/","url":"https:\/\/luchonoticias.com\/editor\/wp-content\/uploads\/2024\/02\/cropped-cropped-logolu-150x150.webp","contentUrl":"https:\/\/luchonoticias.com\/editor\/wp-content\/uploads\/2024\/02\/cropped-cropped-logolu-150x150.webp","caption":"Editor General"},"sameAs":["https:\/\/luchonoticias.com\/"],"url":"https:\/\/luchonoticias.com\/editor\/author\/editor-general\/"}]}},"_links":{"self":[{"href":"https:\/\/luchonoticias.com\/editor\/wp-json\/wp\/v2\/posts\/73775","targetHints":{"allow":["GET"]}}],"collection":[{"href":"https:\/\/luchonoticias.com\/editor\/wp-json\/wp\/v2\/posts"}],"about":[{"href":"https:\/\/luchonoticias.com\/editor\/wp-json\/wp\/v2\/types\/post"}],"author":[{"embeddable":true,"href":"https:\/\/luchonoticias.com\/editor\/wp-json\/wp\/v2\/users\/2"}],"replies":[{"embeddable":true,"href":"https:\/\/luchonoticias.com\/editor\/wp-json\/wp\/v2\/comments?post=73775"}],"version-history":[{"count":0,"href":"https:\/\/luchonoticias.com\/editor\/wp-json\/wp\/v2\/posts\/73775\/revisions"}],"wp:featuredmedia":[{"embeddable":true,"href":"https:\/\/luchonoticias.com\/editor\/wp-json\/wp\/v2\/media\/73776"}],"wp:attachment":[{"href":"https:\/\/luchonoticias.com\/editor\/wp-json\/wp\/v2\/media?parent=73775"}],"wp:term":[{"taxonomy":"category","embeddable":true,"href":"https:\/\/luchonoticias.com\/editor\/wp-json\/wp\/v2\/categories?post=73775"},{"taxonomy":"post_tag","embeddable":true,"href":"https:\/\/luchonoticias.com\/editor\/wp-json\/wp\/v2\/tags?post=73775"}],"curies":[{"name":"wp","href":"https:\/\/api.w.org\/{rel}","templated":true}]}}